{"id":10005,"date":"2024-06-13T11:57:34","date_gmt":"2024-06-13T14:57:34","guid":{"rendered":"https:\/\/www.reportedeprensa.utalca.cl\/?p=10005"},"modified":"2024-06-13T12:01:44","modified_gmt":"2024-06-13T15:01:44","slug":"13-de-junio-de-2024","status":"publish","type":"post","link":"https:\/\/www.reportedeprensa.utalca.cl\/?p=10005","title":{"rendered":"13 de junio de 2024"},"content":{"rendered":"\t\t<div data-elementor-type=\"wp-post\" data-elementor-id=\"10005\" class=\"elementor elementor-10005\" data-elementor-settings=\"[]\">\n\t\t\t\t\t\t\t<div class=\"elementor-section-wrap\">\n\t\t\t\t\t\t\t<section class=\"elementor-section elementor-top-section elementor-element elementor-element-bcea1a8 elementor-section-boxed elementor-section-height-default elementor-section-height-default\" data-id=\"bcea1a8\" data-element_type=\"section\">\n\t\t\t\t\t\t<div class=\"elementor-container elementor-column-gap-default\">\n\t\t\t\t\t<div class=\"elementor-column elementor-col-100 elementor-top-column elementor-element elementor-element-e7183bf\" data-id=\"e7183bf\" data-element_type=\"column\">\n\t\t\t<div class=\"elementor-widget-wrap elementor-element-populated\">\n\t\t\t\t\t\t\t\t<div class=\"elementor-element elementor-element-58d7315 elementor-widget elementor-widget-text-editor\" data-id=\"58d7315\" data-element_type=\"widget\" data-widget_type=\"text-editor.default\">\n\t\t\t\t<div class=\"elementor-widget-container\">\n\t\t\t\t\t\t\t\t<div><b>EL MAULE INFORMA <\/b>\u00a0<br \/><a href=\"https:\/\/elmauleinforma.cl\/lanzan-inedito-libro-ilustrado-que-reune-los-dinosaurios-de-latinoamerica\/\">Lanzan in\u00e9dito libro ilustrado que re\u00fane los dinosaurios de Latinoam\u00e9rica. Se refiere Jorge Cartes Sanhueza director (s) de la Escuela de Dise\u00f1o y Jos\u00e9 Ignacio Torres, acad\u00e9mico Escuela de Dise\u00f1o.\u00a0<\/a><br \/><br \/><\/div><div><b>MEDIABANCO <\/b>\u00a0<br \/><a href=\"https:\/\/www.mediabanco.com\/tradiciones-del-maule-seran-rescatadas-en-cartografia-audiovisual\/\">Tradiciones del Maule ser\u00e1n rescatadas en cartograf\u00eda audiovisual. Se refiere Ver\u00f3nica Reyes, acad\u00e9mica de la Escuela de M\u00fasica. \u00a0<\/a><br \/><br \/><\/div><div><b>AD PRENSA <\/b>\u00a0<br \/><a href=\"https:\/\/www.adprensa.cl\/cronica\/tradiciones-del-maule-seran-rescatadas-en-cartografia-audiovisual\/\">Tradiciones del Maule ser\u00e1n rescatadas en cartograf\u00eda audiovisual. Se refiere Ver\u00f3nica Reyes, acad\u00e9mica de la Escuela de M\u00fasica.\u00a0<\/a><\/div><div>\u00a0<\/div><div><b>LA RAZ\u00d3N<\/b> \u00a0<br \/><a href=\"https:\/\/www.larazon.cl\/2024\/06\/12\/tradiciones-del-maule-seran-rescatadas-en-cartografia-audiovisual\/\">Tradiciones del Maule ser\u00e1n rescatadas en cartograf\u00eda audiovisual. Se refiere Ver\u00f3nica Reyes, acad\u00e9mica de la Escuela de M\u00fasica. \u00a0<\/a><br \/><br \/><\/div><div><b>DIARIOS EN RED <\/b>\u00a0<br \/><a href=\"https:\/\/diariosenred.com\/regional\/tradiciones-del-maule-seran-rescatadas-en-cartografia-audiovisual\">Tradiciones del Maule ser\u00e1n rescatadas en cartograf\u00eda audiovisual. Se refiere Ver\u00f3nica Reyes, acad\u00e9mica de la Escuela de M\u00fasica.<\/a> \u00a0<br \/><br \/><\/div><div><b>RED \u00d1UBLE <\/b>\u00a0<br \/><a href=\"https:\/\/rednuble.com\/regional\/tradiciones-del-maule-seran-rescatadas-en-cartografia-audiovisual\">Tradiciones del Maule ser\u00e1n rescatadas en cartograf\u00eda audiovisual. Se refiere Ver\u00f3nica Reyes, acad\u00e9mica de la Escuela de M\u00fasica. \u00a0<\/a><br \/><br \/><\/div><div><b>RED ARAUCAN\u00cdA <\/b>\u00a0<br \/><a href=\"https:\/\/redaraucania.com\/regional\/tradiciones-del-maule-seran-rescatadas-en-cartografia-audiovisual\">Tradiciones del Maule ser\u00e1n rescatadas en cartograf\u00eda audiovisual. Se refiere Ver\u00f3nica Reyes, acad\u00e9mica de la Escuela de M\u00fasica. \u00a0<\/a><br \/><br \/><\/div><div><b>RED ARICA <\/b>\u00a0<br \/><a href=\"https:\/\/redarica.com\/regional\/tradiciones-del-maule-seran-rescatadas-en-cartografia-audiovisual\">Tradiciones del Maule ser\u00e1n rescatadas en cartograf\u00eda audiovisual. Se refiere Ver\u00f3nica Reyes, acad\u00e9mica de la Escuela de M\u00fasica. \u00a0<\/a><br \/><br \/><\/div><div><b>RED MAULE <\/b>\u00a0<br \/><a href=\"https:\/\/redmaule.com\/regional\/tradiciones-del-maule-seran-rescatadas-en-cartografia-audiovisual\">Tradiciones del Maule ser\u00e1n rescatadas en cartograf\u00eda audiovisual. Se refiere Ver\u00f3nica Reyes, acad\u00e9mica de la Escuela de M\u00fasica. \u00a0<\/a><br \/><br \/><\/div><div><b>RED VALPARA\u00cdSO <\/b>\u00a0<br \/><a href=\"https:\/\/redvalparaiso.com\/regional\/tradiciones-del-maule-seran-rescatadas-en-cartografia-audiovisual\">Tradiciones del Maule ser\u00e1n rescatadas en cartograf\u00eda audiovisual. Se refiere Ver\u00f3nica Reyes, acad\u00e9mica de la Escuela de M\u00fasica. \u00a0<\/a><br \/><br \/><\/div><div><b>PUNTO LONTU\u00c9<\/b>\u00a0<br \/><a href=\"https:\/\/puntolontue.cl\/?p=14486\">Tradiciones del Maule ser\u00e1n rescatadas en cartograf\u00eda audiovisual. Se refiere Ver\u00f3nica Reyes, acad\u00e9mica de la Escuela de M\u00fasica.\u00a0<\/a><br \/><br \/><b>TIERRA AMARILLANO<\/b>\u00a0<br \/><a href=\"https:\/\/tierramarillano.cl\/2024\/06\/12\/tradiciones-del-maule-seran-rescatadas-en-cartografia-audiovisual\/\">Tradiciones del Maule ser\u00e1n rescatadas en cartograf\u00eda audiovisual. Se refiere Ver\u00f3nica Reyes, acad\u00e9mica de la Escuela de M\u00fasica.\u00a0<\/a><br \/><br \/><\/div><div><b>EL HERALDO<\/b>\u00a0<br \/><a href=\"https:\/\/www.diarioelheraldo.cl\/noticia\/tradiciones-del-maule-seran-rescatadas-en-cartografia-audiovisual\">Tradiciones del Maule ser\u00e1n rescatadas en cartograf\u00eda audiovisual. Se refiere Ver\u00f3nica Reyes, acad\u00e9mica de la Escuela de M\u00fasica.<\/a>\u00a0<br \/><br \/><\/div><div><b>LA TRIBUNA <\/b>\u00a0<br \/><a href=\"https:\/\/www.litoralpress.cl\/paginaconsultas\/Servicios_NClipSitio\/Get_Imagen_Nota.aspx?LPKey=H5HH26DMKGB6N7GS7YOYGBFSUPUN35VOHT65SI3DQHSKK3IYIJLGWGIGZUNGB2QPNRQP442XQKI5Y\">Especialistas advierten: Las lluvias m\u00e1s intensas en la zona de Biob\u00edo est\u00e1n por llegar. Se refiere Patricio Gonz\u00e1lez Colville, agroclimat\u00f3logo y acad\u00e9mico del Centro de Investigaci\u00f3n y Transferencia en Riego y Agroclimatolog\u00eda (CITRA).\u202f\u202f\u00a0<\/a><\/div>\t\t\t\t\t\t<\/div>\n\t\t\t\t<\/div>\n\t\t\t\t\t<\/div>\n\t\t<\/div>\n\t\t\t\t\t\t\t<\/div>\n\t\t<\/section>\n\t\t\t\t\t\t<\/div>\n\t\t\t\t\t<\/div>\n\t\t","protected":false},"excerpt":{"rendered":"<p>EL MAULE INFORMA \u00a0Lanzan in\u00e9dito libro ilustrado que re\u00fane los dinosaurios de Latinoam\u00e9rica. Se refiere Jorge Cartes Sanhueza director (s) de la Escuela de Dise\u00f1o y Jos\u00e9 Ignacio Torres, acad\u00e9mico Escuela de Dise\u00f1o.\u00a0 MEDIABANCO \u00a0Tradiciones del Maule ser\u00e1n rescatadas en cartograf\u00eda audiovisual. Se refiere Ver\u00f3nica Reyes, acad\u00e9mica de la Escuela de M\u00fasica. \u00a0 AD PRENSA &hellip;<\/p>\n<p class=\"read-more\"> <a class=\"\" href=\"https:\/\/www.reportedeprensa.utalca.cl\/?p=10005\"> <span class=\"screen-reader-text\">13 de junio de 2024<\/span> Read More &raquo;<\/a><\/p>\n","protected":false},"author":1,"featured_media":0,"comment_status":"closed","ping_status":"open","sticky":false,"template":"","format":"standard","meta":{"_monsterinsights_skip_tracking":false,"_monsterinsights_sitenote_active":false,"_monsterinsights_sitenote_note":"","_monsterinsights_sitenote_category":0},"categories":[49],"tags":[],"_links":{"self":[{"href":"https:\/\/www.reportedeprensa.utalca.cl\/index.php?rest_route=\/wp\/v2\/posts\/10005"}],"collection":[{"href":"https:\/\/www.reportedeprensa.utalca.cl\/index.php?rest_route=\/wp\/v2\/posts"}],"about":[{"href":"https:\/\/www.reportedeprensa.utalca.cl\/index.php?rest_route=\/wp\/v2\/types\/post"}],"author":[{"embeddable":true,"href":"https:\/\/www.reportedeprensa.utalca.cl\/index.php?rest_route=\/wp\/v2\/users\/1"}],"replies":[{"embeddable":true,"href":"https:\/\/www.reportedeprensa.utalca.cl\/index.php?rest_route=%2Fwp%2Fv2%2Fcomments&post=10005"}],"version-history":[{"count":4,"href":"https:\/\/www.reportedeprensa.utalca.cl\/index.php?rest_route=\/wp\/v2\/posts\/10005\/revisions"}],"predecessor-version":[{"id":10009,"href":"https:\/\/www.reportedeprensa.utalca.cl\/index.php?rest_route=\/wp\/v2\/posts\/10005\/revisions\/10009"}],"wp:attachment":[{"href":"https:\/\/www.reportedeprensa.utalca.cl\/index.php?rest_route=%2Fwp%2Fv2%2Fmedia&parent=10005"}],"wp:term":[{"taxonomy":"category","embeddable":true,"href":"https:\/\/www.reportedeprensa.utalca.cl\/index.php?rest_route=%2Fwp%2Fv2%2Fcategories&post=10005"},{"taxonomy":"post_tag","embeddable":true,"href":"https:\/\/www.reportedeprensa.utalca.cl\/index.php?rest_route=%2Fwp%2Fv2%2Ftags&post=10005"}],"curies":[{"name":"wp","href":"https:\/\/api.w.org\/{rel}","templated":true}]}}