{"id":10014,"date":"2024-06-14T11:00:13","date_gmt":"2024-06-14T14:00:13","guid":{"rendered":"https:\/\/www.reportedeprensa.utalca.cl\/?p=10014"},"modified":"2024-06-14T12:52:36","modified_gmt":"2024-06-14T15:52:36","slug":"14-de-junio-de-2024","status":"publish","type":"post","link":"https:\/\/www.reportedeprensa.utalca.cl\/?p=10014","title":{"rendered":"14 de junio de 2024"},"content":{"rendered":"\t\t<div data-elementor-type=\"wp-post\" data-elementor-id=\"10014\" class=\"elementor elementor-10014\" data-elementor-settings=\"[]\">\n\t\t\t\t\t\t\t<div class=\"elementor-section-wrap\">\n\t\t\t\t\t\t\t<section class=\"elementor-section elementor-top-section elementor-element elementor-element-bcea1a8 elementor-section-boxed elementor-section-height-default elementor-section-height-default\" data-id=\"bcea1a8\" data-element_type=\"section\">\n\t\t\t\t\t\t<div class=\"elementor-container elementor-column-gap-default\">\n\t\t\t\t\t<div class=\"elementor-column elementor-col-100 elementor-top-column elementor-element elementor-element-e7183bf\" data-id=\"e7183bf\" data-element_type=\"column\">\n\t\t\t<div class=\"elementor-widget-wrap elementor-element-populated\">\n\t\t\t\t\t\t\t\t<div class=\"elementor-element elementor-element-58d7315 elementor-widget elementor-widget-text-editor\" data-id=\"58d7315\" data-element_type=\"widget\" data-widget_type=\"text-editor.default\">\n\t\t\t\t<div class=\"elementor-widget-container\">\n\t\t\t\t\t\t\t\t<div><b>LA RAZ\u00d3N\u00a0<br \/><\/b><a href=\"https:\/\/www.larazon.cl\/2024\/06\/13\/embajadora-de-italia-visita-el-maule-para-fortalecer-vinculos-con-la-region\/\">Embajadora de Italia visita el Maule para fortalecer v\u00ednculos con la regi\u00f3n. Se refiere Carlos Torres Fuchslocher, rector.\u00a0<\/a><b><br \/><\/b><\/div><div>\u00a0<\/div><div><b>EL MAULE INFORMA\u00a0<br \/><\/b><a href=\"https:\/\/elmauleinforma.cl\/embajadora-de-italia-visita-el-maule-para-fortalecer-vinculos-con-la-region\/\">Embajadora de Italia visita el Maule para fortalecer v\u00ednculos con la regi\u00f3n. Se refiere Carlos Torres Fuchslocher, rector.\u00a0<\/a><br \/><br \/><\/div><div><b>MEDIABANCO<\/b>\u00a0<\/div><div><a href=\"https:\/\/www.mediabanco.com\/embajadora-de-italia-visita-el-maule-para-fortalecer-vinculos-con-la-region\/\">Embajadora de Italia visita el Maule para fortalecer v\u00ednculos con la regi\u00f3n. Se refiere Carlos Torres Fuchslocher, rector.\u00a0<\/a>\u00a0<\/div><div>\u00a0<\/div><div><b>AD PRENSA<\/b>\u00a0<br \/><a href=\"https:\/\/www.adprensa.cl\/cronica\/embajadora-de-italia-visita-el-maule-para-fortalecer-vinculos-con-la-region\/\">Embajadora de Italia visita el Maule para fortalecer v\u00ednculos con la regi\u00f3n. Se refiere Carlos Torres Fuchslocher, rector.\u00a0<\/a><br \/><br \/><\/div><div><b>RADIO ALLEN<\/b>\u00a0<\/div><div><a href=\"https:\/\/radioallen.cl\/conferencia-embajadora-de-italia-visita-el-maule-para-fortalecer-vinculos-con-la-region\/\">Conferencia: Embajadora de Italia visita el Maule para fortalecer v\u00ednculos con la regi\u00f3n. Se refiere Carlos Torres Fuchslocher, rector.<\/a>\u00a0\u00a0<\/div><div>\u00a0<\/div><div><b>CANAL 30 MULTICOM\u00a0<br \/><\/b><a href=\"https:\/\/www.litoralpress.cl\/sitio\/RadioTV_Detalles.cshtml?LPKey=M2W52RJCCH4JPXC6KE7PPIYUZ3EZ43JKGUJDQEVFZSBT65RSOUCQYWVJVUQJZ67HLFVJUPPUOVT6S\">Premio Jos\u00e9 Donoso a\u00f1o 2024. Se refiere Claire Mercier, acad\u00e9mica del Instituto de Estudios Human\u00edsticos y coordinadora del Premio.\u00a0<\/a><b><br \/><\/b><\/div><div>\u00a0<\/div><div><b>CONSORCIO DE UNIVERSIDADES DEL ESTADO DE CHILE<\/b>\u00a0<br \/><a href=\"https:\/\/noticias.uestatales.cl\/estudiante-utalca-libro-ilustrado-dinosaurios-latinoamerica\">Estudiante de pregrado de la UTalca lanza in\u00e9dito libro ilustrado de dinosaurios en Latinoam\u00e9rica. Se refiere Jorge Cartes Sanhueza, director (s) de la Escuela de Dise\u00f1o y y Jos\u00e9 Ignacio Torres, acad\u00e9mico Escuela de Dise\u00f1o.\u00a0<\/a><br \/><br \/><\/div><div><b>DE MAR A CORDILLERA<\/b>\u00a0<br \/><a href=\"https:\/\/demaracordilleratv.cl\/2024\/06\/13\/inedito-libro-ilustrado-reune-los-dinosaurios-de-latinoamerica\/\">In\u00e9dito libro ilustrado re\u00fane los dinosaurios de Latinoam\u00e9rica. Se refiere Jorge Cartes Sanhueza, director (s) de la Escuela de Dise\u00f1o y y Jos\u00e9 Ignacio Torres, acad\u00e9mico Escuela de Dise\u00f1o.\u00a0<\/a><br \/><br \/><\/div><div><b>DIARIO EL CENTRO\u00a0<br \/><\/b><a href=\"https:\/\/www.diarioelcentro.cl\/2024\/06\/13\/estudiante-talquina-lanzo-libro-con-ilustraciones-dinoamericanos-desde-mexico-a-la-patagonia\/\">Estudiante talquina lanz\u00f3 libro con ilustraciones \u201cDinoamericanos, desde M\u00e9xico a la Patagonia\u201d. Se menciona la Universidad de Talca.\u00a0<\/a><b><br \/><\/b><\/div><div>\u00a0<\/div><div><b>DIARIO EL HERALDO\u00a0<br \/><\/b><a href=\"https:\/\/www.litoralpress.cl\/paginaconsultas\/Servicios_NClipSitio\/Get_Imagen_Nota.aspx?LPKey=2H56Y56Y6RA2MF5COWSRUC3S4ZF334MA7ZBG2SCHDHGPJOJS6ZBGBMKLJ7VE3KAX6F6TAUUPBORSS\">Tradiciones del Maule ser\u00e1n rescatadas en cartograf\u00eda audiovisual. Se refiere Ver\u00f3nica Reyes, acad\u00e9mica de la Escuela de M\u00fasica. \u00a0<\/a><\/div><div>\u00a0<\/div><div><b>DIARIOS EN RED \u00a0<br \/><\/b><a href=\"https:\/\/diariosenred.com\/regional\/tradiciones-del-maule-seran-rescatadas-en-cartografia-audiovisual\">Tradiciones del Maule ser\u00e1n rescatadas en cartograf\u00eda audiovisual. Se refiere Ver\u00f3nica Reyes, acad\u00e9mica de la Escuela de M\u00fasica. \u00a0<\/a><b><br \/><\/b><\/div><div>\u00a0<\/div><div><b>RED \u00d1UBLE \u00a0<\/b><br \/><a href=\"https:\/\/rednuble.com\/regional\/tradiciones-del-maule-seran-rescatadas-en-cartografia-audiovisual\">Tradiciones del Maule ser\u00e1n rescatadas en cartograf\u00eda audiovisual. Se refiere Ver\u00f3nica Reyes, acad\u00e9mica de la Escuela de M\u00fasica. \u00a0<\/a><br \/><br \/><\/div><div><b>RED ARAUCAN\u00cdA \u00a0<\/b><br \/><a href=\"https:\/\/redaraucania.com\/regional\/tradiciones-del-maule-seran-rescatadas-en-cartografia-audiovisual\">Tradiciones del Maule ser\u00e1n rescatadas en cartograf\u00eda audiovisual. Se refiere Ver\u00f3nica Reyes, acad\u00e9mica de la Escuela de M\u00fasica.<\/a> \u00a0<br \/><br \/><\/div><div><b>RED ARICA \u00a0<\/b><br \/><a href=\"https:\/\/redarica.com\/regional\/tradiciones-del-maule-seran-rescatadas-en-cartografia-audiovisual\">Tradiciones del Maule ser\u00e1n rescatadas en cartograf\u00eda audiovisual. Se refiere Ver\u00f3nica Reyes, acad\u00e9mica de la Escuela de M\u00fasica. \u00a0<\/a><br \/><br \/><\/div><div><b>RED MAULE \u00a0<\/b><br \/><a href=\"https:\/\/redmaule.com\/regional\/tradiciones-del-maule-seran-rescatadas-en-cartografia-audiovisual\">Tradiciones del Maule ser\u00e1n rescatadas en cartograf\u00eda audiovisual. Se refiere Ver\u00f3nica Reyes, acad\u00e9mica de la Escuela de M\u00fasica. \u00a0<\/a><\/div><div>\u00a0<\/div><div><b>EL LECTOR<\/b>\u00a0<br \/><a href=\"https:\/\/www.litoralpress.cl\/paginaconsultas\/Servicios_NClipSitio\/Get_Imagen_Nota.aspx?LPKey=5LIXKA43LM7EQM5FSFEGJFWN3EOZ4HAHN5XAKJC6KNM67BSW56AE7KO7CDMQ4VBYNVSAXA34MEHGY\">Tradiciones del Maule ser\u00e1n rescatadas en cartograf\u00eda audiovisual. Se refiere Ver\u00f3nica Reyes, acad\u00e9mica de la Escuela de M\u00fasica. \u00a0<\/a><br \/><br \/><\/div><div><b>SOMOS MAULE<\/b>\u00a0<br \/><a href=\"http:\/\/somosmaule.cl\/publico\/ficha\/ficha.aspx?i=75929\">Tradiciones del Maule ser\u00e1n rescatadas en cartograf\u00eda audiovisual. Se refiere Ver\u00f3nica Reyes, acad\u00e9mica de la Escuela de M\u00fasica.<\/a> \u00a0<br \/><br \/><b>PUNTO LONTU\u00c9<\/b>\u00a0<br \/><a href=\"https:\/\/puntolontue.cl\/?p=14486\">Tradiciones del Maule ser\u00e1n rescatadas en cartograf\u00eda audiovisual. Se refiere Ver\u00f3nica Reyes, acad\u00e9mica de la Escuela de M\u00fasica. \u00a0<\/a><br \/><br \/><\/div><div><b>TIERRA AMARILLANO<\/b>\u00a0<br \/><a href=\"https:\/\/tierramarillano.cl\/2024\/06\/12\/tradiciones-del-maule-seran-rescatadas-en-cartografia-audiovisual\/\">Tradiciones del Maule ser\u00e1n rescatadas en cartograf\u00eda audiovisual. Se refiere Ver\u00f3nica Reyes, acad\u00e9mica de la Escuela de M\u00fasica. \u00a0<\/a><br \/><br \/><\/div><div><b>DIARIO EL HERALDO<\/b>\u00a0<br \/><a href=\"https:\/\/www.diarioelheraldo.cl\/noticia\/tradiciones-del-maule-seran-rescatadas-en-cartografia-audiovisual\">Tradiciones del Maule ser\u00e1n rescatadas en cartograf\u00eda audiovisual. Se refiere Ver\u00f3nica Reyes, acad\u00e9mica de la Escuela de M\u00fasica. \u00a0<\/a><br \/><br \/><\/div><div><b>RADIO CRISTALINA<\/b>\u00a0<br \/><a href=\"https:\/\/radiocristalina.cl\/cultura-tradiciones-del-maule-seran-rescatadas-en-cartografia-audiovisual\/\">CULTURA: Tradiciones del Maule ser\u00e1n rescatadas en cartograf\u00eda audiovisual, disponible en 2025. Se refiere Ver\u00f3nica Reyes, acad\u00e9mica de la Escuela de M\u00fasica. \u00a0<\/a><\/div><div>\u00a0<\/div><div><b>LA CUARTA\u00a0<br \/><\/b><a href=\"https:\/\/www.lacuarta.com\/relaciones\/noticia\/sexualidad-en-la-tercera-edad-los-mitos-y-verdades-de-como-los-adultos-mayores-viven-sus-momentos-intimos\/M6TK2QVTC5A5TCQJOXTKBPR7MI\/\">Sexualidad en la tercera edad: Los mitos y verdades de c\u00f3mo los adultos mayores viven sus momentos \u00edntimos. Se refiere Carolina Riveros Ferrada, acad\u00e9mica de la Facultad de Ciencias Jur\u00eddicas y Sociales. \u00a0<\/a><b><br \/><\/b><\/div><div>\u00a0<\/div><div><b>TV5 LINARES\u00a0<br \/><\/b><a href=\"https:\/\/www.litoralpress.cl\/sitio\/RadioTV_Detalles.cshtml?LPKey=SXFK46CPFD4ZK3DA5ZNDEZDCSBIT5G3CHLT3UC7743GO25K54PBV3EFY6GZ2LVCJ7GFRFEBTEMJAG\">Ipc de mayo y expectativas econom\u00eda. Se refiere Juan Andr\u00e9s Riquelme, acad\u00e9mico de la Facultad de Econom\u00eda y Negocios.\u00a0<\/a><b><br \/><\/b><\/div><div>\u00a0<\/div><div><b>CANAL 30 MULTICOM<\/b>\u00a0<br \/><a href=\"https:\/\/www.litoralpress.cl\/sitio\/RadioTV_Detalles.cshtml?LPKey=JXAU4KI2J3UZDC2IVFNBYZL4YC2ONGMKFQ4X46HZYRTNYLSOVGVHBCLJ3Q3VKSDGCCB2PC3VAQT7O\">Nota sistema frontal se acerca al Maule. Se refiere Patricio Gonz\u00e1lez Colville, agroclimat\u00f3logo y acad\u00e9mico del Centro de Investigaci\u00f3n y Transferencia en Riego y Agroclimatolog\u00eda (CITRA).\u202f\u202f\u202f\u00a0<\/a><\/div><div>\u00a0<\/div><div><b>TV5 LINARES<\/b>\u00a0<br \/><a href=\"https:\/\/www.litoralpress.cl\/sitio\/RadioTV_Detalles.cshtml?LPKey=FPE3TDWZA53DRXELC6PU475QUFBQ3GWOQGZ723SAMBP4YYICOSFI7J7EFKJD64I2UA5WRVU7D3XLW\">Meteorolog\u00eda Senapred por frente en el Maule. Se refiere Patricio Gonz\u00e1lez Colville, agroclimat\u00f3logo y acad\u00e9mico del Centro de Investigaci\u00f3n y Transferencia en Riego y Agroclimatolog\u00eda (CITRA).\u202f\u202f\u202f\u00a0<\/a><\/div><div>\u00a0<\/div><div><b>LA TRIBUNA \u00a0<br \/><\/b><a href=\"https:\/\/www.litoralpress.cl\/paginaconsultas\/Servicios_NClipSitio\/Get_Imagen_Nota.aspx?LPKey=H5HH26DMKGB6N7GS7YOYGBFSUPUN35VOHT65SI3DQHSKK3IYIJLGWGIGZUNGB2QPNRQP442XQKI5Y\">Especialistas advierten: Las lluvias m\u00e1s intensas en la zona de Biob\u00edo est\u00e1n por llegar. Se refiere Patricio Gonz\u00e1lez Colville, agroclimat\u00f3logo y acad\u00e9mico del Centro de Investigaci\u00f3n y Transferencia en Riego y Agroclimatolog\u00eda (CITRA).\u202f\u202f <\/a><\/div><div>\u00a0<\/div><div><b>EN L\u00cdNEA MAULE\u00a0<br \/><\/b><a href=\"https:\/\/www.litoralpress.cl\/sitio\/RadioTV_Detalles.cshtml?LPKey=PCHODQIOUEELC5DKAI22ZAEOBZXMPNYTUAXDR76W5DU3DSBAGSVYGZQA354FXCRBQZAODYPO4BTN4\">\u00bfC\u00f3mo y hasta cuando contin\u00faa el sistema frontal en el Maule? Se refiere Patricio Gonz\u00e1lez Colville, agroclimat\u00f3logo y acad\u00e9mico del Centro de Investigaci\u00f3n y Transferencia en Riego y Agroclimatolog\u00eda (CITRA).\u202f\u202f\u202f\u00a0<\/a><b><br \/><\/b><\/div><div>\u00a0<\/div><div><b>TV5 LINARES<\/b>\u00a0<br \/><a href=\"https:\/\/www.litoralpress.cl\/sitio\/RadioTV_Detalles.cshtml?LPKey=K2SABIWBGGWIHMADXSEQ53Z4EPW4QGFMSJPPWVJDB64QEPRTALJSGNMCTK5AKM7WB5BL3GDL63TVE\">Alerta temprana preventiva. Se refiere Patricio Gonz\u00e1lez Colville, agroclimat\u00f3logo y acad\u00e9mico del Centro de Investigaci\u00f3n y Transferencia en Riego y Agroclimatolog\u00eda (CITRA).\u202f\u202f\u202f\u00a0<\/a><br \/><br \/><\/div><div><b>RADIO INFINITA<\/b>\u00a0<br \/><a href=\"https:\/\/www.litoralpress.cl\/sitio\/RadioTV_Detalles.cshtml?LPKey=4QSSMTTTPLEKGHMWHIEX5XF2CUN5XOM4FNBP2DTVK5EEVPWXHUO3VBONXW5ULUUZLTKJ4OTUNMTHC\">Comentario de pol\u00edtica de Mauricio Morales Quiroga, director del Centro de An\u00e1lisis Pol\u00edtico (CAP)\u00a0<\/a><br \/><br \/><\/div><div><b>EL LECTOR\u00a0<br \/><\/b><a href=\"https:\/\/www.litoralpress.cl\/paginaconsultas\/Servicios_NClipSitio\/Get_Imagen_Nota.aspx?LPKey=2G3HQ6MNNM4CDLQBLUVG22PT2KTI5CW7PTG75ZY35L6K3WG6DYWSNNEEAISBRRTF5PCSVFXMJN5H2\">El CIES realiza variadas actividades en el marco del Buen Trato hacia las Personas Mayores. Se refiere Iv\u00e1n Palomo, acad\u00e9mico de la Facultad de Ciencias de la Educaci\u00f3n.\u00a0<\/a><b><br \/><\/b><\/div><div>\u00a0<\/div><div><b>CONSORCIO DE UNIVERSIDADES DEL ESTADO DE CHILE<\/b>\u00a0<br \/><a href=\"https:\/\/noticias.uestatales.cl\/cies-on-tour-conversatorios-3-uespublicas-chile\">CIES on tour: Conversatorios en 3 #UesP\u00fablicas a lo largo de Chile sobre el buen trato hacia los mayores.\u00a0<\/a><br \/><br \/><\/div><div><b>REVISTA MUNDO AGRO<\/b>\u00a0<br \/><a href=\"https:\/\/www.litoralpress.cl\/paginaconsultas\/Servicios_NClipSitio\/Get_Imagen_Nota.aspx?LPKey=BTFP5HGUGF6TPGLMYG6EVQFXRQ3QMQVTWDESLELLKZIVZQ4FMOJYAGZGAVROU45DBKITHXO5WDG22\">Gesti\u00f3n efectiva con datos precisos. Se menciona la Universidad de Talca.\u00a0<\/a><br \/><br \/><\/div><div><b>EL MAL\u00d3N ARTE<\/b>\u00a0<br \/><a href=\"https:\/\/elmalondelarte.cl\/emocion-y-excelencia-cinco-orquestas-comunales-actuaran-en-el-festival-de-clausura-mas-musica-mas-cultura\/\">Emoci\u00f3n y excelencia: cinco orquestas comunales actuar\u00e1n en el Festival de Clausura \u201cM\u00e1s M\u00fasica, M\u00e1s Cultura\u201d. Se menciona la Universidad de Talca.\u00a0<\/a><br \/><br \/><\/div><div><b>RADIO BEETHOVEN<\/b>\u00a0<br \/><a href=\"https:\/\/www.beethovenfm.cl\/recomendado\/festival-de-clausura-mas-musica-mas-cultura-el-testimonio-de-cinco-jovenes-integrantes-de-orquestas-comunales\/\">Festival de Clausura &#8220;M\u00e1s M\u00fasica, M\u00e1s Cultura&#8221;: el testimonio de cinco j\u00f3venes integrantes de orquestas comunales. Se menciona la Universidad de Talca.\u00a0<\/a><br \/><br \/><\/div><div><b>LOS ANDES ONLINE<\/b>\u00a0<br \/><a href=\"http:\/\/www.losandesonline.cl\/noticias\/55920\/el-limite-de-las-ia-y-la-irremplazable-necesidad-de-experiencia-humana.html\">El l\u00edmite de las IA y la irremplazable necesidad de experiencia humana. Se menciona la Universidad de Talca.\u00a0<\/a><br \/><br \/><\/div><div><b>CANAL 30 MULTICOM<\/b>\u00a0<br \/><a href=\"https:\/\/www.litoralpress.cl\/sitio\/RadioTV_Detalles.cshtml?LPKey=6JYH52MF3Q3VEML3PTTEUA52ERS2UXGH7JIL2MAOO3DV7Y6NH2OZFDQIKMX6G7FBINWWY27Y6NLPM\">S\u00edntesis informativa &#8211; 11 de junio de 2024. Se menciona la Universidad de Talca.\u00a0<\/a><br \/><br \/><\/div><div><b>EL DINAMO<\/b>\u00a0<br \/><a href=\"https:\/\/www.eldinamo.cl\/buen-dato\/2024\/06\/13\/vacaciones-de-invierno-12-talleres-gratuitos-para-ninos-y-ninas-en-santiago-y-regiones\/\">Vacaciones de invierno: 12 talleres gratuitos para ni\u00f1os y ni\u00f1as en Santiago y regiones. Se menciona la Universidad de Talca.\u00a0<\/a><br \/><br \/><\/div><div><b>LA PLAZA CHILE<\/b>\u00a0<br \/><a href=\"https:\/\/laplazachile.cl\/2024\/06\/13\/fundacion-mustakis-invita-a-ninos-y-jovenes-a-participar-de-talleres-en-santiago-regiones-y-en-su-plataforma-virtual\/\">Fundaci\u00f3n Mustakis invita a ni\u00f1os y j\u00f3venes a participar de talleres en Santiago, regiones y en su plataforma virtual. Se menciona la Universidad de Talca.\u00a0<\/a><br \/><br \/><\/div><div><b>PORTAL EDUCA<\/b>\u00a0<br \/><a href=\"https:\/\/portaleduca.cl\/vacaciones-de-invierno-2024-fundacion-mustakis-invita-a-ninas-ninos-y-jovenes-a-participar-de-talleres-en-santiago-regiones-y-en-su-plataforma-virtual-planeta-mustakis\/\">Vacaciones de invierno 2024: Fundaci\u00f3n Mustakis invita a ni\u00f1as, ni\u00f1os y j\u00f3venes a participar de talleres en Santiago, regiones y en su plataforma virtual Planeta Mustakis. Se menciona la Universidad de Talca.\u00a0<\/a><br \/>\u00a0<\/div><div><b>INSULAR FM <\/b>\u00a0<br \/><a href=\"https:\/\/www.insularfm.cl\/12-talleres-gratuitos-para-ninos-y-ninas\/\">12 talleres gratuitos para ni\u00f1os y ni\u00f1as. Se menciona la Universidad de Talca.\u00a0<\/a><br \/><br \/><\/div>\t\t\t\t\t\t<\/div>\n\t\t\t\t<\/div>\n\t\t\t\t\t<\/div>\n\t\t<\/div>\n\t\t\t\t\t\t\t<\/div>\n\t\t<\/section>\n\t\t\t\t\t\t<\/div>\n\t\t\t\t\t<\/div>\n\t\t","protected":false},"excerpt":{"rendered":"<p>LA RAZ\u00d3N\u00a0Embajadora de Italia visita el Maule para fortalecer v\u00ednculos con la regi\u00f3n. Se refiere Carlos Torres Fuchslocher, rector.\u00a0\u00a0EL MAULE INFORMA\u00a0Embajadora de Italia visita el Maule para fortalecer v\u00ednculos con la regi\u00f3n. Se refiere Carlos Torres Fuchslocher, rector.\u00a0 MEDIABANCO\u00a0Embajadora de Italia visita el Maule para fortalecer v\u00ednculos con la regi\u00f3n. Se refiere Carlos Torres Fuchslocher, &hellip;<\/p>\n<p class=\"read-more\"> <a class=\"\" href=\"https:\/\/www.reportedeprensa.utalca.cl\/?p=10014\"> <span class=\"screen-reader-text\">14 de junio de 2024<\/span> Read More &raquo;<\/a><\/p>\n","protected":false},"author":1,"featured_media":0,"comment_status":"closed","ping_status":"open","sticky":false,"template":"","format":"standard","meta":{"_monsterinsights_skip_tracking":false,"_monsterinsights_sitenote_active":false,"_monsterinsights_sitenote_note":"","_monsterinsights_sitenote_category":0},"categories":[49],"tags":[],"_links":{"self":[{"href":"https:\/\/www.reportedeprensa.utalca.cl\/index.php?rest_route=\/wp\/v2\/posts\/10014"}],"collection":[{"href":"https:\/\/www.reportedeprensa.utalca.cl\/index.php?rest_route=\/wp\/v2\/posts"}],"about":[{"href":"https:\/\/www.reportedeprensa.utalca.cl\/index.php?rest_route=\/wp\/v2\/types\/post"}],"author":[{"embeddable":true,"href":"https:\/\/www.reportedeprensa.utalca.cl\/index.php?rest_route=\/wp\/v2\/users\/1"}],"replies":[{"embeddable":true,"href":"https:\/\/www.reportedeprensa.utalca.cl\/index.php?rest_route=%2Fwp%2Fv2%2Fcomments&post=10014"}],"version-history":[{"count":4,"href":"https:\/\/www.reportedeprensa.utalca.cl\/index.php?rest_route=\/wp\/v2\/posts\/10014\/revisions"}],"predecessor-version":[{"id":10022,"href":"https:\/\/www.reportedeprensa.utalca.cl\/index.php?rest_route=\/wp\/v2\/posts\/10014\/revisions\/10022"}],"wp:attachment":[{"href":"https:\/\/www.reportedeprensa.utalca.cl\/index.php?rest_route=%2Fwp%2Fv2%2Fmedia&parent=10014"}],"wp:term":[{"taxonomy":"category","embeddable":true,"href":"https:\/\/www.reportedeprensa.utalca.cl\/index.php?rest_route=%2Fwp%2Fv2%2Fcategories&post=10014"},{"taxonomy":"post_tag","embeddable":true,"href":"https:\/\/www.reportedeprensa.utalca.cl\/index.php?rest_route=%2Fwp%2Fv2%2Ftags&post=10014"}],"curies":[{"name":"wp","href":"https:\/\/api.w.org\/{rel}","templated":true}]}}