{"id":10026,"date":"2024-06-17T11:06:51","date_gmt":"2024-06-17T14:06:51","guid":{"rendered":"https:\/\/www.reportedeprensa.utalca.cl\/?p=10026"},"modified":"2024-06-17T12:44:29","modified_gmt":"2024-06-17T15:44:29","slug":"17-de-junio-de-2024","status":"publish","type":"post","link":"https:\/\/www.reportedeprensa.utalca.cl\/?p=10026","title":{"rendered":"17 de junio de 2024"},"content":{"rendered":"\t\t<div data-elementor-type=\"wp-post\" data-elementor-id=\"10026\" class=\"elementor elementor-10026\" data-elementor-settings=\"[]\">\n\t\t\t\t\t\t\t<div class=\"elementor-section-wrap\">\n\t\t\t\t\t\t\t<section class=\"elementor-section elementor-top-section elementor-element elementor-element-bcea1a8 elementor-section-boxed elementor-section-height-default elementor-section-height-default\" data-id=\"bcea1a8\" data-element_type=\"section\">\n\t\t\t\t\t\t<div class=\"elementor-container elementor-column-gap-default\">\n\t\t\t\t\t<div class=\"elementor-column elementor-col-100 elementor-top-column elementor-element elementor-element-e7183bf\" data-id=\"e7183bf\" data-element_type=\"column\">\n\t\t\t<div class=\"elementor-widget-wrap elementor-element-populated\">\n\t\t\t\t\t\t\t\t<div class=\"elementor-element elementor-element-58d7315 elementor-widget elementor-widget-text-editor\" data-id=\"58d7315\" data-element_type=\"widget\" data-widget_type=\"text-editor.default\">\n\t\t\t\t<div class=\"elementor-widget-container\">\n\t\t\t\t\t\t\t\t<div><b>EL MOSTRADOR\u00a0<br \/><\/b><a href=\"https:\/\/www.elmostrador.cl\/agenda-pais\/agenda-municipal\/2024\/06\/14\/embajadora-de-italia-visita-el-maule-para-fortalecer-vinculos-con-la-region\/\">Embajadora de Italia visita el Maule para fortalecer v\u00ednculos con la regi\u00f3n. Se refiere Carlos Torres Fuchslocher, rector.\u00a0<\/a><b><br \/><\/b><\/div><div>\u00a0<\/div><div><b>RADIO LAUTARO<\/b>\u00a0<br \/><a href=\"https:\/\/radiolautarotalca.cl\/embajadora-de-italia-en-el-maule-compartio-experiencias-con-investigadores-del-rubro-agricola-y-de-energias-renovables\/\">Embajadora de Italia en el Maule comparti\u00f3 experiencias con investigadores del rubro agr\u00edcola y de energ\u00edas renovables. Se refiere Carlos Torres Fuchslocher, rector.\u00a0<\/a><br \/><br \/><\/div><div><b>RED VALPARA\u00cdSO <\/b>\u00a0<br \/><a href=\"https:\/\/redvalparaiso.com\/regional\/embajadora-italia-visita-talca-maule-fortalecer-relaciones\">Embajadora de Italia visita Talca para fortalecer relaciones con el pa\u00eds europeo. Se refiere Carlos Torres Fuchslocher, rector.\u00a0<\/a><br \/><br \/><\/div><div><b>RED MAULE<\/b>\u00a0<br \/><a href=\"https:\/\/redmaule.com\/regional\/embajadora-italia-visita-talca-maule-fortalecer-relaciones\">Embajadora de Italia visita Talca para fortalecer relaciones con el pa\u00eds europeo. Se refiere Carlos Torres Fuchslocher, rector.\u00a0<\/a><br \/><br \/><\/div><div><b>RED LOS LAGOS<\/b>\u00a0<br \/><a href=\"https:\/\/redloslagos.com\/regional\/embajadora-italia-visita-talca-maule-fortalecer-relaciones\">Embajadora de Italia visita Talca para fortalecer relaciones con el pa\u00eds europeo. Se refiere Carlos Torres Fuchslocher, rector.\u00a0<\/a><br \/><br \/><\/div><div><b>DIARIOS EN RED<\/b>\u00a0<br \/><a href=\"https:\/\/diariosenred.com\/regional\/embajadora-italia-visita-talca-maule-fortalecer-relaciones\">Embajadora de Italia visita Talca para fortalecer relaciones con el pa\u00eds europeo. Se refiere Carlos Torres Fuchslocher, rector.\u00a0<\/a><br \/><br \/><\/div><div><b>EL LECTOR<\/b>\u00a0<br \/><a href=\"https:\/\/www.litoralpress.cl\/paginaconsultas\/Servicios_NClipSitio\/Get_Imagen_Nota.aspx?LPKey=AIHRRXUYAWOGGBZ7HRKUGBN7XX5FFNKIWUP2TVANECSBH5HLK4UMKVBQDBFWPF3EGOSQ35PKPNJOY\">Embajadora de Italia visita el Maule para fortalecer v\u00ednculos con la regi\u00f3n. Se refiere Carlos Torres Fuchslocher, rector.\u00a0<\/a><br \/><br \/><\/div><div><b>LA RAZ\u00d3N<\/b>\u00a0<br \/><a href=\"https:\/\/www.larazon.cl\/2024\/06\/13\/embajadora-de-italia-visita-el-maule-para-fortalecer-vinculos-con-la-region\/\">Embajadora de Italia visita el Maule para fortalecer v\u00ednculos con la regi\u00f3n. Se refiere Carlos Torres Fuchslocher, rector.\u00a0<\/a><br \/><br \/><\/div><div><b>EL MAULE INFORMA<\/b>\u00a0<br \/><a href=\"https:\/\/elmauleinforma.cl\/embajadora-de-italia-visita-el-maule-para-fortalecer-vinculos-con-la-region\/\">Embajadora de Italia visita el Maule para fortalecer v\u00ednculos con la regi\u00f3n. Se refiere Carlos Torres Fuchslocher, rector.\u00a0<\/a><br \/><br \/><\/div><div><b>MAULENEWS<\/b>\u00a0<br \/><a href=\"https:\/\/www.maulenews.com\/2024\/06\/embajadora-de-italia-visita-el-maule.html\">Embajadora de Italia visita el Maule para fortalecer v\u00ednculos con la regi\u00f3n. Se refiere Carlos Torres Fuchslocher, rector.<\/a>\u00a0<br \/><br \/><\/div><div><b>PUBLIMICRO<\/b>\u00a0<br \/><a href=\"https:\/\/publimicro.cl\/embajadora-de-italia-fortalece-lazos-con-el-maule-en-energias-renovables-y-agricolas\/\">Embajadora de Italia fortalece lazos con el Maule en energ\u00edas renovables y agr\u00edcolas. Se menciona la Universidad de Talca.\u00a0<\/a><br \/><br \/><b>SOMOS MAULE <\/b>\u00a0<br \/><a href=\"http:\/\/somosmaule.cl\/publico\/ficha\/ficha.aspx?i=76937\">Embajadora de Italia visita Talca para fortalecer relaciones con el pa\u00eds europeo. Se menciona la Universidad de Talca.\u00a0<\/a><br \/><br \/><\/div><div><b>PUBLIMICRO<\/b>\u00a0<br \/><a href=\"https:\/\/publimicro.cl\/visita-de-la-embajadora-italiana-valeria-biagiotti-busca-estrechar-lazos-entre-la-universidad-de-talca-e-italia\/\">Visita de la Embajadora Italiana, Valeria Biagiotti, busca estrechar lazos entre la Universidad de Talca e Italia. Se menciona la Universidad de Talca.\u00a0<\/a><br \/><br \/><\/div><div><b>EL LECTOR<\/b>\u00a0<br \/><a href=\"https:\/\/www.litoralpress.cl\/sitio\/Prensa_Detalles.cshtml?LPKey=GYYNB3KYEQJRDIOY3ORWTBHOLQKH7XB2ZCUK6URLNYZMDDKPMQTA\">CRETI Maule realiza conversatorio sobre influencers y redes sociales en el D\u00eda Mundial contra el Trabajo Infantil. Se refiere Rodrigo Palomo, vicerrector acad\u00e9mico.\u00a0<\/a><br \/><br \/><b>EL MAULE INFORMA\u00a0<br \/><\/b><a href=\"https:\/\/www.linaresenlinea.cl\/2024\/06\/15\/dia-mundial-contra-el-trabajo-infantil-realizan-conversatorio-sobre-influencers-y-redes-sociales\/\">CRETI Maule realiza conversatorio sobre influencers y redes sociales en el D\u00eda Mundial contra el Trabajo Infantil. Se refieren Rodrigo Palomo, vicerrector acad\u00e9mico y Isaac Ravetllat director del Centro de Estudios sobre los Derechos de la Infancia y Adolescencia (CEDIA).\u00a0<\/a><b><br \/><\/b><\/div><div>\u00a0<\/div><div><b>LINARES EN L\u00cdNEA<\/b>\u00a0<br \/><a href=\"https:\/\/www.linaresenlinea.cl\/2024\/06\/15\/dia-mundial-contra-el-trabajo-infantil-realizan-conversatorio-sobre-influencers-y-redes-sociales\/\">D\u00eda Mundial Contra el Trabajo Infantil: Realizan conversatorio sobre influencers y redes sociales. . Se refieren Rodrigo Palomo, vicerrector acad\u00e9mico y Isaac Ravetllat director del Centro de Estudios sobre los Derechos de la Infancia y Adolescencia (CEDIA).\u00a0<\/a><\/div><div>\u00a0<\/div><div><b>DIARIO EL HERALDO\u00a0<br \/><\/b><a href=\"https:\/\/www.litoralpress.cl\/sitio\/Prensa_Detalles.cshtml?LPKey=XEUZ2GIJDMFIFYUTMO3LBAM4SG7N4D6KVCZT6P6OXXV2OZXF4PKQ\">Estrenan plataforma que apoya la salud mental en las universidades del Estado. Se refiere Paula Caballero, vicerrectora de Desarrollo Estudiantil y Daniel Jim\u00e9nez, director de Salud del Estudiante.\u00a0<\/a><b><br \/><\/b><\/div><div>\u00a0<\/div><div><b>ELHERALDO.CL <\/b>\u00a0<br \/><a href=\"https:\/\/www.diarioelheraldo.cl\/noticia\/estrenan-plataforma-que-apoya-la-salud-mental-en-las-universidades-del-estado-\">Estrenan plataforma que apoya la salud mental en las universidades del Estado. Se refiere Paula Caballero, vicerrectora de Desarrollo Estudiantil y Daniel Jim\u00e9nez, director de Salud del Estudiante.\u00a0<\/a><br \/><br \/><\/div><div><b>EL DIARIO DE MAULE<\/b>\u00a0<br \/><a href=\"https:\/\/eldiariodemaule.cl\/estrenan-plataforma-que-apoya-la-salud-mental-en-las-universidades-del-estado\/\">Estrenan plataforma que apoya la salud mental en las universidades del Estado. Se refiere Paula Caballero, vicerrectora de Desarrollo Estudiantil y Daniel Jim\u00e9nez, director de Salud del Estudiante.\u00a0<\/a><\/div><div>\u00a0<\/div><div><b>AD PRENSA <\/b>\u00a0<br \/><a href=\"https:\/\/www.adprensa.cl\/cronica\/estrenan-plataforma-que-apoya-la-salud-mental-en-las-universidades-del-estado\/\">Estrenan plataforma que apoya la salud mental en las universidades del Estado. Se refiere Paula Caballero Moyano, vicerrectora de Desarrollo Estudiantil y Daniel Jim\u00e9nez Acu\u00f1a, director de Salud del Estudiante.\u00a0<\/a><br \/><br \/><\/div><div><b>MEDIABANCO<\/b>\u00a0<br \/><a href=\"https:\/\/www.mediabanco.com\/estrenan-plataforma-que-apoya-la-salud-mental-en-las-universidades-del-estado\/\">Estrenan plataforma que apoya la salud mental en las universidades del Estado. Se refiere Paula Caballero Moyano, vicerrectora de Desarrollo Estudiantil y Daniel Jim\u00e9nez Acu\u00f1a, director de Salud del Estudiante.\u00a0<\/a><br \/><br \/><\/div><div><b>CHILLAN ONLINE<\/b>\u00a0<br \/><a href=\"https:\/\/www.chillanonline.cl\/V7\/2024\/06\/15\/estrenan-plataforma-que-apoya-la-salud-mental-en-las-universidades-del-estado\/\">Estrenan plataforma que apoya la salud mental en las universidades del Estado. Se refiere Paula Caballero Moyano, vicerrectora de Desarrollo Estudiantil y Daniel Jim\u00e9nez Acu\u00f1a, director de Salud del Estudiante.\u00a0<\/a><\/div><div>\u00a0<\/div><div><b>EL MERCURIO\u00a0<br \/><\/b><a href=\"https:\/\/www.litoralpress.cl\/sitio\/RadioTV_Detalles.cshtml?LPKey=KEQGKF2NDKDBHN76UR74MBC6V6ASUMYVFPWYK44FI43RNBHOV6UKDPQEBJYHRB5NXECWE3AXIFX5C\">Lluvias dejan super\u00e1vit entre. Coquimbo y La Araucan\u00eda, pero no ser\u00eda suficiente ante 15 a\u00f1os de sequ\u00eda. Se refiere Patricio Gonz\u00e1lez Colville, agroclimat\u00f3logo y acad\u00e9mico del Centro de Investigaci\u00f3n y Transferencia en Riego y Agroclimatolog\u00eda (CITRA).\u202f\u202f\u202f\u00a0<\/a><b><br \/><\/b><\/div><div>\u00a0<\/div><div><b>RADIO AGRICULTURA<\/b>\u00a0<br \/><a href=\"https:\/\/www.litoralpress.cl\/sitio\/RadioTV_Detalles.cshtml?LPKey=KEQGKF2NDKDBHN76UR74MBC6V6ASUMYVFPWYK44FI43RNBHOV6UKDPQEBJYHRB5NXECWE3AXIFX5C\">Impacto del Sistema Frontal. Entrevista a Patricio Gonz\u00e1lez Colville, agroclimat\u00f3logo y acad\u00e9mico del Centro de Investigaci\u00f3n y Transferencia en Riego y Agroclimatolog\u00eda (CITRA).\u202f\u202f\u00a0<\/a><br \/><br \/><\/div><div><b>RADIO COOPERATIVA\u00a0<br \/><\/b><a href=\"https:\/\/www.litoralpress.cl\/sitio\/RadioTV_Detalles.cshtml?LPKey=RZBKLIS6NUK7LQDL25FVX4WGCFRWZUJF7KUZLWPWYJWWYU5QXOP5OV7WMEE5YJBCP7LIB2O3M6XH4\">Nuevo Sistema Frontal. Entrevista a Patricio Gonz\u00e1lez Colville, agroclimat\u00f3logo y acad\u00e9mico del Centro de Investigaci\u00f3n y Transferencia en Riego y Agroclimatolog\u00eda (CITRA).\u202f\u202f\u00a0<\/a><b><br \/><\/b><\/div><div>\u00a0<\/div><div><b>BIOB\u00cdO TV<\/b>\u00a0<br \/><a href=\"https:\/\/www.litoralpress.cl\/sitio\/RadioTV_Detalles.cshtml?LPKey=G6EE5FCCLIXQATATKG2YARE46YVQQR2XL7K5QUBFULIS35FJRBEJ7AJXMFFYBEJD5TQYY5L7O7NAC.\">Regi\u00f3n de Bio-B\u00edo registra m\u00e1s de mil agricultores afectados. Se refiere Patricio Gonz\u00e1lez Colville, agroclimat\u00f3logo y acad\u00e9mico del Centro de Investigaci\u00f3n y Transferencia en Riego y Agroclimatolog\u00eda (CITRA).\u202f\u202f\u00a0<\/a><\/div><div>\u00a0<\/div><div><b>RADIO BIOB\u00cdO<\/b>\u00a0<br \/><a href=\"https:\/\/www.biobiochile.cl\/noticias\/economia\/tu-bolsillo\/2024\/06\/14\/el-sistema-frontal-golpea-a-agricultores-que-se-sabe-sobre-posibles-alzas-de-precios-de-alimentos.shtml\">El sistema frontal golpea a agricultores: \u00bfQu\u00e9 se sabe sobre posibles alzas de precios de alimentos? Se refiere Patricio Gonz\u00e1lez Colville, agroclimat\u00f3logo y acad\u00e9mico del Centro de Investigaci\u00f3n y Transferencia en Riego y Agroclimatolog\u00eda (CITRA).\u202f\u202f\u202f\u00a0<\/a><br \/><br \/><\/div><div><b>TV5 LINARES<\/b>\u00a0<br \/><a href=\"https:\/\/www.litoralpress.cl\/sitio\/RadioTV_Detalles.cshtml?LPKey=4KDHFHWZ5GU2BZJK5FRFLE3LKI5V6DQGDAN5XX7JA6F5B4VXH7IPZC4RQZFLEVAQ7QDJVPTEV64KO\">En Linares y el Maule aument\u00f3 la intensidad de las lluvias. Se refiere Patricio Gonz\u00e1lez Colville, agroclimat\u00f3logo y acad\u00e9mico del Centro de Investigaci\u00f3n y Transferencia en Riego y Agroclimatolog\u00eda (CITRA).<\/a>\u202f\u202f\u202f\u00a0<br \/><br \/><\/div><div><b>EL REPORTE DIARIO<\/b>\u00a0<br \/><a href=\"https:\/\/reportediario.cl\/2024\/06\/14\/alerta-agricola-el-sistema-frontal-golpea-duro-a-los-productores-que-significa-esto-para-los-precios-de-los-alimentos\/\">\u00a1Alerta Agr\u00edcola: El Sistema Frontal Golpea Duro a los Productores! \u00bfQu\u00e9 Significa esto para los Precios de los Alimentos? Se refiere Patricio Gonz\u00e1lez Colville, agroclimat\u00f3logo y acad\u00e9mico del Centro de Investigaci\u00f3n y Transferencia en Riego y Agroclimatolog\u00eda (CITRA).<\/a>\u202f\u202f\u202f\u00a0<\/div><div>\u00a0<\/div><div><b>CANAL 30 MULTICOM<\/b>\u00a0<br \/><a href=\"https:\/\/www.litoralpress.cl\/sitio\/RadioTV_Detalles.cshtml?LPKey=GI3SWPAHZCALROU5SJPWGJGNCU7T3NRFFX6IM6HNMIFM6N6RTNBIQTR7RJE2FQN74YZBTNOX4G5JM\">Sistema frontal se acerca al Maule. Se refiere Patricio Gonz\u00e1lez Colville, agroclimat\u00f3logo y acad\u00e9mico del Centro de Investigaci\u00f3n y Transferencia en Riego y Agroclimatolog\u00eda (CITRA).\u202f\u202f\u202f\u00a0<\/a><br \/><br \/><\/div><div><b>RADIO BIOB\u00cdO<\/b>\u00a0<br \/><a href=\"https:\/\/www.litoralpress.cl\/sitio\/RadioTV_Detalles.cshtml?LPKey=OEZYEYBIAHBQIRXFQ4LDKRFFUMY2YTXVKJOWFU5FWFSWRHNORGKMSCKWQSFKRN2XTDPLSUZNW25AO\">La Sociedad Nacional de Agricultura llam\u00f3 al gobierno y a la banca a gestionar cr\u00e9ditos de emergencia para mitigar los efectos que est\u00e1 sufriendo el sector por el paso del sistema frontal. Se refiere Patricio Gonz\u00e1lez Colville, agroclimat\u00f3logo y acad\u00e9mico del Centro de Investigaci\u00f3n y Transferencia en Riego y Agroclimatolog\u00eda (CITRA).\u202f\u202f<\/a>\u202f\u00a0<\/div><div>\u00a0<\/div><div><b>EL TIP\u00d3GRAFO<\/b>\u00a0<br \/><a href=\"https:\/\/eltipografo.cl\/2024\/06\/atencion-seguira-lloviendo-en-la-region-ohiggins-durante-toda-la-semana\">Atenci\u00f3n: Seguir\u00e1 lloviendo en la Regi\u00f3n OHiggins durante toda la semana. Se refiere Patricio Gonz\u00e1lez, acad\u00e9mico del Centro de Investigaci\u00f3n y Transferencia en Riego y Agroclimatolog\u00eda (CITRA).\u202f\u202f\u00a0<\/a><br \/><br \/><\/div><div><b>DIARIO TALCA<\/b>\u00a0<br \/><a href=\"https:\/\/www.litoralpress.cl\/sitio\/Prensa_PaginaCompleta.cshtml?LPKey=3V2CZFB5ZPABBF4BGRURGD764ES3VC5MAGA6SVSFCEWNFZJPOOHA\">Planificar el desarrollo sostenible de Talca. Se refiere Patricio Gonz\u00e1lez, acad\u00e9mico del Centro de Investigaci\u00f3n y Transferencia en Riego y Agroclimatolog\u00eda (CITRA).\u202f\u202f\u00a0<\/a><br \/><br \/><\/div><div><b>MEDIABANCO\u00a0<br \/><\/b><a href=\"https:\/\/www.mediabanco.com\/subsecretaria-de-ciencia-y-tecnologia-destaca-trabajo-de-proyecto-explora-maule\/\">Subsecretar\u00eda de Ciencia y Tecnolog\u00eda destaca trabajo de proyecto Explora Maule. Se refiere C\u00e9sar Retamal, director Explora Maule.\u00a0<\/a><b><br \/><\/b><\/div><div>\u00a0<\/div><div><b>AD PRENSA<\/b>\u00a0<br \/><a href=\"https:\/\/www.adprensa.cl\/cronica\/subsecretaria-de-ciencia-y-tecnologia-destaca-trabajo-de-proyecto-explora-maule\/\">Subsecretar\u00eda de Ciencia y Tecnolog\u00eda destaca trabajo de proyecto Explora Maule. Se refiere C\u00e9sar Retamal, director Explora Maule.<\/a>\u00a0<br \/><br \/><\/div><div><b>CHILL\u00c1N ONLINE<\/b>\u00a0<br \/><a href=\"https:\/\/www.chillanonline.cl\/V7\/2024\/06\/16\/subsecretaria-de-ciencia-y-tecnologia-destaca-trabajo-de-proyecto-explora-maule\/\">Subsecretar\u00eda de Ciencia y Tecnolog\u00eda destaca trabajo de proyecto Explora Maule. Se refiere C\u00e9sar Retamal, director Explora Maule.\u00a0<\/a><br \/>\u00a0\u00a0<br \/><b>TIERRA MARILLANO<\/b>\u00a0<br \/><a href=\"https:\/\/tierramarillano.cl\/2024\/06\/14\/lanzan-inedito-libro-ilustrado-que-reune-los-dinosaurios-de-latinoamerica\/\">Lanzan in\u00e9dito libro ilustrado que re\u00fane los dinosaurios de Latinoam\u00e9rica. Se refieren Jorge Cartes Sanhueza director (s) de la Escuela de Dise\u00f1o de la UTalca y Jos\u00e9 Ignacio Torres, acad\u00e9mico de la unidad mencionada. \u00a0<\/a><br \/><br \/><\/div><div><b>REVISTA ECOCIENCIAS\u00a0<br \/><\/b><a href=\"https:\/\/revistaecociencias.cl\/2024\/06\/14\/dinoamericanos-el-inedito-libro-ilustrado-que-reune-los-dinosaurios-de-latinoamerica\/\">\u201cDinoamericanos\u201d el in\u00e9dito libro ilustrado que re\u00fane los dinosaurios de Latinoam\u00e9rica. Se refieren Jorge Cartes Sanhueza director (s) de la Escuela de Dise\u00f1o de la UTalca y Jos\u00e9 Ignacio Torres, acad\u00e9mico de la unidad mencionada.\u00a0<\/a><b><br \/><\/b><\/div><div>\u00a0<\/div><div><b>RADIO NUEVO MUNDO<\/b>\u00a0<br \/><a href=\"https:\/\/radionuevomundo.cl\/2024\/06\/14\/lanzan-inedito-libro-ilustrado-que-reune-los-dinosaurios-de-latinoamerica\/\">Lanzan in\u00e9dito libro ilustrado que re\u00fane los dinosaurios de Latinoam\u00e9rica. Se refieren Jorge Cartes Sanhueza director (s) de la Escuela de Dise\u00f1o de la UTalca y Jos\u00e9 Ignacio Torres, acad\u00e9mico de la unidad mencionada.\u00a0<\/a><br \/><br \/><\/div><div><b>S\u00c9PTIMA P\u00c1GINA NOTICIAS <\/b>\u00a0<br \/><a href=\"https:\/\/www.septimapaginanoticias.cl\/lanzan-inedito-libro-ilustrado-que-reune-los-dinosaurios-de-latinoamerica\">Lanzan in\u00e9dito libro ilustrado que re\u00fane los dinosaurios de Latinoam\u00e9rica. Se refieren Jorge Cartes Sanhueza director (s) de la Escuela de Dise\u00f1o de la UTalca y Jos\u00e9 Ignacio Torres, acad\u00e9mico de la unidad mencionada.\u00a0<\/a><br \/><br \/><\/div><div><b>G5 NOTICIA<\/b>\u00a0<br \/><a href=\"https:\/\/g5noticias.cl\/2024\/06\/15\/lanzan-inedito-libro-ilustrado-que-reune-los-dinosaurios-de-latinoamerica\/\">Lanzan in\u00e9dito libro ilustrado que re\u00fane los dinosaurios de Latinoam\u00e9rica. Se refiere Jorge Cartes Sanhueza director (s) de la Escuela de Dise\u00f1o y Jos\u00e9 Ignacio Torres, acad\u00e9mico Escuela de Dise\u00f1o.\u00a0<\/a><br \/><br \/><\/div><div><b>EL LECTOR<\/b>\u00a0<br \/><a href=\"https:\/\/www.litoralpress.cl\/sitio\/Prensa_Detalles.cshtml?LPKey=GYYNB3KYEQJRDIOY3ORWTBHOLQKH7XB2ZCUK6URLNYZMDDKPMQTA\">Estrenan plataforma que apoya la salud mental en las universidades del Estado. Se refiere Paula Caballero, vicerrectora de Desarrollo Estudiantil y Daniel Jim\u00e9nez, director de Salud del Estudiante.\u00a0<\/a><\/div><div>\u00a0<\/div><div><b>EL LECTOR<\/b>\u00a0<br \/><a href=\"https:\/\/www.litoralpress.cl\/paginaconsultas\/Servicios_NClipSitio\/Get_Imagen_Nota.aspx?LPKey=QNYG3G4WVT7RCZ7CJNSXANEHOSJNNONB2QSN4MEE7M56VWAMMKCJSF3347B6GAORLC7G7HZKE22FS\">Especialistas creen que calificaci\u00f3n energ\u00e9tica aportar\u00eda para hacer frente a la crisis de la construcci\u00f3n. Se refiere Mar\u00eda Luisa del Campo Hitschfeld, directora del Centro Tecnol\u00f3gico Kipus de la Universidad de Talca.\u00a0<\/a><br \/><br \/><\/div><div><b>LA PRENSA DE CURIC\u00d3\u00a0<br \/><\/b><a href=\"https:\/\/www.litoralpress.cl\/paginaconsultas\/Servicios_NClipSitio\/Get_Imagen_Nota.aspx?LPKey=Z2IWZHJAHT7ZV7JWMOCZDUQIHCRMKHCLQPDKJIQ3HLSYEJU5NOXPCD6ZPAR5DEG3TWNNIZDD2SWA2\">Calificaci\u00f3n energ\u00e9tica aportar\u00eda a superar crisis de la construcci\u00f3n. Se refiere Mar\u00eda Luisa del Campo Hitschfeld, directora del Centro Tecnol\u00f3gico Kipus de la Universidad de Talca.\u00a0<\/a><b><br \/><\/b><\/div><div>\u00a0<\/div><div><b>P\u00c1GINA V<\/b>\u00a0<br \/><a href=\"https:\/\/paginav.cl\/2024\/06\/14\/especialistas-creen-que-calificacion-energetica-aportaria-para-hacer-frente-a-la-crisis-de-la-construccion\/\">Especialistas creen que calificaci\u00f3n energ\u00e9tica aportar\u00eda para hacer frente a la crisis de la construcci\u00f3n. Se refiere Mar\u00eda Luisa del Campo Hitschfeld, directora del Centro Tecnol\u00f3gico Kipus de la Universidad de Talca.\u00a0<\/a><br \/><br \/><\/div><div><b>MEDIABANCO<\/b>\u00a0<br \/><a href=\"https:\/\/www.mediabanco.com\/especialistas-creen-que-calificacion-energetica-aportaria-para-hacer-frente-a-la-crisis-de-la-construccion\/\">Especialistas creen que calificaci\u00f3n energ\u00e9tica aportar\u00eda para hacer frente a la crisis de la construcci\u00f3n. Se refiere Mar\u00eda Luisa del Campo Hitschfeld, directora del Centro Tecnol\u00f3gico Kipus de la Universidad de Talca.\u00a0<\/a><br \/><br \/><\/div><div><b>MSN CHILE<\/b>\u00a0<br \/><a href=\"https:\/\/www.msn.com\/es-pe\/noticias\/other\/c%C3%B3mo-preparar-tu-hogar-ante-un-temporal\/ar-AA1cl9Pf\">C\u00f3mo preparar tu hogar ante un temporal. Se refiere Mar\u00eda Luisa del Campo Hitschfeld, directora del Centro Tecnol\u00f3gico Kipus de la Universidad de Talca.\u00a0<\/a><br \/>\u00a0<br \/><b>IDEALEX<\/b>\u00a0<br \/><a href=\"https:\/\/idealex.press\/becas-chile-eeuu-e-inglaterra-son-los-destinos-mas-frecuentes-para-abogados-que-estudian-en-el-extranjero\/\">Becas Chile: EEUU e Inglaterra son los destinos m\u00e1s frecuentes para abogados que estudian en el extranjero. Se refiere Iv\u00e1n Obando, decano de la Facultad de Ciencias Jur\u00eddicas y Sociales.\u00a0<\/a><br \/><br \/><\/div><div><b>AGENCIA XINHUA EN ESPA\u00d1OL (CHINA)\u00a0<br \/><\/b><a href=\"https:\/\/spanish.xinhuanet.com\/20240606\/a4efd13cca704242bd1fa5172f042d9a\/c.html\">Acuerdo entre cupr\u00edfera Codelco y minera SQM para explotaci\u00f3n de litio en Chile beneficiar\u00e1 a mercado mundial, dicen expertos. Se refiere Carlos Moraga, director de la Escuela de Ingenier\u00eda Civil de Minas.\u00a0<\/a><b><br \/><\/b><\/div><div>\u00a0<\/div><div><b>NEWSESEURO.COM<\/b>\u00a0<br \/><a href=\"https:\/\/news.eseuro.com\/noticias\/3471907.html\">Muertes por influenza superan las registradas en el mismo per\u00edodo de 2023. Se refiere Erika Retamal Contreras directora del Departamento de Salud P\u00fablica.\u00a0<\/a><\/div><div>\u00a0<\/div><div><b>CANAL 30 MULTICOM<\/b>\u00a0<br \/><a href=\"https:\/\/www.litoralpress.cl\/sitio\/RadioTV_Detalles.cshtml?LPKey=6U5TWSEW7RDTUN5CUAHM444QKROIHGZCOQ7JLRGCQ2FTMV5Y6J27LLFH7MII2LWY2557NVVH5VX46\">Conservaci\u00f3n y rescate de las tradiciones. Se refiere ver\u00f3nica reyes, acad\u00e9mica de la Escuela de M\u00fasica.\u00a0<\/a><br \/><br \/><\/div><div><b>DE MAR A CORDILLERA<\/b>\u00a0<br \/><a href=\"https:\/\/demaracordilleratv.cl\/2024\/06\/14\/registraran-tradiciones-populares-del-maule-en-documental\/\">Registrar\u00e1n tradiciones populares del Maule en documental. Se refiere Ver\u00f3nica Reyes, acad\u00e9mica de la Escuela de M\u00fasica.\u00a0<\/a><br \/><br \/><\/div><div><b>RADIO LAUTARO<\/b>\u00a0<br \/><a href=\"https:\/\/radiolautarotalca.cl\/tradiciones-del-maule-seran-rescatadas-en-cartografia-audiovisual\/\">Tradiciones del Maule ser\u00e1n rescatadas en cartograf\u00eda audiovisual. Se refiere Ver\u00f3nica Reyes, acad\u00e9mica de la Escuela de M\u00fasica.<\/a>\u00a0<br \/><br \/><\/div><div><b>ASOEX <\/b>\u00a0<br \/><a href=\"https:\/\/www.asoex.cl\/component\/content\/article\/25-noticias\/1455-frutas-de-chile-presente-en-pomaexpo-2024-estamos-muy-confiados-que-tendremos-una-industria-rejuvenecida-de-la-manzana.html\">Frutas de Chile presente en PomaExpo 2024: \u201cEstamos muy confiados que tendremos una industria rejuvenecida de la manzana\u201d. Se refiere \u00c1lvaro Sep\u00falveda, investigador del Centro de Pom\u00e1ceas.\u202f<\/a>\u00a0<br \/><br \/><\/div><div><b>FRESHPLAZA (ESPA\u00d1A)<\/b>\u00a0<br \/><a href=\"https:\/\/www.freshplaza.es\/article\/9633280\/la-industria-chilena-de-la-manzana-esta-preparada-para-hacer-frente-a-las-lluvias\/\">La industria chilena de la manzana est\u00e1 preparada para hacer frente a las lluvias. Se refiere \u00c1lvaro Sep\u00falveda, investigador del Centro de Pom\u00e1ceas.\u202f\u00a0<\/a><br \/><br \/><\/div><div><b>MASP.LMNEUQUEN.COM (ARGENTINA)<\/b>\u00a0<br \/><a href=\"https:\/\/masp.lmneuquen.com\/fruticultura\/pomaexpo-2024-alternativas-varietales-la-manzana-n1117982\">PomaExpo 2024: alternativas varietales para la manzana. Se refierfe Jos\u00e9 Antonio Yuri, director del Centro de Pom\u00e1ceas.\u00a0<\/a><br \/><br \/><\/div><div><b>EL MERCURIO<\/b>\u00a0<br \/><a href=\"https:\/\/www.litoralpress.cl\/paginaconsultas\/Servicios_NClipSitio\/Get_Imagen_Nota.aspx?LPKey=VVM3SH22JA6NM5XESUIVFTJ25WEVVEMM4OBO3XNCHF4KMGXIY4RY2PVUVVN5KQLTPWA3M6DXNO5VW\">Canciller resalta que la pol\u00edtica exterior la conduce el Presidente tras diferencias con el PC. Se refiere Mauricio Morales Quiroga, director del Centro de An\u00e1lisis Pol\u00edtico (CAP).\u00a0<\/a><br \/><br \/><\/div><div><b>NEWSESEURO.COM<\/b>\u00a0<br \/><a href=\"https:\/\/news.eseuro.com\/local\/3518687.html\">Los \u201cantipatri\u00f3ticos\u201d de Vallejo: Chile contra Chile que se meti\u00f3 en la carrera contra La Moneda. Se refiere Mauricio Morales Quiroga, director del Centro de An\u00e1lisis Pol\u00edtico (CAP). \u00a0<\/a><br \/><br \/><\/div><div><b>EL MERCURIO <\/b>\u00a0<br \/><a href=\"https:\/\/www.litoralpress.cl\/sitio\/Prensa_PaginaCompleta.cshtml?LPKey=RQDKNF4TFQR7HMOUILQ7FUWO2CERH2VDY2EGRSCOFMAO6CS3XCXA\">Reembolso por voto a candidatos y a los partidos supondr\u00eda un costo adicional de $30 mil millones para el Estado. Se refiere Mauricio Morales Quiroga, director del Centro de An\u00e1lisis Pol\u00edtico (CAP).\u00a0<\/a><br \/><br \/><\/div><div><b>RADIO INFINITA<\/b>\u00a0<br \/><a href=\"https:\/\/www.litoralpress.cl\/sitio\/RadioTV_Detalles.cshtml?LPKey=KTPEJAEHM62XD4NPRS6FKGGD2SG3RLLAW4WPD4AID3M64OKZZAJ4VCUCOS66RWSMTAKDCJTTAY5U2\">Comentario de pol\u00edtica de Mauricio Morales Quiroga, director del Centro de An\u00e1lisis Pol\u00edtico (CAP)\u00a0<\/a><br \/><br \/><\/div><div><b>NUEVO PODER<\/b>\u00a0<br \/><a href=\"https:\/\/www.nuevopoder.cl\/expertos-primarias-no-entregan-datos-para-prever-elecciones-de-octubre\/\">Expertos: Primarias no entregan datos para prever elecciones de octubre. Se refiere Mario Herrera Mu\u00f1oz, acad\u00e9mico del Centro de An\u00e1lisis Pol\u00edtico (CAP).\u00a0<\/a><br \/><br \/><\/div><div><b>NUEVO PODER<\/b>\u00a0<br \/><a href=\"https:\/\/www.nuevopoder.cl\/expertos-agenda-valorica-entorpece-negociaciones-en-pensiones-y-pacto-fiscal\/\">Expertos: agenda val\u00f3rica entorpece negociaciones en pensiones y pacto fiscal. Se refiere Mario Herrera Mu\u00f1oz, acad\u00e9mico del Centro de An\u00e1lisis Pol\u00edtico (CAP).\u00a0<\/a><br \/><br \/><\/div><div><b>DIARIO TALCA <\/b>\u00a0<br \/><a href=\"https:\/\/www.litoralpress.cl\/sitio\/Prensa_PaginaCompleta.cshtml?LPKey=BM7PUKH6P7AFISBFSBFDXXZWZ77GDNX3R4NX3NSIA2DD7RCMTUCQ\">Participaci\u00f3n en primarias: entre la fatiga electoral y el desinter\u00e9s ciudadano. Se refiere Mario Herrera, acad\u00e9mico Centro de An\u00e1lisis Pol\u00edtico (CAP<b>).<\/b>\u00a0<\/a>\u00a0<\/div><div>\u00a0<br \/><b>RADIO AGRICULTURA<\/b>\u00a0<br \/><a href=\"https:\/\/www.litoralpress.cl\/sitio\/RadioTV_Detalles.cshtml?LPKey=JVMZJJC5N22RVILRRMXMGFVBE7BLUHKDIEQLXXETPGCXKDVS2LRXCGMKFYQOE52NP2E5TSCLKWKJ6\">Combustible se mezcl\u00f3 con agua y afect\u00f3 a m\u00e1s de 20 autos. Entrevista a Johan Gonz\u00e1lez, acad\u00e9mico de la Facultad de Ingenier\u00eda.\u00a0<\/a><br \/><br \/><\/div><div><b>CANAL TVN &#8211; 24 HORAS\u00a0<br \/><\/b><a href=\"https:\/\/www.litoralpress.cl\/sitio\/RadioTV_Detalles.cshtml?LPKey=EQWB7KK2FV4I4GDRLPK4Q7LYBNHKX6Y2BOFCZO2EH3S5TXOSCXZBCE6PYINBZ32E4274QSKI77QD2\">Alerta por la salud de Joe Biden durante la cumbre del G7. Se refiere Carolina Riveros, acad\u00e9mica de la Facultad de Ciencias Jur\u00eddicas y Sociales.\u00a0<\/a><b><br \/><\/b><\/div><div><b>EL TIP\u00d3GRAFO<\/b>\u00a0<br \/><a href=\"https:\/\/eltipografo.cl\/2024\/06\/salud-menstrual-cuanto-hemos-avanzado-en-chile\">Salud menstrual: \u00bfCu\u00e1nto hemos avanzado en Chile? Se refiere Mar\u00eda del Carmen Briones Lorca, acad\u00e9mica de Obstetricia y Puericultura.<\/a>\u00a0<br \/><br \/><\/div><div><b>EL AUSTRAL DE LA ARAUCAN\u00cdA<\/b>\u00a0<br \/><a href=\"https:\/\/www.litoralpress.cl\/paginaconsultas\/Servicios_NClipSitio\/Get_Imagen_Nota.aspx?LPKey=AT4A6NAMHJ2LOKQHXRKTHSMGKLUPG3TZ4FDDMBS3HUQXI6TYHI4HW6K2I5NCR4UB3MPA6H5467CUE\">Hoy conmemoran D\u00eda del Buen Trato a la Vejez. Se refiere Iv\u00e1n Palomo, acad\u00e9mico de la Facultad de Ciencias de la Salud.\u00a0<\/a><br \/><br \/><\/div><div><b>TN (ARGENTINA)<\/b>\u00a0<br \/><a href=\"https:\/\/tn.com.ar\/campo\/2024\/06\/02\/con-foco-en-la-innovacion-y-la-sustentabilidad-se-prepara-el-1-congreso-de-siembra-directa-en-buenos-aires\/\">Con foco en la innovaci\u00f3n y la sustentabilidad, se prepara el 1\u00b0 congreso de siembra directa en Buenos Aires. Se menciona la Universidad de Talca. \u00a0<\/a><br \/><br \/><\/div><div><b>EL PAIS (COLOMBIA)\u00a0<br \/><\/b><a href=\"https:\/\/www.elpais.com.co\/salud\/el-fruto-que-posee-vitaminas-a-y-k-que-mejora-la-agudeza-visual-0230.html\">Fruto que posee vitaminas A y K que mejora la agudeza visual. Se menciona la Universidad de Talca\u00a0<\/a><br \/><br \/><\/div>\t\t\t\t\t\t<\/div>\n\t\t\t\t<\/div>\n\t\t\t\t\t<\/div>\n\t\t<\/div>\n\t\t\t\t\t\t\t<\/div>\n\t\t<\/section>\n\t\t\t\t\t\t<\/div>\n\t\t\t\t\t<\/div>\n\t\t","protected":false},"excerpt":{"rendered":"<p>EL MOSTRADOR\u00a0Embajadora de Italia visita el Maule para fortalecer v\u00ednculos con la regi\u00f3n. Se refiere Carlos Torres Fuchslocher, rector.\u00a0\u00a0RADIO LAUTARO\u00a0Embajadora de Italia en el Maule comparti\u00f3 experiencias con investigadores del rubro agr\u00edcola y de energ\u00edas renovables. Se refiere Carlos Torres Fuchslocher, rector.\u00a0 RED VALPARA\u00cdSO \u00a0Embajadora de Italia visita Talca para fortalecer relaciones con el pa\u00eds &hellip;<\/p>\n<p class=\"read-more\"> <a class=\"\" href=\"https:\/\/www.reportedeprensa.utalca.cl\/?p=10026\"> <span class=\"screen-reader-text\">17 de junio de 2024<\/span> Read More &raquo;<\/a><\/p>\n","protected":false},"author":1,"featured_media":0,"comment_status":"closed","ping_status":"open","sticky":false,"template":"","format":"standard","meta":{"_monsterinsights_skip_tracking":false,"_monsterinsights_sitenote_active":false,"_monsterinsights_sitenote_note":"","_monsterinsights_sitenote_category":0},"categories":[49],"tags":[],"_links":{"self":[{"href":"https:\/\/www.reportedeprensa.utalca.cl\/index.php?rest_route=\/wp\/v2\/posts\/10026"}],"collection":[{"href":"https:\/\/www.reportedeprensa.utalca.cl\/index.php?rest_route=\/wp\/v2\/posts"}],"about":[{"href":"https:\/\/www.reportedeprensa.utalca.cl\/index.php?rest_route=\/wp\/v2\/types\/post"}],"author":[{"embeddable":true,"href":"https:\/\/www.reportedeprensa.utalca.cl\/index.php?rest_route=\/wp\/v2\/users\/1"}],"replies":[{"embeddable":true,"href":"https:\/\/www.reportedeprensa.utalca.cl\/index.php?rest_route=%2Fwp%2Fv2%2Fcomments&post=10026"}],"version-history":[{"count":4,"href":"https:\/\/www.reportedeprensa.utalca.cl\/index.php?rest_route=\/wp\/v2\/posts\/10026\/revisions"}],"predecessor-version":[{"id":10031,"href":"https:\/\/www.reportedeprensa.utalca.cl\/index.php?rest_route=\/wp\/v2\/posts\/10026\/revisions\/10031"}],"wp:attachment":[{"href":"https:\/\/www.reportedeprensa.utalca.cl\/index.php?rest_route=%2Fwp%2Fv2%2Fmedia&parent=10026"}],"wp:term":[{"taxonomy":"category","embeddable":true,"href":"https:\/\/www.reportedeprensa.utalca.cl\/index.php?rest_route=%2Fwp%2Fv2%2Fcategories&post=10026"},{"taxonomy":"post_tag","embeddable":true,"href":"https:\/\/www.reportedeprensa.utalca.cl\/index.php?rest_route=%2Fwp%2Fv2%2Ftags&post=10026"}],"curies":[{"name":"wp","href":"https:\/\/api.w.org\/{rel}","templated":true}]}}