{"id":10035,"date":"2024-06-18T10:44:32","date_gmt":"2024-06-18T13:44:32","guid":{"rendered":"https:\/\/www.reportedeprensa.utalca.cl\/?p=10035"},"modified":"2024-06-18T13:09:57","modified_gmt":"2024-06-18T16:09:57","slug":"18-de-junio-de-2024","status":"publish","type":"post","link":"https:\/\/www.reportedeprensa.utalca.cl\/?p=10035","title":{"rendered":"18 de junio de 2024"},"content":{"rendered":"\t\t<div data-elementor-type=\"wp-post\" data-elementor-id=\"10035\" class=\"elementor elementor-10035\" data-elementor-settings=\"[]\">\n\t\t\t\t\t\t\t<div class=\"elementor-section-wrap\">\n\t\t\t\t\t\t\t<section class=\"elementor-section elementor-top-section elementor-element elementor-element-bcea1a8 elementor-section-boxed elementor-section-height-default elementor-section-height-default\" data-id=\"bcea1a8\" data-element_type=\"section\">\n\t\t\t\t\t\t<div class=\"elementor-container elementor-column-gap-default\">\n\t\t\t\t\t<div class=\"elementor-column elementor-col-100 elementor-top-column elementor-element elementor-element-e7183bf\" data-id=\"e7183bf\" data-element_type=\"column\">\n\t\t\t<div class=\"elementor-widget-wrap elementor-element-populated\">\n\t\t\t\t\t\t\t\t<div class=\"elementor-element elementor-element-58d7315 elementor-widget elementor-widget-text-editor\" data-id=\"58d7315\" data-element_type=\"widget\" data-widget_type=\"text-editor.default\">\n\t\t\t\t<div class=\"elementor-widget-container\">\n\t\t\t\t\t\t\t\t<div><div><b>CANAL CNN\u00a0CHILE<\/b><\/div><div><a href=\"https:\/\/www.litoralpress.cl\/sitio\/RadioTV_Detalles.cshtml?LPKey=55UZNWISJWTIU65MMI2WJUVUUKDTPRDETMWAAC2LFDRING3YSK3SJA26GZJTKP5BBMSLPXJPDTDK6\">An\u00e1lisis del Sistema Frontal y Cambio Clim\u00e1tico. Entrevista a Patricio Gonz\u00e1lez Colville, agroclimat\u00f3logo y acad\u00e9mico del Centro de Investigaci\u00f3n y Transferencia en Riego y Agroclimatolog\u00eda (CITRA).\u202f\u202f\u202f\u00a0<\/a><b><br \/><\/b><\/div><div>\u00a0<\/div><div><b>CNN CHILE\u00a0ONLINE<\/b><br \/><a href=\"https:\/\/www.cnnchile.com\/pais\/agroclimatologo-advierte-no-hay-que-temer-al-cambio-climatico-sino-a-la-falta-de-politicas-para-enfrentarlo_20240617\/\">Agroclimat\u00f3logo advierte: \u201cNo hay que temer al cambio clim\u00e1tico, sino a la falta de pol\u00edticas para enfrentarlo\u201d. Se refiere Patricio Gonz\u00e1lez Colville, agroclimat\u00f3logo y acad\u00e9mico del Centro de Investigaci\u00f3n y Transferencia en Riego y Agroclimatolog\u00eda (CITRA).\u202f\u202f<\/a>\u202f\u00a0<\/div><div>\u00a0<\/div><div><b>RADIO SONAR<\/b>\u00a0<br \/><a href=\"https:\/\/www.litoralpress.cl\/sitio\/RadioTV_Detalles.cshtml?LPKey=JG76VQVR6B4US4FZBW24PMR5YOXBSI2WGWQ6HT5JZNWYRQQZ6VFSQ3V3LOGP7XICH3EQIGQDKWCCM\">Impacto del sistema frontal. Entrevista a Patricio Gonz\u00e1lez Colville, agroclimat\u00f3logo y acad\u00e9mico del Centro de Investigaci\u00f3n y Transferencia en Riego y Agroclimatolog\u00eda (CITRA).\u202f\u202f\u202f\u00a0<\/a><br \/><br \/><\/div><div><b>RADIO AMIGA \u00a0<\/b><br \/><a href=\"https:\/\/www.litoralpress.cl\/sitio\/RadioTV_Detalles.cshtml?LPKey=OP3M4WMHF56WEGGLGWWF6RPCU7EWBA2YX2GULZRM2A5R2VN6IFIATSECYF7O7A4C5Q3MRC4QKM4QW\">Un nuevo evento de lluvias lleg\u00f3 a la Regi\u00f3n del Maule durante esta jornada. Se refiere Patricio Gonz\u00e1lez Colville, agroclimat\u00f3logo y acad\u00e9mico del Centro de Investigaci\u00f3n y Transferencia en Riego y Agroclimatolog\u00eda (CITRA).\u202f\u202f\u202f\u00a0<\/a><br \/><br \/><\/div><div><b>RADIO AMIGA\u00a0<\/b><br \/><a href=\"https:\/\/www.litoralpress.cl\/sitio\/RadioTV_Detalles.cshtml?LPKey=KS5K33RR4SIBZWVXYSBE5N6I6626B4ULTX65IX6C7WFT6C6DPXUOV6PKQTD5ZOO7L3UX3SWQASNIW\">Especialista analiza los posibles efectos del nuevo sistema frontal en El Maule. Se refiere Patricio Gonz\u00e1lez Colville, agroclimat\u00f3logo y acad\u00e9mico del Centro de Investigaci\u00f3n y Transferencia en Riego y Agroclimatolog\u00eda (CITRA).\u202f\u202f\u202f\u00a0<\/a><br \/><br \/><\/div><div><b>GREEN NETWORK\u00a0<\/b><br \/><a href=\"https:\/\/www.litoralpress.cl\/sitio\/RadioTV_Detalles.cshtml?LPKey=4TULD2G55ETBP7UHHH2BB6ZF6JM7247X5XUPRRO63A66JVMMHE7A5CMRWPF2JJQWF2P3A2ZMUYPWO\">Sistema frontal y su impacto en la agricultura. Entrevista a Patricio Gonz\u00e1lez Colville, agroclimat\u00f3logo y acad\u00e9mico del Centro de Investigaci\u00f3n y Transferencia en Riego y Agroclimatolog\u00eda (CITRA).\u202f\u202f\u202f<\/a>\u00a0<br \/><br \/><\/div><div><b>CANAL 30 MULTICOM\u00a0<\/b><br \/><a href=\"https:\/\/www.litoralpress.cl\/sitio\/RadioTV_Detalles.cshtml?LPKey=I4TEBMUYQCP4HXUJRT5X653EB5RTBXX52WSQAL2GC4LJIX2N65WOCVCJKRJVFZEGU3SEYVE4FUORE\">Balance de las lluvias en el Maule. Se refiere atricio Gonz\u00e1lez Colville, agroclimat\u00f3logo y acad\u00e9mico del Centro de Investigaci\u00f3n y Transferencia en Riego y Agroclimatolog\u00eda (CITRA).\u202f\u202f\u202f\u00a0<\/a><\/div><br \/><div><b>DIARIO LA MA\u00d1ANA<\/b>\u00a0<br \/><a href=\"https:\/\/xn--diariolamaana-rkb.cl\/2024\/06\/17\/realizan-conversatorio-sobre-influencers-y-redes-sociales-en-el-dia-mundial-contra-el-trabajo-infantil\/\">Realizan conversatorio sobre influencers y redes sociales en el D\u00eda Mundial contra el Trabajo Infantil. Se refiere Rodrigo Palomo, vicerrector acad\u00e9mico.\u00a0<\/a><br \/><br \/><\/div><div><b>AM NOTICIAS\u00a0<br \/><\/b><a href=\"https:\/\/amnoticias.cl\/creti-maule-realiza-conversatorio-sobre-influencers-y-redes-sociales-en-el-dia-mundial-contra-el-trabajo-infantil\/\">CRETI Maule realiza conversatorio sobre influencers y redes sociales en el D\u00eda Mundial contra el Trabajo Infantil. Se refiere Rodrigo Palomo, vicerrector acad\u00e9mico.\u00a0<\/a><b><br \/><\/b><\/div><div>\u00a0<\/div><div><b>EL DIARIO MAULE<\/b>\u00a0<br \/><a href=\"https:\/\/eldiariodemaule.cl\/estrenan-plataforma-que-apoya-la-salud-mental-en-las-universidades-del-estado\/\">Estrenan plataforma que apoya la salud mental en las universidades del Estado. Se refiere Paula Caballero, vicerrectora de Desarrollo Estudiantil y Daniel Jim\u00e9nez, director de Salud del Estudiante.\u202f\u00a0<\/a><br \/><br \/><\/div><div><b>PORTALEDUCA\u00a0<br \/><\/b><a href=\"https:\/\/portaleduca.cl\/estrenan-plataforma-que-apoya-la-salud-mental-en-las-universidades-del-estado\/\">Estrenan plataforma que apoya la salud mental en las universidades del Estado. Se refiere Paula Caballero, vicerrectora de Desarrollo Estudiantil y Daniel Jim\u00e9nez, director de Salud del Estudiante.\u202f\u00a0<\/a><b><br \/><\/b><\/div><div>\u00a0<\/div><div><b>P\u00c1GINA V<\/b>\u00a0<br \/><a href=\"https:\/\/paginav.cl\/2024\/06\/17\/aqui-contigo-nueva-plataforma-ofrece-herramientas-para-el-cuidado-de-la-salud-mental-al-alcance-de-un-clic\/\">Aqu\u00ed Contigo: Nueva plataforma ofrece herramientas para el cuidado de la salud mental al alcance de un \u201cclic\u201d. Se refiere Paula Caballero, vicerrectora de Desarrollo Estudiantil y Daniel Jim\u00e9nez, director de Salud del Estudiante.\u202f\u00a0<\/a><br \/><br \/><\/div><div><b>CIENCIA Y SALUD\u00a0<br \/><\/b><a href=\"https:\/\/cienciaysalud.cl\/2024\/06\/17\/nueva-plataforma-ofrece-ayuda-para-el-cuidado-de-la-salud-mental-de-universitarios\/\">Nueva plataforma ofrece ayuda para el cuidado de la salud mental de universitarios Se refiere Paula Caballero, vicerrectora de Desarrollo Estudiantil .\u00a0<\/a><br \/><br \/><\/div><div><b>EL CACHAPOAL<\/b>\u00a0<br \/><a href=\"https:\/\/elcachapoal.cl\/2024\/06\/17\/estrenan-plataforma-que-apoya-la-salud-mental-en-las-universidades-del-estado\/\">Estrenan plataforma que apoya la salud mental en las universidades del Estado. Se refiere Paula Caballero, vicerrectora de Desarrollo Estudiantil y Daniel Jim\u00e9nez, director de Salud del Estudiante.\u202f\u00a0<\/a><\/div><div>\u00a0<\/div><div><b>RADIO BIOBIO\u00a0<br \/><\/b><a href=\"https:\/\/www.litoralpress.cl\/sitio\/RadioTV_Detalles.cshtml?LPKey=SQRKEOOXNRI3BGOAAX7FEFQR3MDPSFB3FECQ6NA3P4EPH6XXSNHC2JXG3AS7OJLVMNTURAKYUQKYU\">Estafas por tel\u00e9fonos y redes sociales \u00bfEn qu\u00e9 debemos estar atentos? Entrevista a H\u00e9ctor Mu\u00f1oz, jefe de Seguridad Digital. \u00a0<\/a><\/div><div>\u00a0<\/div><div><b>RADIO AGRICULTURA\u00a0<br \/><\/b><a href=\"https:\/\/www.litoralpress.cl\/sitio\/RadioTV_Detalles.cshtml?LPKey=JVMZJJC5N22RVILRRMXMGFVBE7BLUHKDIEQLXXETPGCXKDVS2LRXCGMKFYQOE52NP2E5TSCLKWKJ6\">Combustible se mezcl\u00f3 con agua y afect\u00f3 a m\u00e1s de 20 autos. Entrevista a Johan Gonz\u00e1lez, acad\u00e9mico de la Facultad de Ingenier\u00eda.\u00a0<\/a><b><br \/><\/b><b>\u00a0<\/b><b><\/b><\/div><div><b>TIERRA AMARILLANO<\/b>\u00a0<br \/><a href=\"https:\/\/tierramarillano.cl\/2024\/06\/17\/especialistas-creen-que-calificacion-energetica-aportaria-para-hacer-frente-a-la-crisis-de-la-construccion\/\">Especialistas creen que calificaci\u00f3n energ\u00e9tica aportar\u00eda para hacer frente a la crisis de la construcci\u00f3n. Se refiere Mar\u00eda Luisa del Campo Hitschfeld, directora del Centro Tecnol\u00f3gico Kipus de la Universidad de Talca.\u202f\u00a0<\/a><br \/><br \/><\/div><div><b>DIARIO VI REGI\u00d3N\u00a0<br \/><\/b><a href=\"https:\/\/www.litoralpress.cl\/paginaconsultas\/Servicios_NClipSitio\/Get_Imagen_Nota.aspx?LPKey=ABZG4K3LIFEJEBWST5MUO6VM5ZAG3HQYAUP6KDVQDZB66KFAH4GA3QQ2XD2A6PMB4QXPL2K4KENTW\">Especialistas creen que calificaci\u00f3n energ\u00e9tica aportar\u00eda para hacer frente a la crisis de la construcci\u00f3n. Se refiere Mar\u00eda Luisa del Campo Hitschfeld, directora del Centro Tecnol\u00f3gico Kipus de la Universidad de Talca.\u202f\u00a0<\/a><\/div><div>\u00a0<\/div><div><b>EL MOSTRADOR\u00a0<\/b><br \/><a href=\"https:\/\/www.elmostrador.cl\/agenda-pais\/vida-en-linea\/2024\/06\/17\/como-afecta-el-clima-a-nuestra-salud-mental\/\">\u00bfC\u00f3mo afecta el clima a nuestra salud mental? Se refiere Nadia Ramos Alvarado, directora del Centro de Psicolog\u00eda Aplicada (CEPA)\u00a0<\/a><b><br \/><\/b><\/div><div>\u00a0<\/div><div><b>S\u00c9PTIMA P\u00c1GINA NOTICIAS\u00a0<\/b><br \/><a href=\"https:\/\/www.septimapaginanoticias.cl\/como-afecta-el-clima-a-nuestra-salud-mental\">\u00bfC\u00f3mo afecta el clima a nuestra salud mental? Se refiere Nadia Ramos Alvarado, directora del Centro de Psicolog\u00eda Aplicada (CEPA).<\/a>\u00a0<br \/><br \/><\/div><div><b>AD PRENSA \u00a0<\/b><br \/><a href=\"https:\/\/www.adprensa.cl\/cronica\/como-afecta-el-clima-a-nuestra-salud-mental\/\">\u00bfC\u00f3mo afecta el clima a nuestra salud mental? Se refiere Nadia Ramos Alvarado, directora del Centro de Psicolog\u00eda Aplicada (CEPA).<\/a>\u00a0<br \/><br \/><\/div><div><b>TV5\u00a0ONLINE<\/b><br \/><a href=\"https:\/\/www.tv5.cl\/categoria\/salud\/impacto-clima-salud-mental\">Impacto del Clima en la Salud Mental. Se refiere Nadia Ramos Alvarado, directora del Centro de Psicolog\u00eda Aplicada (CEPA).\u00a0<\/a><br \/><br \/><\/div><div><b>MEDIABANCO\u00a0<\/b><br \/><a href=\"https:\/\/www.mediabanco.com\/como-afecta-el-clima-a-nuestra-salud-mental\/\">\u00bfC\u00f3mo afecta el clima a nuestra salud mental? Se refiere Nadia Ramos Alvarado, directora del Centro de Psicolog\u00eda Aplicada (CEPA)\u00a0<\/a><br \/><br \/><\/div><div><b>LA RAZ\u00d3N\u00a0<\/b><br \/><a href=\"https:\/\/www.larazon.cl\/2024\/06\/17\/como-afecta-el-clima-a-nuestra-salud-mental\/\">\u00bfC\u00f3mo afecta el clima a nuestra salud mental? Se refiere Nadia Ramos Alvarado, directora del Centro de Psicolog\u00eda Aplicada (CEPA)\u00a0<\/a><br \/><br \/><\/div><div><b>DIARIO EN RED\u00a0<\/b><br \/><a href=\"https:\/\/diariosenred.com\/nacional\/como-afecta-el-clima-a-nuestra-salud-mental\">\u00bfC\u00f3mo afecta el clima a nuestra salud mental? Se refiere Nadia Ramos Alvarado, directora del Centro de Psicolog\u00eda Aplicada (CEPA)\u00a0<\/a><br \/><br \/><\/div><div><b>RED O\u2019HIGGINS\u00a0<\/b><br \/><a href=\"https:\/\/redohiggins.com\/nacional\/como-afecta-el-clima-a-nuestra-salud-mental\">\u00bfC\u00f3mo afecta el clima a nuestra salud mental? Se refiere Nadia Ramos Alvarado, directora del Centro de Psicolog\u00eda Aplicada (CEPA)\u00a0<\/a><br \/><br \/><\/div><div><b>RED MAULE\u00a0<\/b><br \/><a href=\"https:\/\/redmaule.com\/nacional\/como-afecta-el-clima-a-nuestra-salud-mental\">\u00bfC\u00f3mo afecta el clima a nuestra salud mental? Se refiere Nadia Ramos Alvarado, directora del Centro de Psicolog\u00eda Aplicada (CEPA)<\/a><br \/><br \/><\/div><div><b>RED TARAPAC\u00c1\u00a0<\/b><br \/><a href=\"https:\/\/redtarapaca.com\/nacional\/como-afecta-el-clima-a-nuestra-salud-mental\">\u00bfC\u00f3mo afecta el clima a nuestra salud mental? Se refiere Nadia Ramos Alvarado, directora del Centro de Psicolog\u00eda Aplicada (CEPA)\u00a0<\/a><br \/><br \/><\/div><div><b>RED ARICA\u00a0<\/b><br \/><a href=\"https:\/\/redarica.com\/nacional\/como-afecta-el-clima-a-nuestra-salud-mental\">\u00bfC\u00f3mo afecta el clima a nuestra salud mental? Se refiere Nadia Ramos Alvarado, directora del Centro de Psicolog\u00eda Aplicada (CEPA)\u00a0<\/a><br \/><br \/><\/div><div><b>P\u00c1GINA V\u00a0<\/b><br \/><a href=\"https:\/\/paginav.cl\/2024\/06\/17\/como-afecta-el-clima-a-nuestra-salud-mental\/\">\u00bfC\u00f3mo afecta el clima a nuestra salud mental? Se refiere Nadia Ramos Alvarado, directora del Centro de Psicolog\u00eda Aplicada (CEPA)\u00a0<\/a><br \/><br \/><\/div><div><div><b>EL MAULE INFORMA\u00a0<\/b><br \/><a href=\"https:\/\/elmauleinforma.cl\/como-afecta-el-clima-a-nuestra-salud-mental\/\">\u00bfC\u00f3mo afecta el clima a nuestra salud mental? Se refiere Nadia Ramos Alvarado, directora del Centro de Psicolog\u00eda Aplicada (CEPA)\u00a0<\/a><\/div><div>\u00a0<\/div><\/div><div><b>HORA DE NOTICIAS\u00a0<\/b><br \/><a href=\"https:\/\/horadenoticias.cl\/salud\/trastorno-afectivo-estacional-y-ecoansiedad-desafios-emocionales-en-invierno\">Trastorno Afectivo Estacional y Ecoansiedad: Desaf\u00edos emocionales en invierno. Se refiere Nadia Ramos Alvarado, directora del Centro de Psicolog\u00eda Aplicada (CEPA)\u00a0<\/a><br \/><br \/><\/div><div><b>EXPLORA SUR PONIENTE<\/b>\u00a0<br \/><a href=\"https:\/\/www.explora.cl\/maule\/subsecretaria-de-ciencia-y-tecnologia-destaco-logros-del-proyecto-explora-maule\/\">Subsecretaria de Ciencia y Tecnolog\u00eda destac\u00f3 logros del proyecto Explora Maule. Se refiere C\u00e9sar Retamal, jefe de la Unidad de Divulgaci\u00f3n y de Explora Maule\u00a0<\/a><br \/><br \/><\/div><div><b>TV5<\/b>\u00a0<br \/><a href=\"https:\/\/www.tv5.cl\/categoria\/local\/subsecretaria-ciencia-tecnologia-destaca-proyecto-explora-maule\">Subsecretar\u00eda de Ciencia y Tecnolog\u00eda destaca trabajo del proyecto Explora Maule. Se refiere C\u00e9sar Retamal, jefe de la Unidad de Divulgaci\u00f3n y de Explora Maule\u00a0<\/a><br \/><br \/><\/div><div><b>EL HERALDO\u00a0<br \/><\/b><a href=\"https:\/\/www.diarioelheraldo.cl\/noticia\/subsecretaria-de-ciencia-y-tecnologia-destaca-trabajo-de-proyecto-explora-maule-\">Subsecretar\u00eda de Ciencia y Tecnolog\u00eda destaca trabajo de proyecto Explora Maule. Se refiere C\u00e9sar Retamal, jefe de la Unidad de Divulgaci\u00f3n y de Explora Maule\u00a0<\/a><b><br \/><\/b><\/div><div><b>PUBLIMICRO<\/b>\u00a0<br \/><a href=\"https:\/\/publimicro.cl\/subsecretaria-de-ciencia-y-tecnologia-destaca-trabajo-de-proyecto-explora-maule\/\">Subsecretar\u00eda de Ciencia y Tecnolog\u00eda destaca trabajo de proyecto Explora Maule. Se menciona la Universidad de Talca.\u00a0<\/a><\/div><div>\u00a0<\/div><div><b>MEGANOTICIAS<\/b>\u00a0<br \/><a href=\"https:\/\/www.meganoticias.cl\/nacional\/450327-mauricio-morales-matthei-versus-bachelet-kast-carter-pelea-derecha-elecciones-presidenciales-fds01-16-06-2024.html\">Columna de Mauricio Morales: &#8220;Matthei versus Bachelet, un cl\u00e1sico&#8221;. Se refiere Mauricio Morales Quiroga, director del Centro de An\u00e1lisis Pol\u00edtico (CAP)\u00a0<\/a><br \/><br \/><\/div><div><b>TXS BUSINESS REVIEW\u00a0<br \/><\/b><a href=\"https:\/\/www.litoralpress.cl\/paginaconsultas\/Servicios_NClipSitio\/Get_Imagen_Nota.aspx?LPKey=ZK7LKLXTJ5LJIHDBB52ASMFBTBTITKKXGKLQS6BA6NTXYYQ4WTSGXJ4FKLOGTR4DSA3ICEJTQAVAE\">\u201cChile puede ser un laboratorio vivo de innovaci\u00f3n para los desaf\u00edos del cambio clim\u00e1tico\u201d Se menciona la Universidad de Talca.\u00a0<\/a><b><br \/><\/b><\/div><div>\u00a0<\/div><div><b>TRIBUNAL CONSTITUCIONAL<\/b>\u00a0<br \/><a href=\"https:\/\/www2.tribunalconstitucional.cl\/2024\/06\/17\/el-catedratico-de-la-universidad-de-valencia-roberto-viciano-realizo-un-saludo-protocolar-a-la-presidenta-de-esta-magistratura\/\">El catedr\u00e1tico de la Universidad de Valencia Roberto Viciano realiz\u00f3 un saludo protocolar a la presidenta de esta magistratura. Se menciona la Universidad de Talca.\u00a0<\/a><\/div><div>\u00a0<\/div><div><b>EL TIP\u00d3GRAFO<\/b>\u00a0<br \/><a href=\"https:\/\/eltipografo.cl\/2024\/06\/salud-menstrual-cuanto-hemos-avanzado-en-chile\">Salud menstrual: \u00bfCu\u00e1nto hemos avanzado en Chile? Se refiere Mar\u00eda del Carmen Briones Lorca, acad\u00e9mica de Obstetricia y Puericultura.<\/a>\u00a0<br \/><b><\/b><\/div><div>\u00a0<\/div><div><b>EL PAIS (COLOMBIA)\u00a0<br \/><\/b><a href=\"https:\/\/www.elpais.com.co\/salud\/el-fruto-que-posee-vitaminas-a-y-k-que-mejora-la-agudeza-visual-0230.html\">Fruto que posee vitaminas A y K que mejora la agudeza visual. Se menciona la Universidad de Talca\u00a0<\/a><b><br \/><\/b><\/div><div>\u00a0<\/div><div class=\"x_elementToProof\" aria-hidden=\"true\">\u00a0<\/div><\/div><div>\u00a0<\/div><div><p>\u00a0<\/p><\/div>\t\t\t\t\t\t<\/div>\n\t\t\t\t<\/div>\n\t\t\t\t\t<\/div>\n\t\t<\/div>\n\t\t\t\t\t\t\t<\/div>\n\t\t<\/section>\n\t\t\t\t\t\t<\/div>\n\t\t\t\t\t<\/div>\n\t\t","protected":false},"excerpt":{"rendered":"<p>CANAL CNN\u00a0CHILEAn\u00e1lisis del Sistema Frontal y Cambio Clim\u00e1tico. Entrevista a Patricio Gonz\u00e1lez Colville, agroclimat\u00f3logo y acad\u00e9mico del Centro de Investigaci\u00f3n y Transferencia en Riego y Agroclimatolog\u00eda (CITRA).\u202f\u202f\u202f\u00a0\u00a0CNN CHILE\u00a0ONLINEAgroclimat\u00f3logo advierte: \u201cNo hay que temer al cambio clim\u00e1tico, sino a la falta de pol\u00edticas para enfrentarlo\u201d. Se refiere Patricio Gonz\u00e1lez Colville, agroclimat\u00f3logo y acad\u00e9mico del Centro de &hellip;<\/p>\n<p class=\"read-more\"> <a class=\"\" href=\"https:\/\/www.reportedeprensa.utalca.cl\/?p=10035\"> <span class=\"screen-reader-text\">18 de junio de 2024<\/span> Read More &raquo;<\/a><\/p>\n","protected":false},"author":1,"featured_media":0,"comment_status":"closed","ping_status":"open","sticky":false,"template":"","format":"standard","meta":{"_monsterinsights_skip_tracking":false,"_monsterinsights_sitenote_active":false,"_monsterinsights_sitenote_note":"","_monsterinsights_sitenote_category":0},"categories":[49],"tags":[],"_links":{"self":[{"href":"https:\/\/www.reportedeprensa.utalca.cl\/index.php?rest_route=\/wp\/v2\/posts\/10035"}],"collection":[{"href":"https:\/\/www.reportedeprensa.utalca.cl\/index.php?rest_route=\/wp\/v2\/posts"}],"about":[{"href":"https:\/\/www.reportedeprensa.utalca.cl\/index.php?rest_route=\/wp\/v2\/types\/post"}],"author":[{"embeddable":true,"href":"https:\/\/www.reportedeprensa.utalca.cl\/index.php?rest_route=\/wp\/v2\/users\/1"}],"replies":[{"embeddable":true,"href":"https:\/\/www.reportedeprensa.utalca.cl\/index.php?rest_route=%2Fwp%2Fv2%2Fcomments&post=10035"}],"version-history":[{"count":4,"href":"https:\/\/www.reportedeprensa.utalca.cl\/index.php?rest_route=\/wp\/v2\/posts\/10035\/revisions"}],"predecessor-version":[{"id":10040,"href":"https:\/\/www.reportedeprensa.utalca.cl\/index.php?rest_route=\/wp\/v2\/posts\/10035\/revisions\/10040"}],"wp:attachment":[{"href":"https:\/\/www.reportedeprensa.utalca.cl\/index.php?rest_route=%2Fwp%2Fv2%2Fmedia&parent=10035"}],"wp:term":[{"taxonomy":"category","embeddable":true,"href":"https:\/\/www.reportedeprensa.utalca.cl\/index.php?rest_route=%2Fwp%2Fv2%2Fcategories&post=10035"},{"taxonomy":"post_tag","embeddable":true,"href":"https:\/\/www.reportedeprensa.utalca.cl\/index.php?rest_route=%2Fwp%2Fv2%2Ftags&post=10035"}],"curies":[{"name":"wp","href":"https:\/\/api.w.org\/{rel}","templated":true}]}}