{"id":10044,"date":"2024-06-19T10:44:08","date_gmt":"2024-06-19T13:44:08","guid":{"rendered":"https:\/\/www.reportedeprensa.utalca.cl\/?p=10044"},"modified":"2024-06-19T13:57:48","modified_gmt":"2024-06-19T16:57:48","slug":"19-de-junio-de-2024","status":"publish","type":"post","link":"https:\/\/www.reportedeprensa.utalca.cl\/?p=10044","title":{"rendered":"19 de junio de 2024"},"content":{"rendered":"\t\t<div data-elementor-type=\"wp-post\" data-elementor-id=\"10044\" class=\"elementor elementor-10044\" data-elementor-settings=\"[]\">\n\t\t\t\t\t\t\t<div class=\"elementor-section-wrap\">\n\t\t\t\t\t\t\t<section class=\"elementor-section elementor-top-section elementor-element elementor-element-bcea1a8 elementor-section-boxed elementor-section-height-default elementor-section-height-default\" data-id=\"bcea1a8\" data-element_type=\"section\">\n\t\t\t\t\t\t<div class=\"elementor-container elementor-column-gap-default\">\n\t\t\t\t\t<div class=\"elementor-column elementor-col-100 elementor-top-column elementor-element elementor-element-e7183bf\" data-id=\"e7183bf\" data-element_type=\"column\">\n\t\t\t<div class=\"elementor-widget-wrap elementor-element-populated\">\n\t\t\t\t\t\t\t\t<div class=\"elementor-element elementor-element-58d7315 elementor-widget elementor-widget-text-editor\" data-id=\"58d7315\" data-element_type=\"widget\" data-widget_type=\"text-editor.default\">\n\t\t\t\t<div class=\"elementor-widget-container\">\n\t\t\t\t\t\t\t\t<div>\u00a0<\/div><div><div><b>CANAL 30 MULTICOM<\/b>\u00a0<br \/><a href=\"https:\/\/www.litoralpress.cl\/sitio\/RadioTV_Detalles.cshtml?LPKey=DKGKGWPL7KNWDYJIWOZZLKDOQ6IZPN2IR3EAXWRZSOZA7BN7L4TPPC3MUXLTBYUXMKJHRSMOEZBEK\">Embajadora de Italia visita el Maule. Carlos Torres Fuchslocher, Rector.\u00a0<\/a><br \/><br \/><\/div><div><b>LA TRIBUNA<\/b>\u00a0<br \/><a href=\"https:\/\/www.litoralpress.cl\/paginaconsultas\/Servicios_NClipSitio\/Get_Imagen_Nota.aspx?LPKey=2FNZSJJ7AHBWIMDYMNKJSEX67KVPADYDKX63Z4LNS3C3BWHIUJHYVI6XFCXOQJQWEALSPFTRZBZ2M\">Cartas a la directora. Se refiere\u202fKarin\u202fSaavedra\u202fRedlich, directora\u202fgeneral de Vinculaci\u00f3n con el Medio.\u202f\u202f\u00a0<\/a><br \/><br \/><\/div><div><b>PORTAL INNOVA<\/b>\u00a0<br \/><a href=\"https:\/\/portalinnova.cl\/especialistas-creen-que-calificacion-energetica-aportaria-para-hacer-frente-a-la-crisis-de-la-construccion\/\">Especialistas creen que calificaci\u00f3n energ\u00e9tica aportar\u00eda para hacer frente a la crisis de la construcci\u00f3n. Se refiere Mar\u00eda Luisa del Campo Hitschfeld, directora del Centro Tecnol\u00f3gico Kipus de la Universidad de Talca.\u202f\u00a0<\/a><br \/><br \/><\/div><div><b>TVN.CL<\/b>\u00a0<br \/><a href=\"https:\/\/www.tvn.cl\/noticias\/tendencias\/8-alimentos-fortalecen-sistema-inmune-invierno\">Ocho alimentos que fortalecen el sistema inmune en invierno Se refiere Carla G\u00f3mez Saavedra, acad\u00e9mica de la Escuela de Nutrici\u00f3n y Diet\u00e9tica.\u00a0<\/a><br \/><br \/><\/div><div><b>P\u00c1GINA V<\/b>\u00a0<br \/><a href=\"https:\/\/paginav.cl\/2024\/06\/18\/8-alimentos-que-fortalecen-el-sistema-inmune-en-invierno\/\">Ocho alimentos que fortalecen el sistema inmune en invierno Se refiere Carla G\u00f3mez Saavedra, acad\u00e9mica de la Escuela de Nutrici\u00f3n y Diet\u00e9tica.\u00a0<\/a><br \/><br \/><\/div><div><b>MEDIABANCO<\/b>\u00a0<br \/><a href=\"https:\/\/www.mediabanco.com\/8-alimentos-que-fortalecen-el-sistema-inmune-en-invierno\/\">Ocho alimentos que fortalecen el sistema inmune en invierno Se refiere Carla G\u00f3mez Saavedra, acad\u00e9mica de la Escuela de Nutrici\u00f3n y Diet\u00e9tica.\u00a0<\/a><br \/><br \/><\/div><div><b>AD PRENSA <\/b>\u00a0<br \/><a href=\"https:\/\/www.adprensa.cl\/cronica\/ocho-alimentos-que-fortalecen-el-sistema-inmune-en-invierno\/\">Ocho alimentos que fortalecen el sistema inmune en invierno Se refiere Carla G\u00f3mez Saavedra, acad\u00e9mica de la Escuela de Nutrici\u00f3n y Diet\u00e9tica.\u00a0<\/a><br \/><br \/><\/div><div><b>DIARIO EL HERALDO<\/b>\u00a0<br \/><a href=\"https:\/\/www.diarioelheraldo.cl\/noticia\/8-alimentos-que-fortalecen-el-sistema-inmune-en-invierno-\">Ocho alimentos que fortalecen el sistema inmune en invierno. Se refiere Carla G\u00f3mez Saavedra, acad\u00e9mica de la Escuela de Nutrici\u00f3n y Diet\u00e9tica.\u00a0<\/a><br \/><br \/><\/div><div><b>CIENCIA Y SALUD<\/b>\u00a0<br \/><a href=\"https:\/\/cienciaysalud.cl\/2024\/06\/18\/alimentos-que-fortalecen-el-sistema-inmune-en-invierno\/\">Ciencia y Salud Alimentos que fortalecen el sistema inmune en invierno. Se refiere Carla G\u00f3mez Saavedra, acad\u00e9mica de la Escuela de Nutrici\u00f3n y Diet\u00e9tica.\u00a0<\/a><br \/><br \/><\/div><div><b>RADIO LAUTARO<\/b>\u00a0<br \/><a href=\"https:\/\/radiolautarotalca.cl\/conoce-los-ocho-alimentos-que-fortalecen-el-sistema-inmune-y-permite-enfrentar-de-mejor-forma-los-virus-respiratorios\/\">Conoce los ocho alimentos que fortalecen el sistema inmune y permite enfrentar de mejor forma los virus respiratorios. Se refiere Carla G\u00f3mez Saavedra, acad\u00e9mica de la Escuela de Nutrici\u00f3n y Diet\u00e9tica.\u00a0<\/a><br \/><br \/><\/div><div><b>MAULE NEWS<\/b>\u00a0<br \/><a href=\"https:\/\/www.maulenews.com\/2024\/06\/como-afecta-el-clima-nuestra-salud.html\">\u00bfC\u00f3mo afecta el clima a nuestra salud mental? Se refiere Nadia Ramos, directora del Centro de Psicolog\u00eda Aplicada (CEPA).\u00a0<\/a><br \/><br \/><\/div><div><b>HORA DE NOTICIAS<\/b>\u00a0<br \/><a href=\"https:\/\/horadenoticias.cl\/salud\/trastorno-afectivo-estacional-y-ecoansiedad-desafios-emocionales-en-invierno\">Trastorno Afectivo Estacional y Ecoansiedad: Desaf\u00edos emocionales en invierno. Se refiere Nadia Ramos, directora del Centro de Psicolog\u00eda Aplicada (CEPA).\u00a0<\/a><br \/><br \/><\/div><div><b>EL TIP\u00d3GRAFO<\/b>\u00a0<br \/><a href=\"https:\/\/www.litoralpress.cl\/paginaconsultas\/Servicios_NClipSitio\/Get_Imagen_Nota.aspx?LPKey=6H4OPFNER24GCDV7M7QMMLVMRRSFGIUOKM46UXMCVY7U45CZNM7JTEU6AVEVSMIBK5X2KPJ3JLOCS\">Seguir\u00e1 lloviendo toda esta semana. Se refiere Patricio Gonz\u00e1lez Colville, agroclimat\u00f3logo y acad\u00e9mico del Centro de Investigaci\u00f3n y Transferencia en Riego y Agroclimatolog\u00eda (CITRA).\u202f\u00a0<\/a><br \/><br \/><\/div><div><b>CR\u00d3NICA DE CHILL\u00c1N<\/b>\u00a0<br \/><a href=\"https:\/\/www.litoralpress.cl\/sitio\/RadioTV_Detalles.cshtml?LPKey=OP3M4WMHF56WEGGLGWWF6RPCU7EWBA2YX2GULZRM2A5R2VN6IFIATSECYF7O7A4C5Q3MRC4QKM4QW\">Sistema frontal traer\u00e1 \u00faltimas lluvias para dar paso a fen\u00f3meno de La Ni\u00f1a. Se refiere Patricio Gonz\u00e1lez Colville, agroclimat\u00f3logo y acad\u00e9mico del Centro de Investigaci\u00f3n y Transferencia en Riego y Agroclimatolog\u00eda (CITRA).\u202f\u00a0<\/a><br \/><br \/><\/div><div><b>RADIO AMIGA<\/b>\u00a0<br \/><a href=\"https:\/\/www.litoralpress.cl\/sitio\/RadioTV_Detalles.cshtml?LPKey=OP3M4WMHF56WEGGLGWWF6RPCU7EWBA2YX2GULZRM2A5R2VN6IFIATSECYF7O7A4C5Q3MRC4QKM4QW\">Un nuevo evento de lluvias lleg\u00f3 a la Regi\u00f3n del Maule durante esta jornada. Se refiere Patricio Gonz\u00e1lez Colville, agroclimat\u00f3logo y acad\u00e9mico del Centro de Investigaci\u00f3n y Transferencia en Riego y Agroclimatolog\u00eda (CITRA).\u202f\u00a0<\/a><br \/><br \/><\/div><div><b>RADIO AMIGA<\/b>\u00a0<br \/><a href=\"https:\/\/www.litoralpress.cl\/sitio\/RadioTV_Detalles.cshtml?LPKey=4TULD2G55ETBP7UHHH2BB6ZF6JM7247X5XUPRRO63A66JVMMHE7A5CMRWPF2JJQWF2P3A2ZMUYPWO\">Especialista analiza los posibles efectos del nuevo sistema frontal en El Maule. Se refiere Patricio Gonz\u00e1lez Colville, agroclimat\u00f3logo y acad\u00e9mico del Centro de Investigaci\u00f3n y Transferencia en Riego y Agroclimatolog\u00eda (CITRA).\u202f\u00a0<\/a><br \/><br \/><\/div><div><b>GREEN NETWORK<\/b>\u00a0<br \/><a href=\"https:\/\/www.litoralpress.cl\/sitio\/RadioTV_Detalles.cshtml?LPKey=4TULD2G55ETBP7UHHH2BB6ZF6JM7247X5XUPRRO63A66JVMMHE7A5CMRWPF2JJQWF2P3A2ZMUYPWO\">Entrevista a Patricio Gonz\u00e1lez Colville, Agroclim\u00e1tologo y acad\u00e9mico del Centro de Investigaci\u00f3n y Transferencia en Riego y Agroclimatolog\u00eda (CITRA).\u202f\u00a0<\/a><br \/><br \/><\/div><div><b>CANAL 30 MULTICOM<\/b>\u00a0<br \/><a href=\"https:\/\/www.litoralpress.cl\/sitio\/RadioTV_Detalles.cshtml?LPKey=DKGKGWPL7KNWDYJIWOZZLKDOQ6IZPN2IR3EAXWRZSOZA7BN7L4TPPC3MUXLTBYUXMKJHRSMOEZBEK\">Balance de las lluvias en el Maule. Se refiere Patricio Gonz\u00e1lez Colville, agroclimat\u00f3logo y acad\u00e9mico del Centro de Investigaci\u00f3n y Transferencia en Riego y Agroclimatolog\u00eda (CITRA).\u202f\u00a0<\/a><br \/><br \/><\/div><div><b>CNN CHILE<\/b>\u00a0<br \/><a href=\"https:\/\/www.cnnchile.com\/pais\/agroclimatologo-advierte-no-hay-que-temer-al-cambio-climatico-sino-a-la-falta-de-politicas-para-enfrentarlo_20240617\/\">Agroclimat\u00f3logo advierte: \u201cNo hay que temer al cambio clim\u00e1tico, sino a la falta de pol\u00edticas para enfrentarlo\u201d. Se refiere Patricio Gonz\u00e1lez Colville, agroclimat\u00f3logo y acad\u00e9mico del Centro de Investigaci\u00f3n y Transferencia en Riego y Agroclimatolog\u00eda (CITRA).\u202f\u00a0<\/a><br \/><br \/><\/div><div><b>CANAL CNN<\/b>\u00a0<br \/><a href=\"https:\/\/www.litoralpress.cl\/sitio\/RadioTV_Detalles.cshtml?LPKey=46KFRKIOHAHNXFFQUARK3ILUSMV5YJMFS6DGEPX4YESKIMWLV7ZH2RXGLJMUM3NLOCLWPATXO6GTI\">Entrevista a Patricio Gonz\u00e1lez Colville , agroclimat\u00f3logo y acad\u00e9mico del Centro de Investigaci\u00f3n y Transferencia en Riego y Agroclimatolog\u00eda (CITRA).\u202f\u00a0<\/a><br \/><br \/><\/div><div><b>DIARIO EL HERALDO<\/b>\u00a0<br \/><a href=\"https:\/\/www.diarioelheraldo.cl\/noticia\/subsecretaria-de-ciencia-y-tecnologia-destaca-trabajo-de-proyecto-explora-maule-\">Subsecretar\u00eda de Ciencia y Tecnolog\u00eda destaca trabajo de proyecto Explora Maule. Se refiere C\u00e9sar Retamal, director de Explora Maule.\u00a0<\/a><br \/><br \/><\/div><div><b>PORTAL EDUCA<\/b>\u00a0<br \/><a href=\"https:\/\/www.litoralpress.cl\/paginaconsultas\/Servicios_NClipSitio\/Get_Imagen_Nota.aspx?LPKey=UBLU5XJBD25QATILPT4NN5YQQCBTWQSLXQQDAV7A5ZSLEWFHXIZKVZHAUPP3SJMSJCQGF5UNLPKOY\">Subsecretar\u00eda de Ciencia y Tecnolog\u00eda destaca trabajo de proyecto Explora Maule. Se refiere C\u00e9sar Retamal, director de Explora Maule.<\/a>\u00a0<br \/><br \/><\/div><div><b>EL HERALDO<\/b>\u00a0<br \/><a href=\"https:\/\/www.litoralpress.cl\/paginaconsultas\/Servicios_NClipSitio\/Get_Imagen_Nota.aspx?LPKey=UBLU5XJBD25QATILPT4NN5YQQCBTWQSLXQQDAV7A5ZSLEWFHXIZKVZHAUPP3SJMSJCQGF5UNLPKOY\">Subsecretar\u00eda de Ciencia y Tecnolog\u00eda destaca trabajo de proyecto explora Maule. Se refiere C\u00e9sar Retamal, director de Explora Maule.\u00a0<\/a><br \/><br \/><\/div><div><b>MAULE NEWS<\/b>\u00a0<br \/><a href=\"https:\/\/www.maulenews.com\/2024\/06\/tradiciones-del-maule-seran-rescatadas.html\">Tradiciones del Maule ser\u00e1n rescatadas en cartograf\u00eda audiovisual. Ver\u00f3nica Reyes, acad\u00e9mica de la Escuela de M\u00fasica.\u00a0<\/a><br \/><br \/><\/div><div><b>RADIO LAUTARO<\/b>\u00a0<br \/><a href=\"https:\/\/radiolautarotalca.cl\/cuales-son-los-efectos-que-puede-dejar-el-clima-en-la-salud-mental\/\">\u00bfCu\u00e1les son los efectos que puede dejar el clima en la salud mental? Se refiere Nadia Ramos Alvarado, directora del Centro de Psicolog\u00eda Aplicada (CEPA).\u00a0<\/a><br \/><br \/><\/div><div><b>DIARIO EL CENTRO<\/b>\u00a0<br \/><a href=\"https:\/\/www.diariolechero.cl\/noticia\/actualidad\/2024\/06\/presentaran-la-primera-variedad-de-alfalfa-de-secano-tolerante-a-la-sequia\">Voy y no vuelvo. Se refiere Diego Palomo, acad\u00e9mico de la Facultad de Ciencias Jur\u00eddicas y Sociales. \u00a0<\/a><br \/><br \/><\/div><div><b>DIARIO LECHERO<\/b>\u00a0<br \/><a href=\"https:\/\/www.diariolechero.cl\/noticia\/actualidad\/2024\/06\/presentaran-la-primera-variedad-de-alfalfa-de-secano-tolerante-a-la-sequia\">Presentar\u00e1n la primera variedad de alfalfa de secano tolerante a la sequ\u00eda. Se menciona la Universidad de Talca.\u00a0<\/a><br \/><br \/><\/div><div><b>SERENAYCOQUIMBO<\/b>\u00a0<br \/><a href=\"https:\/\/serenaycoquimbo.cl\/nacional-seminario-de-alfalfa-conoce-el-imperdible-programa-del-25-de-junio\/\">Seminario de alfalfa: conoce el imperdible programa del 25 de junio Se menciona la Universidad de Talca.\u00a0<\/a><br \/><br \/><\/div><div><b>CHILL\u00c1N ONLINE<\/b>\u00a0<br \/><a href=\"https:\/\/www.chillanonline.cl\/V7\/2024\/06\/18\/seminario-de-alfalfa-conoce-el-imperdible-programa-del-25-de-junio\/\">Seminario alfalfa: conoce el imperdible programa del 25 de junio. Se menciona la Universidad de Talca.\u00a0<\/a><br \/><br \/><\/div><div><b>PORTAL AGRO<\/b>\u00a0<br \/><a href=\"https:\/\/www.portalagrochile.cl\/2024\/06\/18\/seminario-alfalfa-conoce-el-imperdible-programa-del-25-de-junio\/\">Seminario de alfalfa: conoce el imperdible programa del 25 de junio. Se menciona la Universidad de Talca.\u00a0<\/a><br \/><br \/><\/div><div><b>DIARIO RANCAGUA<\/b>\u00a0<br \/><a href=\"https:\/\/elmauleinforma.cl\/asume-nuevo-consejero-regional-por-la-provincia-de-talca\/\">Seminario de alfalfa: conoce el imperdible programa del 25 de junio. Se menciona la Universidad de Talca.\u00a0<\/a><br \/><br \/><\/div><div><b>EL MAULE INFORME<\/b>\u00a0<br \/><a href=\"https:\/\/elmauleinforma.cl\/asume-nuevo-consejero-regional-por-la-provincia-de-talca\/\">Asume nuevo Consejero Regional por la Provincia de Talca. Se menciona la Universidad de Talca.\u00a0<\/a><br \/><br \/><\/div><div><b>G5 NOTICIA<\/b>\u00a0<br \/><a href=\"https:\/\/elmauleinforma.cl\/asume-nuevo-consejero-regional-por-la-provincia-de-talca\/\">Fundaci\u00f3n Mustakis invita a estudiantes de todo el pa\u00eds a participar en Final Nacional de Rob\u00f3tica y Videojuegos en la Universidad de Talca, sede Curic\u00f3. Se menciona la Universidad de Talca.\u00a0<\/a><br \/><br \/><\/div><div><b>EL MOSTRADOR<\/b>\u00a0<br \/><a href=\"https:\/\/www.litoralpress.cl\/paginaconsultas\/Servicios_NClipSitio\/Get_Imagen_Nota.aspx?LPKey=CQD2CSN34IUSKJ5B4U6EKNNT4CLHPCRX7BUL6VM2QBNPL3PT2A3O3MUCHYYKMGMUTSE23W3L4JDVU\">Matilde P\u00e9rez: la pionera del arte cin\u00e9tico y op-art en Am\u00e9rica Latina. Se menciona la Universidad de Talca.\u00a0<\/a><br \/><br \/><\/div><div><b>LA PRENSA DE CURIC\u00d3<\/b>\u00a0<br \/><a href=\"https:\/\/www.litoralpress.cl\/paginaconsultas\/Servicios_NClipSitio\/Get_Imagen_Nota.aspx?LPKey=CQD2CSN34IUSKJ5B4U6EKNNT4CLHPCRX7BUL6VM2QBNPL3PT2A3O3MUCHYYKMGMUTSE23W3L4JDVU\">Sucede. Se menciona la Universidad de Talca.\u00a0<\/a><br \/><br \/><\/div><\/div><div>\u00a0<\/div>\t\t\t\t\t\t<\/div>\n\t\t\t\t<\/div>\n\t\t\t\t\t<\/div>\n\t\t<\/div>\n\t\t\t\t\t\t\t<\/div>\n\t\t<\/section>\n\t\t\t\t\t\t<\/div>\n\t\t\t\t\t<\/div>\n\t\t","protected":false},"excerpt":{"rendered":"<p>\u00a0CANAL 30 MULTICOM\u00a0Embajadora de Italia visita el Maule. Carlos Torres Fuchslocher, Rector.\u00a0 LA TRIBUNA\u00a0Cartas a la directora. Se refiere\u202fKarin\u202fSaavedra\u202fRedlich, directora\u202fgeneral de Vinculaci\u00f3n con el Medio.\u202f\u202f\u00a0 PORTAL INNOVA\u00a0Especialistas creen que calificaci\u00f3n energ\u00e9tica aportar\u00eda para hacer frente a la crisis de la construcci\u00f3n. Se refiere Mar\u00eda Luisa del Campo Hitschfeld, directora del Centro Tecnol\u00f3gico Kipus de la &hellip;<\/p>\n<p class=\"read-more\"> <a class=\"\" href=\"https:\/\/www.reportedeprensa.utalca.cl\/?p=10044\"> <span class=\"screen-reader-text\">19 de junio de 2024<\/span> Read More &raquo;<\/a><\/p>\n","protected":false},"author":1,"featured_media":0,"comment_status":"closed","ping_status":"open","sticky":false,"template":"","format":"standard","meta":{"_monsterinsights_skip_tracking":false,"_monsterinsights_sitenote_active":false,"_monsterinsights_sitenote_note":"","_monsterinsights_sitenote_category":0},"categories":[49],"tags":[],"_links":{"self":[{"href":"https:\/\/www.reportedeprensa.utalca.cl\/index.php?rest_route=\/wp\/v2\/posts\/10044"}],"collection":[{"href":"https:\/\/www.reportedeprensa.utalca.cl\/index.php?rest_route=\/wp\/v2\/posts"}],"about":[{"href":"https:\/\/www.reportedeprensa.utalca.cl\/index.php?rest_route=\/wp\/v2\/types\/post"}],"author":[{"embeddable":true,"href":"https:\/\/www.reportedeprensa.utalca.cl\/index.php?rest_route=\/wp\/v2\/users\/1"}],"replies":[{"embeddable":true,"href":"https:\/\/www.reportedeprensa.utalca.cl\/index.php?rest_route=%2Fwp%2Fv2%2Fcomments&post=10044"}],"version-history":[{"count":4,"href":"https:\/\/www.reportedeprensa.utalca.cl\/index.php?rest_route=\/wp\/v2\/posts\/10044\/revisions"}],"predecessor-version":[{"id":10049,"href":"https:\/\/www.reportedeprensa.utalca.cl\/index.php?rest_route=\/wp\/v2\/posts\/10044\/revisions\/10049"}],"wp:attachment":[{"href":"https:\/\/www.reportedeprensa.utalca.cl\/index.php?rest_route=%2Fwp%2Fv2%2Fmedia&parent=10044"}],"wp:term":[{"taxonomy":"category","embeddable":true,"href":"https:\/\/www.reportedeprensa.utalca.cl\/index.php?rest_route=%2Fwp%2Fv2%2Fcategories&post=10044"},{"taxonomy":"post_tag","embeddable":true,"href":"https:\/\/www.reportedeprensa.utalca.cl\/index.php?rest_route=%2Fwp%2Fv2%2Ftags&post=10044"}],"curies":[{"name":"wp","href":"https:\/\/api.w.org\/{rel}","templated":true}]}}