{"id":10063,"date":"2024-06-25T12:55:27","date_gmt":"2024-06-25T15:55:27","guid":{"rendered":"https:\/\/www.reportedeprensa.utalca.cl\/?p=10063"},"modified":"2024-06-25T13:41:11","modified_gmt":"2024-06-25T16:41:11","slug":"25-de-junio-de-2024","status":"publish","type":"post","link":"https:\/\/www.reportedeprensa.utalca.cl\/?p=10063","title":{"rendered":"25 de junio de 2024"},"content":{"rendered":"\t\t<div data-elementor-type=\"wp-post\" data-elementor-id=\"10063\" class=\"elementor elementor-10063\" data-elementor-settings=\"[]\">\n\t\t\t\t\t\t\t<div class=\"elementor-section-wrap\">\n\t\t\t\t\t\t\t<section class=\"elementor-section elementor-top-section elementor-element elementor-element-bcea1a8 elementor-section-boxed elementor-section-height-default elementor-section-height-default\" data-id=\"bcea1a8\" data-element_type=\"section\">\n\t\t\t\t\t\t<div class=\"elementor-container elementor-column-gap-default\">\n\t\t\t\t\t<div class=\"elementor-column elementor-col-100 elementor-top-column elementor-element elementor-element-e7183bf\" data-id=\"e7183bf\" data-element_type=\"column\">\n\t\t\t<div class=\"elementor-widget-wrap elementor-element-populated\">\n\t\t\t\t\t\t\t\t<div class=\"elementor-element elementor-element-58d7315 elementor-widget elementor-widget-text-editor\" data-id=\"58d7315\" data-element_type=\"widget\" data-widget_type=\"text-editor.default\">\n\t\t\t\t<div class=\"elementor-widget-container\">\n\t\t\t\t\t\t\t\t<div><b>EL MERCURIO (PORTADA)<\/b>\u00a0<br \/><a href=\"https:\/\/www.litoralpress.cl\/sitio\/Prensa_PaginaCompleta.cshtml?LPKey=THGLEFGOCTLHUPQ23HZBPRHDFXKAMC7PP5UX2FIDCTTDCB3WQJWA\">La importante colecci\u00f3n Tejidos del Mundo de la Universidad de Talca. Se menciona la Universidad de Talca. \u00a0<\/a><br \/><br \/><\/div><div><b>EL MERCURIO \u2013 VD (PORTADA)<\/b>\u00a0<br \/><a href=\"https:\/\/www.litoralpress.cl\/sitio\/Prensa_Detalles.cshtml?LPKey=SKSIHAGQQBNQWAT4YEO5C77S6DV3FM37RV67DTGJ7GB2A4JFS7WA\">Patrimonio: textiles ancestrales de la U. de Talca. Se menciona la Universidad de Talca.\u00a0<\/a><br \/><br \/><\/div><div><b>EL MERCURIO \u2013 VD\u00a0<br \/><\/b><a href=\"https:\/\/www.litoralpress.cl\/sitio\/Prensa_PaginaCompleta.cshtml?LPKey=HXWAESLBOVJSWVVOMBDXYWOKPVHCRIBUAFW7SGRGVVYJYNIUD4ZQ\">Memorias tejidas. Se menciona la Universidad de Talca.\u00a0<\/a><b><br \/><\/b><\/div><div>\u00a0<\/div><div><b>EL MERCURIO \u00a0<\/b><\/div><div><a href=\"https:\/\/www.litoralpress.cl\/paginaconsultas\/Servicios_NClipSitio\/Get_Imagen_Nota.aspx?LPKey=2VWB6JSXRE4SXXUORXGHLDDIBXGN2HX7M3JLQFRQAINYUBH5CUQMECV2SJ42YVKRU2VQGDVYQAKM2\">Churrascas, el pan talquino que se asa a las brasas. Se refiere Mauricio Orellana, acad\u00e9mico de la Escuela de Nutrici\u00f3n y Diet\u00e9tica.\u00a0<\/a><\/div><div><b>\u00a0<\/b><\/div><div><b>CANAL CNN\u00a0<br \/><\/b><a href=\"https:\/\/www.litoralpress.cl\/sitio\/RadioTV_Detalles.cshtml?LPKey=JY7ZV32DVWCYGFCDZVWPOXPLF345MMWAYXB6A7R3ZXBDFU4NBVR45FDENHIRJXKCH4FFYYUBMM3KK\">Solicitan extender la emergencia agr\u00edcola tras el paso del sistema frontal. Se refiere Patricio Gonz\u00e1lez Colville, agroclimat\u00f3logo\u00a0y acad\u00e9mico del Centro de Investigaci\u00f3n y Transferencia en Riego y Agroclimatolog\u00eda (CITRA).\u202f\u202f\u00a0<\/a><\/div><div>\u00a0<\/div><div><b>EL MERCURIO\u00a0<br \/><\/b><a href=\"https:\/\/www.litoralpress.cl\/sitio\/Prensa_Detalles.cshtml?LPKey=Z7BZA7PXJCPPXXTKG7N55TRBJOJYYKIUYKVKNZLZYODNG3TGGGGA\">Especialistas anticipan: fen\u00f3menos extremos ser\u00e1n recurrentes por cambio clim\u00e1tico. \u00a0Se refiere Patricio Gonz\u00e1lez Colville, agroclimat\u00f3logo y acad\u00e9mico del Centro de Investigaci\u00f3n y Transferencia en Riego y Agroclimatolog\u00eda (CITRA).\u202f\u00a0<\/a><\/div><div>\u00a0<\/div><div><b>EL MOSTRADOR\u00a0<br \/><\/b><a href=\"https:\/\/www.elmostrador.cl\/agenda-pais\/2024\/06\/24\/aumentaran-los-precios-de-las-hortalizas-despues-de-las-lluvias\/\">\u00bfAumentar\u00e1n los precios de las hortalizas despu\u00e9s de las lluvias? Se refiere Pablo Villalobos Mateluna, acad\u00e9mico del Departamento de Econom\u00eda Agraria.\u00a0<\/a><b><br \/><\/b><\/div><div>\u00a0<\/div><div><b>RADIO NOST\u00c1LGICA\u00a0<br \/><\/b><a href=\"https:\/\/www.nostalgica.cl\/es-posible-que-aumenten-los-precios-de-las-hortalizas-despues-de-las-lluvias\/\">\u00bfEs posible que aumenten los precios de las hortalizas despu\u00e9s de las lluvias? Se refiere Pablo Villalobos Mateluna, acad\u00e9mico del Departamento de Econom\u00eda Agraria.\u00a0<\/a><\/div><div>\u00a0<\/div><div><b>AD PRENSA\u00a0<br \/><\/b><a href=\"https:\/\/www.adprensa.cl\/cronica\/cuales-son-los-riesgos-de-la-explotacion-infantil-en-la-era-digital\/\">\u00bfCu\u00e1les son los riesgos de la explotaci\u00f3n infantil en la era digital? Se refiere Isaac Ravetllat Ballest\u00e9, director del Centro de Estudios sobre los Derechos de la Infancia y la Adolescencia (CEDIA) y Rodrigo Palomo V\u00e9lez, acad\u00e9mico de la Facultad de Ciencias Jur\u00eddicas y Sociales.\u00a0<\/a><b><br \/><\/b><\/div><div>\u00a0<\/div><div class=\"x_elementToProof\"><b>EL DIARIO DE MAULE<\/b>\u00a0<br \/><a href=\"https:\/\/eldiariodemaule.cl\/cuales-son-los-riesgos-de-la-explotacion-infantil-en-la-era-digital\/\">\u00bfCu\u00e1les son los riesgos de la explotaci\u00f3n infantil en la era digital? Se refiere Isaac Ravetllat Ballest\u00e9, director del Centro de Estudios sobre los Derechos de la Infancia y la Adolescencia (CEDIA) y Rodrigo Palomo V\u00e9lez, acad\u00e9mico de la Facultad de Ciencias Jur\u00eddicas y Sociales. \u00a0<\/a><\/div><div>\u00a0<\/div><div><b>PORTAL EDUCA\u00a0<\/b><br \/><a href=\"https:\/\/portaleduca.cl\/cuales-son-los-riesgos-de-la-explotacion-infantil-en-la-era-digital\/\">\u00bfCu\u00e1les son los riesgos de la explotaci\u00f3n infantil en la era digital? Se refiere Isaac Ravetllat Ballest\u00e9, director del Centro de Estudios sobre los Derechos de la Infancia y la Adolescencia (CEDIA) y Rodrigo Palomo V\u00e9lez, acad\u00e9mico de la Facultad de Ciencias Jur\u00eddicas y Sociales.\u00a0<\/a><br \/><br \/><\/div><div><b>PUNTO LONTU\u00c9\u00a0<\/b><br \/><a href=\"https:\/\/puntolontue.cl\/?p=14625\">\u00bfCu\u00e1les son los riesgos de la explotaci\u00f3n infantil en la era digital? Se refiere Isaac Ravetllat Ballest\u00e9, director del Centro de Estudios sobre los Derechos de la Infancia y la Adolescencia (CEDIA) y Rodrigo Palomo V\u00e9lez, acad\u00e9mico de la Facultad de Ciencias Jur\u00eddicas y Sociales.\u00a0<\/a><br \/><br \/><\/div><div><b>MEDIABANCO\u00a0<br \/><\/b><a href=\"https:\/\/www.mediabanco.com\/cancer-infantil-la-importancia-del-diagnostico-precoz\/\">C\u00e1ncer infantil: La importancia del diagn\u00f3stico precoz. Se refiere Marcela C\u00f3rdova Aguilera, acad\u00e9mica de la Facultad de Medicina.\u00a0<\/a><b><br \/><\/b><\/div><div>\u00a0<\/div><div><b>AD PRENSA<\/b>\u00a0<br \/><a href=\"https:\/\/www.adprensa.cl\/cronica\/cancer-infantil-la-importancia-del-diagnostico-precoz\/\">C\u00e1ncer infantil: La importancia del diagn\u00f3stico precoz. Se refiere Marcela C\u00f3rdova Aguilera, acad\u00e9mica de la Facultad de Medicina.\u00a0<\/a><br \/><br \/><\/div><div><b>P\u00c1GINA V<\/b>\u00a0<br \/><a href=\"https:\/\/paginav.cl\/2024\/06\/24\/cancer-infantil-la-importancia-del-diagnostico-precoz\/\">C\u00e1ncer infantil: La importancia del diagn\u00f3stico precoz. Se refiere Marcela C\u00f3rdova Aguilera, acad\u00e9mica de la Facultad de Medicina.\u00a0<\/a><br \/><br \/><\/div><div><b>S\u00c9PTIMA P\u00c1GINA NOTICIAS<\/b>\u00a0<br \/><a href=\"https:\/\/www.septimapaginanoticias.cl\/cancer-infantil-la-importancia-del-diagnostico-precoz\">C\u00e1ncer infantil: La importancia del diagn\u00f3stico precoz. Se refiere Marcela C\u00f3rdova Aguilera, acad\u00e9mica de la Facultad de Medicina.\u00a0<\/a><br \/><br \/><\/div><div><b>HORA DE NOTICIAS<\/b>\u00a0<br \/><a href=\"https:\/\/horadenoticias.cl\/salud\/cancer-infantil-la-importancia-del-diagnostico-precoz\">C\u00e1ncer infantil: La importancia del diagn\u00f3stico precoz. Se refiere Marcela C\u00f3rdova Aguilera, acad\u00e9mica de la Facultad de Medicina.\u00a0<\/a><\/div><div>\u00a0<\/div><div><b>RADIO BIOBIO \u00a0<br \/><\/b><a href=\"https:\/\/www.biobiochile.cl\/noticias\/economia\/mercado-automotriz\/2024\/06\/19\/sernac-demanda-a-general-motors-por-aplicar-cobros-indebidos-en-creditos-automotrices.shtml\">SERNAC demanda a General Motors por aplicar cobros indebidos en cr\u00e9ditos automotrices. Se refiere Ruperto Pinochet Olave, acad\u00e9mico de la Facultad de Ciencias Jur\u00eddicas y Sociales. <\/a><\/div><div>\u00a0<\/div><div><b>DIARIO EL CENTRO\u00a0<br \/><\/b><a href=\"https:\/\/www.diarioelcentro.cl\/2024\/06\/24\/winter-games-escolares-de-linares-y-san-clemente-aprendieron-ingles-con-divertidas-actividades\/\">Winter Games: Escolares de Linares y San Clemente aprendieron ingl\u00e9s con divertidas actividades. Se refiere Lorena Alaluf Gonz\u00e1lez, Jefa de Carrera de Pedagog\u00eda en Educaci\u00f3n General B\u00e1sica, menci\u00f3n Ingl\u00e9s.\u00a0<\/a><\/div><div>\u00a0<\/div><div><b>DIARIO EL HERALDO<\/b>\u00a0<br \/><a href=\"https:\/\/www.diarioelheraldo.cl\/noticia\/aprender-jugando-escolares-participaron-de-didacticas-actividades-en-ingles-\">Aprender jugando: Escolares participaron de did\u00e1cticas actividades en ingl\u00e9s. Se refiere Lorena Alaluf Gonz\u00e1lez, Jefa de Carrera de Pedagog\u00eda en Educaci\u00f3n General B\u00e1sica, menci\u00f3n Ingl\u00e9s.\u00a0<\/a><br \/><br \/><\/div><div><b>PUBLIMICRO<\/b>\u00a0<br \/><a href=\"https:\/\/publimicro.cl\/winter-games-escolares-participaron-de-didacticas-y-ludicas-actividades-en-ingles-desarrolladas-por-la-universidad-de-talca\/\">\u201cWinter Games\u201d: Escolares participaron de did\u00e1cticas y l\u00fadicas actividades en ingl\u00e9s, desarrolladas por la Universidad de Talca. Se refiere Lorena Alaluf Gonz\u00e1lez, Jefa de Carrera de Pedagog\u00eda en Educaci\u00f3n General B\u00e1sica, menci\u00f3n Ingl\u00e9s.\u00a0<\/a><\/div><div>\u00a0<\/div><div><b>LA PRENSA DE CURIC\u00d3\u00a0<br \/><\/b><a href=\"https:\/\/www.litoralpress.cl\/paginaconsultas\/Servicios_NClipSitio\/Get_Imagen_Nota.aspx?LPKey=3UPT5PBPORNDAGKBMO4SQ6PTW5RL36AYXNGJ52AQEI2N54UDMQTPXKQHRFIX7SUVYCYOIRIKPAMT2\">Exposici\u00f3n de connotados artistas. Se refiere Marcela Albornoz Dachelet, directora de Extensi\u00f3n Cultural-Art\u00edstica.\u00a0<\/a><b><br \/><\/b><b><a id=\"OWA16c9e1d3-dfb2-237d-883d-6fbfef15e18e\" class=\"x_x_Hyperlink x_x_SCXW76390952 x_x_BCX0 x_x_OWAAutoLink\" href=\"https:\/\/www.litoralpress.cl\/paginaconsultas\/Servicios_NClipSitio\/Get_Imagen_Nota.aspx?LPKey=3UPT5PBPORNDAGKBMO4SQ6PTW5RL36AYXNGJ52AQEI2N54UDMQTPXKQHRFIX7SUVYCYOIRIKPAMT2\" rel=\"noopener noreferrer\" data-auth=\"NotApplicable\" data-linkindex=\"21\"><\/a><\/b><b>\u00a0<\/b><\/div><div><b>RADIO INFINITA<\/b>\u00a0<br \/><a href=\"https:\/\/www.litoralpress.cl\/sitio\/RadioTV_Detalles.cshtml?LPKey=QQKAY56WSGAR7NAWHMKDLA3WC63HJL2AYPNCIK2YBR4DLWLUIQ7JSKLUWJS3DEWIY6XGD2I4K7SS6\">Comentario de pol\u00edtica de Mauricio Morales Quiroga, director del Centro de An\u00e1lisis Pol\u00edtico (CAP-UTalca).\u00a0<\/a><br \/><br \/><\/div><div><b>MEGANOTICIAS<\/b>\u00a0<br \/><a href=\"https:\/\/www.meganoticias.cl\/nacional\/450889-mauricio-morales-gobierno-no-quiere-perder-chile-vamos-derecha-no-sabe-ganar-elecciones-municipales-fds01-23-06-2024.html\">&#8220;El gobierno no quiere perder, y la derecha no sabe ganar&#8221;. Columna de Mauricio Morales Quiroga, director del Centro de An\u00e1lisis Pol\u00edtico (CAP-UTalca).\u00a0<\/a><br \/><br \/><\/div><div><b>RADIO BIOB\u00cdO<\/b>\u00a0<br \/><a href=\"https:\/\/www.biobiochile.cl\/noticias\/nacional\/chile\/2024\/06\/24\/el-narco-dardo-de-matthei-que-recogio-boric-como-sin-quererlo-reabrio-debate-por-secreto-bancario.shtml\">El &#8220;narco&#8221; dardo de Matthei que recogi\u00f3 Boric: c\u00f3mo (sin quererlo) reabri\u00f3 debate por secreto bancario. Se refiere Mario Herrera, acad\u00e9mico Centro de An\u00e1lisis Pol\u00edtico (CAP).\u00a0<\/a><\/div><div>\u00a0<\/div><div><b>PUNTO LONTU\u00c9<\/b>\u00a0<br \/><a href=\"https:\/\/elmauleinforma.cl\/proyecto-ensena-sobre-neurociencias-a-alumnos-de-talca\/\">Proyecto ense\u00f1a sobre neurociencias a alumnos de Talca. Se menciona la Universidad de Talca.\u00a0<\/a><br \/><br \/><\/div><div><b>EL MAULE INFORMA<\/b>\u00a0<br \/><a href=\"https:\/\/elmauleinforma.cl\/proyecto-ensena-sobre-neurociencias-a-alumnos-de-talca\/\">Proyecto ense\u00f1a sobre neurociencias a alumnos de Talca. Se menciona la Universidad de Talca. \u00a0<\/a><br \/><br \/><\/div><div><b>TOURINNOVACION<\/b>\u00a0<br \/><a href=\"https:\/\/www.tourinnovacion.cl\/agricultura\/seminario-de-alfalfa-conoce-el-imperdible-programa-del-25-de-junio\/\">Seminario de alfalfa: conoce el imperdible programa del 25 de junio. Se menciona la Universidad de Talca. \u00a0<\/a><br \/><br \/><\/div><div><b>DERECHO.UC<\/b>\u00a0<br \/><a href=\"https:\/\/derecho.uc.cl\/es\/noticias\/36473-profesores-paulina-gonzalez-y-alejandro-vergara-participaron-en-las-v-jornadas-de-teoria-del-derecho\">Profesores Paulina Gonz\u00e1lez y Alejandro Vergara participaron en las V Jornadas de Teor\u00eda del Derecho. Se menciona la Universidad de Talca.\u00a0<\/a><br \/><br \/><\/div><div><b>LA PRENSA DE CURIC\u00d3<\/b>\u00a0<br \/><a href=\"https:\/\/www.litoralpress.cl\/paginaconsultas\/Servicios_NClipSitio\/Get_Imagen_Nota.aspx?LPKey=IQLWR7PJ2N72DBN36S4EFEFQXQKVEGRST75TXS2NTINKEMJXN6DC56RR4OFNNH6ILMUEMMKNR2LAQ\">Sucede. Se menciona la Universidad de Talca.\u00a0<\/a><br \/><br \/><\/div><div><b>LA PRENSA DE CURIC\u00d3<\/b>\u00a0<br \/><a href=\"https:\/\/www.litoralpress.cl\/paginaconsultas\/Servicios_NClipSitio\/Get_Imagen_Nota.aspx?LPKey=TDRIXNJ63WJ3RYIVE6WSNTXLBLWBOOS74GJT3IC6B7C3Z6BM3ZV4C4FPB3JVOHR367BOLH776UPTE\">EXTRACTOS. Se menciona la Universidad de Talca.\u00a0<\/a><br \/><br \/><\/div><div><b>LA PRENSA DE CURIC\u00d3<\/b>\u00a0<br \/><a href=\"https:\/\/www.litoralpress.cl\/paginaconsultas\/Servicios_NClipSitio\/Get_Imagen_Nota.aspx?LPKey=MFVJIWHP37D4PSWSL4Q5NBCBJIVFFDUPDMLTHN4NI553PQ4OYURX66K32DMU5YMFOXGKSGUMYSOD2\">Exposici\u00f3n de archivos narra la HISTORIA DE \u201cLA CASA DEL ARTE\u201d. Se menciona la Universidad de Talca.\u00a0<\/a><br \/><br \/><\/div><div><b>TIERRA AMRILLANO<\/b>\u00a0<br \/><a href=\"https:\/\/tierramarillano.cl\/2024\/06\/23\/proyecto-ensena-sobre-neurociencias-a-alumnos-de-talca\/\">Proyecto ense\u00f1a sobre neurociencias a alumnos de Talca. Se menciona la Universidad de Talca.\u00a0<\/a><br \/><br \/><\/div>\t\t\t\t\t\t<\/div>\n\t\t\t\t<\/div>\n\t\t\t\t\t<\/div>\n\t\t<\/div>\n\t\t\t\t\t\t\t<\/div>\n\t\t<\/section>\n\t\t\t\t\t\t<\/div>\n\t\t\t\t\t<\/div>\n\t\t","protected":false},"excerpt":{"rendered":"<p>EL MERCURIO (PORTADA)\u00a0La importante colecci\u00f3n Tejidos del Mundo de la Universidad de Talca. Se menciona la Universidad de Talca. \u00a0 EL MERCURIO \u2013 VD (PORTADA)\u00a0Patrimonio: textiles ancestrales de la U. de Talca. Se menciona la Universidad de Talca.\u00a0 EL MERCURIO \u2013 VD\u00a0Memorias tejidas. Se menciona la Universidad de Talca.\u00a0\u00a0EL MERCURIO \u00a0Churrascas, el pan talquino que &hellip;<\/p>\n<p class=\"read-more\"> <a class=\"\" href=\"https:\/\/www.reportedeprensa.utalca.cl\/?p=10063\"> <span class=\"screen-reader-text\">25 de junio de 2024<\/span> Read More &raquo;<\/a><\/p>\n","protected":false},"author":1,"featured_media":0,"comment_status":"closed","ping_status":"open","sticky":false,"template":"","format":"standard","meta":{"_monsterinsights_skip_tracking":false,"_monsterinsights_sitenote_active":false,"_monsterinsights_sitenote_note":"","_monsterinsights_sitenote_category":0},"categories":[49],"tags":[],"_links":{"self":[{"href":"https:\/\/www.reportedeprensa.utalca.cl\/index.php?rest_route=\/wp\/v2\/posts\/10063"}],"collection":[{"href":"https:\/\/www.reportedeprensa.utalca.cl\/index.php?rest_route=\/wp\/v2\/posts"}],"about":[{"href":"https:\/\/www.reportedeprensa.utalca.cl\/index.php?rest_route=\/wp\/v2\/types\/post"}],"author":[{"embeddable":true,"href":"https:\/\/www.reportedeprensa.utalca.cl\/index.php?rest_route=\/wp\/v2\/users\/1"}],"replies":[{"embeddable":true,"href":"https:\/\/www.reportedeprensa.utalca.cl\/index.php?rest_route=%2Fwp%2Fv2%2Fcomments&post=10063"}],"version-history":[{"count":4,"href":"https:\/\/www.reportedeprensa.utalca.cl\/index.php?rest_route=\/wp\/v2\/posts\/10063\/revisions"}],"predecessor-version":[{"id":10067,"href":"https:\/\/www.reportedeprensa.utalca.cl\/index.php?rest_route=\/wp\/v2\/posts\/10063\/revisions\/10067"}],"wp:attachment":[{"href":"https:\/\/www.reportedeprensa.utalca.cl\/index.php?rest_route=%2Fwp%2Fv2%2Fmedia&parent=10063"}],"wp:term":[{"taxonomy":"category","embeddable":true,"href":"https:\/\/www.reportedeprensa.utalca.cl\/index.php?rest_route=%2Fwp%2Fv2%2Fcategories&post=10063"},{"taxonomy":"post_tag","embeddable":true,"href":"https:\/\/www.reportedeprensa.utalca.cl\/index.php?rest_route=%2Fwp%2Fv2%2Ftags&post=10063"}],"curies":[{"name":"wp","href":"https:\/\/api.w.org\/{rel}","templated":true}]}}