{"id":10072,"date":"2024-06-26T12:38:17","date_gmt":"2024-06-26T15:38:17","guid":{"rendered":"https:\/\/www.reportedeprensa.utalca.cl\/?p=10072"},"modified":"2024-06-26T13:40:00","modified_gmt":"2024-06-26T16:40:00","slug":"26-de-junio-de-2024","status":"publish","type":"post","link":"https:\/\/www.reportedeprensa.utalca.cl\/?p=10072","title":{"rendered":"26 de junio de 2024"},"content":{"rendered":"\t\t<div data-elementor-type=\"wp-post\" data-elementor-id=\"10072\" class=\"elementor elementor-10072\" data-elementor-settings=\"[]\">\n\t\t\t\t\t\t\t<div class=\"elementor-section-wrap\">\n\t\t\t\t\t\t\t<section class=\"elementor-section elementor-top-section elementor-element elementor-element-bcea1a8 elementor-section-boxed elementor-section-height-default elementor-section-height-default\" data-id=\"bcea1a8\" data-element_type=\"section\">\n\t\t\t\t\t\t<div class=\"elementor-container elementor-column-gap-default\">\n\t\t\t\t\t<div class=\"elementor-column elementor-col-100 elementor-top-column elementor-element elementor-element-e7183bf\" data-id=\"e7183bf\" data-element_type=\"column\">\n\t\t\t<div class=\"elementor-widget-wrap elementor-element-populated\">\n\t\t\t\t\t\t\t\t<div class=\"elementor-element elementor-element-58d7315 elementor-widget elementor-widget-text-editor\" data-id=\"58d7315\" data-element_type=\"widget\" data-widget_type=\"text-editor.default\">\n\t\t\t\t<div class=\"elementor-widget-container\">\n\t\t\t\t\t\t\t\t<div><b>EL MOSTRADOR\u00a0<br \/><\/b><a href=\"https:\/\/www.elmostrador.cl\/agenda-pais\/vida-en-linea\/2024\/06\/25\/cancer-infantil-la-importancia-del-diagnostico-precoz\/\">C\u00e1ncer infantil: La importancia del diagn\u00f3stico precoz. Se refiere Marcela C\u00f3rdova Aguilera, acad\u00e9mica de la Facultad de Medicina. \u00a0<\/a><b><br \/><\/b><\/div><div>\u00a0<\/div><div><b>MAULE NEWS<\/b>\u00a0<br \/><a href=\"https:\/\/www.maulenews.com\/2024\/06\/cancer-infantil-la-importancia-del.html\">C\u00e1ncer infantil: La importancia del diagn\u00f3stico precoz. Se refiere Marcela C\u00f3rdova Aguilera, acad\u00e9mica de la Facultad de Medicina<\/a>. \u00a0<br \/><br \/><\/div><div><b>HORA DE NOTICIAS<\/b>\u00a0<br \/><a href=\"https:\/\/horadenoticias.cl\/salud\/cancer-infantil-la-importancia-del-diagnostico-precoz\">C\u00e1ncer infantil: La importancia del diagn\u00f3stico precoz. Se refiere Marcela C\u00f3rdova Aguilera, acad\u00e9mica de la Facultad de Medicina. \u00a0<\/a><br \/><br \/><\/div><div><b>RADIO CRISTALINA <\/b>\u00a0<br \/><a href=\"https:\/\/radiocristalina.cl\/salud-cancer-infantil-la-importancia-del-diagnostico-precoz-mas-de-500-al-ano\/\">SALUD: C\u00e1ncer infantil, la importancia del diagn\u00f3stico precoz, m\u00e1s de 500 al a\u00f1o. Se refiere Marcela C\u00f3rdova Aguilera, acad\u00e9mica de la Facultad de Medicina. \u00a0<\/a><\/div><div>\u00a0<\/div><div><b>LA RAZ\u00d3N \u00a0<br \/><\/b><a href=\"https:\/\/www.larazon.cl\/2024\/06\/25\/envejecer-saludablemente-por-que-es-conveniente-realizar-ejercicios-de-fuerza\/\">Envejecer saludablemente: \u00bfPor qu\u00e9 es conveniente realizar ejercicios de fuerza? Se refiere Jessica Espinoza, acad\u00e9mica de la Escuela de Kinesiolog\u00eda de la Universidad de Talca e investigadora del Centro Interuniversitario de Envejecimiento Saludable (CIES).\u00a0<\/a><b><br \/><\/b><\/div><div>\u00a0<\/div><div><b>P\u00c1GINA V<\/b>\u00a0<br \/><a href=\"https:\/\/paginav.cl\/2024\/06\/25\/envejecer-saludablemente-por-que-es-conveniente-realizar-ejercicios-de-fuerza\/\">Envejecer saludablemente: \u00bfPor qu\u00e9 es conveniente realizar ejercicios de fuerza? Se refiere Jessica Espinoza, acad\u00e9mica de la Escuela de Kinesiolog\u00eda de la Universidad de Talca e investigadora del Centro Interuniversitario de Envejecimiento Saludable (CIES).\u00a0<\/a><br \/><br \/><\/div><div><b>MAULE NEWS<\/b>\u00a0<br \/><a href=\"https:\/\/www.maulenews.com\/2024\/06\/envejecer-saludablemente-por-que-es.html\">Envejecer saludablemente: \u00bfPor qu\u00e9 es conveniente realizar ejercicios de fuerza? Se refiere Jessica Espinoza, acad\u00e9mica de la Escuela de Kinesiolog\u00eda de la Universidad de Talca e investigadora del Centro Interuniversitario de Envejecimiento Saludable (CIES).\u00a0<\/a><br \/><br \/><\/div><div><b>RADIO ALLEN<\/b>\u00a0<br \/><a href=\"https:\/\/radioallen.cl\/envejecer-saludablemente-por-que-es-conveniente-realizar-ejercicios-de-fuerza\/\">Envejecer saludablemente: \u00bfPor qu\u00e9 es conveniente realizar ejercicios de fuerza? Se refiere Jessica Espinoza, acad\u00e9mica de la Escuela de Kinesiolog\u00eda de la Universidad de Talca e investigadora del Centro Interuniversitario de Envejecimiento Saludable (CIES).\u00a0<\/a><br \/><br \/><\/div><div><b>DIARIO EL HERALDO<\/b>\u00a0<br \/><a href=\"https:\/\/www.diarioelheraldo.cl\/noticia\/envejecer-saludablemente-por-que-es-conveniente-realizar-ejercicios-de-fuerza-\">Envejecer saludablemente: \u00bfPor qu\u00e9 es conveniente realizar ejercicios de fuerza? Se refiere Jessica Espinoza, acad\u00e9mica de la Escuela de Kinesiolog\u00eda de la Universidad de Talca e investigadora del Centro Interuniversitario de Envejecimiento Saludable (CIES).\u00a0<\/a><br \/><br \/><\/div><div><b>MEDIABANCO<\/b>\u00a0<br \/><a href=\"https:\/\/www.mediabanco.com\/envejecer-saludablemente-por-que-es-conveniente-realizar-ejercicios-de-fuerza\/\">Envejecer saludablemente: \u00bfPor qu\u00e9 es conveniente realizar ejercicios de fuerza? Se refiere Jessica Espinoza, acad\u00e9mica de la Escuela de Kinesiolog\u00eda de la Universidad de Talca e investigadora del Centro Interuniversitario de Envejecimiento Saludable (CIES).<\/a>\u00a0<br \/><br \/><\/div><div>\u00a0<\/div><div><b>CANAL CNN CHILE\u00a0<br \/><\/b><a href=\"https:\/\/www.litoralpress.cl\/sitio\/RadioTV_Detalles.cshtml?LPKey=JY7ZV32DVWCYGFCDZVWPOXPLF345MMWAYXB6A7R3ZXBDFU4NBVR45FDENHIRJXKCH4FFYYUBMM3KK\">Solicitan extender la emergencia agr\u00edcola tras el paso del sistema frontal. Se refiere Patricio Gonz\u00e1lez Colville, agroclimat\u00f3logo y acad\u00e9mico del Centro de Investigaci\u00f3n y Transferencia en Riego y Agroclimatolog\u00eda (CITRA).\u202f\u202f\u202f\u00a0<\/a><b><br \/><\/b><\/div><div>\u00a0<\/div><div><b>LA TRIBUNA\u00a0<br \/><\/b><a href=\"https:\/\/www.litoralpress.cl\/paginaconsultas\/Servicios_NClipSitio\/Get_Imagen_Nota.aspx?LPKey=T3KEDX4YHEX7ZQUIKS7WBKY7LEX2QAVA74L7HJUA4LFBIF7RCUFELLMFDGPC2UWOLL73VKNEPWDZ6\">Temperaturas bajo cero obligan a mantener activo el C\u00f3digo Azul en Biob\u00edo. . Se refiere Patricio Gonz\u00e1lez Colville, agroclimat\u00f3logo y acad\u00e9mico del Centro de Investigaci\u00f3n y Transferencia en Riego y Agroclimatolog\u00eda (CITRA).\u202f\u202f\u202f\u00a0<\/a><b><br \/><\/b><\/div><div>\u00a0<\/div><div><b>EL HERALDO <\/b>\u00a0<br \/><a href=\"https:\/\/www.litoralpress.cl\/paginaconsultas\/Servicios_NClipSitio\/Get_Imagen_Nota.aspx?LPKey=KFQTNIUT34X65QIVSRVJVOVHKOQJBKUIRWVZD2BT5EYG4GDAXPSJM4JZEM65QSIYUF747GH6ASSL6\">Aprender jugando: Escolares participaron de did\u00e1cticas actividades en ingl\u00e9s. Se refiere Lorena Alaluf Gonz\u00e1lez, Jefa de Carrera de Pedagog\u00eda en Educaci\u00f3n General B\u00e1sica, menci\u00f3n Ingl\u00e9s.\u202f\u00a0<\/a><br \/><br \/><\/div><div><b>LA PRENSA DE CURIC\u00d3\u00a0<br \/><\/b><a href=\"https:\/\/www.litoralpress.cl\/paginaconsultas\/Servicios_NClipSitio\/Get_Imagen_Nota.aspx?LPKey=EZSJ3UJOCQAMB2TSHD3WLNL2EP6X6PUFOD2NQIM7BTVY7DNEHFRKMWAYHKAQBTGMIKYTQMX3CSG7Q\">Escolares de San Javier y Linares aprenden ingl\u00e9s. Se refiere Lorena Alaluf Gonz\u00e1lez, Jefa de Carrera de Pedagog\u00eda en Educaci\u00f3n General B\u00e1sica, menci\u00f3n Ingl\u00e9s.\u202f<\/a><b><br \/><\/b><\/div><div>\u00a0<\/div><div><b>MAULE NEWS<\/b>\u00a0<br \/><a href=\"https:\/\/www.maulenews.com\/2024\/06\/aprender-jugando-escolares-participaron.html\">Aprender jugando: Escolares participaron de did\u00e1cticas actividades en ingl\u00e9s. Se refiere Lorena Alaluf Gonz\u00e1lez, Jefa de Carrera de Pedagog\u00eda en Educaci\u00f3n General B\u00e1sica, menci\u00f3n Ingl\u00e9s.\u202f\u00a0<\/a><br \/><br \/><\/div><div><b>DIARIO EL HERALDO<\/b>\u00a0<br \/><a href=\"https:\/\/www.diarioelheraldo.cl\/noticia\/aprender-jugando-escolares-participaron-de-didacticas-actividades-en-ingles-\">Aprender jugando: Escolares participaron de did\u00e1cticas actividades en ingl\u00e9s. Se refiere Lorena Alaluf Gonz\u00e1lez, Jefa de Carrera de Pedagog\u00eda en Educaci\u00f3n General B\u00e1sica, menci\u00f3n Ingl\u00e9s.\u202f\u00a0<\/a><br \/><br \/><\/div><div><b>RADIO CRISTALINA <\/b>\u00a0<br \/><a href=\"https:\/\/radiocristalina.cl\/aprender-jugando-escolares-participaron-de-didacticas-actividades-en-ingles\/\">Aprender jugando: Escolares participaron de did\u00e1cticas actividades en ingl\u00e9s. Se refiere Lorena Alaluf Gonz\u00e1lez, Jefa de Carrera de Pedagog\u00eda en Educaci\u00f3n General B\u00e1sica, menci\u00f3n Ingl\u00e9s.\u202f\u00a0<\/a><\/div><div>\u00a0<\/div><div><b>CANAL TVN RED MAULE\u00a0<br \/><\/b><a href=\"https:\/\/www.litoralpress.cl\/sitio\/RadioTV_Detalles.cshtml?LPKey=QA54MGROC6HO4ZUVVERF5H7CYB4OBITZ5FH5A7XHDNBA5HR2UN7D2AWFCCLUH5PRGR2XZPYEUMKN4\">Mujeres tienen menor acceso a cr\u00e9dito y poca capacidad de ahorro. Se refiere Andrea Bentancor, acad\u00e9mica de la Facultad de Econom\u00eda y Negocios.\u00a0<\/a><b><br \/><\/b><\/div><div>\u00a0<\/div><div><b>AD PRENSA<\/b>\u00a0<br \/><a href=\"https:\/\/www.adprensa.cl\/cronica\/como-es-el-acceso-de-mujeres-a-productos-financieros-en-el-maule\/\">\u00bfC\u00f3mo es el acceso de mujeres a productos financieros en el Maule?\u00a0 Se refiere Andrea Bentancor Cazenave, acad\u00e9mica de la Facultad de econom\u00eda y Negocios. \u00a0<\/a><br \/><br \/><\/div><div><b>PORTAL INNOVA\u00a0<br \/><\/b><a href=\"https:\/\/portalinnova.cl\/como-es-el-acceso-de-mujeres-a-productos-financieros-en-el-maule\/\">\u00bfC\u00f3mo es el acceso de mujeres a productos financieros en el Maule? Se refiere Andrea Betancor Cazenave, acad\u00e9mica de la Facultad de Econom\u00eda y Negocios.\u00a0<\/a><\/div><div class=\"x_elementToProof\">\u00a0<\/div><div class=\"x_elementToProof\"><b>PORTAL EDUCA\u00a0<br \/><\/b><a href=\"https:\/\/portaleduca.cl\/cuales-son-los-riesgos-de-la-explotacion-infantil-en-la-era-digital\/\">\u00bfCu\u00e1les son los riesgos de la explotaci\u00f3n infantil en la era digital? Se refiere Isaac Ravetllat Ballest\u00e9, director del Centro de Estudios sobre los Derechos de la Infancia y la Adolescencia (CEDIA) y Rodrigo Palomo V\u00e9lez, acad\u00e9mico de la Facultad de Ciencias Jur\u00eddicas y Sociales.\u00a0<\/a><\/div><div>\u00a0<\/div><div><b>EL MERCURIO<\/b>\u00a0<br \/><a href=\"https:\/\/www.litoralpress.cl\/paginaconsultas\/Servicios_NClipSitio\/Get_Imagen_Nota.aspx?LPKey=UJMXYH4P5WRWNW2LXLMVN5VLRJXIBLUDANWYL7BWXGNEG5S6AMSAYBBIHLHLH6CCRT5XYFIWBFF42\">Vallejo defiende a Boric tras cr\u00edticas por Cuba y legisladores piden pronunciamiento en la OEA. Se refiere Mauricio Morales Quiroga, director del Centro de An\u00e1lisis Pol\u00edtico (CAP)\u00a0<\/a><br \/><br \/><\/div><div><b>RADIO INFINITA<\/b>\u00a0<br \/><a href=\"https:\/\/www.litoralpress.cl\/sitio\/RadioTV_Detalles.cshtml?LPKey=7Z6SLTKPHGFXOWAYOOKAWZKAL7WSKAXDNN3PCQGWUX7NFHIKNIDM54QM6XIGNELKNJISQ3X3WPSU2\">Comentario de pol\u00edtica de Mauricio Morales Quiroga, director del Centro de An\u00e1lisis Pol\u00edtico (CAP-UTalca)\u00a0<\/a><br \/><br \/><\/div><div><b>RADIO AMIGA<\/b>\u00a0<br \/><a href=\"https:\/\/www.litoralpress.cl\/sitio\/RadioTV_Detalles.cshtml?LPKey=TD6PO6IPTNJYOHSMK5TOXORG7ZYDMGM2IPMVHFH7L5KFWLF7Y5EZYJDVLAAJ3EL7KFO6UUG7SY7RO\">Estudiante de dise\u00f1o cre\u00f3 un in\u00e9dito libro que re\u00fane los dinosaurios de Latinoam\u00e9rica. Se refiere Jorge Cartes Sanhueza director (s) de la Escuela de Dise\u00f1o y Jos\u00e9 Ignacio Torres, acad\u00e9mico Escuela de Dise\u00f1o.\u00a0<\/a><\/div><div>\u00a0<\/div><div><b>RADIO FM M\u00c1S\u00a0<br \/><\/b><a href=\"https:\/\/radiofmmas.cl\/dinoamericanos-talquina-lanza-inedito-libro-ilustrado-sobre-dinosaurios-de-latinoamerica\/\">\u201cDinoamericanos\u201d: Talquina Lanza In\u00e9dito Libro Ilustrado sobre Dinosaurios de Latinoam\u00e9rica. Se refiere Jorge Cartes Sanhueza director (s) de la Escuela de Dise\u00f1o y y Jos\u00e9 Ignacio Torres, acad\u00e9mico Escuela de Dise\u00f1o.\u00a0<\/a><b><br \/><\/b><\/div><div>\u00a0<\/div><div><b>CANAL 30 MULTICOM\u00a0<br \/><\/b><a href=\"https:\/\/www.litoralpress.cl\/sitio\/RadioTV_Detalles.cshtml?LPKey=3NGTU3XQ5ZEYOF5KSNJR33J4M6QDOJAQZEQJZIUMSFFSTTMUZSORGSLTYBZAEBNQALJCRQWFH4BGM\">\u00bfC\u00f3mo afecta el clima a nuestra salud mental? e refiere Nadia Ramos Alvarado, directora del Centro de Psicolog\u00eda Aplicada (CEPA).\u202f\u00a0<\/a><b><br \/><\/b><b>\u00a0<\/b><\/div><div><b>RADIO GUAYAC\u00c1N\u00a0<br \/><\/b><a href=\"https:\/\/www.litoralpress.cl\/sitio\/RadioTV_Detalles.cshtml?LPKey=TQAYQEXSIMF72MGLFGDA5JMN5MRQ7VWJ4XTSI4UT6NYHE4CP6625GLRWWZPQ2SVQ2LLZU26QCVHZA\">Probidad en el sector p\u00fablico. Entrevista a Gabriel Celis, director Escuela de derecho campus Santiago. \u00a0<\/a><b><br \/><\/b><b>\u00a0<\/b><\/div><div><b>RADIO FM M\u00c1S<\/b>\u00a0<br \/><a href=\"https:\/\/radiofmmas.cl\/aumentaran-los-precios-de-las-hortalizas-despues-de-las-lluvias-academico-de-utalca-aclara-escenario\/\">Aumentar\u00e1n los Precios de las Hortalizas Despu\u00e9s de las Lluvias? Acad\u00e9mico de UTalca aclara Escenario. Se refiere Pablo Villalobos Mateluna, acad\u00e9mico del Departamento de Econom\u00eda Agraria.<\/a>\u00a0<br \/>\u00a0<\/div><div><b>CIENCIA EN CHILE<\/b>\u00a0<br \/><a href=\"https:\/\/www.cienciaenchile.cl\/galardonado-por-la-excelencia-cientifico-chileno-abre-caminos-en-la-investigacion-del-cancer-gastrico\/\">Galardonado por la Excelencia: Cient\u00edfico Chileno abre caminos en la Investigaci\u00f3n del C\u00e1ncer g\u00e1strico. Se menciona la Universidad de Talca.<\/a><\/div><div>\u00a0<\/div><div><b>EL MAGALLANEWS<\/b>\u00a0<br \/><a href=\"https:\/\/www.elmagallanews.cl\/noticia\/economia\/3-emprendedores-ganan-nada-nos-detiene-maule-y-realizaran-pasantia-en-espana\">3 emprendedores ganan Nada Nos Detiene Maule y realizar\u00e1n pasant\u00eda en Espa\u00f1a. Se menciona la Universidad de Talca.<\/a>\u00a0<br \/><br \/><\/div><div><b>EL NORTERO<\/b>\u00a0<br \/><a href=\"https:\/\/www.elnortero.cl\/noticia\/economia\/3-emprendedores-ganan-nada-nos-detiene-maule-y-realizaran-pasantia-en-espana\">3 emprendedores ganan Nada Nos Detiene Maule y realizar\u00e1n pasant\u00eda en Espa\u00f1a. Se menciona la Universidad de Talca.\u00a0<\/a><br \/><br \/><\/div><div><b>EL REPUERTERO<\/b>\u00a0<br \/><a href=\"https:\/\/www.elrepuertero.cl\/noticia\/economia\/3-emprendedores-ganan-nada-nos-detiene-maule-y-realizaran-pasantia-en-espana\">3 emprendedores ganan Nada Nos Detiene Maule y realizar\u00e1n pasant\u00eda en Espa\u00f1a. Se menciona la Universidad de Talca.\u00a0<\/a><br \/><br \/><\/div><div><b>EL MARTUTINO<\/b>\u00a0<br \/><a href=\"https:\/\/www.elmartutino.cl\/noticia\/economia\/3-emprendedores-ganan-nada-nos-detiene-maule-y-realizaran-pasantia-en-espana\">3 emprendedores ganan Nada Nos Detiene Maule y realizar\u00e1n pasant\u00eda en Espa\u00f1a. Se menciona la Universidad de Talca.\u00a0<\/a><br \/><br \/><\/div><div><b>EL MORROCOTUDO<\/b>\u00a0<br \/><a href=\"https:\/\/www.elmorrocotudo.cl\/noticia\/economia\/3-emprendedores-ganan-nada-nos-detiene-maule-y-realizaran-pasantia-en-espana\">3 emprendedores ganan Nada Nos Detiene Maule y realizar\u00e1n pasant\u00eda en Espa\u00f1a. Se menciona la Universidad de Talca.\u00a0<\/a><br \/><br \/><\/div><div><b>EL RANCAHUASO<\/b>\u00a0<br \/><a href=\"https:\/\/www.elrancahuaso.cl\/noticia\/economia\/3-emprendedores-ganan-nada-nos-detiene-maule-y-realizaran-pasantia-en-espana\">3 emprendedores ganan Nada Nos Detiene Maule y realizar\u00e1n pasant\u00eda en Espa\u00f1a. Se menciona la Universidad de Talca.\u00a0<\/a><\/div><div>\u00a0<\/div><div><b>EL BOYAALD\u00cdA<\/b>\u00a0<br \/><a href=\"https:\/\/www.elboyaldia.cl\/noticia\/economia\/3-emprendedores-ganan-nada-nos-detiene-maule-y-realizaran-pasantia-en-espana\">3 emprendedores ganan Nada Nos Detiene Maule y realizar\u00e1n pasant\u00eda en Espa\u00f1a. Se menciona la Universidad de Talca.\u00a0<\/a><br \/><br \/><\/div><div><b>LA HORA<\/b>\u00a0<br \/><a href=\"https:\/\/lahora.cl\/cronica\/2024\/06\/25\/taller-de-proyectos-en-red-2024-de-universidades-estatales-se-desarrollo-con-exito\/\">Taller de Proyectos en Red 2024 de universidades estatales se desarroll\u00f3 con \u00e9xito. Se menciona la Universidad de Talca.\u00a0<\/a><br \/><br \/><\/div><div><b>UNIVERSIDAD DE CHILE<\/b>\u00a0<br \/><a href=\"https:\/\/uchile.cl\/agenda\/217458\/ciclo-derecho-y-consumo-2024---sesion-4\">Ciclo &#8220;Derecho y consumo&#8221; 2024 &#8211; Sesi\u00f3n 4 Se menciona la Universidad de Talca.\u00a0<\/a><br \/><br \/><\/div><div><b>DIARIO EL CENTRO<\/b>\u00a0<br \/><a href=\"https:\/\/www.diarioelcentro.cl\/2024\/06\/25\/mes-del-orgullo-en-talca-invitan-al-conversatorio-la-diversidad\/\">Mes del Orgullo en Talca: Invitan al conversatorio \u201cLa Diversidad\u201d. Se menciona la Universidad de Talca.\u00a0<\/a><br \/><br \/><\/div><div><b>INGENIEROS.CL<\/b>\u00a0<br \/><a href=\"https:\/\/www.ingenieros.cl\/mas-de-100-asistentes-a-la-jornada-academica-tu-futuro-en-la-ingenieria-organizado-por-el-consejo-zonal-maule-del-colegio-de-ingenieros-de-chile-a-g\/\">M\u00e1s de 100 Asistentes a la Jornada Acad\u00e9mica \u201cTu Futuro en la Ingenier\u00eda\u201d Organizado por el Consejo Zonal Maule del Colegio de Ingenieros de Chile A.G. Se menciona la Universidad de Talca.<\/a>\u00a0<br \/><br \/><\/div><div><b>AM NOTICIAS<\/b>\u00a0<br \/><a href=\"https:\/\/amnoticias.cl\/realizaron-encuentro-informativo-y-capacitacion-de-la-nueva-ley-karin\/\">Realizaron encuentro informativo y capacitaci\u00f3n de la nueva \u201cLeyKarin\u201d Se menciona la Universidad de Talca.\u00a0<\/a><br \/><br \/><\/div><div><b>DIARIO LA MA\u00d1ANA<\/b>\u00a0<br \/><a href=\"https:\/\/xn--diariolamaana-rkb.cl\/2024\/06\/25\/realizaron-encuentro-informativo-y-capacitacion-de-la-nueva-leykarin\/\">Realizaron encuentro informativo y capacitaci\u00f3n de la nueva \u201cLeyKarin\u201d. Se menciona la Universidad de Talca.\u00a0<\/a><br \/><br \/><\/div><div><b>LA PRENSA DE CURIC\u00d3<\/b>\u00a0<br \/><a href=\"https:\/\/www.litoralpress.cl\/paginaconsultas\/Servicios_NClipSitio\/Get_Imagen_Nota.aspx?LPKey=3C55V4DVLAPAWMP7T3YWAUZB4RIY23YREEPMZDVXVS767IXVPG6KDEXYD72UB6KQ3WBS377WTMAWI\">Sucede. Se menciona la Universidad de Talca.\u00a0<\/a><br \/><br \/><\/div><div><b>CANAL TVN RED MAULE<\/b>\u00a0<br \/><a href=\"https:\/\/www.litoralpress.cl\/sitio\/RadioTV_Detalles.cshtml?LPKey=ETBTJEL27I4WA5XZBIWSINFB7MJVY6BD5WE33ATJXRHC6IP6SGXX52D6HDUKEHOYXS6LJVDRNDXYQ\">Ma\u00f1ana se vivir\u00e1 un nuevo s\u00e1bado de Nuga. Se menciona la Universidad de Talca.\u00a0<\/a><br \/><br \/><\/div>\t\t\t\t\t\t<\/div>\n\t\t\t\t<\/div>\n\t\t\t\t\t<\/div>\n\t\t<\/div>\n\t\t\t\t\t\t\t<\/div>\n\t\t<\/section>\n\t\t\t\t\t\t<\/div>\n\t\t\t\t\t<\/div>\n\t\t","protected":false},"excerpt":{"rendered":"<p>EL MOSTRADOR\u00a0C\u00e1ncer infantil: La importancia del diagn\u00f3stico precoz. Se refiere Marcela C\u00f3rdova Aguilera, acad\u00e9mica de la Facultad de Medicina. \u00a0\u00a0MAULE NEWS\u00a0C\u00e1ncer infantil: La importancia del diagn\u00f3stico precoz. Se refiere Marcela C\u00f3rdova Aguilera, acad\u00e9mica de la Facultad de Medicina. \u00a0 HORA DE NOTICIAS\u00a0C\u00e1ncer infantil: La importancia del diagn\u00f3stico precoz. Se refiere Marcela C\u00f3rdova Aguilera, acad\u00e9mica de &hellip;<\/p>\n<p class=\"read-more\"> <a class=\"\" href=\"https:\/\/www.reportedeprensa.utalca.cl\/?p=10072\"> <span class=\"screen-reader-text\">26 de junio de 2024<\/span> Read More &raquo;<\/a><\/p>\n","protected":false},"author":1,"featured_media":0,"comment_status":"closed","ping_status":"open","sticky":false,"template":"","format":"standard","meta":{"_monsterinsights_skip_tracking":false,"_monsterinsights_sitenote_active":false,"_monsterinsights_sitenote_note":"","_monsterinsights_sitenote_category":0},"categories":[49],"tags":[],"_links":{"self":[{"href":"https:\/\/www.reportedeprensa.utalca.cl\/index.php?rest_route=\/wp\/v2\/posts\/10072"}],"collection":[{"href":"https:\/\/www.reportedeprensa.utalca.cl\/index.php?rest_route=\/wp\/v2\/posts"}],"about":[{"href":"https:\/\/www.reportedeprensa.utalca.cl\/index.php?rest_route=\/wp\/v2\/types\/post"}],"author":[{"embeddable":true,"href":"https:\/\/www.reportedeprensa.utalca.cl\/index.php?rest_route=\/wp\/v2\/users\/1"}],"replies":[{"embeddable":true,"href":"https:\/\/www.reportedeprensa.utalca.cl\/index.php?rest_route=%2Fwp%2Fv2%2Fcomments&post=10072"}],"version-history":[{"count":4,"href":"https:\/\/www.reportedeprensa.utalca.cl\/index.php?rest_route=\/wp\/v2\/posts\/10072\/revisions"}],"predecessor-version":[{"id":10077,"href":"https:\/\/www.reportedeprensa.utalca.cl\/index.php?rest_route=\/wp\/v2\/posts\/10072\/revisions\/10077"}],"wp:attachment":[{"href":"https:\/\/www.reportedeprensa.utalca.cl\/index.php?rest_route=%2Fwp%2Fv2%2Fmedia&parent=10072"}],"wp:term":[{"taxonomy":"category","embeddable":true,"href":"https:\/\/www.reportedeprensa.utalca.cl\/index.php?rest_route=%2Fwp%2Fv2%2Fcategories&post=10072"},{"taxonomy":"post_tag","embeddable":true,"href":"https:\/\/www.reportedeprensa.utalca.cl\/index.php?rest_route=%2Fwp%2Fv2%2Ftags&post=10072"}],"curies":[{"name":"wp","href":"https:\/\/api.w.org\/{rel}","templated":true}]}}