{"id":10090,"date":"2024-06-28T11:14:06","date_gmt":"2024-06-28T14:14:06","guid":{"rendered":"https:\/\/www.reportedeprensa.utalca.cl\/?p=10090"},"modified":"2024-06-28T12:44:52","modified_gmt":"2024-06-28T15:44:52","slug":"28-de-junio-de-2024","status":"publish","type":"post","link":"https:\/\/www.reportedeprensa.utalca.cl\/?p=10090","title":{"rendered":"28 de junio de 2024"},"content":{"rendered":"\t\t<div data-elementor-type=\"wp-post\" data-elementor-id=\"10090\" class=\"elementor elementor-10090\" data-elementor-settings=\"[]\">\n\t\t\t\t\t\t\t<div class=\"elementor-section-wrap\">\n\t\t\t\t\t\t\t<section class=\"elementor-section elementor-top-section elementor-element elementor-element-bcea1a8 elementor-section-boxed elementor-section-height-default elementor-section-height-default\" data-id=\"bcea1a8\" data-element_type=\"section\">\n\t\t\t\t\t\t<div class=\"elementor-container elementor-column-gap-default\">\n\t\t\t\t\t<div class=\"elementor-column elementor-col-100 elementor-top-column elementor-element elementor-element-e7183bf\" data-id=\"e7183bf\" data-element_type=\"column\">\n\t\t\t<div class=\"elementor-widget-wrap elementor-element-populated\">\n\t\t\t\t\t\t\t\t<div class=\"elementor-element elementor-element-58d7315 elementor-widget elementor-widget-text-editor\" data-id=\"58d7315\" data-element_type=\"widget\" data-widget_type=\"text-editor.default\">\n\t\t\t\t<div class=\"elementor-widget-container\">\n\t\t\t\t\t\t\t\t<div class=\"wnVEW\"><div class=\"Yy5or GNqVo allowTextSelection OuGoX\" tabindex=\"-1\" aria-label=\"Cuerpo del mensaje\"><div dir=\"ltr\"><div><b>CANAL CNN CHILE\u00a0<\/b><\/div><div><a href=\"https:\/\/www.litoralpress.cl\/sitio\/RadioTV_Detalles.cshtml?LPKey=7IMUZBCA7Q7PLZJLOJSGVS5NPPTKO6ZT3OHZUX2EKBG6UPQZBXHRYZ7UUHZGUU5OPSIZGW4C2ZQWI\">Impacto del Sistema Frontal &#8211; Fen\u00f3meno La Ni\u00f1a. Entrevista en estudio a Patricio Gonz\u00e1lez Colville, agroclimat\u00f3logo y acad\u00e9mico del Centro de Investigaci\u00f3n y Transferencia en Riego y Agroclimatolog\u00eda (CITRA).\u202f\u202f\u202f<\/a><b><br \/><\/b><\/div><div>\u00a0<\/div><div><b>EL MOSTRADOR<\/b>\u00a0<br \/><a href=\"https:\/\/www.elmostrador.cl\/agenda-pais\/agenda-sustentable\/2024\/06\/27\/agroclimatologo-alerta-sobre-heladas-intensas-y-extensas-por-fenomeno-de-la-nina\/\">Agroclimat\u00f3logo alerta sobre heladas intensas y extensas por Fen\u00f3meno de La Ni\u00f1a. Se refiere Patricio Gonz\u00e1lez Colville, agroclimat\u00f3logo y acad\u00e9mico del Centro de Investigaci\u00f3n y Transferencia en Riego y Agroclimatolog\u00eda (CITRA).<\/a>\u202f\u202f\u202f\u00a0<br \/><br \/><\/div><div><b>EL LECTOR<\/b>\u00a0<br \/><a href=\"https:\/\/www.litoralpress.cl\/paginaconsultas\/Servicios_NClipSitio\/Get_Imagen_Nota.aspx?LPKey=5FGNZ35FTC6UB4UQUSNI5JEDLQNNWGD4AU3B6DICLRPW5RDDC7WUPQGPE7PD7ZGL7LOUBK2EXJ4KI\">Agroclimat\u00f3logo alert\u00f3 sobre heladas intensas y extensas por Fen\u00f3meno de la Ni\u00f1a. Se refiere Patricio Gonz\u00e1lez Colville, agroclimat\u00f3logo y acad\u00e9mico del Centro de Investigaci\u00f3n y Transferencia en Riego y Agroclimatolog\u00eda (CITRA).\u202f\u202f\u202f\u00a0<\/a><br \/><br \/><\/div><div><b>LA DISCUSI\u00d3N<\/b>\u00a0<br \/><a href=\"https:\/\/www.litoralpress.cl\/paginaconsultas\/Servicios_NClipSitio\/Get_Imagen_Nota.aspx?LPKey=CC3AY5POZNEXSXZVDPFZ67GKSF4F47SFFVYYHWJBVYTWIZVZYBI6DZJE2MWFZWPSTN2RZZAHSYSPE\">Probables heladas &#8220;intensas y extensas&#8221; hasta octubre. Se refiere Patricio Gonz\u00e1lez Colville, agroclimat\u00f3logo y acad\u00e9mico del Centro de Investigaci\u00f3n y Transferencia en Riego y Agroclimatolog\u00eda (CITRA).\u202f<\/a>\u202f\u202f\u00a0<br \/><br \/><\/div><div><b>LA PRENSA DE CURIC\u00d3<\/b>\u00a0<br \/><a href=\"https:\/\/www.litoralpress.cl\/paginaconsultas\/Servicios_NClipSitio\/Get_Imagen_Nota.aspx?LPKey=ICIDWJ63IWW3H7SJJJSHEXLADQMMUWN47H3FSQ4WP6BKUPEMLJO7WQUQI5IW3UVFB54HW4FQRRTH6\">Alertan sobre heladas intensas y extensas por fen\u00f3meno de La Ni\u00f1a Se refiere Patricio Gonz\u00e1lez Colville, agroclimat\u00f3logo y acad\u00e9mico del Centro de Investigaci\u00f3n y Transferencia en Riego y Agroclimatolog\u00eda (CITRA).\u202f\u202f\u202f\u00a0<\/a><br \/><br \/><\/div><div><b>CANAL ANTOFAGASTA<\/b>\u00a0<br \/><a href=\"https:\/\/www.litoralpress.cl\/sitio\/RadioTV_Detalles.cshtml?LPKey=KALPHXXGELZU7VFFM7J7HLIVSTETSH3ZUTBTYVWB7KLJHZZ4EWHPM5GPZBS76MI4YJXH3F4MYQNFM\">Bajas temperaturas azotan la zona centro sur. Se refiere Patricio Gonz\u00e1lez Colville, agroclimat\u00f3logo y acad\u00e9mico del Centro de Investigaci\u00f3n y Transferencia en Riego y Agroclimatolog\u00eda (CITRA).\u202f\u202f\u202f<\/a>\u00a0<br \/><br \/><\/div><div><b>PUBLIMICRO<\/b>\u00a0<br \/><a href=\"https:\/\/publimicro.cl\/agroclimatologo-de-la-universidad-de-talca-alerta-sobre-heladas-intensas-y-extensas-que-llegaran-al-pais-por-fenomeno-de-la-nina\/\">Agroclimat\u00f3logo de la Universidad de Talca, alerta sobre heladas intensas y extensas que llegar\u00e1n al pa\u00eds por Fen\u00f3meno de La Ni\u00f1a. Se refiere Patricio Gonz\u00e1lez Colville, agroclimat\u00f3logo y acad\u00e9mico del Centro de Investigaci\u00f3n y Transferencia en Riego y Agroclimatolog\u00eda (CITRA).\u202f\u202f\u202f\u00a0<\/a><br \/><br \/><\/div><div><b>DIARIO LA PRENSA<\/b>\u00a0<br \/><a href=\"https:\/\/new.diariolaprensa.cl\/index.php\/2024\/06\/27\/alertan-sobre-heladas-intensas-y-extensas-por-fenomeno-de-la-nina\/\">Alertan sobre heladas intensas y extensas por fen\u00f3meno de La Ni\u00f1a. Se refiere Patricio Gonz\u00e1lez Colville, agroclimat\u00f3logo y acad\u00e9mico del Centro de Investigaci\u00f3n y Transferencia en Riego y Agroclimatolog\u00eda (CITRA).\u202f\u202f\u202f\u00a0<\/a><br \/><br \/><\/div><div><b>LA PRENSA AUSTRAL<\/b>\u00a0<br \/><a href=\"https:\/\/laprensaaustral.cl\/2024\/06\/27\/probables-heladas-intensas-y-extensas-hasta-octubre-por-culpa-del-fenomeno-de-la-nina\/\">Probables heladas \u201cintensas y extensas\u201d hasta octubre por culpa del fen\u00f3meno de La Ni\u00f1a. Se refiere Patricio Gonz\u00e1lez Colville, agroclimat\u00f3logo y acad\u00e9mico del Centro de Investigaci\u00f3n y Transferencia en Riego y Agroclimatolog\u00eda (CITRA).\u202f\u202f\u202f\u00a0<\/a><br \/><br \/><\/div><div><b>LA TERCERA ONLINE\u00a0<\/b><\/div><div><a href=\"https:\/\/www.latercera.com\/tendencias\/noticia\/megasequia-aculeo-penuelas-y-otras-lagunas-reviven-tras-intensas-lluvias-pero-expertos-lanzan-advertencia\/FDCSS6TASRAFREH3K3PI7IXVVY\/\">Megasequ\u00eda: Aculeo, Pe\u00f1uelas y otras lagunas reviven tras intensas lluvias, pero expertos lanzan advertencia. Se refiere Patricio Gonz\u00e1lez Colville, agroclimat\u00f3logo y acad\u00e9mico del Centro de Investigaci\u00f3n y Transferencia en Riego y Agroclimatolog\u00eda (CITRA).\u202f\u202f\u202f\u00a0<\/a><b><br \/><\/b><\/div><div>\u00a0<\/div><div><b>RADIO CRISTALINA<\/b>\u00a0<br \/><a href=\"https:\/\/radiocristalina.cl\/agroclimatologo-alerto-sobre-heladas-intensas-y-extensas-por-fenomeno-de-la-nina\/\">Agroclimat\u00f3logo alert\u00f3 sobre heladas intensas y extensas por Fen\u00f3meno de La Ni\u00f1a.\u00a0<\/a><br \/><a href=\"https:\/\/radiocristalina.cl\/agroclimatologo-alerto-sobre-heladas-intensas-y-extensas-por-fenomeno-de-la-nina\/\">Se refiere Patricio Gonz\u00e1lez Colville, agroclimat\u00f3logo y acad\u00e9mico del Centro de Investigaci\u00f3n y Transferencia en Riego y Agroclimatolog\u00eda (CITRA).\u202f\u202f\u202f\u00a0<\/a><\/div><div>\u00a0<\/div><div><b>DE MAR A CORDILLERA<\/b>\u00a0<br \/><a href=\"https:\/\/demaracordilleratv.cl\/2024\/06\/27\/alertan-sobre-intensas-y-extensas-heladas-tras-el-arribo-del-fenomeno-de-la-nina\/\">Alertan sobre intensas y extensas heladas tras el arribo del Fen\u00f3meno de La Ni\u00f1a. Se refiere Patricio Gonz\u00e1lez Colville, agroclimat\u00f3logo y acad\u00e9mico del Centro de Investigaci\u00f3n y Transferencia en Riego y Agroclimatolog\u00eda (CITRA).\u202f\u202f\u202f\u00a0<\/a><br \/><br \/><\/div><div><b>SAN CARLOS ONLINE<\/b>\u00a0<br \/><a href=\"https:\/\/www.sancarlosonline.cl\/2024\/06\/chile-agroclimatologo-alerta-sobre.html\">Chile: Agroclimat\u00f3logo alerta sobre heladas intensas y extensas. Se refiere Patricio Gonz\u00e1lez Colville, agroclimat\u00f3logo y acad\u00e9mico del Centro de Investigaci\u00f3n y Transferencia en Riego y Agroclimatolog\u00eda (CITRA).\u202f\u202f\u202f\u00a0<\/a><br \/><br \/><\/div><div><b>RADIO LAUTARO<\/b>\u00a0<br \/><a href=\"https:\/\/radiolautarotalca.cl\/zona-centro-sur-podria-tener-heladas-hasta-el-2030\/\">Zona centro sur podr\u00eda tener heladas hasta el 2030. Se refiere Patricio Gonz\u00e1lez Colville, agroclimat\u00f3logo y acad\u00e9mico del Centro de Investigaci\u00f3n y Transferencia en Riego y Agroclimatolog\u00eda (CITRA).\u202f\u202f\u202f<\/a>\u00a0<br \/><br \/><\/div><div><b>DIARIO TALCA<\/b>\u00a0<br \/><a href=\"https:\/\/diariotalca.cl\/agroclimatologo-alerto-sobre-heladas-intensas-y-extensas-por-fenomeno-de-la-nina\/\">Agroclimat\u00f3logo alert\u00f3 sobre heladas intensas y extensas por fen\u00f3meno de La Ni\u00f1a. Se refiere Patricio Gonz\u00e1lez Colville, agroclimat\u00f3logo y acad\u00e9mico del Centro de Investigaci\u00f3n y Transferencia en Riego y Agroclimatolog\u00eda (CITRA).\u202f\u202f\u202f\u00a0<\/a><br \/><br \/><\/div><div><b>CANAL 13 &#8211;\u00a0 TELETRECE<\/b>\u00a0<br \/><a href=\"https:\/\/www.t13.cl\/noticia\/nacional\/aculeo-penuelas-tras-las-lluvias-mira-antes-despues-estas-fotos-27-6-2024\">Aculeo y Pe\u00f1uelas tras las lluvias: Mira el ANTES y DESPU\u00c9S en estas fotos. Se refiere Patricio Gonz\u00e1lez Colville, agroclimat\u00f3logo y acad\u00e9mico del Centro de Investigaci\u00f3n y Transferencia en Riego y Agroclimatolog\u00eda (CITRA).\u202f\u202f\u202f\u00a0<\/a><br \/><br \/><\/div><div><b>DIARIO FRUT\u00cdCOLA<\/b>\u00a0<br \/><a href=\"https:\/\/www.diariofruticola.cl\/noticia\/ag-tips\/2024\/06\/zona-central-las-masas-de-aire-polar-llegaran-con-intensas-heladas\">Zona central: Las masas de aire polar llegar\u00e1n con intensas heladas. Se refiere Patricio Gonz\u00e1lez Colville, agroclimat\u00f3logo y acad\u00e9mico del Centro de Investigaci\u00f3n y Transferencia en Riego y Agroclimatolog\u00eda (CITRA).\u202f\u202f\u202f\u00a0<\/a><br \/><a id=\"OWA191919bf-77cb-db14-be4f-cdb6ad536d91\" href=\"https:\/\/www.diariofruticola.cl\/noticia\/ag-tips\/2024\/06\/zona-central-las-masas-de-aire-polar-llegaran-con-intensas-heladas\" rel=\"noopener noreferrer\" data-auth=\"NotApplicable\" data-linkindex=\"16\"><\/a> \u00a0<\/div><div><b>MUNDO AGRO<\/b>\u00a0<br \/><a href=\"https:\/\/mundoagro.cl\/expertos-alertan-sobre-consecuencias-de-temporales-y-heladas-intensas-en-el-agro\/\">Expertos alertan sobre consecuencias de temporales y heladas intensas en el agro. Se refiere Patricio Gonz\u00e1lez Colville, agroclimat\u00f3logo y acad\u00e9mico del Centro de Investigaci\u00f3n y Transferencia en Riego y Agroclimatolog\u00eda (CITRA).\u202f\u202f\u202f\u00a0<\/a><br \/><br \/><\/div><div><b>MEDIABANCO\u00a0<br \/><\/b><a href=\"https:\/\/www.mediabanco.com\/ser-docente-como-segundo-titulo-un-aporte-al-deficit-de-profesores-en-chile\/\">Ser docente como segundo t\u00edtulo: Un aporte al d\u00e9ficit de profesores en Chile. Se refiere Mauricio V\u00e9liz Campos, decano de la Facultad de Ciencias de la Educaci\u00f3n.\u00a0<\/a><b><br \/><\/b><\/div><div>\u00a0<\/div><div><b>AD PRENSA<\/b>\u00a0<br \/><a href=\"https:\/\/www.adprensa.cl\/cronica\/ser-docente-como-segundo-titulo-un-aporte-al-deficit-de-profesores-en-chile\/\">Ser docente como segundo t\u00edtulo: Un aporte al d\u00e9ficit de profesores en Chile. Se refiere Mauricio V\u00e9liz Campos, decano de la Facultad de Ciencias de la Educaci\u00f3n.\u00a0<\/a><\/div><div>\u00a0<\/div><div><b>CIENCIA Y SALUD\u00a0<br \/><\/b><a href=\"https:\/\/cienciaysalud.cl\/2024\/06\/27\/cancer-infantil-el-principal-desafio-es-mejorar-el-diagnostico-precoz\/\">C\u00e1ncer infantil: el principal desaf\u00edo es mejorar el <\/a><a href=\"https:\/\/cienciaysalud.cl\/2024\/06\/27\/cancer-infantil-el-principal-desafio-es-mejorar-el-diagnostico-precoz\/\">diagn\u00f3stico precoz. Se refiere Marcela C\u00f3rdova Aguilera, acad\u00e9mica de la Facultad de Medicina.\u00a0<\/a><\/div><div>\u00a0<\/div><div><b>CANAL TVN RED MAULE<br \/><\/b><a href=\"https:\/\/www.litoralpress.cl\/sitio\/RadioTV_Detalles.cshtml?LPKey=DOEXDNKDKDDBJTXGKGJ6JLIUN7RVUIATFP2AWEF6KTSO6IL4CMWAJN45W4LQRQ3MSCX5SVVKCUT5U\">R\u00edo Mataquito da\u00f1\u00f3 producciones: Agricultores piden encauzamiento. Se refiere Pablo Villalobos Mateluna, acad\u00e9mico del Departamento de Econom\u00eda Agraria.\u00a0<\/a><b><br \/><\/b><\/div><div><b><br \/>LA PRENSA DE CURIC\u00d3\u00a0<br \/><\/b><a href=\"https:\/\/www.litoralpress.cl\/paginaconsultas\/Servicios_NClipSitio\/Get_Imagen_Nota.aspx?LPKey=OFGT6NIU6R5ZA6EFSDBU6WXM74OBXD6VELC7J7KBENDFNHUNR4DB5YQFJSNABC3E3AJAT6VMUZIEW\">Envejecer saludablemente: Actividad f\u00edsica se transforma en una herramienta indispensable. Se refiere Jessica Espinoza, acad\u00e9mica de la Escuela de Kinesiolog\u00eda de la Universidad de Talca e investigadora del Centro Interuniversitario de Envejecimiento Saludable (CIES).\u00a0<\/a><b><br \/><\/b><b><a id=\"OWA258f02fc-c8fd-02eb-4aa9-64005fba4676\" href=\"https:\/\/www.litoralpress.cl\/paginaconsultas\/Servicios_NClipSitio\/Get_Imagen_Nota.aspx?LPKey=OFGT6NIU6R5ZA6EFSDBU6WXM74OBXD6VELC7J7KBENDFNHUNR4DB5YQFJSNABC3E3AJAT6VMUZIEW\" rel=\"noopener noreferrer\" data-auth=\"NotApplicable\" data-linkindex=\"22\"><\/a><\/b><b>\u00a0<\/b><\/div><div><b>DIARIO LA PRENSA<\/b>\u00a0<br \/><a href=\"https:\/\/new.diariolaprensa.cl\/index.php\/2024\/06\/27\/envejecer-saludablemente-actividad-fisica-se-transforma-en-una-herramienta-indispensable\/\">Envejecer saludablemente: Actividad f\u00edsica se transforma en una herramienta indispensable. Se refiere Jessica Espinoza, acad\u00e9mica de la Escuela de Kinesiolog\u00eda de la Universidad de Talca e investigadora del Centro Interuniversitario de Envejecimiento Saludable (CIES).\u00a0<\/a><\/div><div>\u00a0<\/div><div><b>LAS \u00daLTIMAS NOTICIAS<\/b><\/div><div><a href=\"https:\/\/www.litoralpress.cl\/paginaconsultas\/Servicios_NClipSitio\/Get_Imagen_Nota.aspx?LPKey=JGESLB6DTS5FFTE7B7YTI2YJBEA7MUSNPCCO26MLOZ35Z4XSSTGVL53WJIQXYNHNGOJNJKLRZA3D6\">Nieve ca\u00edda frente a Santiago ya super\u00f3 el total de un a\u00f1o normal. Se refiere Roberto Pizarro Tapia, acad\u00e9mico de la C\u00e1tedra Unesco en Hidrolog\u00eda en Superficie.<\/a><\/div><div>\u00a0<\/div><div><b>PORTAL INNOVA\u00a0<br \/><\/b><a href=\"https:\/\/portalinnova.cl\/como-es-el-acceso-de-mujeres-a-productos-financieros-en-el-maule\/\">\u00bfC\u00f3mo es el acceso de mujeres a productos financieros en el Maule? Se refiere Andrea Betancor Cazenave, acad\u00e9mica de la Facultad de Econom\u00eda y Negocios.\u00a0<\/a><\/div><div>\u00a0<\/div><div><b>DIARIO EL HERALDO \u00a0<br \/><\/b><a href=\"https:\/\/www.litoralpress.cl\/paginaconsultas\/Servicios_NClipSitio\/Get_Imagen_Nota.aspx?LPKey=KFQTNIUT34X65QIVSRVJVOVHKOQJBKUIRWVZD2BT5EYG4GDAXPSJM4JZEM65QSIYUF747GH6ASSL6\">Aprender jugando: Escolares participaron de did\u00e1cticas actividades en ingl\u00e9s. Se refiere Lorena Alaluf Gonz\u00e1lez, Jefa de Carrera de Pedagog\u00eda en Educaci\u00f3n General B\u00e1sica, menci\u00f3n Ingl\u00e9s.\u202f\u00a0<\/a><b><br \/><\/b><\/div><div>\u00a0<\/div><div><b>EL MOSTRADOR\u00a0<br \/><\/b><a href=\"https:\/\/www.elmostrador.cl\/cultura\/agenda\/2024\/06\/27\/muestra-entre-amigos-en-talca\/\">Muestra \u201cEntre amigos\u201d en Talca. Se refiere Marcela Albornoz Dachelet, directora de Extensi\u00f3n Cultural-Art\u00edstica.\u202f\u00a0<\/a><b><br \/><\/b><\/div><\/div><\/div><div class=\"g4Y3U\">\u00a0<\/div><\/div><div class=\"wnVEW\"><div class=\"T31hC GNqVo allowTextSelection OuGoX\" tabindex=\"-1\" aria-label=\"Cuerpo del mensaje\"><div dir=\"ltr\"><div><b>EMOL<\/b>\u00a0<br \/><a href=\"https:\/\/www.emol.com\/noticias\/Nacional\/2024\/06\/27\/1134912\/hassler-campana-santiago-criticas-reeleccion.html\">Video con carabineros, gift cards y show musical: El cuestionado despliegue con &#8216;tintes de campa\u00f1a&#8217; de Hassler (PC). Se refiere Mauricio Morales Quiroga, director del Centro de An\u00e1lisis Pol\u00edtico (CAP-UTalca)\u00a0<\/a><\/div><div>\u00a0<\/div><div><b>EL MERCURIO<\/b>\u00a0<br \/><a href=\"https:\/\/www.litoralpress.cl\/paginaconsultas\/Servicios_NClipSitio\/Get_Imagen_Nota.aspx?LPKey=6PPCODWLV3V3BO7U7YL6KMRYYFL6KHT67WTSW64HOCOKT4ESTXHCGUNF6NMFIN2RH4COGLREILWD2\">Leturia por uso de polic\u00edas en video con cariz de campa\u00f1a de Hassler: \u201cLa gente sabe lo que es correcto y lo que no\u201d. Se refiere Mauricio Morales Quiroga, director del Centro de An\u00e1lisis Pol\u00edtico (CAP-UTalca).\u00a0<\/a><br \/><br \/><\/div><div><b>RADIO INFINITA<\/b>\u00a0<br \/><a href=\"https:\/\/www.litoralpress.cl\/sitio\/RadioTV_Detalles.cshtml?LPKey=EFEKN32W5KHB5IWCMO2TR5NOBLGIOBFAVIECHQAVVRKFZCPXFV43Z3JHZLDFJWBYOTHN7DG6M6JCG\">Comentario de pol\u00edtica de Mauricio Morales, director del Centro de An\u00e1lisis Pol\u00edtico (CAP).\u00a0<\/a><br \/><br \/><b>ADN RADIO<\/b>\u00a0<br \/><a href=\"https:\/\/www.adnradio.cl\/2024\/06\/27\/quien-es-la-nueva-presidenta-del-tribunal-constitucional-que-sucedera-a-nancy-yanez\/\">Qui\u00e9n es la nueva presidenta del Tribunal Constitucional que suceder\u00e1 a Nancy Y\u00e1\u00f1ez. Se menciona la Universidad de Talca.\u00a0<\/a><\/div><div>\u00a0<\/div><div><b>LA TERCERA ONLINE<\/b>\u00a0<br \/><a href=\"https:\/\/www.latercera.com\/nacional\/noticia\/daniela-marzi-sucedera-a-nancy-yanez-como-presidenta-del-tc\/OG73OVNKC5FB5OZPZP2K7I6JSQ\/\">Daniela Marzi suceder\u00e1 a Nancy Y\u00e1\u00f1ez como presidenta del TC. Se menciona la Universidad de Talca.\u00a0<\/a><br \/><br \/><\/div><div><b>EL MOSTRADOR<\/b>\u00a0<br \/><a href=\"https:\/\/www.elmostrador.cl\/noticias\/pais\/2024\/06\/27\/cercana-al-oficialismo-y-feminista-daniela-marzi-sucedera-a-nancy-yanez-en-la-presidencia-del-tc\/\">Cercana al oficialismo y feminista: Daniela Marzi suceder\u00e1 a Nancy Y\u00e1\u00f1ez en la presidencia del TC. Se menciona la Universidad de Talca.<\/a>\u00a0<br \/><br \/><\/div><div><b>EL MERCURIO LEGAL<\/b>\u00a0<br \/><a href=\"https:\/\/www.elmercurio.com\/legal\/Registro\/Login.aspx?urlBack=\/Legal\/Noticias\/Noticias-y-reportajes\/2024\/06\/27\/913905\/nuevo-asociado-puga-ortiz.aspx\">Experto en Recursos Naturales se integra a Puga Ortiz. Se menciona la Universidad de Talca.\u00a0<\/a><br \/><br \/><\/div><div><b>LA PRENSA DE CURIC\u00d3<\/b>\u00a0<br \/><a href=\"https:\/\/www.litoralpress.cl\/paginaconsultas\/Servicios_NClipSitio\/Get_Imagen_Nota.aspx?LPKey=P5JCWKX2GLWKXL2OPGA3A7HSYROSNUWC7GTBI3MRWIPQOJR57S47SZL5ZTDZWXZXRSCR3YAYXKDWW\">Sucede. Se menciona la Universidad de Talca. \u00a0<\/a><br \/><br \/><\/div><\/div><\/div><\/div>\t\t\t\t\t\t<\/div>\n\t\t\t\t<\/div>\n\t\t\t\t\t<\/div>\n\t\t<\/div>\n\t\t\t\t\t\t\t<\/div>\n\t\t<\/section>\n\t\t\t\t\t\t<\/div>\n\t\t\t\t\t<\/div>\n\t\t","protected":false},"excerpt":{"rendered":"<p>CANAL CNN CHILE\u00a0Impacto del Sistema Frontal &#8211; Fen\u00f3meno La Ni\u00f1a. Entrevista en estudio a Patricio Gonz\u00e1lez Colville, agroclimat\u00f3logo y acad\u00e9mico del Centro de Investigaci\u00f3n y Transferencia en Riego y Agroclimatolog\u00eda (CITRA).\u202f\u202f\u202f\u00a0EL MOSTRADOR\u00a0Agroclimat\u00f3logo alerta sobre heladas intensas y extensas por Fen\u00f3meno de La Ni\u00f1a. Se refiere Patricio Gonz\u00e1lez Colville, agroclimat\u00f3logo y acad\u00e9mico del Centro de Investigaci\u00f3n &hellip;<\/p>\n<p class=\"read-more\"> <a class=\"\" href=\"https:\/\/www.reportedeprensa.utalca.cl\/?p=10090\"> <span class=\"screen-reader-text\">28 de junio de 2024<\/span> Read More &raquo;<\/a><\/p>\n","protected":false},"author":1,"featured_media":0,"comment_status":"closed","ping_status":"open","sticky":false,"template":"","format":"standard","meta":{"_monsterinsights_skip_tracking":false,"_monsterinsights_sitenote_active":false,"_monsterinsights_sitenote_note":"","_monsterinsights_sitenote_category":0},"categories":[49],"tags":[],"_links":{"self":[{"href":"https:\/\/www.reportedeprensa.utalca.cl\/index.php?rest_route=\/wp\/v2\/posts\/10090"}],"collection":[{"href":"https:\/\/www.reportedeprensa.utalca.cl\/index.php?rest_route=\/wp\/v2\/posts"}],"about":[{"href":"https:\/\/www.reportedeprensa.utalca.cl\/index.php?rest_route=\/wp\/v2\/types\/post"}],"author":[{"embeddable":true,"href":"https:\/\/www.reportedeprensa.utalca.cl\/index.php?rest_route=\/wp\/v2\/users\/1"}],"replies":[{"embeddable":true,"href":"https:\/\/www.reportedeprensa.utalca.cl\/index.php?rest_route=%2Fwp%2Fv2%2Fcomments&post=10090"}],"version-history":[{"count":4,"href":"https:\/\/www.reportedeprensa.utalca.cl\/index.php?rest_route=\/wp\/v2\/posts\/10090\/revisions"}],"predecessor-version":[{"id":10095,"href":"https:\/\/www.reportedeprensa.utalca.cl\/index.php?rest_route=\/wp\/v2\/posts\/10090\/revisions\/10095"}],"wp:attachment":[{"href":"https:\/\/www.reportedeprensa.utalca.cl\/index.php?rest_route=%2Fwp%2Fv2%2Fmedia&parent=10090"}],"wp:term":[{"taxonomy":"category","embeddable":true,"href":"https:\/\/www.reportedeprensa.utalca.cl\/index.php?rest_route=%2Fwp%2Fv2%2Fcategories&post=10090"},{"taxonomy":"post_tag","embeddable":true,"href":"https:\/\/www.reportedeprensa.utalca.cl\/index.php?rest_route=%2Fwp%2Fv2%2Ftags&post=10090"}],"curies":[{"name":"wp","href":"https:\/\/api.w.org\/{rel}","templated":true}]}}