{"id":10099,"date":"2024-07-01T11:55:39","date_gmt":"2024-07-01T14:55:39","guid":{"rendered":"https:\/\/www.reportedeprensa.utalca.cl\/?p=10099"},"modified":"2024-07-01T12:09:13","modified_gmt":"2024-07-01T15:09:13","slug":"01-de-julio-de-2024","status":"publish","type":"post","link":"https:\/\/www.reportedeprensa.utalca.cl\/?p=10099","title":{"rendered":"01 de julio de 2024"},"content":{"rendered":"\t\t<div data-elementor-type=\"wp-post\" data-elementor-id=\"10099\" class=\"elementor elementor-10099\" data-elementor-settings=\"[]\">\n\t\t\t\t\t\t\t<div class=\"elementor-section-wrap\">\n\t\t\t\t\t\t\t<section class=\"elementor-section elementor-top-section elementor-element elementor-element-bcea1a8 elementor-section-boxed elementor-section-height-default elementor-section-height-default\" data-id=\"bcea1a8\" data-element_type=\"section\">\n\t\t\t\t\t\t<div class=\"elementor-container elementor-column-gap-default\">\n\t\t\t\t\t<div class=\"elementor-column elementor-col-100 elementor-top-column elementor-element elementor-element-e7183bf\" data-id=\"e7183bf\" data-element_type=\"column\">\n\t\t\t<div class=\"elementor-widget-wrap elementor-element-populated\">\n\t\t\t\t\t\t\t\t<div class=\"elementor-element elementor-element-58d7315 elementor-widget elementor-widget-text-editor\" data-id=\"58d7315\" data-element_type=\"widget\" data-widget_type=\"text-editor.default\">\n\t\t\t\t<div class=\"elementor-widget-container\">\n\t\t\t\t\t\t\t\t<div class=\"wnVEW\"><div class=\"Yy5or GNqVo allowTextSelection OuGoX\" tabindex=\"-1\" aria-label=\"Cuerpo del mensaje\"><div dir=\"ltr\"><div><b>EL MOSTRADOR\u00a0<br \/><\/b><a href=\"https:\/\/www.elmostrador.cl\/agenda-pais\/educacion\/2024\/06\/28\/ser-docente-como-segundo-titulo-un-aporte-al-deficit-de-profesores-en-chile\/\">Ser docente como segundo t\u00edtulo: Un aporte al d\u00e9ficit de profesores en Chile. Se refiere Mauricio V\u00e9liz Campos, decano de la Facultad de Ciencias de la Educaci\u00f3n.<\/a><b><br \/><\/b><\/div><div>\u00a0<\/div><div><strong>MAULE HOY\u00a0<\/strong><br \/><a href=\"https:\/\/maulehoy.cl\/2024\/06\/28\/ser-docente-como-segundo-titulo-un-aporte-al-deficit-de-profesores-en-chile\/\">Ser docente como segundo t\u00edtulo: Un aporte al d\u00e9ficit de profesores en Chile. . Se refiere Mauricio V\u00e9liz Campos, decano de la Facultad de Ciencias de la Educaci\u00f3n.\u00a0<\/a><\/div><div>\u00a0<\/div><div><strong>EL LECTOR\u00a0<\/strong><br \/><a href=\"https:\/\/www.litoralpress.cl\/sitio\/Prensa_Detalles.cshtml?LPKey=ETA3AETIWRGYAA2SQVCWU55D55BYLQ5TVHS3FVHBLR434KISH7QA\">Ser docente como segundo t\u00edtulo: Un aporte al d\u00e9ficit de profesores en Chile. Se refiere Mauricio V\u00e9liz, decano Facultad de Ciencias de la Educaci\u00f3n. \u00a0<\/a><br \/><u><a id=\"OWAaff3551b-19b0-4fd3-605e-3801d5fd5020\" href=\"https:\/\/www.litoralpress.cl\/sitio\/Prensa_Detalles.cshtml?LPKey=ETA3AETIWRGYAA2SQVCWU55D55BYLQ5TVHS3FVHBLR434KISH7QA\" rel=\"noopener noreferrer\" data-auth=\"NotApplicable\" data-linkindex=\"2\"><\/a><\/u><b><\/b><\/div><div>\u00a0<\/div><div><b>PURA NOTICIA CHILE\u00a0<\/b><\/div><div><a href=\"https:\/\/puranoticia.pnt.cl\/regiones\/rector-de-la-u-de-valparaiso-fue-reelegido-como-presidente-del\">Rector de la U. de Valpara\u00edso fue reelegido como presidente del Consorcio de Universidades del Estado de Chile. Se refiere Carlos Torres Fuchslocher, rector. \u00a0<\/a><\/div><div>\u00a0<\/div><div><b>EL MERCURIO\u00a0<br \/><\/b><a href=\"https:\/\/www.litoralpress.cl\/sitio\/Prensa_Detalles.cshtml?LPKey=SC4XMCNHE3ELX7GSHFE3ZFS6HB2XRWUBURKSWNNZF232FV76PL3Q\">\u201cUn museo nacional debe representar nuestra historia del arte\u201d. Se refiere Pedro Zamorano, director del Instituto de Estudios Human\u00edsticos Juan Ignacio Molina.\u00a0<\/a><b><br \/><\/b><\/div><div>\u00a0<\/div><div><b>TVN \u2013 REPORTE AGR\u00cdCOLA\u00a0<br \/><\/b><a href=\"https:\/\/www.litoralpress.cl\/sitio\/RadioTV_Detalles.cshtml?LPKey=O2JU4Y4P2B7EYTSTL6JR7NAIUWD6RZBZE2FDOKVFL2ODZVF6Y25MLODIINXJMT7CYQRS42SCXPCBE\">Investigadores de Universidad de Talca desarrollaron un microdispositivos para detectar presencia de agrot\u00f3xicos. Se refiere Jessica Z\u00fa\u00f1iga, investigadora laboratorio de Farmacolog\u00eda. \u00a0<\/a><\/div><div>\u00a0<\/div><div><b>EL LECTOR\u00a0<br \/><\/b><a href=\"https:\/\/www.litoralpress.cl\/paginaconsultas\/Servicios_NClipSitio\/Get_Imagen_Nota.aspx?LPKey=4JBB5WOSMYXKTP4WA5CLDW57RRDP54B4W7PRCZL55APYNACFTRIMIFOQIMHP4YEW722YB67A2QCMO\">SENCE Maule se vincula con estudiantes de la Universidad de Talca. Se refiere Fernando Soto Ram\u00edrez, director de la Escuela de Ciencia Pol\u00edtica y Administraci\u00f3n P\u00fablica.\u00a0<\/a><\/div><div><b><u><a id=\"OWA3603b354-8fac-661f-f1b1-6c0382d26e1c\" href=\"https:\/\/www.litoralpress.cl\/paginaconsultas\/Servicios_NClipSitio\/Get_Imagen_Nota.aspx?LPKey=4JBB5WOSMYXKTP4WA5CLDW57RRDP54B4W7PRCZL55APYNACFTRIMIFOQIMHP4YEW722YB67A2QCMO\" rel=\"noopener noreferrer\" data-auth=\"NotApplicable\" data-linkindex=\"6\"><\/a><\/u><\/b><b>\u00a0<\/b><\/div><div><b>EL MAULE INFORMA<\/b>\u00a0<br \/><a href=\"https:\/\/elmauleinforma.cl\/sence-maule-se-vincula-con-jovenes-de-la-universidad-de-talca\/\">Sence Maule se vincula con j\u00f3venes de la Universidad de Talca. Se refiere Fernando Soto Ram\u00edrez, director de la Escuela de Ciencia Pol\u00edtica y Administraci\u00f3n P\u00fablica.\u00a0<\/a><\/div><div>\u00a0<\/div><div><b>DIARIO EL CENTRO<\/b>\u00a0<br \/><a href=\"https:\/\/www.diarioelcentro.cl\/2024\/06\/29\/estudiantes-de-la-utal-conocen-el-funcionamiento-del-sence-maule\/\">Estudiantes de la UTALCA Conocen el Funcionamiento del SENCE Maule. Se refiere Fernando Soto Ram\u00edrez, director de la escuela de Ciencia Pol\u00edtica y Administraci\u00f3n P\u00fablica.\u00a0<\/a><\/div><div>\u00a0<\/div><div><b>DIARIOS EN RED\u00a0<br \/><\/b><a href=\"https:\/\/diariosenred.com\/regional\/advierten-que-en-talca-se-necesitan-diariamente-cerca-de-30-donantes-de\">Advierten que en Talca se necesitan diariamente cerca de 30 donantes de sangre. Se refiere Claudia Araya, acad\u00e9mica Escuela de Tecnolog\u00eda M\u00e9dica.\u00a0<\/a><b><br \/><\/b><\/div><div>\u00a0<\/div><div><b>MEDIABANCO<\/b>\u00a0<br \/><a href=\"https:\/\/www.mediabanco.com\/advierten-que-en-talca-se-necesitan-diariamente-cerca-de-30-donantes-de-sangre\/\">Advierten que en Talca se necesitan diariamente cerca de 30 donantes de sangre. Se refiere Claudia Araya, acad\u00e9mica Escuela de Tecnolog\u00eda M\u00e9dica.\u00a0<\/a><\/div><div>\u00a0<\/div><div><b>RED MAULE<\/b>\u00a0<br \/><a href=\"https:\/\/redmaule.com\/regional\/advierten-que-en-talca-se-necesitan-diariamente-cerca-de-30-donantes-de\">Advierten que en Talca se necesitan diariamente cerca de 30 donantes de sangre. e refiere Claudia Araya, acad\u00e9mica Escuela de Tecnolog\u00eda M\u00e9dica.\u00a0<\/a><\/div><div>\u00a0<\/div><div><b>RED VALPARA\u00cdSO<\/b>\u00a0<\/div><div><a href=\"https:\/\/redvalparaiso.com\/regional\/advierten-que-en-talca-se-necesitan-diariamente-cerca-de-30-donantes-de\">Advierten que en Talca se necesitan diariamente cerca de 30 donantes de sangre. e refiere Claudia Araya, acad\u00e9mica Escuela de Tecnolog\u00eda M\u00e9dica.\u00a0<\/a><\/div><div>\u00a0<\/div><div><b>CANAL CNN CHILE\u00a0<br \/><\/b><a href=\"https:\/\/www.litoralpress.cl\/sitio\/RadioTV_Detalles.cshtml?LPKey=53EGPBUHTOQUDTQ3WDKAMSDWN4K3OVU6OCGUK47YU6E52UVG5LRI7DKDEDRCTMI4X53QK2ETTBENE\">Entrevista a Patricio Gonz\u00e1lez Colville, agroclimat\u00f3logo y acad\u00e9mico del Centro de Investigaci\u00f3n y Transferencia en Riego y Agroclimatolog\u00eda (CITRA).\u202f\u202f\u202f\u202f\u00a0<\/a><\/div><div>\u00a0<\/div><div><b>RADIO BIOBIO<\/b>\u00a0<br \/><a href=\"https:\/\/www.biobiochile.cl\/noticias\/servicios\/explicado\/2024\/06\/30\/como-el-fenomeno-de-la-nina-afectara-el-invierno-en-chile.shtml\">\u00bfC\u00f3mo el fen\u00f3meno de La Ni\u00f1a afectar\u00e1 el invierno en Chile? Se refiere Patricio Gonz\u00e1lez Colville, agroclimat\u00f3logo y acad\u00e9mico del Centro de Investigaci\u00f3n y Transferencia en Riego y Agroclimatolog\u00eda (CITRA).\u00a0<\/a><\/div><div>\u00a0<\/div><div><b>DIARIO VI REGI\u00d3N<\/b>\u00a0<br \/><a href=\"https:\/\/www.litoralpress.cl\/paginaconsultas\/Servicios_NClipSitio\/Get_Imagen_Nota.aspx?LPKey=S4TDFBETE42JHN2DAXTMDE2E3J2KYBJS6ZXB33NWELRULVRRMJWPI6VFJYZPM4P66QNGU5ZLTQJKY\">Agroclimat\u00f3logo alert\u00f3 sobre heladas intensas y extensas por Fen\u00f3meno de La Ni\u00f1a. Se refiere Patricio Gonz\u00e1lez Colville, agroclimat\u00f3logo y acad\u00e9mico del Centro de Investigaci\u00f3n y Transferencia en Riego y Agroclimatolog\u00eda (CITRA).\u202f\u202f\u202f\u202f\u00a0<\/a><\/div><div>\u00a0<\/div><div><b>CENTRAL NOTICIA<\/b>\u00a0<br \/><a href=\"https:\/\/tierramarillano.cl\/2024\/06\/28\/agroclimatologo-alerto-sobre-heladas-intensas-y-extensas-por-fenomeno-de-la-nina\/\">Pron\u00f3sticos preocupantes: Los graves da\u00f1os que provocar\u00eda el fen\u00f3meno de La Ni\u00f1a en Chile. Se refiere Patricio Gonz\u00e1lez Colville, agroclimat\u00f3logo y acad\u00e9mico del Centro de Investigaci\u00f3n y Transferencia en Riego y Agroclimatolog\u00eda (CITRA).\u00a0<\/a><\/div><div>\u00a0<\/div><div><b>TIERRA AMARILLANO<\/b>\u00a0<br \/><a href=\"https:\/\/tierramarillano.cl\/2024\/06\/28\/agroclimatologo-alerto-sobre-heladas-intensas-y-extensas-por-fenomeno-de-la-nina\/\">Agroclimat\u00f3logo alert\u00f3 sobre heladas intensas y extensas por Fen\u00f3meno de La Ni\u00f1a. Se refiere Patricio Gonz\u00e1lez Colville, agroclimat\u00f3logo y acad\u00e9mico del Centro de Investigaci\u00f3n y Transferencia en Riego y Agroclimatolog\u00eda (CITRA).\u202f\u202f\u202f\u202f\u00a0<\/a><br \/><br \/><\/div><div><b>LA VOZ DE LA REGI\u00d3N <\/b>\u00a0<br \/><a href=\"https:\/\/lavozdelaregion.cl\/index.php\/8571-agroclimatologo-alerto-sobre-heladas-intensas-y-extensas-por-fenomeno-de-la-nina\">Agroclimat\u00f3logo alert\u00f3 sobre heladas intensas y extensas por Fen\u00f3meno de La Ni\u00f1a. Se refiere Patricio Gonz\u00e1lez Colville, agroclimat\u00f3logo y acad\u00e9mico del Centro de Investigaci\u00f3n y Transferencia en Riego y Agroclimatolog\u00eda (CITRA).\u202f\u202f\u202f<\/a>\u202f\u00a0<br \/><br \/><\/div><div><b>DIARIO VI REGI\u00d3N<\/b>\u00a0<br \/><a href=\"https:\/\/www.diarioviregion.cl\/noticias\/29812-agroclimatologo-alerto-sobre-heladas-intensas-y-extensas-por-fenomeno-de-la-nina\">Agroclimat\u00f3logo alert\u00f3 sobre heladas intensas y extensas por Fen\u00f3meno de La Ni\u00f1a. Se refiere Patricio Gonz\u00e1lez Colville, agroclimat\u00f3logo y acad\u00e9mico del Centro de Investigaci\u00f3n y Transferencia en Riego y Agroclimatolog\u00eda (CITRA).\u202f\u202f\u202f\u202f\u00a0<\/a><br \/><br \/><\/div><div><b>RADIO LAUTARO\u00a0<br \/><\/b><a href=\"https:\/\/radiolautarotalca.cl\/nueva-alfalfa-demostro-crecer-en-lugar-con-deficit-hidrico\/\">Nueva alfalfa demostr\u00f3 crecer y producir en lugares sin riego. Se refiere Alejandro del Pozo, director del Centro de Mejoramiento Gen\u00e9tico y Fen\u00f3mica Vegetal.\u00a0<\/a><b><br \/><\/b><\/div><div>\u00a0<\/div><div><b>HORA DE NOTICIAS<\/b>\u00a0<br \/><a href=\"https:\/\/horadenoticias.cl\/agricultura\/presentan-nueva-variedad-de-alfalfa-kauke-mas-tolerante-a-la-sequia\">Presentan nueva variedad de alfalfa &#8220;Kauke&#8221; m\u00e1s tolerante a la sequ\u00eda.<b> <\/b>Se refiere Alejandro del Pozo, director del Centro de Mejoramiento Gen\u00e9tico y Fen\u00f3mica Vegetal.\u00a0<\/a><br \/><br \/><b>MEDIABANCO<\/b>\u00a0<br \/><a href=\"https:\/\/www.mediabanco.com\/presentan-nueva-variedad-de-alfalfa-mas-tolerante-a-la-sequia\/\">Presentan nueva variedad de alfalfa m\u00e1s tolerante a la sequ\u00eda. Se refiere Alejandro del Pozo, director del Centro de Mejoramiento Gen\u00e9tico y Fen\u00f3mica Vegetal de la UTalca.\u00a0<\/a><br \/><br \/><\/div><div><b>AD PRENSA<\/b>\u00a0<br \/><a href=\"https:\/\/www.adprensa.cl\/cronica\/presentan-nueva-variedad-de-alfalfa-mas-tolerante-a-la-sequia\/\">Presentan nueva variedad de alfalfa m\u00e1s tolerante a la sequ\u00eda. Se refiere Alejandro del Pozo, director del Centro de Mejoramiento Gen\u00e9tico y Fen\u00f3mica Vegetal de la UTalca.\u00a0<\/a><br \/><br \/><\/div><div><b>PUBLIMICRO<\/b>\u00a0<br \/><a href=\"https:\/\/publimicro.cl\/presentan-nueva-variedad-de-alfalfa-mas-tolerante-a-la-sequia-universidad-de-talca-tuvo-destacada-participacion-en-este-proyecto\/\">Presentan nueva variedad de alfalfa m\u00e1s tolerante a la sequ\u00eda. Universidad de Talca tuvo destacada participaci\u00f3n en este proyecto. Se refiere Alejandro del Pozo, director del Centro de Mejoramiento Gen\u00e9tico y Fen\u00f3mica Vegetal de la UTalca.\u00a0<\/a><br \/><br \/><\/div><div><b>G5 NOTICIA<\/b>\u00a0<br \/><a href=\"https:\/\/g5noticias.cl\/2024\/06\/29\/presentan-nueva-variedad-de-alfalfa-mas-tolerante-a-la-sequia\/\">Presentan nueva variedad de alfalfa m\u00e1s tolerante a la sequ\u00eda. Se refiere Alejandro del Pozo, director del Centro de Mejoramiento Gen\u00e9tico y Fen\u00f3mica Vegetal de la UTalca.\u00a0<\/a><\/div><div>\u00a0<\/div><div><b>EL MOSTRADOR \u00a0<br \/><\/b><a href=\"https:\/\/www.elmostrador.cl\/agenda-pais\/vida-en-linea\/2024\/06\/29\/envejecer-saludablemente-por-que-es-conveniente-realizar-ejercicios-de-fuerza\/\">Envejecer saludablemente: \u00bfPor qu\u00e9 es conveniente realizar ejercicios de fuerza? Se refiere Jessica Espinoza, acad\u00e9mica de la Escuela de Kinesiolog\u00eda de la Universidad de Talca e investigadora del Centro Interuniversitario de Envejecimiento Saludable (CIES).\u202f\u00a0<\/a><b><br \/><\/b><\/div><div>\u00a0<\/div><div><b>S\u00c9PTIMA REGI\u00d3N NOTICIAS<\/b>\u00a0<br \/><a href=\"https:\/\/www.septimapaginanoticias.cl\/envejecer-saludablemente-por-que-es-conveniente-realizar-ejercicios-de-fuerza\">Envejecer saludablemente: \u00bfPor qu\u00e9 es conveniente realizar ejercicios de fuerza? Se refiere Jessica Espinoza, acad\u00e9mica de la Escuela de Kinesiolog\u00eda de la Universidad de Talca e investigadora del Centro Interuniversitario de Envejecimiento Saludable (CIES).\u202f\u00a0<\/a><\/div><div>\u00a0<\/div><div><b>EL TIP\u00d3GRAFO\u00a0<br \/><\/b><a href=\"https:\/\/eltipografo.cl\/2024\/06\/como-afecta-el-clima-a-nuestra-salud-mental\">\u00bfC\u00f3mo afecta el clima a nuestra salud mental? Se refiere Nadia Ramos, directora del Centro de Psicolog\u00eda Aplicada (CEPA). \u00a0<\/a><\/div><div>\u00a0<\/div><div><strong>EL DESCONCIERTO\u00a0<\/strong><br \/><a href=\"https:\/\/eldesconcierto.cl\/2024\/06\/28\/dia-arbol-ciencia-busca-salvar-de-la-extincion-a-la-araucaria-que-convivio-con-los-dinosaurios\">D\u00eda del \u00e1rbol: Ciencia busca salvar de la extinci\u00f3n a la Araucaria, que convivi\u00f3 con los dinosaurios. Se refiere Frida Piper, acad\u00e9mica del Instituto Biodiversidad, Biolog\u00eda Molecular y Biotecnolog\u00eda.\u00a0<\/a><b><br \/><\/b><\/div><div>\u00a0<\/div><div><strong>CH\u00d3CALE\u00a0<\/strong><br \/><a href=\"https:\/\/chocale.cl\/2024\/06\/aceite-de-oliva-alza-de-precios-a-nivel-mundial-donde-esta-el-mas-barato\/\">Hasta $20.000 por litro: Las razones detr\u00e1s del alza de precio del aceite de oliva. Se refiere Pablo Villalobos Mateluna, acad\u00e9mico del Departamento de Econom\u00eda Agraria.\u00a0<\/a><br \/><br \/><\/div><div><b>RADIO LAUTARO<\/b>\u00a0<br \/><a href=\"https:\/\/radiolautarotalca.cl\/cuales-son-los-riesgos-de-la-explotacion-infantil-en-la-era-digital\/\">\u00bfCu\u00e1les son los riesgos de la explotaci\u00f3n infantil en la era digital? Se refiere Rodrigo Palomo, vicerrector acad\u00e9mico e Isaac Ravetllat, director Centro de Estudios sobre los Derechos de la Infancia y la Adolescencia (CEDIA).\u00a0<\/a><\/div><div>\u00a0<\/div><div><b>RADIO INFINITA<\/b>\u00a0<br \/><a href=\"https:\/\/www.litoralpress.cl\/sitio\/RadioTV_Detalles.cshtml?LPKey=EFEKN32W5KHB5IWCMO2TR5NOBLGIOBFAVIECHQAVVRKFZCPXFV43Z3JHZLDFJWBYOTHN7DG6M6JCG\">Comentario de pol\u00edtica de Mauricio Morales Quiroga, director del Centro de An\u00e1lisis Pol\u00edtico (CAP-UTalca).\u00a0<\/a><br \/><br \/><\/div><div><b>MEGANOTICIAS.CL<\/b>\u00a0<br \/><a href=\"https:\/\/www.meganoticias.cl\/nacional\/451492-mauricio-morales-analisis-encuesta-cadem-evelyn-matthei-derecha-jose-antonio-kast-rodolfo-carter-30-06-2024.html\">Columna: &#8220;Matthei, calentar el agua para que otro se tome el mate&#8221;. Se refiere Mauricio Morales, director Centro de An\u00e1lisis Pol\u00edtico (CAP).\u00a0<\/a><br \/><br \/><\/div><div><b>PUBLIMETRO <\/b>\u00a0<br \/><a href=\"https:\/\/www.litoralpress.cl\/sitio\/Prensa_Detalles.cshtml?LPKey=VLGB5CKNHBWJ5AGGZEGIIIXALA5VFCTKLJVEPWEHSVWWOZ2OTTXQ\">El futuro de la alianza. Se refiere Mario Herrera, acad\u00e9mico Centro de An\u00e1lisis Pol\u00edtico (CAP).\u00a0<\/a><br \/><br \/><\/div><div><b>PUBLIMETRO<\/b>\u00a0<br \/><a href=\"https:\/\/www.litoralpress.cl\/sitio\/Prensa_Detalles.cshtml?LPKey=ONCX7RLWHQADIHRWITWTNQLQO6KJZM3KGOZTAFYVUUAWEB4PYOSQ\">Los rounds y los golpes de la pelea entre el gobierno y el PC. Se refiere Mario Herrera, acad\u00e9mico Centro de An\u00e1lisis Pol\u00edtico (CAP).\u00a0<\/a><\/div><div>\u00a0<\/div><div><b>AIEP<\/b>\u00a0<br \/><a href=\"https:\/\/www.aiep.cl\/noticias\/aiep-expone-sobre-programa-de-progresion-academica-en-ii-conversatorio-cultura-de-la-calidad\/\">AIEP expone sobre programa de Progresi\u00f3n Acad\u00e9mica en II Conversatorio Cultura de la Calidad. Se refiere Carla F\u00f6rster, Directora de Evaluaci\u00f3n y Calidad de Pregrado.\u00a0<\/a><br \/><br \/><\/div><div><b>DIARIO EL CENTRO<\/b>\u00a0<br \/><a href=\"https:\/\/www.diarioelcentro.cl\/2024\/06\/30\/esto-va-pa-los-vivos-de-verdad-mas-alla-del-afan-del-castigo-que-se-teje-en-la-polemica-de-las-penas-en-libertad\/\">Esto va pa \u201clos vivos\u201d de verdad. M\u00e1s all\u00e1 del af\u00e1n del castigo: \u201cqu\u00e9 se teje\u201d en la pol\u00e9mica de las penas en libertad. Se refiere Diego Palomo, acad\u00e9mico Facultad de Ciencias Jur\u00eddicas y Sociales.\u00a0<\/a><br \/><br \/><\/div><div><b>CIENCIA EN CHILE<\/b>\u00a0<br \/><a href=\"https:\/\/www.cienciaenchile.cl\/el-biobanco-uch-es-un-ejemplo-a-seguir-para-otros-establecimientos-del-area\/\">\u201cEl Biobanco UCh es un ejemplo a seguir para otros establecimientos del \u00e1rea\u201d. Se refiere Ricardo Verdugo, investigador asociado de la Facultad de Medicina. \u00a0<\/a><\/div><div>\u00a0<\/div><div><b>EST\u00c1 PASANDO<\/b>\u00a0<br \/><a href=\"https:\/\/estapasando.cl\/podrian-los-democratas-cambiar-a-biden-por-otro-candidato\/\">\u00bfPodr\u00edan los Dem\u00f3cratas cambiar a Biden por otro candidato? Se refiere Alejandra M\u00e1rquez, acad\u00e9mica de la Facultad de Ciencias Jur\u00eddicas y Sociales. \u00a0<\/a><\/div><div>\u00a0<\/div><div><b>LA DISCUSI\u00d3N<\/b>\u00a0<br \/><a href=\"https:\/\/www.ladiscusion.cl\/intenso-debate-genera-sugerencia-de-aplazar-nuevas-terapias-hormonales\/\">Intenso debate genera sugerencia de aplazar nuevas terapias hormonales en menores trans. Se refiere M\u00f3nica Carrasco, acad\u00e9mica de la Facultad de Medicina.\u00a0<\/a><br \/><br \/><\/div><div><b>LA SEGUNDA<\/b>\u00a0<br \/><a href=\"https:\/\/www.litoralpress.cl\/paginaconsultas\/Servicios_NClipSitio\/Get_Imagen_Nota.aspx?LPKey=LPGOUJKXKYHXC3IGKKK6FX5XIM3EIOQCRA56YP6L2U4AG4QA7ZDQDOLAPJ7OFNQDXQUTZUGMP4U22\">Identidades trans. Se menciona la Universidad de Talca.\u00a0<\/a><\/div><div>\u00a0<\/div><div><b>EL HERALDO (PORTADA)<\/b>\u00a0<br \/><a href=\"https:\/\/www.litoralpress.cl\/paginaconsultas\/Servicios_NClipSitio\/Get_Imagen_Nota.aspx?LPKey=5UESRDQ72OGFDWAVUMIRUZXBVSMUKJ7SHRJ44E42Q22V4HRC46FG4DZCP57WSU6J7YWIWV6BHCJGA\">Empresarios tur\u00edsticos del Maule valoraron \u00abCl\u00faster de alta de monta\u00f1a\u00bb realizado por el Centro de Competitividad de la Universidad de Talca. Se menciona la Universidad de Talca.\u00a0<\/a><br \/><br \/><\/div><div><strong>DIARIO EL HERALDO\u00a0<\/strong><br \/><a href=\"https:\/\/www.diarioelheraldo.cl\/noticia\/empresarios-turisticos-del-maule-valoraron-cluster-de-alta-de-montana-realizado-por-el-centro-de-competitividad-de-la-universidad-de-talca\">Empresarios tur\u00edsticos del Maule valoraron &#8220;Cl\u00faster de alta de monta\u00f1a&#8221; realizado por el Centro de Competitividad de la Universidad de Talca. Se menciona la Universidad de Talca.\u00a0<\/a><br \/><br \/><\/div><div><strong>LINARES EN L\u00cdNEA\u00a0<\/strong><br \/><a href=\"https:\/\/www.linaresenlinea.cl\/2024\/06\/29\/empresarios-turisticos-del-maule-valoraron-cluster-de-alta-de-montana-realizado-por-el-centro-de-competitividad-de-la-universidad-de-talca\/\">Empresarios tur\u00edsticos del Maule valoraron \u00abCl\u00faster de alta de monta\u00f1a\u00bb realizado por el Centro de Competitividad de la Universidad de Talca. Se menciona la Universidad de Talca.\u00a0<\/a><br \/><br \/><\/div><div><b>MAULE HOY<\/b>\u00a0<\/div><div><a href=\"https:\/\/maulehoy.cl\/2024\/06\/28\/destacados-artistas-nacionales-exponen-sus-nuevos-trabajos-en-extension-utalca\/\">Destacados artistas nacionales exponen sus nuevos trabajos en Extensi\u00f3n UTalca. Se refiere Marcela Albornoz Dachelet, directora de Extensi\u00f3n Cultural-Art\u00edstica.\u00a0<\/a><\/div><div>\u00a0<\/div><div><b>MEDIABANCO<\/b>\u00a0<br \/><a href=\"https:\/\/www.mediabanco.com\/regresa-el-recorrido-teatral-museo-contado-a-la-utalca\/\">Regresa el recorrido teatral \u201cMuseo Contado\u201d a la UTalca. Se refiere Marcela Albornoz Dachelet, directora de Extensi\u00f3n Cultural-Art\u00edstica.\u00a0<\/a><\/div><div>\u00a0<\/div><div><b>AD PRENSA<\/b>\u00a0<br \/><a href=\"https:\/\/www.adprensa.cl\/cronica\/regresa-el-recorrido-teatral-museo-contado-a-la-utalca\/\">Regresa el recorrido teatral \u201cMuseo Contado\u201d a la UTalca. Se refiere Marcela Albornoz Dachelet, directora de Extensi\u00f3n Cultural-Art\u00edstica.\u00a0<\/a><\/div><div>\u00a0<\/div><div><b>CHILLAN ONLINE<\/b>\u00a0<br \/><a href=\"https:\/\/www.chillanonline.cl\/V7\/2024\/06\/29\/regresa-el-recorrido-teatral-museo-contado-a-la-utalca\/\">Regresa el recorrido teatral \u201cMuseo Contado\u201d a la UTalca. Se refiere Marcela Albornoz Dachelet, directora de Extensi\u00f3n Cultural-Art\u00edstica.\u00a0<\/a><\/div><div>\u00a0<\/div><div><b>RADIO LAUTARO<\/b>\u00a0<\/div><div><a href=\"https:\/\/radiolautarotalca.cl\/obra-teatral-museo-contado-llega-a-talca\/\">Obra teatral \u201cMuseo Contado\u201d llega a Talca . Se refiere Marcela Albornoz Dachelet, directora de Extensi\u00f3n Cultural-Art\u00edstica.\u00a0<\/a><\/div><div>\u00a0<\/div><div><b>PUBLIMICRO<\/b>\u00a0<br \/><a href=\"https:\/\/publimicro.cl\/regresa-el-recorrido-teatral-museo-contado-a-la-universidad-de-talca-muestra-es-una-ficcion-un-viaje-fantastico-basado-en-la-realidad\/\">Regresa el recorrido teatral \u201cMuseo Contado\u201d a la Universidad de Talca. Muestra, es una ficci\u00f3n, un viaje fant\u00e1stico, basado en la realidad. Se refiere Marcela Albornoz, directora de Extensi\u00f3n Cultural-Art\u00edstica. \u00a0<\/a><\/div><div>\u00a0<\/div><\/div><\/div><\/div><div class=\"wnVEW\"><div class=\"T31hC GNqVo allowTextSelection OuGoX\" tabindex=\"-1\" aria-label=\"Cuerpo del mensaje\"><div dir=\"ltr\"><div><b>LA PRENSA DE CURIC\u00d3<\/b>\u00a0<\/div><div><a href=\"https:\/\/www.litoralpress.cl\/paginaconsultas\/Servicios_NClipSitio\/Get_Imagen_Nota.aspx?LPKey=HQP5RNLVOO6F5NHQDWF5PO2SM7XVLFGCSYWA6GKW443OXDDYWRXN7NVAMMPPKRG7KX4QQ33S52FJM\">Sucede. Se menciona la Universidad de Talca.\u00a0<\/a><br \/><br \/><\/div><div><b>RADIO BIOB\u00cdO<\/b>\u00a0<br \/><a href=\"https:\/\/www.cnnchile.com\/pais\/quien-es-daniela-marzi-nueva-presidenta-tribunal-constitucional_20240627\/\">Daniela Marzi es electa por el pleno como presidenta del TC. Se menciona la Universidad de Talca.\u00a0<\/a><br \/><br \/><\/div><div><b>CIENCIA EN CHILE<\/b>\u00a0<br \/><a href=\"https:\/\/www.cienciaenchile.cl\/academica-de-la-ufro-expone-investigacion-sobre-la-novela-cometierra-de-dolores-reyes-en-congreso-internacional-lasa\/\">Acad\u00e9mica de la UFRO expone investigaci\u00f3n sobre la novela Cometierra de Dolores Reyes en Congreso Internacional LASA. Se menciona la Universidad de Talca.\u00a0<\/a><br \/><br \/><\/div><div><b>PJUD<\/b>\u00a0<br \/><a href=\"https:\/\/www.pjud.cl\/prensa-y-comunicaciones\/noticias-del-poder-judicial\/111571\">Presidenta de la Corte de Talca particip\u00f3 en la constituci\u00f3n de comit\u00e9 t\u00e9cnico regional para prevenir el consumo de drogas en ni\u00f1os, ni\u00f1as y adolescentes. Se menciona la Universidad de Talca.\u00a0<\/a><br \/><br \/><\/div><div><b>DIARIO EL CENTRO<\/b>\u00a0<br \/><a href=\"https:\/\/www.diarioelcentro.cl\/2024\/06\/28\/realizaron-encuentro-informativo-y-capacitacion-sobre-la-nueva-ley-karin\/\">Realizaron encuentro informativo y capacitaci\u00f3n sobre la nueva Ley Karin. Se menciona la Universidad de Talca.\u00a0<\/a><br \/><br \/><\/div><div><b>LA PRENSA DE CURIC\u00d3<\/b>\u00a0<br \/><a href=\"https:\/\/www.litoralpress.cl\/paginaconsultas\/Servicios_NClipSitio\/Get_Imagen_Nota.aspx?LPKey=AG5KGNLUI5SVWEBUM7PTSHAN3WMFWEG5NKEOIUE25XXWMPLHUUWQDAFZ4J2CRI36ZJKIGBA4UWXIU\">Sucede. Se menciona la Universidad de Talca.\u00a0<\/a><br \/><br \/><\/div><\/div><\/div><\/div>\t\t\t\t\t\t<\/div>\n\t\t\t\t<\/div>\n\t\t\t\t\t<\/div>\n\t\t<\/div>\n\t\t\t\t\t\t\t<\/div>\n\t\t<\/section>\n\t\t\t\t\t\t<\/div>\n\t\t\t\t\t<\/div>\n\t\t","protected":false},"excerpt":{"rendered":"<p>EL MOSTRADOR\u00a0Ser docente como segundo t\u00edtulo: Un aporte al d\u00e9ficit de profesores en Chile. Se refiere Mauricio V\u00e9liz Campos, decano de la Facultad de Ciencias de la Educaci\u00f3n.\u00a0MAULE HOY\u00a0Ser docente como segundo t\u00edtulo: Un aporte al d\u00e9ficit de profesores en Chile. . Se refiere Mauricio V\u00e9liz Campos, decano de la Facultad de Ciencias de la &hellip;<\/p>\n<p class=\"read-more\"> <a class=\"\" href=\"https:\/\/www.reportedeprensa.utalca.cl\/?p=10099\"> <span class=\"screen-reader-text\">01 de julio de 2024<\/span> Read More &raquo;<\/a><\/p>\n","protected":false},"author":1,"featured_media":0,"comment_status":"closed","ping_status":"open","sticky":false,"template":"","format":"standard","meta":{"_monsterinsights_skip_tracking":false,"_monsterinsights_sitenote_active":false,"_monsterinsights_sitenote_note":"","_monsterinsights_sitenote_category":0},"categories":[50],"tags":[],"_links":{"self":[{"href":"https:\/\/www.reportedeprensa.utalca.cl\/index.php?rest_route=\/wp\/v2\/posts\/10099"}],"collection":[{"href":"https:\/\/www.reportedeprensa.utalca.cl\/index.php?rest_route=\/wp\/v2\/posts"}],"about":[{"href":"https:\/\/www.reportedeprensa.utalca.cl\/index.php?rest_route=\/wp\/v2\/types\/post"}],"author":[{"embeddable":true,"href":"https:\/\/www.reportedeprensa.utalca.cl\/index.php?rest_route=\/wp\/v2\/users\/1"}],"replies":[{"embeddable":true,"href":"https:\/\/www.reportedeprensa.utalca.cl\/index.php?rest_route=%2Fwp%2Fv2%2Fcomments&post=10099"}],"version-history":[{"count":4,"href":"https:\/\/www.reportedeprensa.utalca.cl\/index.php?rest_route=\/wp\/v2\/posts\/10099\/revisions"}],"predecessor-version":[{"id":10103,"href":"https:\/\/www.reportedeprensa.utalca.cl\/index.php?rest_route=\/wp\/v2\/posts\/10099\/revisions\/10103"}],"wp:attachment":[{"href":"https:\/\/www.reportedeprensa.utalca.cl\/index.php?rest_route=%2Fwp%2Fv2%2Fmedia&parent=10099"}],"wp:term":[{"taxonomy":"category","embeddable":true,"href":"https:\/\/www.reportedeprensa.utalca.cl\/index.php?rest_route=%2Fwp%2Fv2%2Fcategories&post=10099"},{"taxonomy":"post_tag","embeddable":true,"href":"https:\/\/www.reportedeprensa.utalca.cl\/index.php?rest_route=%2Fwp%2Fv2%2Ftags&post=10099"}],"curies":[{"name":"wp","href":"https:\/\/api.w.org\/{rel}","templated":true}]}}