{"id":10189,"date":"2024-07-12T12:45:44","date_gmt":"2024-07-12T15:45:44","guid":{"rendered":"https:\/\/www.reportedeprensa.utalca.cl\/?p=10189"},"modified":"2024-07-12T12:48:59","modified_gmt":"2024-07-12T15:48:59","slug":"12-de-julio-de-2024","status":"publish","type":"post","link":"https:\/\/www.reportedeprensa.utalca.cl\/?p=10189","title":{"rendered":"12 de julio de 2024"},"content":{"rendered":"\t\t<div data-elementor-type=\"wp-post\" data-elementor-id=\"10189\" class=\"elementor elementor-10189\" data-elementor-settings=\"[]\">\n\t\t\t\t\t\t\t<div class=\"elementor-section-wrap\">\n\t\t\t\t\t\t\t<section class=\"elementor-section elementor-top-section elementor-element elementor-element-bcea1a8 elementor-section-boxed elementor-section-height-default elementor-section-height-default\" data-id=\"bcea1a8\" data-element_type=\"section\">\n\t\t\t\t\t\t<div class=\"elementor-container elementor-column-gap-default\">\n\t\t\t\t\t<div class=\"elementor-column elementor-col-100 elementor-top-column elementor-element elementor-element-e7183bf\" data-id=\"e7183bf\" data-element_type=\"column\">\n\t\t\t<div class=\"elementor-widget-wrap elementor-element-populated\">\n\t\t\t\t\t\t\t\t<div class=\"elementor-element elementor-element-58d7315 elementor-widget elementor-widget-text-editor\" data-id=\"58d7315\" data-element_type=\"widget\" data-widget_type=\"text-editor.default\">\n\t\t\t\t<div class=\"elementor-widget-container\">\n\t\t\t\t\t\t\t\t<div><b>EL MOSTRADOR<\/b>\u00a0<br \/><a href=\"https:\/\/www.elmostrador.cl\/agenda-pais\/agenda-innovacion\/2024\/07\/11\/estudiantes-desarrollaron-piezas-3d-para-protesis-de-ninos-de-la-teleton\/\">Estudiantes desarrollaron piezas 3D para pr\u00f3tesis de ni\u00f1os de la Telet\u00f3n. Se refiere Claudio Aravena Aranda, acad\u00e9mico de la Facultad de Ingenier\u00eda.\u00a0<\/a><br \/><br \/><\/div><div><b>MEDIABANCO<\/b>\u00a0<br \/><a href=\"https:\/\/www.adprensa.cl\/cronica\/estudiantes-desarrollaron-piezas-3d-para-protesis-de-ninos-de-la-teleton\/\">Estudiantes desarrollaron piezas 3D para pr\u00f3tesis de ni\u00f1os de la Telet\u00f3n. Se refiere Claudio Aravena Aranda, acad\u00e9mico de la Facultad de Ingenier\u00eda.\u00a0<\/a><\/div><div>\u00a0<\/div><div><b>AD PRENSA<\/b>\u00a0<br \/><a href=\"https:\/\/www.adprensa.cl\/cronica\/estudiantes-desarrollaron-piezas-3d-para-protesis-de-ninos-de-la-teleton\/\">Estudiantes desarrollaron piezas 3D para pr\u00f3tesis de ni\u00f1os de la Telet\u00f3n. Se refiere Claudio Aravena Aranda, acad\u00e9mico de la Facultad de Ingenier\u00eda.\u00a0<\/a><br \/><br \/><\/div><div><b>P\u00c1GINA V<\/b>\u00a0<br \/><a href=\"https:\/\/paginav.cl\/2024\/07\/11\/estudiantes-desarrollaron-piezas-3d-para-protesis-de-ninos-de-la-teleton-del-maule\/\">Estudiantes desarrollaron piezas 3D para pr\u00f3tesis de ni\u00f1os de la Telet\u00f3n. Se refiere Claudio Aravena Aranda, acad\u00e9mico de la Facultad de Ingenier\u00eda.\u00a0<\/a><br \/><br \/><\/div><div><b>ANALIZA MAULE<\/b>\u00a0<br \/><a href=\"https:\/\/analizamaule.cl\/estudiantes-desarrollaron-piezas-3d-para-protesis-de-ninos-de-la-teleton\/\">Estudiantes desarrollaron piezas 3D para pr\u00f3tesis de ni\u00f1os de la Telet\u00f3n. Se refiere Claudio Aravena Aranda, acad\u00e9mico de la Facultad de Ingenier\u00eda.\u00a0<\/a><br \/><br \/><\/div><div><b>CHILL\u00c1N ONLINE<\/b>\u00a0<br \/><a href=\"https:\/\/www.chillanonline.cl\/V7\/2024\/07\/11\/estudiantes-desarrollaron-piezas-3d-para-protesis-de-ninos-de-la-teleton\/\">Estudiantes desarrollaron piezas 3D para pr\u00f3tesis de ni\u00f1os de la Telet\u00f3n. Se refiere Claudio Aravena Aranda, acad\u00e9mico de la Facultad de Ingenier\u00eda.\u00a0<\/a><br \/><br \/><\/div><div><b>HORA DE NOTICIAS<\/b>\u00a0<br \/><a href=\"https:\/\/horadenoticias.cl\/ciencia-tecnologia\/estudiantes-de-la-universidad-de-talca-donan-piezas-impresas-en-3d-al-instituto-teleton\">Estudiantes de la Universidad de Talca donan piezas Impresas en 3D al Instituto Telet\u00f3n. Se refiere Claudio Aravena Aranda, acad\u00e9mico de la Facultad de Ingenier\u00eda.\u00a0<\/a><br \/><br \/><\/div><div><b>EL LECTOR<\/b>\u00a0<br \/><a href=\"https:\/\/www.carolina.cl\/noticias\/2024\/07\/11\/cuenta-la-firme-se-deberia-prohibir-el-uso-de-celulares-en-los-colegios.html\">\u00bfSe debe regular o prohibir el uso de tel\u00e9fonos celulares en colegios? Se refieren Felipe Besoain, director de Tecnolog\u00edas de la Educaci\u00f3n de la UTalca y Susana Campos, psic\u00f3loga del Centro de Psicolog\u00eda Aplicada (CEPA).\u00a0<\/a><\/div><div>\u00a0<\/div><div><b>PUBLIMICRO<\/b>\u00a0<br \/><a href=\"https:\/\/www.carolina.cl\/noticias\/2024\/07\/11\/cuenta-la-firme-se-deberia-prohibir-el-uso-de-celulares-en-los-colegios.html\">Experta de la Universidad de Talca, afirma que uso de los celulares en los colegios, por parte de los alumnos, no debe prohibirse, pero s\u00ed regularse. Se refiere Susana Campos, psic\u00f3loga del Centro de Psicolog\u00eda Aplicada (CEPA).\u00a0<\/a><\/div><div>\u00a0<\/div><div><b>RADIO CAROLINA<\/b>\u00a0<br \/><a href=\"https:\/\/www.carolina.cl\/noticias\/2024\/07\/11\/cuenta-la-firme-se-deberia-prohibir-el-uso-de-celulares-en-los-colegios.html\">\u00bfSe debe regular o prohibir el uso de tel\u00e9fonos celulares en colegios? Se refiere Susana Campos, psic\u00f3loga del Centro de Psicolog\u00eda Aplicada (CEPA).\u00a0<\/a><br \/><br \/><\/div><div><b>EL MAULE INFORMA<\/b>\u00a0<br \/><a href=\"https:\/\/elmauleinforma.cl\/se-debe-regular-o-prohibir-el-uso-de-telefonos-celulares-en-colegios\/\">\u00bfSe debe regular o prohibir el uso de tel\u00e9fonos celulares en colegios? Se refieren Felipe Besoain, director de Tecnolog\u00edas de la Educaci\u00f3n de la UTalca y Susana Campos, psic\u00f3loga del Centro de Psicolog\u00eda Aplicada (CEPA).\u00a0<\/a><br \/><br \/><\/div><div><b>RADIO LAUTARO<\/b>\u00a0<br \/><a href=\"https:\/\/www.litoralpress.cl\/sitio\/RadioTV_Detalles.cshtml?LPKey=EUVAGHL6KFRM5LNVAMGNF5Y2ICF7AXR3TVKXXGVPLAKY74XIH5CXVMKGF77C7Y66P6H3KNXPK6WUE\">Entrevista a Susana Campos, psic\u00f3loga del Centro de Psicolog\u00eda Aplicada (CEPA).\u00a0<\/a><br \/><br \/><\/div><div><b>E BANKING<\/b>\u00a0<br \/><a href=\"https:\/\/www.ebankingnews.com\/noticias\/chile-va-a-necesitar-28-000-profesionales-en-ciberseguridad-en-los-proximos-anos-para-combatir-una-ciberdelincuencia-que-se-ha-disparado-un-18-0060644\">Chile va a necesitar 28.000 profesionales en ciberseguridad en los pr\u00f3ximos a\u00f1os para combatir una ciberdelincuencia que se ha disparado un 18%. Se refiere Rodrigo Herrera Leiva, acad\u00e9mico de la Facultad de Econom\u00eda y Negocios.\u00a0<\/a><br \/><br \/><\/div><div><b>EL MERCURIO<\/b>\u00a0<br \/><a href=\"https:\/\/www.litoralpress.cl\/paginaconsultas\/Servicios_NClipSitio\/Get_Imagen_Nota.aspx?LPKey=K23STZYB4GD7HNBGHWDBZQSIVUFPZ7S5DQXPT2NJP354OBEIB2IRBGSTEMMVKZHL4VWAJBURNAV2C\">Dichos de Winter sobre \u201cproyecto antipobres\u201d generan cr\u00edticas de expertos: \u201cUn sofisma\u201d, SS y un completo absurdo. Se refiere Mauricio Morales Quiroga, director del Centro de An\u00e1lisis Pol\u00edtico (CAP-UTalca).\u00a0<\/a><br \/><br \/><\/div><div><b>LA SEGUNDA<\/b>\u00a0<br \/><a href=\"https:\/\/www.litoralpress.cl\/paginaconsultas\/Servicios_NClipSitio\/Get_Imagen_Nota.aspx?LPKey=3LUVI27EU2DLNXLRJTK7YBP5UJKS5HWZYXPDFIHLYXSUB5WUH63UGEEXXYWLUF4XXVGYFDHCWYCLI\">Cubillos, Castro y Poduje entre los independientes listos para inscribirse. Se refiere Mauricio Morales Quiroga, director del Centro de An\u00e1lisis Pol\u00edtico (CAP-UTalca).\u00a0<\/a><br \/><br \/><\/div><div><b>RADIO INFINITA<\/b>\u00a0<br \/><a href=\"https:\/\/www.litoralpress.cl\/sitio\/RadioTV_Detalles.cshtml?LPKey=F2KKZRNRX2SYTWPG4MPRME7MWZWJ6UELO7L5OOADOKQJH6A5RLRWGB3XMIE6PJKB2NXNDVYAU6V4Y\">Comentario de pol\u00edtica de Mauricio Morales Quiroga, director del Centro de An\u00e1lisis Pol\u00edtico (CAP-UTalca).\u00a0<\/a><br \/><br \/><\/div><div><b>CANAL MEGA<\/b>\u00a0<br \/><a href=\"https:\/\/www.litoralpress.cl\/sitio\/RadioTV_Detalles.cshtml?LPKey=SYNQT7CAJD6DDZV7G6CTDZ3SC3ELWAHMUS2CY3SQYJZ2SZNPPHB5G7H2UKBYEDK65YULXIDZWQBGG\">Pol\u00e9mica por votos extranjeros. Se refiere Mauricio Morales Quiroga, director del Centro de An\u00e1lisis Pol\u00edtico (CAP-UTalca).\u00a0<\/a><br \/><br \/><\/div><div><b>LA DISCUSI\u00d3N<\/b>\u00a0<br \/><a href=\"https:\/\/www.litoralpress.cl\/paginaconsultas\/Servicios_NClipSitio\/Get_Imagen_Nota.aspx?LPKey=5H425XXDIX6SGFXE5WKUV27K7PVQ5LDLGBYMNCBVR77LBZEKKESCIYINIVW5C65JS7QJDARS2G67A\">Proyectos inmobiliarios tardan 68 meses debido a la permisolog\u00eda. Se refiere Armando Dur\u00e1n Bustamante, acad\u00e9mico de la Facultad de Ingenier\u00eda. \u00a0<\/a><br \/><br \/><\/div><div><b>LA PRENSA DE CURIC\u00d3<\/b>\u00a0<br \/><a href=\"https:\/\/www.litoralpress.cl\/paginaconsultas\/Servicios_NClipSitio\/Get_Imagen_Nota.aspx?LPKey=TRL32X2T4NEXYHKVXTI4PYMYSILHFNSE2P4ICNY6W3Y4A65TZD35LA2P46OORYKZFWWMNQ6JXYABS\">Hortaliceros en alerta por potenciales p\u00e9rdidas ante prolongadas heladas. Se refiere Patricio Gonz\u00e1lez Colville, agroclimat\u00f3logo y acad\u00e9mico del Centro de Investigaci\u00f3n y Transferencia en Riego y Agroclimatolog\u00eda (CITRA).\u202f\u202f\u202f\u202f\u00a0<\/a><br \/><br \/><\/div><div><b>CIENCIA Y SALUD<\/b>\u00a0<br \/><a href=\"https:\/\/cienciaysalud.cl\/2024\/07\/11\/moderno-equipo-impulsara-la-investigacion-en-nanomedicina-y-farmacologia\/\">Moderno equipo impulsar\u00e1 la investigaci\u00f3n en nanomedicina y farmacolog\u00eda. Se refiere Esteban Dur\u00e1n Lara, acad\u00e9mico del Departamento de Microbiolog\u00eda.\u00a0<\/a><br \/><br \/><\/div><div><b>NINA FM<\/b>\u00a0<br \/><a href=\"https:\/\/ninafm.cl\/2024\/07\/11\/migracion-de-cuenta-rut-de-bancoestado-a-mambu-expertos-identifican-los-eventuales-peligros-para-los-clientes\/\">Migraci\u00f3n de Cuenta RUT de BancoEstado a Mambu: expertos identifican los eventuales peligros para los clientes. Se refiere H\u00e9ctor Mu\u00f1oz, jefe de la Unidad de Seguridad Digital.\u00a0<\/a><br \/><br \/><\/div><div><b>DIARIO EL D\u00cdA<\/b>\u00a0<br \/><a href=\"https:\/\/www.diarioeldia.cl\/noticias\/2024\/07\/11\/121500-karla-pinto-destaca-en-la-escuela-de-talentos-a-traves-de-su-versatilidad\">Karla Pinto destaca en la Escuela de Talentos a trav\u00e9s de su versatilidad. Se menciona la Universidad de Talca. \u00a0<\/a><br \/><br \/><\/div><div><b>MARGAMARGA OLINE<\/b>\u00a0<br \/><a href=\"https:\/\/margamargaonline.cl\/2024\/07\/11\/usach-se-adjudica-pionero-proyecto-en-construccion-hibrida-madera-hormigon\/\">Usach se adjudica pionero proyecto en construcci\u00f3n h\u00edbrida madera-hormig\u00f3n. Se menciona la Universidad de Talca.\u00a0<\/a><br \/><u><a id=\"OWAc9c29947-a7a7-5939-31d6-93a51c94ea40\" href=\"https:\/\/margamargaonline.cl\/2024\/07\/11\/usach-se-adjudica-pionero-proyecto-en-construccion-hibrida-madera-hormigon\/\" target=\"_blank\" rel=\"noopener noreferrer\" data-auth=\"NotApplicable\" data-linkindex=\"24\"><\/a><\/u>\u00a0\u00a0<\/div><div><b>PJUD<\/b>\u00a0<br \/><a href=\"https:\/\/www.pjud.cl\/prensa-y-comunicaciones\/noticias-del-poder-judicial\/112157\">Presidenta de la Corte de Talca participa en charla sobre \u201cMedidas para sancionar y erradicar la violencia en contra de las mujeres en raz\u00f3n de su g\u00e9nero\u201d. Se menciona la Universidad de Talca. \u00a0<\/a><br \/><br \/><\/div><div><b>EL LECTOR<\/b>\u00a0<br \/><a href=\"https:\/\/www.litoralpress.cl\/paginaconsultas\/Servicios_NClipSitio\/Get_Imagen_Nota.aspx?LPKey=5H425XXDIX6SGFXE5WKUV27K7PVQ5LDLGBYMNCBVR77LBZEKKESCIYINIVW5C65JS7QJDARS2G67A\">INIA lanza primera variedad de alfalfa de secano que destaca por su alta persistencia y potencial productivo. Se menciona la Universidad de Talca.\u00a0<\/a><br \/><br \/><\/div>\t\t\t\t\t\t<\/div>\n\t\t\t\t<\/div>\n\t\t\t\t\t<\/div>\n\t\t<\/div>\n\t\t\t\t\t\t\t<\/div>\n\t\t<\/section>\n\t\t\t\t\t\t<\/div>\n\t\t\t\t\t<\/div>\n\t\t","protected":false},"excerpt":{"rendered":"<p>EL MOSTRADOR\u00a0Estudiantes desarrollaron piezas 3D para pr\u00f3tesis de ni\u00f1os de la Telet\u00f3n. Se refiere Claudio Aravena Aranda, acad\u00e9mico de la Facultad de Ingenier\u00eda.\u00a0 MEDIABANCO\u00a0Estudiantes desarrollaron piezas 3D para pr\u00f3tesis de ni\u00f1os de la Telet\u00f3n. Se refiere Claudio Aravena Aranda, acad\u00e9mico de la Facultad de Ingenier\u00eda.\u00a0\u00a0AD PRENSA\u00a0Estudiantes desarrollaron piezas 3D para pr\u00f3tesis de ni\u00f1os de la &hellip;<\/p>\n<p class=\"read-more\"> <a class=\"\" href=\"https:\/\/www.reportedeprensa.utalca.cl\/?p=10189\"> <span class=\"screen-reader-text\">12 de julio de 2024<\/span> Read More &raquo;<\/a><\/p>\n","protected":false},"author":1,"featured_media":0,"comment_status":"closed","ping_status":"open","sticky":false,"template":"","format":"standard","meta":{"_monsterinsights_skip_tracking":false,"_monsterinsights_sitenote_active":false,"_monsterinsights_sitenote_note":"","_monsterinsights_sitenote_category":0},"categories":[50],"tags":[],"_links":{"self":[{"href":"https:\/\/www.reportedeprensa.utalca.cl\/index.php?rest_route=\/wp\/v2\/posts\/10189"}],"collection":[{"href":"https:\/\/www.reportedeprensa.utalca.cl\/index.php?rest_route=\/wp\/v2\/posts"}],"about":[{"href":"https:\/\/www.reportedeprensa.utalca.cl\/index.php?rest_route=\/wp\/v2\/types\/post"}],"author":[{"embeddable":true,"href":"https:\/\/www.reportedeprensa.utalca.cl\/index.php?rest_route=\/wp\/v2\/users\/1"}],"replies":[{"embeddable":true,"href":"https:\/\/www.reportedeprensa.utalca.cl\/index.php?rest_route=%2Fwp%2Fv2%2Fcomments&post=10189"}],"version-history":[{"count":7,"href":"https:\/\/www.reportedeprensa.utalca.cl\/index.php?rest_route=\/wp\/v2\/posts\/10189\/revisions"}],"predecessor-version":[{"id":10197,"href":"https:\/\/www.reportedeprensa.utalca.cl\/index.php?rest_route=\/wp\/v2\/posts\/10189\/revisions\/10197"}],"wp:attachment":[{"href":"https:\/\/www.reportedeprensa.utalca.cl\/index.php?rest_route=%2Fwp%2Fv2%2Fmedia&parent=10189"}],"wp:term":[{"taxonomy":"category","embeddable":true,"href":"https:\/\/www.reportedeprensa.utalca.cl\/index.php?rest_route=%2Fwp%2Fv2%2Fcategories&post=10189"},{"taxonomy":"post_tag","embeddable":true,"href":"https:\/\/www.reportedeprensa.utalca.cl\/index.php?rest_route=%2Fwp%2Fv2%2Ftags&post=10189"}],"curies":[{"name":"wp","href":"https:\/\/api.w.org\/{rel}","templated":true}]}}