{"id":10202,"date":"2024-07-22T13:15:07","date_gmt":"2024-07-22T16:15:07","guid":{"rendered":"https:\/\/www.reportedeprensa.utalca.cl\/?p=10202"},"modified":"2024-07-22T16:39:01","modified_gmt":"2024-07-22T19:39:01","slug":"22-de-julio-de-2024","status":"publish","type":"post","link":"https:\/\/www.reportedeprensa.utalca.cl\/?p=10202","title":{"rendered":"22 de julio de 2024"},"content":{"rendered":"\t\t<div data-elementor-type=\"wp-post\" data-elementor-id=\"10202\" class=\"elementor elementor-10202\" data-elementor-settings=\"[]\">\n\t\t\t\t\t\t\t<div class=\"elementor-section-wrap\">\n\t\t\t\t\t\t\t<section class=\"elementor-section elementor-top-section elementor-element elementor-element-bcea1a8 elementor-section-boxed elementor-section-height-default elementor-section-height-default\" data-id=\"bcea1a8\" data-element_type=\"section\">\n\t\t\t\t\t\t<div class=\"elementor-container elementor-column-gap-default\">\n\t\t\t\t\t<div class=\"elementor-column elementor-col-100 elementor-top-column elementor-element elementor-element-e7183bf\" data-id=\"e7183bf\" data-element_type=\"column\">\n\t\t\t<div class=\"elementor-widget-wrap elementor-element-populated\">\n\t\t\t\t\t\t\t\t<div class=\"elementor-element elementor-element-58d7315 elementor-widget elementor-widget-text-editor\" data-id=\"58d7315\" data-element_type=\"widget\" data-widget_type=\"text-editor.default\">\n\t\t\t\t<div class=\"elementor-widget-container\">\n\t\t\t\t\t\t\t\t<div class=\"x_elementToProof\"><b>EL MERCURIO\u00a0(PORTADA)<br \/><\/b><a href=\"https:\/\/www.litoralpress.cl\/sitio\/Prensa_PaginaCompleta.cshtml?LPKey=64JU2P5NH6GPGKJZHKJEOCM7H3BZBPPH2HWTYTVMX3QXPGB6YJ3A\">U. de Talca: el importante legado art\u00edstico que resguarda su Museo Nacional de la Escultura. \u00a0Se refieren Carlos Torres Fuchslocher, rector. Pedro Emilio Zamorano, director del Instituto de Estudios Human\u00edsticos Juan Ignacio Molina y Marcela Albornoz Dachelet, directora de Extensi\u00f3n Cultural y Art\u00edstica.\u00a0<\/a><\/div><div>\u00a0<\/div><div><b>EL MOSTRADOR\u00a0<br \/><\/b><a href=\"https:\/\/www.elmostrador.cl\/agenda-pais\/educacion\/2024\/07\/15\/convenio-de-colaboracion-desarrollara-centro-de-creacion-para-escolares-del-maule\/\">Convenio de colaboraci\u00f3n desarrollar\u00e1 Centro de Creaci\u00f3n para escolares del Maule. Se refiere Carlos Torres Fuchslocher, rector y Karin Saavedra Redlich, directora General de Vinculaci\u00f3n con el Medio.\u00a0<\/a><b><br \/><\/b><b>\u00a0<\/b><\/div><div><b>G5 NOTICIA <\/b>\u00a0<br \/><a href=\"https:\/\/g5noticias.cl\/2024\/07\/14\/utalca-y-ministerio-de-las-culturas-proyectan-un-centro-de-creacion-para-escolares-del-maule\/\">UTalca y Ministerio de las Culturas proyectan un Centro de Creaci\u00f3n para escolares del Maule. Se refiere Carlos Torres Fuchslocher y Karin Saavedra Redlich, directora General de Vinculaci\u00f3n con el Medio de la UTalca.\u00a0<\/a><br \/><br \/><\/div><div><b>MEDIABANCO<\/b>\u00a0<br \/><a href=\"https:\/\/www.mediabanco.com\/utalca-y-ministerio-de-las-culturas-proyectan-un-centro-de-creacion-para-escolares-del-maule\/\">UTalca y Ministerio de las Culturas proyectan un Centro de Creaci\u00f3n para escolares del Maule. Se refiere Carlos Torres Fuchslocher, rector y Karin Saavedra Redlich, directora General de Vinculaci\u00f3n con el Medio.\u00a0<\/a><br \/><br \/><\/div><div><b>CHILL\u00c1N ONLINE<\/b>\u00a0<br \/><a href=\"https:\/\/www.chillanonline.cl\/V7\/2024\/07\/12\/utalca-y-ministerio-de-las-culturas-proyectan-un-centro-de-creacion-para-escolares-del-maule\/\">UTalca y Ministerio de las Culturas proyectan un Centro de Creaci\u00f3n para escolares del Maule. Se refiere Carlos Torres Fuchslocher, rector y Karin Saavedra Redlich, directora general de Vinculaci\u00f3n con el Medio.\u00a0<\/a><br \/><br \/><\/div><div><b>AD PRENSA<\/b>\u00a0<br \/><a href=\"https:\/\/www.adprensa.cl\/cronica\/utalca-y-ministerio-de-las-culturas-proyectan-un-centro-de-creacion-para-escolares-del-maule\/\">UTalca y Ministerio de las Culturas proyectan un Centro de Creaci\u00f3n para escolares del Maule. Se refiere Carlos Torres Fuchslocher, rector y Karin Saavedra Redlich, directora General de Vinculaci\u00f3n con el Medio.\u00a0<\/a><br \/>\u00a0<\/div><div><b>EL DIARIO MAULE<\/b>\u00a0<br \/><a href=\"https:\/\/eldiariodemaule.cl\/proyectan-un-centro-de-creacion-para-escolares-maulinos\/\">Proyectan un Centro de Creaci\u00f3n para escolares maulinos. Se refiere Carlos Torres Fuchslocher, rector y Karin Saavedra Redlich, directora General de Vinculaci\u00f3n con el Medio.\u00a0<\/a><br \/><br \/><\/div><div><b>DIARIO EL HERALDO<\/b>\u00a0<br \/><a href=\"https:\/\/www.diarioelheraldo.cl\/noticia\/utalca-y-ministerio-de-las-culturas-proyectan-un-centro-de-creacion-para-escolares-del-maule-\">UTalca y Ministerio de las Culturas proyectan un Centro de Creaci\u00f3n para Escolares del Maule. Se refiere Carlos Torres Fuchslocher, rector y Karin Saavedra Redlich, directora General de Vinculaci\u00f3n con el Medio.\u00a0<\/a><br \/><br \/><\/div><div><b>DE MAR A CORDILLERA<\/b>\u00a0<br \/><a href=\"https:\/\/demaracordilleratv.cl\/2024\/07\/15\/proyectan-la-puesta-en-marcha-de-un-centro-de-creacion-para-escolares-del-maule\/\">Proyectan la puesta en marcha de un Centro de Creaci\u00f3n para escolares del Maule. Se refiere Carlos Torres Fuchslocher, rector y Karin Saavedra Redlich, directora General de Vinculaci\u00f3n con el Medio.\u00a0<\/a><br \/><br \/><\/div><div><b>MEDIABANCO<\/b>\u00a0<br \/><a href=\"https:\/\/www.mediabanco.com\/utalca-y-ministerio-de-las-culturas-proyectan-un-centro-de-creacion-para-escolares-del-maule\/\">UTalca y Ministerio de las Culturas proyectan un Centro de Creaci\u00f3n para escolares del Maule. Se refiere Carlos Torres Fuchslocher, rector y Karin Saavedra Redlich, directora General de Vinculaci\u00f3n con el Medio.\u00a0<\/a><br \/><br \/><\/div><div><b>CHILL\u00c1N ONLINE<\/b>\u00a0<br \/><a href=\"https:\/\/www.chillanonline.cl\/V7\/2024\/07\/12\/utalca-y-ministerio-de-las-culturas-proyectan-un-centro-de-creacion-para-escolares-del-maule\/\">UTalca y Ministerio de las Culturas proyectan un Centro de Creaci\u00f3n para escolares del Maule. Se refiere Carlos Torres Fuchslocher, rector y Karin Saavedra Redlich, directora general de Vinculaci\u00f3n con el Medio.\u00a0<\/a><\/div><div>\u00a0<\/div><div><b>EL MOSTRADOR\u00a0<\/b><br \/><a href=\"https:\/\/www.elmostrador.cl\/agenda-pais\/agenda-innovacion\/2024\/07\/11\/estudiantes-desarrollaron-piezas-3d-para-protesis-de-ninos-de-la-teleton\/\">Estudiantes desarrollaron piezas 3D para pr\u00f3tesis de ni\u00f1os de la Telet\u00f3n. Se refiere Claudio Aravena Aranda, acad\u00e9mico de la Facultad de Ingenier\u00eda.\u00a0<\/a><br \/><br \/><\/div><div><b>24 HORAS\u00a0<br \/><\/b><a href=\"https:\/\/www.24horas.cl\/conciencia-24-7\/innovacion-y-emprendimiento\/recibieron-premio-innovacion-estudiantes-talca-3d-protesis-teleton\">\u00a1Recibieron un premio a la Innovaci\u00f3n!: Estudiantes de la U. de Talca desarrollan piezas 3D para pr\u00f3tesis de ni\u00f1os de la Telet\u00f3n. Se refiere Claudio Aravena Aranda, acad\u00e9mico de la Facultad de Ingenier\u00eda.\u00a0<\/a><\/div><div>\u00a0<\/div><div><b>DIARIO TALCA<\/b>\u00a0<br \/><a href=\"https:\/\/www.litoralpress.cl\/paginaconsultas\/Servicios_NClipSitio\/Get_Imagen_Nota.aspx?LPKey=IEVJ2EEPQFGFYLN2BEPXPOOQTJYSJSVBQ5CWIMEVWVIIJB6GZCCJLGZAFRYCZ74ICRGTY2B4QNLQC\">Don Francisco destac\u00f3 trabajos de alumnos de ingenier\u00eda que llegaron a Telet\u00f3n Talca. Se refiere Claudio Aravena Aranda, acad\u00e9mico de la Facultad de Ingenier\u00eda.\u00a0<\/a><br \/><br \/><\/div><div><b>COOPERATIVA CIENCIA\u00a0<br \/><\/b><a href=\"https:\/\/www.cooperativaciencia.cl\/tecnologia\/2024\/07\/15\/estudiantes-desarrollaron-piezas-3d-para-protesis-de-ninos-de-la-teleton\/\">Estudiantes desarrollaron piezas 3D para pr\u00f3tesis de ni\u00f1os de la Telet\u00f3n. Se refiere Claudio Aravena Aranda, acad\u00e9mico de la Facultad de Ingenier\u00eda.\u00a0<\/a><br \/><br \/><\/div><div><b>EL DIARIO SANTIAGO<\/b>\u00a0<br \/><a href=\"https:\/\/www.eldiariosantiago.cl\/estudiantes-desarrollaron-piezas-3d-para-protesis-de-ninos-de-la-teleton\/\">Estudiantes desarrollaron piezas 3D para pr\u00f3tesis de ni\u00f1os de la Telet\u00f3n. Se refiere Claudio Aravena Aranda, acad\u00e9mico de la Facultad de Ingenier\u00eda.\u00a0<\/a><br \/><br \/><\/div><div><b>S\u00c9PTIMA P\u00c1GINA NOTICIAS<\/b>\u00a0<br \/><a href=\"https:\/\/www.septimapaginanoticias.cl\/estudiantes-desarrollaron-piezas-3d-para-protesis-de-ninos-de-la-teleton\">Estudiantes desarrollaron piezas 3D para pr\u00f3tesis de ni\u00f1os de la Telet\u00f3n. Se refiere Claudio Aravena Aranda, acad\u00e9mico de la Facultad de Ingenier\u00eda.\u00a0<\/a><br \/><br \/><\/div><div><b>RADIO LAUTARO<\/b>\u00a0<br \/><a href=\"https:\/\/radiolautarotalca.cl\/piezas-3d-creadas-por-estudiantes-de-la-utalca-seran-entregadas-a-los-pacientes-de-teleton-talca\/\">Piezas 3D creadas por estudiantes de la UTalca ser\u00e1n entregadas a los pacientes de Telet\u00f3n Talca. Se refiere Claudio Aravena Aranda, acad\u00e9mico de la Facultad de Ingenier\u00eda.\u00a0<\/a><br \/><br \/><\/div><div><b>EL HERALDO<\/b>\u00a0<br \/><a href=\"https:\/\/www.litoralpress.cl\/paginaconsultas\/Servicios_NClipSitio\/Get_Imagen_Nota.aspx?LPKey=H4P2Y73TB6JCH46PSBZUM6MH6BILZ76ANVXLMUX24QQI7KXVW2LTE6OQFKTBZKQZQPHG35F3EOUW4\">Estudiantes desarrollaron piezas 3D para pr\u00f3tesis de ni\u00f1os de la Telet\u00f3n. Se refiere Claudio Aravena Aranda, acad\u00e9mico de la Facultad de Ingenier\u00eda.\u00a0<\/a><\/div><div>\u00a0<\/div><div><b>CANAL MEGA<\/b><br \/><a href=\"https:\/\/www.litoralpress.cl\/sitio\/RadioTV_Detalles.cshtml?LPKey=RSFTMUEP344FLOUYZ2UTKX6CFGMF4HIAANZKF62H2VJ6VDTH2VQ6TDQ37A2IQH6P46F3ODY4RXXSK\">An\u00e1lisis sobre el impacto de la contaminaci\u00f3n ambiental en la salud. Entrevista a Sergio Wehinger, director de Postgrado.\u00a0<\/a><b><br \/><\/b><\/div><div>\u00a0<\/div><div><b>EL MOSTRADOR:\u00a0<br \/><\/b><a href=\"https:\/\/www.elmostrador.cl\/revista-jengibre\/viajes\/outdoor\/2024\/07\/18\/mayor-bienestar-el-impacto-de-la-recreacion-en-la-naturaleza-para-la-salud-fisica-y-mental-2\/\">Mayor bienestar: El impacto de la recreaci\u00f3n en la naturaleza para la salud f\u00edsica y mental. Se refiere Karin Saavedra, directora General de Vinculaci\u00f3n con el Medio y Nadia Ramos, directora Centro de Psicolog\u00eda Aplicada (CEPA).\u00a0<\/a><b><br \/><\/b><\/div><div>\u00a0<\/div><div><b>CIENCIA Y SALUD<\/b>\u00a0<br \/><a href=\"https:\/\/cienciaysalud.cl\/2024\/07\/18\/el-impacto-de-la-recreacion-en-la-naturaleza-para-la-salud-fisica-y-mental\/\">El impacto de la recreaci\u00f3n en la naturaleza para la salud f\u00edsica y mental. Se refiere Karin Saavedra, directora General de Vinculaci\u00f3n con el Medio y Nadia Ramos, directora Centro de Psicolog\u00eda Aplicada (CEPA).\u00a0<\/a><br \/><br \/><\/div><div><b>MAULE HOY<\/b>\u00a0<br \/><a href=\"https:\/\/maulehoy.cl\/2024\/07\/18\/el-impacto-de-la-recreacion-en-la-naturaleza-para-la-salud-fisica-y-mental\/\">El impacto de la recreaci\u00f3n en la naturaleza para la salud f\u00edsica y mental. Se refiere Karin Saavedra, directora General de Vinculaci\u00f3n con el Medio y Nadia Ramos, directora Centro de Psicolog\u00eda Aplicada (CEPA). \u00a0<\/a><br \/><br \/><\/div><div><b>PUNTO LONTU\u00c9<\/b>\u00a0<br \/><a href=\"https:\/\/puntolontue.cl\/?p=14968\">Mayor bienestar: El impacto de la recreaci\u00f3n en la naturaleza para la salud f\u00edsica y mental. Se refiere Karin Saavedra, directora General de Vinculaci\u00f3n con el Medio y Nadia Ramos, directora Centro de Psicolog\u00eda Aplicada (CEPA).\u00a0<\/a><br \/><br \/><\/div><div><b>RADIO LAUTARO<\/b>\u00a0<br \/><a href=\"https:\/\/radiolautarotalca.cl\/cual-es-el-impacto-de-la-recreacion-en-la-naturaleza-para-la-salud-fisica-y-mental\/\">\u00bfCu\u00e1l es el impacto de la recreaci\u00f3n en la naturaleza para la salud f\u00edsica y mental? Se refiere Karin Saavedra, directora General de Vinculaci\u00f3n con el Medio y Nadia Ramos, directora Centro de Psicolog\u00eda Aplicada (CEPA).\u00a0<\/a><\/div><div>\u00a0<\/div><div><b>PORTAL EDUCA\u00a0<br \/><\/b><a href=\"https:\/\/portaleduca.cl\/infografias-ensenan-aportes-cientificos-de-investigadores\/\">Infograf\u00edas ense\u00f1an aportes cient\u00edficos de investigadores. Se refiere Rodrigo Palomo, vicerrector acad\u00e9mico, Karin Saavedra, directora general de Vinculaci\u00f3n con el Medio y Jos\u00e9 Luis Ulloa, acad\u00e9mico de la Facultad de Psicolog\u00eda.\u00a0<\/a><b><br \/><\/b><\/div><div>\u00a0<\/div><div><b>MAULE HOY<\/b>\u00a0<br \/><a href=\"https:\/\/maulehoy.cl\/2024\/07\/16\/infografias-ensenan-aportes-cientificos-de-investigadores\/\">Infograf\u00edas ense\u00f1an aportes cient\u00edficos de investigadores. Se refiere Rodrigo Palomo, vicerrector acad\u00e9mico, Karin Saavedra, directora general de Vinculaci\u00f3n con el Medio y Jos\u00e9 Luis Ulloa, acad\u00e9mico de la Facultad de Psicolog\u00eda.\u00a0<\/a><br \/><br \/><\/div><div><b>MEDIABANCO<\/b>\u00a0<br \/><a href=\"https:\/\/www.mediabanco.com\/infografias-ensenan-aportes-cientificos-de-investigadores\/\">Infograf\u00edas ense\u00f1an aportes cient\u00edficos de investigadores. Se refiere Rodrigo Palomo, vicerrector acad\u00e9mico, Karin Saavedra, directora general de Vinculaci\u00f3n con el Medio y Jos\u00e9 Luis Ulloa, acad\u00e9mico de la Facultad de Psicolog\u00eda.\u00a0<\/a><br \/><br \/><\/div><div><b>AD PRENSA<\/b>\u00a0<br \/><a href=\"https:\/\/www.adprensa.cl\/cronica\/infografias-ensenan-aportes-cientificos-de-investigadores\/\">Infograf\u00edas ense\u00f1an aportes cient\u00edficos de investigadores. Se refiere Rodrigo Palomo, vicerrector acad\u00e9mico, Karin Saavedra, directora general de Vinculaci\u00f3n con el Medio y Jos\u00e9 Luis Ulloa, acad\u00e9mico de la Facultad de Psicolog\u00eda.\u00a0<\/a><\/div><div>\u00a0<\/div><div><b>DIARIO EL HERALDO<\/b>\u00a0<br \/><a href=\"https:\/\/www.diarioelheraldo.cl\/noticia\/infografias-ensenan-aportes-cientificos-de-investigadores-\">Infograf\u00edas ense\u00f1an aportes cient\u00edficos de investigadores. Se refiere Rodrigo Palomo, vicerrector acad\u00e9mico, Karin Saavedra, directora general de Vinculaci\u00f3n con el Medio y Jos\u00e9 Luis Ulloa, acad\u00e9mico de la Facultad de Psicolog\u00eda.\u00a0<\/a><\/div><div>\u00a0<\/div><div><b>REPORTE AGR\u00cdCOLA &#8211; 24 HORAS\u00a0<br \/><\/b><a href=\"https:\/\/www.litoralpress.cl\/sitio\/RadioTV_Detalles.cshtml?LPKey=BI4FBSD4WJTYMOBUY6EA76KH4NJZHBTSSG6QZEAZE5BU6ZWU4CE5OX34YWIAB76HEAFAYDI7MAQTK\">Intercalado de cultivos para reducir costos de producci\u00f3n. Se refiere\u00a0Ricardo Cabeza, acad\u00e9mico Facultad de Ciencias Agrarias. \u00a0<\/a><b><br \/><\/b><b>\u00a0<\/b><\/div><div><b>EL LECTOR\u00a0<\/b><br \/><a href=\"https:\/\/www.litoralpress.cl\/paginaconsultas\/Servicios_NClipSitio\/Get_Imagen_Nota.aspx?LPKey=25WXQJRO4DP4J4CDLG7AOJWDDO7KIU3MXXS6MOX26OQBJY4E5ZJLES4V43EXOKO5HNNPBCH64WWVS\">UTalca inspira a j\u00f3venes en la Escuela de Invierno en Bioinform\u00e1tica. Se refiere Fabio Dur\u00e1n Verdugo, director de la Escuela de Ingenier\u00eda Civil.\u00a0<\/a><br \/><br \/><\/div><div><b>MAULE HOY<\/b>\u00a0<br \/><a href=\"https:\/\/maulehoy.cl\/2024\/07\/17\/utalca-inspira-a-jovenes-en-la-escuela-de-invierno-en-bioinformatica\/\">UTalca inspira a j\u00f3venes en la Escuela de Invierno en Bioinform\u00e1tica. Se refiere Fabio Dur\u00e1n Verdugo, director de la Escuela de Ingenier\u00eda Civil.\u00a0<\/a><br \/><br \/><\/div><div><b>PUBLIMICRO<\/b>\u00a0<br \/><a href=\"https:\/\/publimicro.cl\/universidad-de-talca-inspira-a-jovenes-estudiantes-secundarios-en-bioinformatica-en-su-escuela-de-invierno\/\">Universidad de Talca inspira a j\u00f3venes estudiantes secundarios en Bioinform\u00e1tica, en su Escuela de Invierno. Se refiere Fabio Dur\u00e1n Verdugo, director de la Escuela de Ingenier\u00eda Civil en Bioinform\u00e1tica.\u00a0<\/a><br \/><br \/><\/div><div><b>PUBLIMICRO<\/b>\u00a0<br \/><a href=\"https:\/\/publimicro.cl\/dos-tecnologias-para-la-telerehabilitacion-fueron-creados-por-investigadoras-de-la-universidad-de-talca\/\">Dos tecnolog\u00edas para la telerehabilitaci\u00f3n fueron creados por investigadoras de la Universidad de Talca. Se refiere Valeska Gatica, directora Centro Tecnol\u00f3gico de Telerrehabilitaci\u00f3n y Neurociencia (CTTN).\u00a0<\/a><br \/><br \/><\/div><div><b>EL LECTOR<\/b>\u00a0<br \/><a href=\"https:\/\/www.litoralpress.cl\/sitio\/Prensa_Detalles.cshtml?LPKey=XC2QFULXYMXAIMQMFHUTRGX5GGH3O64Y74VHJNSQIPV5P4VSP3JQ\">Investigadores crean dos tecnolog\u00edas de telerrehabilitaci\u00f3n de bajo costo. Se refiere Valeska Gatica, directora Centro Tecnol\u00f3gico de Telerrehabilitaci\u00f3n y Neurociencia (CTTN). \u00a0<\/a><br \/><br \/><\/div><div><b>RADIO ANCOA<\/b>\u00a0<br \/><a href=\"https:\/\/www.radioancoa.cl\/categoria\/local\/investigadores-crean-tecnologias-telerrehabilitacion-costo\">Investigadores crean dos tecnolog\u00edas de telerrehabilitaci\u00f3n de bajo costo. Se refiere Valeska Gatica, directora Centro Tecnol\u00f3gico de Telerrehabilitaci\u00f3n y Neurociencia (CTTN).\u00a0<\/a><\/div><div>\u00a0<\/div><div><b>EL MOSTRADOR\u00a0<br \/><\/b><a href=\"https:\/\/www.elmostrador.cl\/agenda-pais\/vida-en-linea\/2024\/07\/17\/afirman-que-vacuna-contra-virus-sincicial-ha-contribuido-en-la-disminucion-de-casos-graves\/\">Afirman que vacuna contra virus sincicial ha contribuido en la disminuci\u00f3n de casos graves. Se refiere Erika Retamal, directora del Departamento de Salud P\u00fablica.\u00a0<\/a><b><br \/><\/b><\/div><div>\u00a0<\/div><div><b>CIENCIA Y SALUD<\/b>\u00a0<br \/><a href=\"https:\/\/cienciaysalud.cl\/2024\/07\/17\/destacan-que-inoculacion-contra-el-virus-sincicial-ha-contribuido-a-la-disminucion-de-casos-graves\/\">Destacan que inoculaci\u00f3n contra el virus sincicial ha contribuido a la disminuci\u00f3n de casos graves. Se refiere Erika Retamal, directora del Departamento de Salud P\u00fablica.\u00a0<\/a><br \/><br \/><\/div><div><b>DIARIO TALCA<\/b>\u00a0<br \/><a href=\"https:\/\/diariotalca.cl\/vacuna-contra-virus-sincicial-ha-contribuido-en-la-disminucion-de-casos-graves\/\">Vacuna contra virus sincicial ha contribuido en la disminuci\u00f3n de casos graves. Se refiere Erika Retamal, directora del Departamento de Salud P\u00fablica.\u00a0<\/a><br \/><br \/><\/div><div><b>TV MAULE<\/b>\u00a0<br \/><a href=\"https:\/\/www.tvmaule.cl\/afirman-que-vacuna-contra-virus-sincicial-ha-contribuido-en-la-disminucion-de-casos-graves\/\">Afirman que vacuna contra virus sincicial ha contribuido en la disminuci\u00f3n de casos graves. Se refiere Erika Retamal, directora del Departamento de Salud P\u00fablica.\u00a0<\/a><br \/><br \/><\/div><div><b>LA TERCERA\u00a0TV<br \/><\/b><a href=\"https:\/\/www.litoralpress.cl\/sitio\/RadioTV_Detalles.cshtml?LPKey=7H27RIJSYZF3RLVTRTML2QDOHG46JT7WWHYULE2IVW5ALRISQOSYC4AYJ32TOXY4XAPELB6VXK5L2T\">Situaci\u00f3n actual de virus respiratorios. Entrevista a Erika Retamal, directora del Departamento de Salud P\u00fablica.<\/a><\/div><div>\u00a0<\/div><div><b>G5 NOTICIAS\u00a0<br \/><\/b><a href=\"https:\/\/g5noticias.cl\/2024\/07\/16\/moderno-equipo-impulsara-la-investigacion-en-nanomedicina-y-farmacologia\/\">Moderno equipo impulsar\u00e1 la investigaci\u00f3n en nanomedicina y farmacolog\u00eda. Esteban Dur\u00e1n Lara, acad\u00e9mico del Departamento de Microbiolog\u00eda.\u00a0<\/a><b><br \/><\/b><\/div><div>\u00a0<\/div><div><b>RADIO LAUTARO<\/b>\u00a0<\/div><div><a href=\"https:\/\/radiolautarotalca.cl\/moderno-equipo-impulsara-la-investigacion-en-nanomedicina-y-farmacologia\/\">Moderno equipo impulsar\u00e1 la investigaci\u00f3n en nanomedicina y farmacolog\u00eda. Esteban Dur\u00e1n Lara, acad\u00e9mico del Departamento de Microbiolog\u00eda.\u00a0<\/a><\/div><div>\u00a0<\/div>\t\t\t\t\t\t<\/div>\n\t\t\t\t<\/div>\n\t\t\t\t\t<\/div>\n\t\t<\/div>\n\t\t\t\t\t\t\t<\/div>\n\t\t<\/section>\n\t\t\t\t\t\t<\/div>\n\t\t\t\t\t<\/div>\n\t\t","protected":false},"excerpt":{"rendered":"<p>EL MERCURIO\u00a0(PORTADA)U. de Talca: el importante legado art\u00edstico que resguarda su Museo Nacional de la Escultura. \u00a0Se refieren Carlos Torres Fuchslocher, rector. Pedro Emilio Zamorano, director del Instituto de Estudios Human\u00edsticos Juan Ignacio Molina y Marcela Albornoz Dachelet, directora de Extensi\u00f3n Cultural y Art\u00edstica.\u00a0\u00a0EL MOSTRADOR\u00a0Convenio de colaboraci\u00f3n desarrollar\u00e1 Centro de Creaci\u00f3n para escolares del Maule. &hellip;<\/p>\n<p class=\"read-more\"> <a class=\"\" href=\"https:\/\/www.reportedeprensa.utalca.cl\/?p=10202\"> <span class=\"screen-reader-text\">22 de julio de 2024<\/span> Read More &raquo;<\/a><\/p>\n","protected":false},"author":1,"featured_media":0,"comment_status":"closed","ping_status":"open","sticky":false,"template":"","format":"standard","meta":{"_monsterinsights_skip_tracking":false,"_monsterinsights_sitenote_active":false,"_monsterinsights_sitenote_note":"","_monsterinsights_sitenote_category":0},"categories":[50],"tags":[],"_links":{"self":[{"href":"https:\/\/www.reportedeprensa.utalca.cl\/index.php?rest_route=\/wp\/v2\/posts\/10202"}],"collection":[{"href":"https:\/\/www.reportedeprensa.utalca.cl\/index.php?rest_route=\/wp\/v2\/posts"}],"about":[{"href":"https:\/\/www.reportedeprensa.utalca.cl\/index.php?rest_route=\/wp\/v2\/types\/post"}],"author":[{"embeddable":true,"href":"https:\/\/www.reportedeprensa.utalca.cl\/index.php?rest_route=\/wp\/v2\/users\/1"}],"replies":[{"embeddable":true,"href":"https:\/\/www.reportedeprensa.utalca.cl\/index.php?rest_route=%2Fwp%2Fv2%2Fcomments&post=10202"}],"version-history":[{"count":4,"href":"https:\/\/www.reportedeprensa.utalca.cl\/index.php?rest_route=\/wp\/v2\/posts\/10202\/revisions"}],"predecessor-version":[{"id":10207,"href":"https:\/\/www.reportedeprensa.utalca.cl\/index.php?rest_route=\/wp\/v2\/posts\/10202\/revisions\/10207"}],"wp:attachment":[{"href":"https:\/\/www.reportedeprensa.utalca.cl\/index.php?rest_route=%2Fwp%2Fv2%2Fmedia&parent=10202"}],"wp:term":[{"taxonomy":"category","embeddable":true,"href":"https:\/\/www.reportedeprensa.utalca.cl\/index.php?rest_route=%2Fwp%2Fv2%2Fcategories&post=10202"},{"taxonomy":"post_tag","embeddable":true,"href":"https:\/\/www.reportedeprensa.utalca.cl\/index.php?rest_route=%2Fwp%2Fv2%2Ftags&post=10202"}],"curies":[{"name":"wp","href":"https:\/\/api.w.org\/{rel}","templated":true}]}}