{"id":10211,"date":"2024-07-23T14:18:00","date_gmt":"2024-07-23T17:18:00","guid":{"rendered":"https:\/\/www.reportedeprensa.utalca.cl\/?p=10211"},"modified":"2024-07-23T14:27:37","modified_gmt":"2024-07-23T17:27:37","slug":"23-de-julio-de-2024","status":"publish","type":"post","link":"https:\/\/www.reportedeprensa.utalca.cl\/?p=10211","title":{"rendered":"23 de julio de 2024"},"content":{"rendered":"\t\t<div data-elementor-type=\"wp-post\" data-elementor-id=\"10211\" class=\"elementor elementor-10211\" data-elementor-settings=\"[]\">\n\t\t\t\t\t\t\t<div class=\"elementor-section-wrap\">\n\t\t\t\t\t\t\t<section class=\"elementor-section elementor-top-section elementor-element elementor-element-bcea1a8 elementor-section-boxed elementor-section-height-default elementor-section-height-default\" data-id=\"bcea1a8\" data-element_type=\"section\">\n\t\t\t\t\t\t<div class=\"elementor-container elementor-column-gap-default\">\n\t\t\t\t\t<div class=\"elementor-column elementor-col-100 elementor-top-column elementor-element elementor-element-e7183bf\" data-id=\"e7183bf\" data-element_type=\"column\">\n\t\t\t<div class=\"elementor-widget-wrap elementor-element-populated\">\n\t\t\t\t\t\t\t\t<div class=\"elementor-element elementor-element-58d7315 elementor-widget elementor-widget-text-editor\" data-id=\"58d7315\" data-element_type=\"widget\" data-widget_type=\"text-editor.default\">\n\t\t\t\t<div class=\"elementor-widget-container\">\n\t\t\t\t\t\t\t\t<div class=\"wnVEW\"><div role=\"document\"><div class=\"Yy5or GNqVo allowTextSelection OuGoX\" tabindex=\"-1\" aria-label=\"Cuerpo del mensaje\"><div dir=\"ltr\"><div><b>LA PRENSA DE CURIC\u00d3<\/b>\u00a0<br \/><a href=\"https:\/\/www.litoralpress.cl\/sitio\/Prensa_Detalles.cshtml?LPKey=KQUVFCIXTZUNE2QIX27IRN67U2TBX4K7QVFVSMCJKYUHSW6HJ44A\">Historias del arte visual en Chile. Se refiere Pedro Emilio Zamorano, director del Instituto de Estudios Human\u00edsticos Juan Ignacio Molina.\u00a0<\/a><\/div><div>\u00a0<\/div><div><b>MAULE NEWS<\/b>\u00a0<br \/><a href=\"https:\/\/www.maulenews.com\/2024\/07\/lanzan-libro-sobre-historias-del-arte.html#google_vignette\">Lanzan libro sobre Historias del Arte en Chile (1850-1950). Se refiere Pedro Emilio Zamorano, director del Instituto de Estudios Human\u00edsticos Juan Ignacio Molina.\u00a0<\/a><br \/><br \/><\/div><div><b>CANAL 30 MULTICOM<\/b>\u00a0<br \/><a href=\"https:\/\/www.litoralpress.cl\/sitio\/RadioTV_Detalles.cshtml?LPKey=P5DNYXDUGVJY5PSXDMO2L7QU5O6XCOHULRRXIQKYWZZHOIIWSGWWG7C6U7UTLK6A22QQRRQ6L57B2\">Relaci\u00f3n de la naturaleza y la salud. Se refiere Karin Saavedra, directora General de Vinculaci\u00f3n con el Medio y Nadia Ramos, directora Centro de Psicolog\u00eda Aplicada (CEPA). \u202f\u00a0<\/a><\/div><div><b>RADIO AGRICULTURA<\/b>\u00a0<br \/><a href=\"https:\/\/www.litoralpress.cl\/sitio\/RadioTV_Detalles.cshtml?LPKey=OLT7BTDLFL7E7TFMK5LPE7CRZFBQZBCRQ5HL35GRUAOVUGB5SSWOMMT4SN5RAAMJHXZ55HZYS53RA\">Entrevista a Patricio Gonz\u00e1lez Colville, agroclimat\u00f3logo y acad\u00e9mico del Centro de Investigaci\u00f3n y Transferencia en Riego y Agroclimatolog\u00eda (CITRA).\u202f\u202f\u202f\u202f\u00a0<\/a><\/div><div>\u00a0<\/div><div><b>EL MOSTRADOR<\/b>\u00a0<br \/><a href=\"https:\/\/www.elmostrador.cl\/agenda-pais\/agenda-digital\/2024\/07\/22\/te-robaron-el-telefono-que-resguardos-tener-en-cuenta-cuando-esto-ocurre\/\">\u00bfTe robaron el tel\u00e9fono?: Qu\u00e9 resguardos tener en cuenta cuando esto ocurre. Se refiere H\u00e9ctor Mu\u00f1oz, jefe de Seguridad Digital.\u00a0<\/a><\/div><div>\u00a0<\/div><div><b>LA DISCUSI\u00d3N\u00a0<br \/><\/b><a href=\"https:\/\/www.ladiscusion.cl\/te-robaron-el-telefono-que-resguardos-tener-en-cuenta-cuando-esto-ocurre\/\">\u00bfTe robaron el tel\u00e9fono?: Qu\u00e9 resguardos tener en cuenta cuando esto ocurre. Se refiere H\u00e9ctor Mu\u00f1oz, jefe de Seguridad Digital.\u00a0<\/a><\/div><div>\u00a0<\/div><div><b>DIARIO TALCA\u00a0<\/b><\/div><div><a href=\"https:\/\/diariotalca.cl\/te-robaron-el-telefono-que-resguardos-tener-en-cuenta\/\">\u00bfTe robaron el tel\u00e9fono?: Qu\u00e9 resguardos tener en cuenta cuando esto ocurre. Se refiere H\u00e9ctor Mu\u00f1oz, jefe de Seguridad Digital<\/a>.\u00a0<\/div><div><b>\u00a0<\/b><\/div><div><b>EL DIARIO SANTIAGO<\/b>\u00a0<\/div><div><a href=\"https:\/\/www.eldiariosantiago.cl\/te-robaron-el-telefono-que-resguardos-tener-en-cuenta-cuando-esto-ocurre\/\">\u00bfTe robaron el tel\u00e9fono?: Qu\u00e9 resguardos tener en cuenta cuando esto ocurre. Se refiere H\u00e9ctor Mu\u00f1oz, jefe de Seguridad Digital.\u00a0<\/a><\/div><div>\u00a0<\/div><div><b>EL DIARIO ARAUCAN\u00cdA<\/b>\u00a0<\/div><div><a href=\"https:\/\/www.eldiariodelaaraucania.cl\/te-robaron-el-telefono-que-resguardos-tener-en-cuenta-cuando-esto-ocurre\/\">\u00bfTe robaron el tel\u00e9fono?: Qu\u00e9 resguardos tener en cuenta cuando esto ocurre. Se refiere H\u00e9ctor Mu\u00f1oz, jefe de Seguridad Digital.\u00a0<\/a><\/div><div>\u00a0<\/div><div><b>S\u00c9PTIMA REGI\u00d3N NOTICIAS<\/b>\u00a0<br \/><a href=\"https:\/\/www.septimapaginanoticias.cl\/te-robaron-el-telefono-que-resguardos-tener-en-cuenta-cuando-esto-ocurre\">\u00bfTe robaron el tel\u00e9fono?: Qu\u00e9 resguardos tener en cuenta cuando esto ocurre. Se refiere H\u00e9ctor Mu\u00f1oz, jefe de Seguridad Digital.\u00a0<\/a><\/div><div>\u00a0<\/div><div><b>MEDIABANCO<\/b>\u00a0<br \/><a href=\"https:\/\/www.mediabanco.com\/te-robaron-el-telefono-que-resguardos-tener-en-cuenta-cuando-esto-ocurre\/\">\u00bfTe robaron el tel\u00e9fono?: Qu\u00e9 resguardos tener en cuenta cuando esto ocurre. Se refiere H\u00e9ctor Mu\u00f1oz, jefe de Seguridad Digital.\u00a0<\/a><\/div><div>\u00a0<\/div><div><b>BIO NOTICIAS<\/b>\u00a0<br \/><a href=\"https:\/\/bionoticias.cl\/te-robaron-el-telefono-que-resguardos-tener-en-cuenta-cuando-esto-ocurre\/\">\u00bfTe robaron el tel\u00e9fono?: Qu\u00e9 resguardos tener en cuenta cuando esto ocurre. Se refiere H\u00e9ctor Mu\u00f1oz, jefe de Seguridad Digital.\u00a0<\/a><br \/><br \/><\/div><div><b>LA VOZ EN L\u00cdNEA<\/b>\u00a0<br \/><a href=\"https:\/\/lavozenlinea.cl\/2024\/07\/22\/te-robaron-el-telefono-que-resguardos-tener-en-cuenta-cuando-esto-ocurre\/\">\u00bfTe robaron el tel\u00e9fono?: Qu\u00e9 resguardos tener en cuenta cuando esto ocurre. Se refiere H\u00e9ctor Mu\u00f1oz, jefe de Seguridad Digital.\u00a0<\/a><\/div><div>\u00a0<\/div><div><b>TV5 <\/b>\u00a0<\/div><div><a href=\"https:\/\/www.tv5.cl\/categoria\/local\/te-robaron-telefono-resguardos-ocurre\">\u00bfTe robaron el tel\u00e9fono?: Qu\u00e9 resguardos tener en cuenta cuando esto ocurre. Se refiere H\u00e9ctor Mu\u00f1oz, jefe de Seguridad Digital.\u00a0<\/a><br \/><br \/><\/div><div><b>BIO NOTICIAS<\/b>\u00a0<br \/><a href=\"https:\/\/bionoticias.cl\/personas-mayores-del-maule-conocieron-los-beneficios-de-la-marcha-nordica\/\">Personas mayores del Maule conocieron los beneficios de la Marcha N\u00f3rdica. Jessica Espinoza, acad\u00e9mica de la Escuela de Kinesiolog\u00eda.\u00a0<\/a><br \/><br \/><\/div><div><b>LA NOTICIA<\/b>\u00a0<br \/><a href=\"https:\/\/lanoticia.cl\/personas-mayores-del-maule-conocieron-los-beneficios-de-la-marcha-nordica\/\">Personas mayores del Maule conocieron los beneficios de la Marcha N\u00f3rdica. Se refiere Jessica Espinoza, acad\u00e9mica de la Escuela de Kinesiolog\u00eda.\u00a0<\/a><br \/><br \/><\/div><div><b>EL MAULE INFORMA<\/b>\u00a0<br \/><a href=\"https:\/\/elmauleinforma.cl\/personas-mayores-del-maule-conocieron-los-beneficios-de-la-marcha-nordica\/\">Personas mayores del Maule conocieron los beneficios de la Marcha N\u00f3rdica. Se refiere Jessica Espinoza, acad\u00e9mica de la Escuela de Kinesiolog\u00eda.\u00a0<\/a><br \/><br \/><\/div><div><div><b>MAULE NEWS<\/b>\u00a0<br \/><a href=\"https:\/\/www.maulenews.com\/2024\/07\/personas-mayores-del-maule-conocieron.html\">Personas mayores del Maule conocieron los beneficios de la Marcha N\u00f3rdica. Se refiere Jessica Espinoza, acad\u00e9mica de la Escuela de Kinesiolog\u00eda.\u00a0<\/a><br \/><b><\/b><\/div><div>\u00a0<\/div><div><b>PUBLIMICRO<\/b>\u00a0<\/div><div><a href=\"https:\/\/www.maulenews.com\/2024\/07\/utalca-inspira-jovenes-en-la-escuela-de.html\">Adultos mayores del Maule conocieron los beneficios de la Marcha N\u00f3rdica. Se menciona la Universidad de Talca.\u00a0<\/a><\/div><\/div><div>\u00a0<\/div><div><b>MAULENEWS<\/b>\u00a0<br \/><a href=\"https:\/\/www.maulenews.com\/2024\/07\/utalca-inspira-jovenes-en-la-escuela-de.html\">UTalca inspira a j\u00f3venes en la Escuela de Invierno en Bioinform\u00e1tica. Se refiere Fabio Dur\u00e1n Verdugo, director de la Escuela de Ingenier\u00eda Civil en Bioinform\u00e1tica.\u00a0<\/a><br \/><br \/><\/div><div><b>MAULENEWS<\/b>\u00a0<br \/><a href=\"https:\/\/www.maulenews.com\/2024\/07\/insisten-en-la-prevencion-frente.html\">Insisten en la prevenci\u00f3n frente a preocupante aumento de casos de c\u00e1ncer de pr\u00f3stata. Se refiere Edith Morales Herrera, acad\u00e9mica de la Escuela de Enfermer\u00eda.\u00a0<\/a><\/div><div>\u00a0<\/div><div><b>EMOL<\/b>\u00a0<br \/><a href=\"https:\/\/www.emol.com\/noticias\/Nacional\/2024\/07\/22\/1137244\/rol-municipalidades-inspectores-seguridad-crisis.html\">&#8216;Puede aportar, pero en otra dimensi\u00f3n&#8217;: El debate en torno al rol que deber\u00eda cumplir la seguridad municipal en medio de la crisis. Se refiere Jorge Cabrera, acad\u00e9mico de la Facultad de Ciencias Jur\u00eddicas y Sociales\u00a0<\/a><\/div><div>\u00a0<\/div><div><b>MEGANOTICIAS<\/b>\u00a0<br \/><a href=\"https:\/\/www.meganoticias.cl\/nacional\/453401-mauricio-morales-columna-cadem-elecciones-presidenciales-izquierda-presidente-boric-jose-antonio-kast-fds01-21-07-2024.html\">Meti\u00e9ndole la mano al padr\u00f3n. Columna de Mauricio Morales Quiroga, director del Centro de An\u00e1lisis Pol\u00edtico.\u00a0<\/a><br \/><br \/><\/div><div><b>RADIO INFINITA<\/b>\u00a0<br \/><a href=\"https:\/\/www.litoralpress.cl\/sitio\/RadioTV_Detalles.cshtml?LPKey=3XL6F6AT6TX4BDXEBIVTPBOK3IZTFEWBHXBMCTOJWGPE7CHZTBBJLDOB2SN7GNMYX4AIOE3YQCZFC\">Participaci\u00f3n de Mauricio Morales, director Centro de An\u00e1lisis Pol\u00edtico (CAP).\u00a0<\/a><br \/><br \/><\/div><div><b>RADIO UNIVERSIDAD DE CHILE<\/b>\u00a0<br \/><a href=\"https:\/\/radio.uchile.cl\/2024\/07\/22\/la-cuestionada-defensa-del-presidente-de-la-udi-a-su-padre-es-inviable-que-siga-en-el-cargo\/\">La cuestionada defensa del presidente de la UDI a su padre: \u201cEs inviable que siga en el cargo\u201d. Se refiere Mario Herrera, acad\u00e9mico del Centro de An\u00e1lisis Pol\u00edtico (CAP).\u00a0<\/a><\/div><div>\u00a0<\/div><div><b>MARGA MARGA ONLINE<\/b>\u00a0<br \/><a href=\"https:\/\/margamargaonline.cl\/2024\/07\/21\/resultado-estudio-universidad-de-talca-advierten-que-alta-cantidad-de-tramites-en-proyectos-inmobiliarios-desincentiva-su-desarrollo\/\">Resultado Estudio Universidad de Talca: Advierten que alta cantidad de tr\u00e1mites en proyectos inmobiliarios desincentiva su desarrollo. Se refiere Armando Dur\u00e1n Bustamante, acad\u00e9mico de la Facultad de Ingenier\u00eda. \u00a0<\/a><\/div><div>\u00a0<\/div><div><b>RADIO REGIONALES<\/b>\u00a0<br \/><a href=\"https:\/\/radiosregionales.cl\/tendencias\/medio-ambiente\/las-ciudades-con-peor-calidad-de-aire-en-sudamerica-ocho-se-encuentran-en\">Las ciudades con peor calidad de aire en Sudam\u00e9rica: Ocho se encuentran en Chile. Se refiere Mar\u00eda Elisa Quinteros, acad\u00e9mica Departamento de Salud P\u00fablica.\u202f\u00a0<\/a><br \/><br \/><\/div><div><b>COMOMEGUSTA.CL<\/b>\u00a0<\/div><div><a href=\"https:\/\/www.comomegusta.cl\/vina-montes-se-une-a-la-comunidad-global-de-empresas-b\/\">Vi\u00f1a Montes se une a la comunidad global de empresas B. Se menciona la Universidad de Talca.\u00a0<\/a><br \/><br \/><\/div><div><b>RHMANAGEMENT.CL<\/b>\u00a0<\/div><div><a href=\"https:\/\/rhmanagement.cl\/esta-chile-preparado-para-la-colaboracion-prosumidores\/\">\u00bfEst\u00e1 Chile preparado para la colaboraci\u00f3n?: \u201cProsumidores\u201d. Se menciona la Universidad de Talca.\u00a0<\/a><br \/><br \/><\/div><div><b>YUNGAYINO<\/b>\u00a0<br \/><a href=\"https:\/\/www.yungayino.cl\/noticias\/?p=31233\">Disponen de $3 mil millones para proyectos de innovaci\u00f3n a trav\u00e9s del Fondo Regional para la Productividad y el Desarrollo. Se menciona la Universidad de Talca.\u00a0<\/a><\/div><\/div><\/div><\/div><\/div><div class=\"wnVEW\"><div role=\"document\"><div class=\"T31hC GNqVo allowTextSelection OuGoX\" tabindex=\"-1\" aria-label=\"Cuerpo del mensaje\"><div dir=\"ltr\"><div>\u00a0<\/div><div><b>LA PRENSA AUSTRAL<\/b>\u00a0<br \/><a href=\"https:\/\/www.litoralpress.cl\/paginaconsultas\/Servicios_NClipSitio\/Get_Imagen_Nota.aspx?LPKey=VISPJKYEPGCH7KS7MJJKIPCH7DWBETN3RIATQEI7EPX7UHOLD6O4UR5MCEBZGGTCBQ5R5SBZM3UKS\">Magall\u00e1nicos por el mundo retornan a su tierra para ofrecer concierto. Se menciona la Universidad de Talca.\u00a0<\/a><\/div><div>\u00a0<\/div><\/div><\/div><\/div><\/div>\t\t\t\t\t\t<\/div>\n\t\t\t\t<\/div>\n\t\t\t\t\t<\/div>\n\t\t<\/div>\n\t\t\t\t\t\t\t<\/div>\n\t\t<\/section>\n\t\t\t\t\t\t<\/div>\n\t\t\t\t\t<\/div>\n\t\t","protected":false},"excerpt":{"rendered":"<p>LA PRENSA DE CURIC\u00d3\u00a0Historias del arte visual en Chile. Se refiere Pedro Emilio Zamorano, director del Instituto de Estudios Human\u00edsticos Juan Ignacio Molina.\u00a0\u00a0MAULE NEWS\u00a0Lanzan libro sobre Historias del Arte en Chile (1850-1950). Se refiere Pedro Emilio Zamorano, director del Instituto de Estudios Human\u00edsticos Juan Ignacio Molina.\u00a0 CANAL 30 MULTICOM\u00a0Relaci\u00f3n de la naturaleza y la salud. &hellip;<\/p>\n<p class=\"read-more\"> <a class=\"\" href=\"https:\/\/www.reportedeprensa.utalca.cl\/?p=10211\"> <span class=\"screen-reader-text\">23 de julio de 2024<\/span> Read More &raquo;<\/a><\/p>\n","protected":false},"author":1,"featured_media":0,"comment_status":"closed","ping_status":"open","sticky":false,"template":"","format":"standard","meta":{"_monsterinsights_skip_tracking":false,"_monsterinsights_sitenote_active":false,"_monsterinsights_sitenote_note":"","_monsterinsights_sitenote_category":0},"categories":[50],"tags":[],"_links":{"self":[{"href":"https:\/\/www.reportedeprensa.utalca.cl\/index.php?rest_route=\/wp\/v2\/posts\/10211"}],"collection":[{"href":"https:\/\/www.reportedeprensa.utalca.cl\/index.php?rest_route=\/wp\/v2\/posts"}],"about":[{"href":"https:\/\/www.reportedeprensa.utalca.cl\/index.php?rest_route=\/wp\/v2\/types\/post"}],"author":[{"embeddable":true,"href":"https:\/\/www.reportedeprensa.utalca.cl\/index.php?rest_route=\/wp\/v2\/users\/1"}],"replies":[{"embeddable":true,"href":"https:\/\/www.reportedeprensa.utalca.cl\/index.php?rest_route=%2Fwp%2Fv2%2Fcomments&post=10211"}],"version-history":[{"count":4,"href":"https:\/\/www.reportedeprensa.utalca.cl\/index.php?rest_route=\/wp\/v2\/posts\/10211\/revisions"}],"predecessor-version":[{"id":10218,"href":"https:\/\/www.reportedeprensa.utalca.cl\/index.php?rest_route=\/wp\/v2\/posts\/10211\/revisions\/10218"}],"wp:attachment":[{"href":"https:\/\/www.reportedeprensa.utalca.cl\/index.php?rest_route=%2Fwp%2Fv2%2Fmedia&parent=10211"}],"wp:term":[{"taxonomy":"category","embeddable":true,"href":"https:\/\/www.reportedeprensa.utalca.cl\/index.php?rest_route=%2Fwp%2Fv2%2Fcategories&post=10211"},{"taxonomy":"post_tag","embeddable":true,"href":"https:\/\/www.reportedeprensa.utalca.cl\/index.php?rest_route=%2Fwp%2Fv2%2Ftags&post=10211"}],"curies":[{"name":"wp","href":"https:\/\/api.w.org\/{rel}","templated":true}]}}