{"id":10219,"date":"2024-07-24T12:22:45","date_gmt":"2024-07-24T15:22:45","guid":{"rendered":"https:\/\/www.reportedeprensa.utalca.cl\/?p=10219"},"modified":"2024-07-24T12:28:11","modified_gmt":"2024-07-24T15:28:11","slug":"24-de-julio-de-2024","status":"publish","type":"post","link":"https:\/\/www.reportedeprensa.utalca.cl\/?p=10219","title":{"rendered":"24 de julio de 2024"},"content":{"rendered":"\t\t<div data-elementor-type=\"wp-post\" data-elementor-id=\"10219\" class=\"elementor elementor-10219\" data-elementor-settings=\"[]\">\n\t\t\t\t\t\t\t<div class=\"elementor-section-wrap\">\n\t\t\t\t\t\t\t<section class=\"elementor-section elementor-top-section elementor-element elementor-element-bcea1a8 elementor-section-boxed elementor-section-height-default elementor-section-height-default\" data-id=\"bcea1a8\" data-element_type=\"section\">\n\t\t\t\t\t\t<div class=\"elementor-container elementor-column-gap-default\">\n\t\t\t\t\t<div class=\"elementor-column elementor-col-100 elementor-top-column elementor-element elementor-element-e7183bf\" data-id=\"e7183bf\" data-element_type=\"column\">\n\t\t\t<div class=\"elementor-widget-wrap elementor-element-populated\">\n\t\t\t\t\t\t\t\t<div class=\"elementor-element elementor-element-58d7315 elementor-widget elementor-widget-text-editor\" data-id=\"58d7315\" data-element_type=\"widget\" data-widget_type=\"text-editor.default\">\n\t\t\t\t<div class=\"elementor-widget-container\">\n\t\t\t\t\t\t\t\t<div><b>EL MERCURIO\u00a0<br \/><\/b><a href=\"https:\/\/www.litoralpress.cl\/paginaconsultas\/Servicios_NClipSitio\/Get_Imagen_Nota.aspx?LPKey=NYDWX2UXVXKZ6W7KSGFJ5W3CH6LF5KC4LQJ6VKLCFY2EPBPSRBPNZWVMU76OHAH5DGCAH7F4LIP3Q\">Minas antiguas o cerradas logran un segundo ciclo de vida gracias a la lA. Se refiere Carlos Moraga, director de la Escuela de Ingenier\u00eda Civil de Minas.\u00a0<\/a><b><br \/><\/b><\/div><div>\u00a0<\/div><div><b>RADIO AGRICULTURA\u00a0<br \/><\/b><a href=\"https:\/\/www.radioagricultura.cl\/dato-practico\/2024\/07\/22\/que-hacer-si-te-roban-el-celular-consejos-y-medidas-de-seguridad\/\">\u00bfQu\u00e9 hacer si te roban el celular?: Consejos y medidas de seguridad. Se refiere H\u00e9ctor Mu\u00f1oz, jefe de Seguridad Digital.\u00a0<\/a><b><br \/><\/b><\/div><div><b>\u00a0<\/b><\/div><div><b>EL LECTOR<\/b>\u00a0<\/div><div><a href=\"https:\/\/www.litoralpress.cl\/paginaconsultas\/Servicios_NClipSitio\/Get_Imagen_Nota.aspx?LPKey=AMLWTPWDTC35NMGV6INIKWA6T6GS6B45WACZEPI2VV3OLYKSMZHHT4OMRQ6NCDL3OZWCFS3DNX666\">\u00bfTe robaron el tel\u00e9fono?: Qu\u00e9 resguardos tener en cuenta cuando esto ocurre. Se refiere H\u00e9ctor Mu\u00f1oz, jefe de Seguridad Digital.\u00a0<\/a><br \/><br \/><\/div><div><b>LA PRENSA DE CURIC\u00d3<\/b>\u00a0<br \/><a href=\"https:\/\/www.litoralpress.cl\/paginaconsultas\/Servicios_NClipSitio\/Get_Imagen_Nota.aspx?LPKey=WICCIFDQSR4DUZQFHKKOHIZVQASP7NLQD3CJZY64F7ERTJL6CSRKAHC6XZYTIRYUJZTCRDW4SLMZQ\">Acciones para evitar que el robo del celular se convierta en un problema a\u00fan m\u00e1s grande. Se refiere H\u00e9ctor Mu\u00f1oz, jefe de Seguridad Digital.\u00a0<\/a><\/div><div>\u00a0<\/div><div><b>CAUQUENES.NET<\/b>\u00a0<br \/><a href=\"https:\/\/cauquenesnet.cl\/2024\/07\/22\/te-robaron-el-telefono-que-resguardos-tener-en-cuenta-cuando-esto-ocurre\/\">\u00bfTe robaron el tel\u00e9fono?: Qu\u00e9 resguardos tener en cuenta cuando esto ocurre. Se refiere H\u00e9ctor Mu\u00f1oz, jefe de Seguridad Digital.\u00a0<\/a><br \/><br \/><\/div><div><b>EL MAULE INFORMA<\/b>\u00a0<br \/><a href=\"https:\/\/elmauleinforma.cl\/te-robaron-el-telefono-que-resguardos-tener-en-cuenta-cuando-esto-ocurre\/\">\u00bfTe robaron el tel\u00e9fono?: Qu\u00e9 resguardos tener en cuenta cuando esto ocurre. Se refiere H\u00e9ctor Mu\u00f1oz, jefe de Seguridad Digital.\u00a0<\/a><br \/><br \/><\/div><div><b>DIARIO EL HERALDO<\/b>\u00a0<br \/><a href=\"https:\/\/www.diarioelheraldo.cl\/noticia\/te-robaron-el-telefono-que-resguardos-tener-en-cuenta-cuando-esto-ocurre-\">\u00bfTe robaron el tel\u00e9fono?: Qu\u00e9 resguardos tener en cuenta cuando esto ocurre. Se refiere H\u00e9ctor Mu\u00f1oz, jefe de Seguridad Digital.\u00a0<\/a><br \/><br \/><\/div><div><b>MEDIABANCO\u00a0<\/b><\/div><div><a href=\"https:\/\/www.mediabanco.com\/funciones-ejecutivas-en-las-personas-habilidades-mentales-que-se-deben-estimular\/\">Funciones ejecutivas en las personas: habilidades mentales que se deben estimular. Se refiere Cristian Rojas Barahona, acad\u00e9mico de la Facultad de Psicolog\u00eda. \u00a0<\/a><b><br \/><\/b><\/div><div>\u00a0<\/div><div><b>TV MAULE<\/b>\u00a0<br \/><a href=\"https:\/\/www.tvmaule.cl\/funciones-ejecutivas-en-las-personas-habilidades-mentales-que-se-deben-estimular\/\">Funciones ejecutivas en las personas: habilidades mentales que se deben estimular. Se refiere Cristian Rojas Barahona, acad\u00e9mico de la Facultad de Psicolog\u00eda. \u00a0<\/a><br \/><br \/><\/div><div><b>EL DIARIO MAULE<\/b>\u00a0<br \/><a href=\"https:\/\/eldiariodemaule.cl\/habilidades-mentales-que-se-deben-estimular\/\">Habilidades mentales que se deben estimular. Se refiere Cristian Rojas Barahona, acad\u00e9mico de la Facultad de Psicolog\u00eda. \u00a0<\/a><\/div><div>\u00a0<\/div><div><b>TVN 24 HORAS\u00a0ONLINE<br \/><\/b><a href=\"https:\/\/www.24horas.cl\/data\/informe-ocde-chile-entre-los-10-paises-con-mas-emisiones-de-material\">Informe OCDE: Chile entre los 10 pa\u00edses con m\u00e1s emisiones de material particulado. Se refiere Mar\u00eda Elisa Quinteros, acad\u00e9mica Departamento de Salud P\u00fablica. \u00a0<\/a><\/div><div>\u00a0<\/div><div><b>COOPERATIVA CIENCIA\u00a0<\/b><\/div><div><a href=\"https:\/\/www.cooperativaciencia.cl\/salud\/2024\/07\/19\/la-contaminacion-aumenta-las-enfermedades-respiratorias-y-cardiovasculares\/\">La contaminaci\u00f3n aumenta las enfermedades respiratorias y cardiovasculares. Se refiere Mar\u00eda Elisa Quinteros, acad\u00e9mica Departamento de Salud P\u00fablica. \u00a0<\/a><\/div><div>\u00a0<\/div><div><b>LA TERCERA TV\u00a0<br \/><\/b><a href=\"https:\/\/www.litoralpress.cl\/sitio\/RadioTV_Detalles.cshtml?LPKey=DBHTF5SO5\">Llegada Fen\u00f3meno La Ni\u00f1a. Entrevista a Patricio Gonz\u00e1lez Colville, agroclimat\u00f3logo y acad\u00e9mico del Centro de Investigaci\u00f3n y Transferencia en Riego y Agroclimatolog\u00eda (CITRA).\u202f\u202f\u202f\u00a0<\/a><b><br \/><\/b><\/div><div>\u00a0<\/div><div><b>MAULE HOY\u00a0<br \/><\/b><a href=\"https:\/\/maulehoy.cl\/2024\/07\/24\/personas-mayores-del-maule-conocieron-los-beneficios-de-la-marcha-nordica\/\">Personas mayores del Maule conocieron los beneficios de la Marcha N\u00f3rdica. Se refiere Jessica Espinoza, acad\u00e9mica de la Escuela de Kinesiolog\u00eda.\u202f\u00a0<\/a><b><br \/><\/b><b>\u00a0<\/b><\/div><div><b>RADIO INFINITA\u00a0<br \/><\/b><a href=\"https:\/\/www.litoralpress.cl\/sitio\/RadioTV_Detalles.cshtml?LPKey=3XL6F6AT6TX4BDXEBIVTPBOK3IZTFEWBHXBMCTOJWGPE7CHZTBBJLDOB2SN7GNMYX4AIOE3YQCZFC\">Lo que faltaba del d\u00eda. Participaci\u00f3n de Mauricio Morales Quiroga, director de Centro de An\u00e1lisis Pol\u00edtico (CAP)\u00a0<\/a><b><br \/><\/b><b><u><a id=\"OWAdbe60fa0-11dc-af71-bfe3-3d3182eac888\" class=\"x_x_Hyperlink x_x_SCXW256082501 x_x_BCX0 x_x_OWAAutoLink\" href=\"https:\/\/www.litoralpress.cl\/sitio\/RadioTV_Detalles.cshtml?LPKey=3XL6F6AT6TX4BDXEBIVTPBOK3IZTFEWBHXBMCTOJWGPE7CHZTBBJLDOB2SN7GNMYX4AIOE3YQCZFC\" target=\"_blank\" rel=\"noopener noreferrer\" data-auth=\"NotApplicable\" data-linkindex=\"14\"><\/a><\/u><\/b><b>\u00a0<\/b><\/div><div><b>CANAL CNN\u00a0<br \/><\/b><a href=\"https:\/\/www.litoralpress.cl\/sitio\/RadioTV_Detalles.cshtml?LPKey=VVIG7LMIRUCTQAPMMVONBOM35PNCG4U7GPVNCADP6774K4KA3YCJ6EOJER7PEPYUT2MOXZ4SUDS7M\">Veto presidencial se presentar\u00e1 esta semana. Se refiere Mauricio Morales Quiroga, director de Centro de An\u00e1lisis Pol\u00edtico (CAP)\u00a0<\/a><b><br \/><\/b><b>\u00a0<\/b><\/div><div><b>RADIO INIFNITA\u00a0<br \/><\/b><a href=\"https:\/\/www.infinita.cl\/programas\/lo-que-faltaba\/2024\/07\/22\/lo-que-faltaba-22-de-julio-del-2024.html\">Lo que faltaba 22 de julio del 2024. Se refiere Mauricio Morales Quiroga, director de Centro de An\u00e1lisis Pol\u00edtico (CAP)\u00a0<\/a><b><br \/><\/b><\/div><div>\u00a0<\/div><div><b>EMOL\u00a0<br \/><\/b><a href=\"https:\/\/www.emol.com\/noticias\/Nacional\/2024\/07\/23\/1137428\/caso-macaya-dano-udi-elecciones.html\">&#8216;Inhabilitado&#8217; como timonel UDI y coletazos a Matthei: El balance de da\u00f1os pol\u00edticos del caso Macaya. Se refiere Mauricio Morales Quiroga, director de Centro de An\u00e1lisis Pol\u00edtico (CAP).\u00a0<\/a><b><br \/><\/b><\/div><div>\u00a0<\/div><div><b>RADIO BIO B\u00cdO\u00a0<br \/><\/b><a href=\"https:\/\/www.biobiochile.cl\/noticias\/nacional\/chile\/2024\/07\/23\/en-el-nombre-del-padre-la-doble-caida-en-el-clan-macaya-tras-defensa-de-hijo-a-progenitor-abusador.shtml\">En el nombre del padre: la doble ca\u00edda en el clan Macaya tras defensa de hijo a progenitor abusador. Se refiere Mario Herrera Mu\u00f1oz, acad\u00e9mico del Centro de An\u00e1lisis Pol\u00edtico (CAP).\u00a0<\/a><b><br \/><\/b><b>\u00a0<\/b><\/div><div><b>EL MERCURIO<\/b>\u00a0<\/div><div><a href=\"https:\/\/www.litoralpress.cl\/paginaconsultas\/Servicios_NClipSitio\/Get_Imagen_Nota.aspx?LPKey=4SK3TJEUJU52RFJBNPITQSRCPRCVPP2BFGRAOSODRI7KHY7H3BFV4OWSXEZREMWHXYH75L2H6VA3S\">Veto del Gobierno. Se refiere Christian Su\u00e1rez Crothers, acad\u00e9mico de la Facultad de Ciencias Jur\u00eddicas y Sociales.\u00a0<\/a><\/div><div>\u00a0<\/div><div><b>EL MOSTRADOR\u00a0<br \/><\/b><a href=\"https:\/\/www.elmostrador.cl\/agenda-pais\/2024\/07\/12\/advierten-que-alta-cantidad-de-tramites-en-proyectos-inmobiliarios-desincentiva-su-desarrollo\/\">Advierten que alta cantidad de tr\u00e1mites en proyectos inmobiliarios desincentiva su desarrollo. Se refiere Armando Dur\u00e1n Bustamante, acad\u00e9mico de la Facultad de Ingenier\u00eda.\u00a0<\/a><b><br \/><\/b><\/div><div>\u00a0<\/div><div><b>DIARIO TALCA<\/b>\u00a0<br \/><a href=\"https:\/\/diariotalca.cl\/clinica-tributaria-atendio-a-mas-de-800-contribuyentes-en-la-operacion-renta-2024\/\">Cl\u00ednica Tributaria atendi\u00f3 a m\u00e1s de 800 contribuyentes en la Operaci\u00f3n Renta 2024.\u00a0Se refiere Valent\u00edn Santander, director de la Escuela de Auditor\u00eda y Control de Gesti\u00f3n.\u00a0<\/a><br \/><br \/><\/div><div><b>RADIO LAUTARO<\/b>\u00a0<br \/><a href=\"https:\/\/radiolautarotalca.cl\/clinica-tributaria-atendio-a-mas-de-800-contribuyentes-del-maule\/\">Cl\u00ednica Tributaria atendi\u00f3 a m\u00e1s de 800 contribuyentes del Maule. Se refiere Valent\u00edn Santander, director de la Escuela de Auditor\u00eda y Control de Gesti\u00f3n.\u00a0<\/a><\/div><div>\u00a0<\/div><div><b>LAUTARO RADIO <br \/><\/b><a href=\"https:\/\/www.litoralpress.cl\/sitio\/RadioTV_Detalles.cshtml?LPKey=CUMENHGKZQIB7MSP2OQNQWMSYZGPLHZG7OBSPKPM5YPFSCPC7OE4SPTFD3PMOPR3NSV2PJBQ7AWIE\">Impacto en la salud de las bebidas energ\u00e9ticas e isot\u00f3nicas. Entrevista a Javiera S\u00e1nchez, acad\u00e9mica de la Escuela de Nutrici\u00f3n y Diet\u00e9tica.\u00a0<\/a><\/div><div>\u00a0<\/div><div><b>TVN RED MAULE\u00a0<br \/><\/b><a href=\"https:\/\/www.litoralpress.cl\/sitio\/RadioTV_Detalles.cshtml?LPKey=PM36KR6RCU5X6UK434Y6Y7LESPBKC24DPK6MO6A3B5TFX4OL23YICXCHOA6LW2YX5LDFX6TFHYZ4I\">Captan extra\u00f1o sonido en la Laguna del Maule. Se refiere Roberto Pizarro, acad\u00e9mico de la C\u00e1tedra Unesco en Hidrolog\u00eda en Superficie.\u00a0<\/a><b><br \/><\/b><b>\u00a0<\/b><\/div><div><b>EL PING\u00dcINO<\/b>\u00a0<\/div><div><a href=\"https:\/\/www.litoralpress.cl\/paginaconsultas\/Servicios_NClipSitio\/Get_Imagen_Nota.aspx?LPKey=MFPPCW5Z2HA4S436TJYGNVQHL6ZJ4NOWP72JXUBDM4245FR7OXME6VBNR43QKLVKHJKBQG5RLLNF6\">Nuevo director (s) de Conaf Magallanes defini\u00f3 lineamientos frente al gobernador. Se menciona la Universidad de Talca.\u00a0<\/a><br \/><br \/><\/div><div><b>RADIO LAUTARO<\/b>\u00a0<br \/><a href=\"https:\/\/radiolautarotalca.cl\/gobierno-designo-nuevo-seremi-de-obras-publicas-en-el-maule\/\">Gobierno design\u00f3 nuevo seremi de Obras P\u00fablicas en el Maule. Se menciona la Universidad de Talca. \u00a0<\/a><br \/><br \/><\/div><div><b>OSORNO EN VIVO<\/b>\u00a0<br \/><a href=\"https:\/\/osornoenvivo.cl\/wp\/2024\/07\/23\/mujeres-forestales-e-investigadoras-apuestan-por-inspirar-a-jovenes-a-incorporarse-al-mundo-forestal\/\">Mujeres forestales e investigadoras apuestan por inspirar a j\u00f3venes a incorporarse al mundo forestal. Se menciona la Universidad de Talca.<\/a>\u00a0<br \/><br \/><\/div><div><b>M\u00daSICA Y NOTICIAS<\/b>\u00a0<br \/><a href=\"https:\/\/radiotemuco.com\/home\/mujeres-forestales-e-investigadoras-apuestan-por-inspirar-a-jovenes-a-incorporarse-al-mundo-forestal\/\">Jorge Abarza nombrado nuevo SEREMI del MOP en Maule. Se menciona la Universidad de Talca.\u00a0<\/a><\/div><div><b>RADIO TEMUCO<\/b>\u00a0<br \/><a href=\"https:\/\/radiotemuco.com\/home\/mujeres-forestales-e-investigadoras-apuestan-por-inspirar-a-jovenes-a-incorporarse-al-mundo-forestal\/\">Mujeres forestales e investigadoras apuestan por inspirar a j\u00f3venes a incorporarse al mundo forestal. Se menciona la Universidad de Talca.\u00a0<\/a><br \/><br \/><\/div><div><b>EL MAULE INFORMA<\/b>\u00a0<br \/><a href=\"https:\/\/elmauleinforma.cl\/ministerio-de-obras-publicas-nombro-a-jorge-abarza-agurto-como-nuevo-seremi-en-el-maule\/\">Ministerio de Obras P\u00fablicas nombr\u00f3 a Jorge Abarza Agurto como nuevo seremi en el Maule. Se menciona la Universidad de Talca.\u00a0<\/a><br \/><br \/><\/div><div><b>DIARIO EL CENTRO<\/b>\u00a0<br \/><a href=\"https:\/\/www.diarioelcentro.cl\/2024\/07\/23\/quien-es-el-nuevo-seremi-de-obras-publicas-la-region-del-maule\/\">\u00bfQui\u00e9n es el nuevo seremi de Obras P\u00fablicas de la regi\u00f3n del Maule? Se menciona la Universidad de Talca.\u00a0<\/a><br \/><br \/><\/div><div><b>VIVIMOS LA NOTICIA<\/b>\u00a0<br \/><a href=\"https:\/\/www.vlnradio.cl\/noticias\/nacional\/region-del-maule\/2024\/07\/23\/gobierno-anuncio-a-jorge-abarza-agurto-como-nuevo-seremi-de-obras-publicas-en-el-maule\/\">Gobierno anunci\u00f3 a Jorge Abarza Agurto como nuevo seremi de Obras P\u00fablicas en el Maule. Se menciona la Universidad de Talca.\u00a0<\/a><br \/><br \/><\/div><div><b>CORPORACI\u00d3N DE DESARROLLO TECNOL\u00d3GICO<\/b>\u00a0<br \/><a href=\"https:\/\/www.cdt.cl\/construccion-hibrida-proyecto-de-investigacion-busca-combinar-la-madera-de-forma-masiva-con-el-hormigon\/\">Construcci\u00f3n H\u00edbrida: Proyecto de investigaci\u00f3n busca combinar la madera de forma masiva con el hormig\u00f3n. Se menciona la Universidad de Talca.\u00a0<\/a><br \/><br \/><\/div><div><b>ACTUALIDAD JUR\u00cdDICA<\/b>\u00a0<br \/><a href=\"https:\/\/actualidadjuridica.doe.cl\/diplomado-en-delitos-economicos-y-compliance-penal-version-e-learning\/\">Diplomado en Delitos Econ\u00f3micos y Compliance Penal (Versi\u00f3n E-Learning). Se menciona la Universidad de Talca.\u00a0<\/a><\/div><div class=\"x_elementToProof\">\u00a0<\/div>\t\t\t\t\t\t<\/div>\n\t\t\t\t<\/div>\n\t\t\t\t\t<\/div>\n\t\t<\/div>\n\t\t\t\t\t\t\t<\/div>\n\t\t<\/section>\n\t\t\t\t\t\t<\/div>\n\t\t\t\t\t<\/div>\n\t\t","protected":false},"excerpt":{"rendered":"<p>EL MERCURIO\u00a0Minas antiguas o cerradas logran un segundo ciclo de vida gracias a la lA. Se refiere Carlos Moraga, director de la Escuela de Ingenier\u00eda Civil de Minas.\u00a0\u00a0RADIO AGRICULTURA\u00a0\u00bfQu\u00e9 hacer si te roban el celular?: Consejos y medidas de seguridad. Se refiere H\u00e9ctor Mu\u00f1oz, jefe de Seguridad Digital.\u00a0\u00a0EL LECTOR\u00a0\u00bfTe robaron el tel\u00e9fono?: Qu\u00e9 resguardos tener &hellip;<\/p>\n<p class=\"read-more\"> <a class=\"\" href=\"https:\/\/www.reportedeprensa.utalca.cl\/?p=10219\"> <span class=\"screen-reader-text\">24 de julio de 2024<\/span> Read More &raquo;<\/a><\/p>\n","protected":false},"author":1,"featured_media":0,"comment_status":"closed","ping_status":"open","sticky":false,"template":"","format":"standard","meta":{"_monsterinsights_skip_tracking":false,"_monsterinsights_sitenote_active":false,"_monsterinsights_sitenote_note":"","_monsterinsights_sitenote_category":0},"categories":[50],"tags":[],"_links":{"self":[{"href":"https:\/\/www.reportedeprensa.utalca.cl\/index.php?rest_route=\/wp\/v2\/posts\/10219"}],"collection":[{"href":"https:\/\/www.reportedeprensa.utalca.cl\/index.php?rest_route=\/wp\/v2\/posts"}],"about":[{"href":"https:\/\/www.reportedeprensa.utalca.cl\/index.php?rest_route=\/wp\/v2\/types\/post"}],"author":[{"embeddable":true,"href":"https:\/\/www.reportedeprensa.utalca.cl\/index.php?rest_route=\/wp\/v2\/users\/1"}],"replies":[{"embeddable":true,"href":"https:\/\/www.reportedeprensa.utalca.cl\/index.php?rest_route=%2Fwp%2Fv2%2Fcomments&post=10219"}],"version-history":[{"count":4,"href":"https:\/\/www.reportedeprensa.utalca.cl\/index.php?rest_route=\/wp\/v2\/posts\/10219\/revisions"}],"predecessor-version":[{"id":10224,"href":"https:\/\/www.reportedeprensa.utalca.cl\/index.php?rest_route=\/wp\/v2\/posts\/10219\/revisions\/10224"}],"wp:attachment":[{"href":"https:\/\/www.reportedeprensa.utalca.cl\/index.php?rest_route=%2Fwp%2Fv2%2Fmedia&parent=10219"}],"wp:term":[{"taxonomy":"category","embeddable":true,"href":"https:\/\/www.reportedeprensa.utalca.cl\/index.php?rest_route=%2Fwp%2Fv2%2Fcategories&post=10219"},{"taxonomy":"post_tag","embeddable":true,"href":"https:\/\/www.reportedeprensa.utalca.cl\/index.php?rest_route=%2Fwp%2Fv2%2Ftags&post=10219"}],"curies":[{"name":"wp","href":"https:\/\/api.w.org\/{rel}","templated":true}]}}