{"id":10228,"date":"2024-07-25T11:24:05","date_gmt":"2024-07-25T14:24:05","guid":{"rendered":"https:\/\/www.reportedeprensa.utalca.cl\/?p=10228"},"modified":"2024-07-25T11:38:45","modified_gmt":"2024-07-25T14:38:45","slug":"25-de-julio-de-2024","status":"publish","type":"post","link":"https:\/\/www.reportedeprensa.utalca.cl\/?p=10228","title":{"rendered":"25 de julio de 2024"},"content":{"rendered":"\t\t<div data-elementor-type=\"wp-post\" data-elementor-id=\"10228\" class=\"elementor elementor-10228\" data-elementor-settings=\"[]\">\n\t\t\t\t\t\t\t<div class=\"elementor-section-wrap\">\n\t\t\t\t\t\t\t<section class=\"elementor-section elementor-top-section elementor-element elementor-element-bcea1a8 elementor-section-boxed elementor-section-height-default elementor-section-height-default\" data-id=\"bcea1a8\" data-element_type=\"section\">\n\t\t\t\t\t\t<div class=\"elementor-container elementor-column-gap-default\">\n\t\t\t\t\t<div class=\"elementor-column elementor-col-100 elementor-top-column elementor-element elementor-element-e7183bf\" data-id=\"e7183bf\" data-element_type=\"column\">\n\t\t\t<div class=\"elementor-widget-wrap elementor-element-populated\">\n\t\t\t\t\t\t\t\t<div class=\"elementor-element elementor-element-58d7315 elementor-widget elementor-widget-text-editor\" data-id=\"58d7315\" data-element_type=\"widget\" data-widget_type=\"text-editor.default\">\n\t\t\t\t<div class=\"elementor-widget-container\">\n\t\t\t\t\t\t\t\t<div><b>AD PRENSA \u00a0<br \/><\/b><a href=\"https:\/\/www.adprensa.cl\/cronica\/capacitan-a-tutores-clinicos-del-hospital-de-curico-para-mejorar-experiencia-de-internos\/\">Capacitan a tutores cl\u00ednicos del Hospital de Curic\u00f3 para mejorar experiencia de internos. Se refiere Paula Caballero, vicerrectora de Desarrollo Estudiantil, Marcela Morris, asesora pedag\u00f3gica de la Academia Docente y Alicia Parada, acad\u00e9mica de la Escuela de Obstetricia y Puericultura.\u00a0<\/a><b><br \/><\/b><\/div><div><b>\u00a0<\/b><\/div><div><b>CHILL\u00c1N ONLINE<\/b>\u00a0<\/div><div><a href=\"https:\/\/www.chillanonline.cl\/V7\/2024\/07\/24\/capacitan-a-tutores-clinicos-del-hospital-de-curico-para-mejorar-experiencia-de-internos\/\">Capacitan a tutores cl\u00ednicos del Hospital de Curic\u00f3 para mejorar experiencia de internos. Se refiere Paula Caballero, vicerrectora de Desarrollo Estudiantil, Marcela Morris, asesora pedag\u00f3gica de la Academia Docente y Alicia Parada, acad\u00e9mica de la Escuela de Obstetricia y Puericultura.\u00a0<\/a><\/div><div>\u00a0<\/div><div><b>MEDIABANCO<\/b>\u00a0<br \/><a href=\"https:\/\/www.mediabanco.com\/capacitan-a-tutores-clinicos-del-hospital-de-curico-para-mejorar-experiencia-de-internos\/\">Capacitan a tutores cl\u00ednicos del Hospital de Curic\u00f3 para mejorar experiencia de internos. Se refiere Paula Caballero, vicerrectora de Desarrollo Estudiantil, Marcela Morris, asesora pedag\u00f3gica de la Academia Docente y Alicia Parada, acad\u00e9mica de la Escuela de Obstetricia y Puericultura.\u00a0<\/a><br \/><br \/><\/div><div><b>CENTROSUR NOTICIAS<\/b>\u00a0<br \/><a href=\"https:\/\/centrosurnoticias.cl\/capacitan-a-tutores-clinicos-del-hospital-de-curico-para-mejorar-experiencia-de-internos\/\">Capacitan a tutores cl\u00ednicos del Hospital de Curic\u00f3 para mejorar experiencia de internos. Se refiere Paula Caballero, vicerrectora de Desarrollo Estudiantil, Marcela Morris, asesora pedag\u00f3gica de la Academia Docente y Alicia Parada, acad\u00e9mica de la Escuela de Obstetricia y Puericultura.\u00a0<\/a><br \/><br \/><\/div><div><b>MAULE HOY<\/b>\u00a0<br \/><a href=\"https:\/\/maulehoy.cl\/2024\/07\/25\/capacitan-a-tutores-clinicos-del-hospital-de-curico\/\">Capacitan a tutores cl\u00ednicos del Hospital de Curic\u00f3. Se refiere Paula Caballero, vicerrectora de Desarrollo Estudiantil, Marcela Morris, asesora pedag\u00f3gica de la Academia Docente y Alicia Parada, acad\u00e9mica de la Escuela de Obstetricia y Puericultura.\u00a0<\/a><\/div><div>\u00a0<\/div><div><b>CANAL MEGA\u00a0<\/b><\/div><div><a href=\"https:\/\/www.litoralpress.cl\/sitio\/RadioTV_Detalles.cshtml?LPKey=DFM3XOPYSUBYUCLQ2DTDDOYW4LMQUWMKC276MMAIHZ4PPYYI6HSCEOK6F4IDD6N4D6FXVYIMFYQYC\">Expectativas con el Fen\u00f3meno La Ni\u00f1a &#8211; Crisis clim\u00e1tica. Entrevista en estudio a Patricio Gonz\u00e1lez Colville, agroclimat\u00f3logo y acad\u00e9mico del Centro de Investigaci\u00f3n y Transferencia en Riego y Agroclimatolog\u00eda (CITRA).\u202f\u202f\u202f\u202f\u00a0<\/a><\/div><div>\u00a0<\/div><div><b>EL MOSTRADOR\u00a0<br \/><\/b><a href=\"https:\/\/www.elmostrador.cl\/cultura\/2024\/07\/24\/lanzan-libro-sobre-historias-del-arte-en-chile-1850-1950\/\">Lanzan libro sobre historias del arte en Chile (1850-1950). Se refiere Pedro Emilio Zamorano, director del Instituto de Estudios Human\u00edsticos Juan Ignacio Molina.\u00a0<\/a><b><br \/><\/b><\/div><div>\u00a0<\/div><div>\u00a0<b>EL LECTOR<\/b>\u00a0<br \/><a href=\"https:\/\/www.litoralpress.cl\/paginaconsultas\/Servicios_NClipSitio\/Get_Imagen_Nota.aspx?LPKey=FFPWSYBE24U6OR44SQYW6WOT76XT3E6XBRLNHZORMDZQKJUT7DRGDFZSX5O7RALZNJEKEKLJQZ34A\">Lanzan libro sobre Historias del Arte en Chile (1830-1930). Se refiere Pedro Emilio Zamorano, director del Instituto de Estudios Human\u00edsticos Juan Ignacio Molina.\u00a0<\/a><br \/><br \/><\/div><div><b>MAULE HOY<\/b>\u00a0<br \/><a href=\"https:\/\/maulehoy.cl\/2024\/07\/25\/lanzan-libro-sobre-historias-del-arte-en-chile-1850-1950\/\">Lanzan libro sobre Historias del Arte en Chile (1850-1950) Se refiere Pedro Emilio Zamorano, director del Instituto de Estudios Human\u00edsticos Juan Ignacio Molina.\u00a0<\/a><\/div><div>\u00a0<\/div><div><b>RADIO ADN\u00a0<br \/><\/b><a href=\"https:\/\/www.litoralpress.cl\/sitio\/RadioTV_Detalles.cshtml?LPKey=GOTW4S4KZKRGFPOELVTJ4D6E4K3KVSBZHRBHNFYQJUHTGNCNOF5NBQPKLASGHLUOSXDFAQWC46PSM\">Vecinos de Santiago centro se mantienen en alerta por construcci\u00f3n de nueva c\u00e1rcel. Se refiere Andr\u00e9s Maraga\u00f1o, acad\u00e9mico de la Escuela de Arquitectura.\u00a0<\/a><\/div><div><b>\u00a0<\/b><\/div><div><b>MAULE HOY\u00a0<br \/><\/b><a href=\"https:\/\/maulehoy.cl\/2024\/07\/24\/funciones-ejecutivas-en-las-personas-habilidades-mentales-que-se-deben-estimular\/\">Funciones ejecutivas en las personas: habilidades mentales que se deben estimular. Se refiere Cristian Rojas Barahona, acad\u00e9mico de la Facultad de Psicolog\u00eda. \u202f\u00a0<\/a><b><br \/><\/b><\/div><div><b>AD PRENSA<\/b>\u00a0<br \/><a href=\"https:\/\/www.adprensa.cl\/cronica\/funciones-ejecutivas-en-las-personas-habilidades-mentales-que-se-deben-estimular\/\">Funciones ejecutivas en las personas: habilidades mentales que se deben estimular. Se refiere Cristian Rojas Barahona, acad\u00e9mico de la Facultad de Psicolog\u00eda. \u202f\u00a0<\/a><\/div><div><br \/><b>EL HERALDO<\/b>\u00a0<br \/><a href=\"https:\/\/www.litoralpress.cl\/paginaconsultas\/Servicios_NClipSitio\/Get_Imagen_Nota.aspx?LPKey=ASGO57R4GTV2JZTU7EUB37WD42GDVUQQJKV2VH2VJVTQTPC2VRTD6NNRLD5BUYGLIIQYBAKWRPBA6\">Funciones ejecutivas en las personas: habilidades mentales que se deben estimular. Se refiere Cristian Rojas Barahona, acad\u00e9mico de la Facultad de Psicolog\u00eda. \u202f\u00a0<\/a><\/div><div>\u00a0<\/div><div><b>EL HERALDO\u00a0<br \/><\/b><a href=\"https:\/\/www.diarioelheraldo.cl\/noticia\/te-robaron-el-telefono-que-resguardos-tener-en-cuenta-cuando-esto-ocurre-\">\u00bfTe robaron el tel\u00e9fono?: qu\u00e9 resguardos tener en cuenta cuando esto ocurre. Se refiere H\u00e9ctor Mu\u00f1oz, jefe de Seguridad Digital.\u202f\u00a0<\/a><br \/><br \/><\/div><div><b>DIARIO EL HERALDO<\/b>\u00a0<\/div><div><a href=\"https:\/\/www.litoralpress.cl\/paginaconsultas\/Servicios_NClipSitio\/Get_Imagen_Nota.aspx?LPKey=K5YZYELGC5OILZGEBMNXZRHS4SG2OXYA3XIDMJTPRFKMVKXMNA24KKGPLPDXZGIWZN2KQOB33EPB2\">\u00bfTe robaron el tel\u00e9fono\u00bb: Qu\u00e9 resguardos tener en cuenta cuando esto ocurre. Se refiere H\u00e9ctor Mu\u00f1oz, jefe de Seguridad Digital.\u202f\u00a0<\/a><b><br \/><\/b><\/div><div><b>PUNTO LONTU\u00c9<\/b>\u00a0<br \/><a href=\"https:\/\/puntolontue.cl\/?p=15012\">\u00bfTe robaron el tel\u00e9fono?: qu\u00e9 resguardos tener en cuenta cuando esto ocurre. Se refiere H\u00e9ctor Mu\u00f1oz, jefe de Seguridad Digital.\u202f\u00a0<\/a><br \/><br \/><\/div><div><b>EL LECTOR\u00a0<br \/><\/b><a href=\"https:\/\/www.litoralpress.cl\/paginaconsultas\/Servicios_NClipSitio\/Get_Imagen_Nota.aspx?LPKey=4PXBSGPZS5YFWG3VKFSQJV5UYZGKWF4UKOZWMT7WIA7IJLDMZ3H2B4KMKNR6ARHHOYQ6KPAWWYXUC\">En la Universidad de Valpara\u00edso se realiz\u00f3 lanzamiento de Gu\u00eda de beneficios del Estado para personas mayores. Se refiere Iv\u00e1n Palomo, acad\u00e9mico de la Facultad de Ciencias\u202fde la Salud\u00a0<\/a><b><br \/><\/b><\/div><div><b>LA PRENSA DE CURIC\u00d3\u00a0<br \/><\/b><a href=\"https:\/\/www.litoralpress.cl\/paginaconsultas\/Servicios_NClipSitio\/Get_Imagen_Nota.aspx?LPKey=W32C3N3MGIBFMGJI4WTJ4QPFLPAOORLG4FNUH2CKR3323DESAP3GB3KOQWUPBVPOXF7EVRP6MICGG\">Ojo con los especuladores. Pablo Villalobos Mateluna, acad\u00e9mico del Departamento de Econom\u00eda Agraria.<\/a> <b><br \/><\/b><\/div><div><b>\u00a0<\/b><\/div><div><b>MAULE HOY\u00a0<br \/><\/b><a href=\"https:\/\/maulehoy.cl\/2024\/07\/24\/personas-mayores-del-maule-conocieron-los-beneficios-de-la-marcha-nordica\/\">Personas mayores del Maule conocieron los beneficios de la Marcha N\u00f3rdica. Se refiere Jessica Espinoza, acad\u00e9mica de la Escuela de Kinesiolog\u00eda.\u00a0<\/a><b><br \/><\/b><\/div><div>\u00a0<\/div><div><b>RADIO INFINITA<\/b>\u00a0<br \/><a href=\"https:\/\/www.litoralpress.cl\/sitio\/RadioTV_Detalles.cshtml?LPKey=I7O22F3QXIZLZJ46QDZCAMZUW2C2FHTMULVVYGSYF26IB5OGEFH7JUJZVMM6TOHVYS545ZCWELXPI\">Lo que faltaba del d\u00eda. Comentario de pol\u00edtica de Mauricio Morales Quiroga, director del Centro de An\u00e1lisis Pol\u00edtico (CAP)\u00a0<\/a><br \/><br \/><\/div><div><b>CANAL CNN\u00a0<br \/><\/b><a href=\"https:\/\/www.litoralpress.cl\/sitio\/RadioTV_Detalles.cshtml?LPKey=VVIG7LMIRUCTQAPMMVONBOM35PNCG4U7GPVNCADP6774K4KA3YCJ6EOJER7PEPYUT2MOXZ4SUDS7M\">Veto presidencial se presentar\u00e1 esta semana. Se refiere Mauricio Morales Quiroga, director del Centro de An\u00e1lisis Pol\u00edtico (CAP)\u00a0<\/a><b><br \/><\/b><\/div><div>\u00a0<\/div><div><b>MEGANOTICIAS<\/b>\u00a0<br \/><a href=\"https:\/\/www.litoralpress.cl\/sitio\/RadioTV_Detalles.cshtml?LPKey=AFLJYX6O3ZULEDUJ6WXL453L5HHGCPBWFIUHIUOJTDBQTYCHCINAFD6UCII42XMHC4ZNNUPGOBSNS\">Entrevista a Mauricio Morales Quiroga, director del Centro de An\u00e1lisis Pol\u00edtico (CAP).\u00a0<\/a><br \/><br \/><\/div><div><b>RADIO BIOB\u00cdO<\/b>\u00a0<br \/><a href=\"https:\/\/www.biobiochile.cl\/noticias\/nacional\/chile\/2024\/07\/24\/el-numero-de-la-discordia-los-33-mil-pesos-de-multa-que-terminaron-con-amenazas-a-elizalde.shtml\">El n\u00famero de la discordia: los 33 mil pesos de multa que terminaron con amenazas a Elizalde. Se refiere Mauricio Morales Quiroga, director del Centro de An\u00e1lisis Pol\u00edtico (CAP).\u00a0<\/a><br \/><br \/><\/div><div><b>SOY DE OSORNO<\/b>\u00a0<br \/><a href=\"https:\/\/soydeosorno.cl\/mujeres-forestales-e-investigadoras-apuestan-por-inspirar-a-jovenes-a-incorporarse-al-mundo-forestal\/\">Mujeres forestales e investigadoras apuestan por inspirar a j\u00f3venes a incorporarse al mundo forestal. Se menciona la Universidad de Talca.\u00a0<\/a><\/div><div>\u00a0<\/div><div><b>RADIO LAUTARO<\/b>\u00a0<br \/><a href=\"https:\/\/radiolautarotalca.cl\/denuncias-respecto-a-delitos-informaticos-crecieron-en-un-18-en-el-pais\/\">Denuncias respecto a delitos inform\u00e1ticos crecieron en un 18% en el pa\u00eds. Se menciona la Universidad de Talca.\u00a0<\/a><br \/><br \/><\/div><div><b>EL MAULE INFORMA<\/b>\u00a0<br \/><a href=\"https:\/\/elmauleinforma.cl\/gobierno-inicia-dialogos-participativos-sobre-descentralizacion-en-el-maule\/\">Gobierno inicia Di\u00e1logos Participativos sobre descentralizaci\u00f3n en el Maule. Se menciona la Universidad de Talca.\u00a0<\/a><br \/><br \/><\/div><div><b>LINARES EN L\u00cdNEA<\/b>\u00a0<br \/><a href=\"https:\/\/www.linaresenlinea.cl\/2024\/07\/24\/ministerio-de-obras-publicas-nombra-a-jorge-abarza-agurto-como-nuevo-seremi-de-la-region-del-maule\/\">Ministerio de Obras P\u00fablicas nombra a Jorge Abarza Agurto como nuevo Seremi de la Regi\u00f3n del Maule. Se menciona la Universidad de Talca.\u00a0<\/a><br \/><br \/><\/div><div><b>LAS \u00daLTIMAS NOTICIAS<\/b>\u00a0<br \/><a href=\"https:\/\/www.litoralpress.cl\/paginaconsultas\/Servicios_NClipSitio\/Get_Imagen_Nota.aspx?LPKey=T5OBBRX5MKEKYW64OUSQPYVZKXQY463LSXV24OT7QASMHLYDFV6SKXLFT4TGZQWPQOHMHQG7ATJ34\">Ranking de postitulos: dos universidades suman la mitad de los matriculados en Chile. Se menciona la Universidad de Talca.\u00a0<\/a><\/div><div>\u00a0<\/div><div><b>DIARIO EL HERALDO<\/b>\u00a0<\/div><div><a href=\"https:\/\/www.litoralpress.cl\/paginaconsultas\/Servicios_NClipSitio\/Get_Imagen_Nota.aspx?LPKey=VLLN4UHACYWIMIJRPQXMHTIOAJXX7T3QS3OYSU3RDCOF5CYARNJHJDUQZ3KENZBFNVFA6RGYPHVIC\">Ministerio de Obras P\u00fablicas nombr\u00f3 a Jorge Abarza Agurto como nuevo SEREMI en la Regi\u00f3n del Maule. Se menciona la Universidad de Talca.\u00a0<\/a><br \/><br \/><\/div><div><b>LA PRENSA DE CURIC\u00d3<\/b>\u00a0<br \/><a href=\"https:\/\/www.litoralpress.cl\/paginaconsultas\/Servicios_NClipSitio\/Get_Imagen_Nota.aspx?LPKey=GPV3D54VIL76UPUMUPJW5IHNX64LFRE37Y65YEJNBWVPKKKIXHGFVCOKWFG4SRMP7WZGRKNENFCHM\">Designan nuevo seremi de Obras P\u00fablicas. Se menciona la Universidad de Talca.\u00a0<\/a><br \/><br \/><\/div><div class=\"x_elementToProof\">\u00a0<b>EL L\u00cdDER<\/b>\u00a0<br \/><a href=\"https:\/\/www.litoralpress.cl\/paginaconsultas\/Servicios_NClipSitio\/Get_Imagen_Nota.aspx?LPKey=QAHEAONVWRURSWLDQTSZ5OD57ZYEBM75EZJN7EB4JCZARAP6UDYZ7TZY3ZTTDV76FGECSTA4FPMDY\">\u00bfD\u00f3nde est\u00e1 Oreste Plath? Se menciona la Universidad de Talca.<\/a>\u00a0<br \/><br \/><\/div>\t\t\t\t\t\t<\/div>\n\t\t\t\t<\/div>\n\t\t\t\t\t<\/div>\n\t\t<\/div>\n\t\t\t\t\t\t\t<\/div>\n\t\t<\/section>\n\t\t\t\t\t\t<\/div>\n\t\t\t\t\t<\/div>\n\t\t","protected":false},"excerpt":{"rendered":"<p>AD PRENSA \u00a0Capacitan a tutores cl\u00ednicos del Hospital de Curic\u00f3 para mejorar experiencia de internos. Se refiere Paula Caballero, vicerrectora de Desarrollo Estudiantil, Marcela Morris, asesora pedag\u00f3gica de la Academia Docente y Alicia Parada, acad\u00e9mica de la Escuela de Obstetricia y Puericultura.\u00a0\u00a0CHILL\u00c1N ONLINE\u00a0Capacitan a tutores cl\u00ednicos del Hospital de Curic\u00f3 para mejorar experiencia de internos. &hellip;<\/p>\n<p class=\"read-more\"> <a class=\"\" href=\"https:\/\/www.reportedeprensa.utalca.cl\/?p=10228\"> <span class=\"screen-reader-text\">25 de julio de 2024<\/span> Read More &raquo;<\/a><\/p>\n","protected":false},"author":1,"featured_media":0,"comment_status":"closed","ping_status":"open","sticky":false,"template":"","format":"standard","meta":{"_monsterinsights_skip_tracking":false,"_monsterinsights_sitenote_active":false,"_monsterinsights_sitenote_note":"","_monsterinsights_sitenote_category":0},"categories":[50],"tags":[],"_links":{"self":[{"href":"https:\/\/www.reportedeprensa.utalca.cl\/index.php?rest_route=\/wp\/v2\/posts\/10228"}],"collection":[{"href":"https:\/\/www.reportedeprensa.utalca.cl\/index.php?rest_route=\/wp\/v2\/posts"}],"about":[{"href":"https:\/\/www.reportedeprensa.utalca.cl\/index.php?rest_route=\/wp\/v2\/types\/post"}],"author":[{"embeddable":true,"href":"https:\/\/www.reportedeprensa.utalca.cl\/index.php?rest_route=\/wp\/v2\/users\/1"}],"replies":[{"embeddable":true,"href":"https:\/\/www.reportedeprensa.utalca.cl\/index.php?rest_route=%2Fwp%2Fv2%2Fcomments&post=10228"}],"version-history":[{"count":4,"href":"https:\/\/www.reportedeprensa.utalca.cl\/index.php?rest_route=\/wp\/v2\/posts\/10228\/revisions"}],"predecessor-version":[{"id":10233,"href":"https:\/\/www.reportedeprensa.utalca.cl\/index.php?rest_route=\/wp\/v2\/posts\/10228\/revisions\/10233"}],"wp:attachment":[{"href":"https:\/\/www.reportedeprensa.utalca.cl\/index.php?rest_route=%2Fwp%2Fv2%2Fmedia&parent=10228"}],"wp:term":[{"taxonomy":"category","embeddable":true,"href":"https:\/\/www.reportedeprensa.utalca.cl\/index.php?rest_route=%2Fwp%2Fv2%2Fcategories&post=10228"},{"taxonomy":"post_tag","embeddable":true,"href":"https:\/\/www.reportedeprensa.utalca.cl\/index.php?rest_route=%2Fwp%2Fv2%2Ftags&post=10228"}],"curies":[{"name":"wp","href":"https:\/\/api.w.org\/{rel}","templated":true}]}}