{"id":10240,"date":"2024-07-26T16:22:33","date_gmt":"2024-07-26T19:22:33","guid":{"rendered":"https:\/\/www.reportedeprensa.utalca.cl\/?p=10240"},"modified":"2024-07-26T16:29:47","modified_gmt":"2024-07-26T19:29:47","slug":"26-de-julio-de-2024","status":"publish","type":"post","link":"https:\/\/www.reportedeprensa.utalca.cl\/?p=10240","title":{"rendered":"26 de julio de 2024"},"content":{"rendered":"\t\t<div data-elementor-type=\"wp-post\" data-elementor-id=\"10240\" class=\"elementor elementor-10240\" data-elementor-settings=\"[]\">\n\t\t\t\t\t\t\t<div class=\"elementor-section-wrap\">\n\t\t\t\t\t\t\t<section class=\"elementor-section elementor-top-section elementor-element elementor-element-bcea1a8 elementor-section-boxed elementor-section-height-default elementor-section-height-default\" data-id=\"bcea1a8\" data-element_type=\"section\">\n\t\t\t\t\t\t<div class=\"elementor-container elementor-column-gap-default\">\n\t\t\t\t\t<div class=\"elementor-column elementor-col-100 elementor-top-column elementor-element elementor-element-e7183bf\" data-id=\"e7183bf\" data-element_type=\"column\">\n\t\t\t<div class=\"elementor-widget-wrap elementor-element-populated\">\n\t\t\t\t\t\t\t\t<div class=\"elementor-element elementor-element-58d7315 elementor-widget elementor-widget-text-editor\" data-id=\"58d7315\" data-element_type=\"widget\" data-widget_type=\"text-editor.default\">\n\t\t\t\t<div class=\"elementor-widget-container\">\n\t\t\t\t\t\t\t\t<div><b>EL MAULE INFORMA<\/b>\u00a0<br \/><a href=\"https:\/\/elmauleinforma.cl\/capacitan-a-tutores-clinicos-del-hospital-de-curico-para-mejorar-experiencia-de-internos\/\">Capacitan a tutores cl\u00ednicos del Hospital de Curic\u00f3 para mejorar experiencia de internos. . Se refiere Paula Caballero, vicerrectora de Desarrollo Estudiantil de la casa de estudios, Marcela Morris, asesora pedag\u00f3gica de la Academia Docente y Alicia Parada, acad\u00e9mica de la Escuela de Obstetricia y Puericultura.\u202f \u00a0<\/a><br \/><br \/><\/div><div><b>PUNTO LONTU\u00c9<\/b>\u00a0<br \/><a href=\"https:\/\/puntolontue.cl\/?p=15049\">Capacitan a tutores cl\u00ednicos del hospital de Curic\u00f3 para mejorar experiencia de internos. Se refiere Paula Caballero, vicerrectora de Desarrollo Estudiantil de la casa de estudios, Marcela Morris, asesora pedag\u00f3gica de la Academia Docente y Alicia Parada, acad\u00e9mica de la Escuela de Obstetricia y Puericultura.\u00a0<\/a><br \/><br \/><\/div><div><b>MAULE HOY<\/b>\u00a0<br \/><a href=\"https:\/\/maulehoy.cl\/2024\/07\/25\/capacitan-a-tutores-clinicos-del-hospital-de-curico\/\">Capacitan a tutores cl\u00ednicos del Hospital de Curic\u00f3. Se refiere Paula Caballero, vicerrectora de Desarrollo Estudiantil de la casa de estudios, Marcela Morris, asesora pedag\u00f3gica de la Academia Docente y Alicia Parada, acad\u00e9mica de la Escuela de Obstetricia y Puericultura.\u202f \u00a0<\/a><br \/><br \/><\/div><div><b>EL LECTOR<\/b>\u00a0<br \/><a href=\"https:\/\/www.litoralpress.cl\/paginaconsultas\/Servicios_NClipSitio\/Get_Imagen_Nota.aspx?LPKey=G5XVR4JIFJFGOZXBME2VC6DSNML3N3AV4H777SZ2I4VWQ4APGQB6ZY2FW37ASTVV5T3YSPYRQPN7C\">Capacitan a tutores cl\u00ednicos del Hospital de Curic\u00f3 para mejorar experiencia de internos. Se refiere Paula Caballero, vicerrectora de Desarrollo Estudiantil de la casa de estudios, Marcela Morris, asesora pedag\u00f3gica de la Academia Docente y Alicia Parada, acad\u00e9mica de la Escuela de Obstetricia y Puericultura.\u202f \u00a0<\/a><br \/><br \/><\/div><div><b>LA PRENSA DE CURIC\u00d3<\/b>\u00a0<br \/><a href=\"https:\/\/www.litoralpress.cl\/paginaconsultas\/Servicios_NClipSitio\/Get_Imagen_Nota.aspx?LPKey=ZD4T34UD24AQEMRQXZVEF7PB6YOXR5G5F4S5JJ3NNKAQMQRZUQU2N4CDSMT4XSSFHRPDFDLWD4OOG\">Capacitan a tutores cl\u00ednicos del hospital provincial de Curic\u00f3. Se refiere Paula Caballero, vicerrectora de Desarrollo Estudiantil de la casa de estudios, Marcela Morris, asesora pedag\u00f3gica de la Academia Docente y Alicia Parada, acad\u00e9mica de la Escuela de Obstetricia y Puericultura.\u202f\u00a0<\/a><br \/><br \/><\/div><div><b>EL MERCURIO CUERPO A<\/b>\u00a0<br \/><a href=\"https:\/\/www.litoralpress.cl\/paginaconsultas\/Servicios_NClipSitio\/Get_Imagen_Nota.aspx?LPKey=EJ66HHQDEHHJJM2R2SJKM776WN3SG5X6VGH2PPCSMNSHP6L6OV7K4BV35B4OBIZN22AVW43DG6X76\">Portada el Mercurio A. Se refiere Mauricio Morales Quiroga, director del Centro de An\u00e1lisis Pol\u00edtico (CAP-UTalca).\u00a0<\/a><br \/><br \/><\/div><div><b>EL MERCURIO CUERPO C<\/b>\u00a0<br \/><a href=\"https:\/\/www.litoralpress.cl\/paginaconsultas\/Servicios_NClipSitio\/Get_Imagen_Nota.aspx?LPKey=YWLMNNE2ULCE5OJXR4PABIMJ7AMBQZUQJXCEUOZWGOAA2OEWRVABENVQAT4ZSAR3EEV7VDGZLMV7S\">Veto: Gobierno retrocede, pero rebaja multa a $33 mil a extranjeros y chilenos por no votar. Se refiere Mauricio Morales Quiroga, director del Centro de An\u00e1lisis Pol\u00edtico (CAP-UTalca).\u00a0<\/a><br \/><br \/><\/div><div><b>RADIO INFINITA<\/b>\u00a0<br \/><a href=\"https:\/\/www.litoralpress.cl\/sitio\/RadioTV_Detalles.cshtml?LPKey=JGBRHPHCVYUBALPFJ6B73UPFIIDTSZ54USCIGDMQR2Z22P7TPFMNRX6DJWB4IOHELASWSJU4GIXVK\">Participaci\u00f3n de Mauricio Morales Quiroga, director del Centro de An\u00e1lisis Pol\u00edtico (CAP-UTalca).\u00a0<\/a><br \/><br \/><\/div><div><b>CANAL ANTOFAGASTA<\/b>\u00a0<br \/><a href=\"https:\/\/www.litoralpress.cl\/sitio\/RadioTV_Detalles.cshtml?LPKey=VZLONYZBI3USVE233G67CTUIULJT7STTSFN263UL53X3MFZ2OU7XCLDUZXBDOOPVPW3SXNBNUTXRW\">Gobierno confirma ingreso de veto presidencial al proyecto de elecciones en dos d\u00edas. Se refiere Mauricio Morales Quiroga, director del Centro de An\u00e1lisis Pol\u00edtico (CAP-UTalca).\u00a0<\/a><br \/><br \/><\/div><div><b>CANAL MEGANOTICIAS<\/b>\u00a0<br \/><a href=\"https:\/\/www.litoralpress.cl\/sitio\/RadioTV_Detalles.cshtml?LPKey=U2QUGKAXYVBR5PQIXNYVHI3T4OYNG3VYK57E5OBYEIPAP2E3EDQO6XWUAH7TYTV7SJDQDYFAFMEJS\">Entrevista a Mauricio Morales Quiroga, director del Centro de An\u00e1lisis Pol\u00edtico (CAP-UTalca).\u00a0<\/a><br \/><br \/><\/div><div><b>RADIO BIOB\u00cdO<\/b>\u00a0<br \/><a href=\"https:\/\/www.biobiochile.cl\/noticias\/nacional\/chile\/2024\/07\/24\/el-numero-de-la-discordia-los-33-mil-pesos-de-multa-que-terminaron-con-amenazas-a-elizalde.shtml\">El n\u00famero de la discordia: los 33 mil pesos de multa que terminaron con amenazas a Elizalde. Se refiere Mauricio Morales Quiroga, director del Centro de An\u00e1lisis Pol\u00edtico (CAP-UTalca).\u00a0<\/a><br \/><br \/><\/div><div><b>RADIO INFINITA<\/b>\u00a0<br \/><a href=\"https:\/\/www.infinita.cl\/programas\/lo-que-faltaba\/2024\/07\/25\/lo-que-faltaba-25-de-julio-del-2024.html\">Lo que faltaba del d\u00eda. Se refiere Mauricio Morales Quiroga, director del Centro de An\u00e1lisis Pol\u00edtico (CAP-UTalca).\u00a0<\/a><br \/><br \/><\/div><div><b>LA TERCERA ONLINE<\/b>\u00a0<br \/><a href=\"https:\/\/www.latercera.com\/tendencias\/noticia\/los-estragos-que-provocara-el-fenomeno-la-nina-en-la-agricultura-chilena\/PH5P3BXXYRFD3MQG3H4C2JZD7M\/\">Los estragos que provocar\u00e1 el fen\u00f3meno La Ni\u00f1a en la agricultura chilena. Se refiere Patricio Gonz\u00e1lez Colville, agroclimat\u00f3logo y acad\u00e9mico del Centro de Investigaci\u00f3n y Transferencia en Riego y Agroclimatolog\u00eda (CITRA).\u00a0<\/a><br \/><br \/><\/div><div><b>P\u00c1GINA V<\/b>\u00a0<br \/><a href=\"https:\/\/paginav.cl\/2024\/07\/25\/lluvias-y-heladas-provocan-importante-alza-en-el-precio-de-la-lechuga\/\">Lluvias y heladas provocan importante alza en el precio de la lechuga. Se refiere Patricio Gonz\u00e1lez Colville, agroclimat\u00f3logo y acad\u00e9mico del Centro de Investigaci\u00f3n y Transferencia en Riego y Agroclimatolog\u00eda (CITRA).\u00a0<\/a><br \/><br \/><\/div><div><b>RADIO AGRICULTURA<\/b>\u00a0<br \/><a href=\"https:\/\/www.radioagricultura.cl\/nacional\/2024\/07\/25\/lluvias-y-heladas-provocan-alza-en-el-precio-de-la-lechuga-conoce-los-consejos-para-ahorrar\/\">Lluvias y heladas provocan alza en el precio de la lechuga: Conoce los consejos para ahorrar. Se refiere Patricio Gonz\u00e1lez Colville, agroclimat\u00f3logo y acad\u00e9mico del Centro de Investigaci\u00f3n y Transferencia en Riego y Agroclimatolog\u00eda (CITRA).\u00a0<\/a><br \/><br \/><\/div><div><b>RADIO AGRICULTURA<\/b>\u00a0<br \/><a href=\"https:\/\/www.radioagricultura.cl\/nacional\/2024\/07\/25\/lluvias-y-heladas-provocan-alza-en-el-precio-de-la-lechuga-conoce-los-consejos-para-ahorrar\/\">Lluvias y heladas provocan alza en el precio de la lechuga: Conoce los consejos para ahorrar. Se refiere Patricio Gonz\u00e1lez Colville, agroclimat\u00f3logo y acad\u00e9mico del Centro de Investigaci\u00f3n y Transferencia en Riego y Agroclimatolog\u00eda (CITRA) y Juan Andr\u00e9s Riquelme Won, acad\u00e9mico Facultad de Econom\u00eda y Negocios<\/a>.\u00a0<br \/><br \/><\/div><div><b>EL REPORTE DIARIO<\/b>\u00a0<br \/><a href=\"https:\/\/reportediario.cl\/2024\/07\/25\/descubre-como-ahorrar-en-tus-compras-de-lechuga-pese-a-las-lluvias-y-heladas-2\/\">\u00a1Descubre C\u00f3mo Ahorrar en Tus Compras de Lechuga Pese a las Lluvias y Heladas! . Se refiere Patricio Gonz\u00e1lez Colville, agroclimat\u00f3logo y acad\u00e9mico del Centro de Investigaci\u00f3n y Transferencia en Riego y Agroclimatolog\u00eda (CITRA) y Juan Andr\u00e9s Riquelme Won, acad\u00e9mico Facultad de Econom\u00eda y Negocios.\u00a0<\/a><br \/><br \/><\/div><div><b>MEDIABANCO<\/b>\u00a0<br \/><a href=\"https:\/\/reportediario.cl\/2024\/07\/25\/descubre-como-ahorrar-en-tus-compras-de-lechuga-pese-a-las-lluvias-y-heladas-2\/\">Lluvias y heladas provocan importante alza en el precio de la lechuga. Se refiere Patricio Gonz\u00e1lez Colville, agroclimat\u00f3logo y acad\u00e9mico del Centro de Investigaci\u00f3n y Transferencia en Riego y Agroclimatolog\u00eda (CITRA) y Juan Andr\u00e9s Riquelme Won, acad\u00e9mico Facultad de Econom\u00eda y Negocios.\u00a0<\/a><br \/><br \/><\/div><div><b>\u00daLTIMA HORA<\/b>\u00a0<br \/><a href=\"https:\/\/www.ultimahora.cl\/lluvias-y-heladas-provocan-importante-alza-en-el-precio-de-la-lechuga\/\">Lluvias y heladas provocan importante alza en el precio de la lechuga. Se refiere Patricio Gonz\u00e1lez Colville, agroclimat\u00f3logo y acad\u00e9mico del Centro de Investigaci\u00f3n y Transferencia en Riego y Agroclimatolog\u00eda (CITRA) y Juan Andr\u00e9s Riquelme Won, acad\u00e9mico Facultad de Econom\u00eda y Negocios.\u00a0<\/a><br \/><br \/><\/div><div><b>RED AGR\u00cdCOLA<\/b>\u00a0<br \/><a href=\"https:\/\/redagricola.com\/lluvias-y-heladas-provocan-alza-en-el-precio-de-la-lechuga\/\">Lluvias y heladas provocan alza en el precio de la lechuga. Se refiere Patricio Gonz\u00e1lez Colville, agroclimat\u00f3logo y acad\u00e9mico del Centro de Investigaci\u00f3n y Transferencia en Riego y Agroclimatolog\u00eda (CITRA) y Juan Andr\u00e9s Riquelme Won, acad\u00e9mico Facultad de Econom\u00eda y Negocios.\u00a0<\/a><br \/><br \/><\/div><div><b>EL AMAULE <\/b>\u00a0<br \/><a href=\"https:\/\/www.elamaule.cl\/noticia\/sociedad\/importante-alza-en-el-precio-de-la-lechuga-explican-por-que-y-entregan-recomendacio\">Importante alza en el precio de la lechuga: Explican por qu\u00e9 y entregan recomendaciones. Se refiere Patricio Gonz\u00e1lez Colville, agroclimat\u00f3logo y acad\u00e9mico del Centro de Investigaci\u00f3n y Transferencia en Riego y Agroclimatolog\u00eda (CITRA) y Juan Andr\u00e9s Riquelme Won, acad\u00e9mico Facultad de Econom\u00eda y Negocios.<\/a>\u00a0<br \/><br \/><\/div><div><b>DIARIO EN RED<\/b>\u00a0<br \/><a href=\"https:\/\/www.diarioenred.com\/nacional\/lluvias-y-heladas-provocan-importante-alza-en-el-precio-de-la-lechuga\">Lluvias y heladas provocan importante alza en el precio de la lechuga. Se refiere Patricio Gonz\u00e1lez Colville, agroclimat\u00f3logo y acad\u00e9mico del Centro de Investigaci\u00f3n y Transferencia en Riego y Agroclimatolog\u00eda (CITRA) y Juan Andr\u00e9s Riquelme Won, acad\u00e9mico Facultad de Econom\u00eda y Negocios.\u00a0<\/a><br \/><br \/><\/div><div><b>RED MAULE <\/b>\u00a0<br \/><a href=\"https:\/\/www.redmaule.com\/nacional\/lluvias-y-heladas-provocan-importante-alza-en-el-precio-de-la-lechuga\">Lluvias y heladas provocan importante alza en el precio de la lechuga. Se refiere Patricio Gonz\u00e1lez Colville, agroclimat\u00f3logo y acad\u00e9mico del Centro de Investigaci\u00f3n y Transferencia en Riego y Agroclimatolog\u00eda (CITRA) y Juan Andr\u00e9s Riquelme Won, acad\u00e9mico Facultad de Econom\u00eda y Negocios.\u00a0<\/a><br \/><br \/><\/div><div><b>RED \u00d1UBLE<\/b>\u00a0<br \/><a href=\"https:\/\/www.rednuble.com\/nacional\/lluvias-y-heladas-provocan-importante-alza-en-el-precio-de-la-lechuga\">Lluvias y heladas provocan importante alza en el precio de la lechuga. Se refiere Patricio Gonz\u00e1lez Colville, agroclimat\u00f3logo y acad\u00e9mico del Centro de Investigaci\u00f3n y Transferencia en Riego y Agroclimatolog\u00eda (CITRA) y Juan Andr\u00e9s Riquelme Won, acad\u00e9mico Facultad de Econom\u00eda y Negocios.\u00a0<\/a><br \/><br \/><\/div><div><b>RED VALPARA\u00cdSO<\/b>\u00a0<br \/><a href=\"https:\/\/www.redvalparaiso.com\/nacional\/lluvias-y-heladas-provocan-importante-alza-en-el-precio-de-la-lechuga\">Lluvias y heladas provocan importante alza en el precio de la lechuga. Se refiere Patricio Gonz\u00e1lez Colville, agroclimat\u00f3logo y acad\u00e9mico del Centro de Investigaci\u00f3n y Transferencia en Riego y Agroclimatolog\u00eda (CITRA) y Juan Andr\u00e9s Riquelme Won, acad\u00e9mico Facultad de Econom\u00eda y Negocios.\u00a0<\/a><br \/><br \/><\/div><div><b>RED LOS R\u00cdOS<\/b>\u00a0<br \/><a href=\"https:\/\/www.redlosrios.com\/nacional\/lluvias-y-heladas-provocan-importante-alza-en-el-precio-de-la-lechuga\">Lluvias y heladas provocan importante alza en el precio de la lechuga. Se refiere Patricio Gonz\u00e1lez Colville, agroclimat\u00f3logo y acad\u00e9mico del Centro de Investigaci\u00f3n y Transferencia en Riego y Agroclimatolog\u00eda (CITRA) y Juan Andr\u00e9s Riquelme Won, acad\u00e9mico Facultad de Econom\u00eda y Negocios.\u00a0<\/a><br \/><br \/><\/div><div><b>MAULE NEWS<\/b>\u00a0<br \/><a href=\"https:\/\/www.maulenews.com\/2024\/07\/lluvias-y-heladas-provocan-importante.html\">Lluvias y heladas provocan importante alza en el precio de la lechuga. Se refiere Patricio Gonz\u00e1lez Colville, agroclimat\u00f3logo y acad\u00e9mico del Centro de Investigaci\u00f3n y Transferencia en Riego y Agroclimatolog\u00eda (CITRA) y Juan Andr\u00e9s Riquelme Won, acad\u00e9mico Facultad de Econom\u00eda y Negocios.\u00a0<\/a><br \/><br \/><\/div><div><b>AD PRENSA<\/b>\u00a0<br \/><a href=\"https:\/\/www.adprensa.cl\/cronica\/lluvias-y-heladas-provocan-importante-alza-en-el-precio-de-la-lechuga\/\">Lluvias y heladas provocan importante alza en el precio de la lechuga. Se refiere Patricio Gonz\u00e1lez Colville, agroclimat\u00f3logo y acad\u00e9mico del Centro de Investigaci\u00f3n y Transferencia en Riego y Agroclimatolog\u00eda (CITRA) y Juan Andr\u00e9s Riquelme Won, acad\u00e9mico Facultad de Econom\u00eda y Negocios.\u00a0<\/a><br \/><br \/><\/div><div><b>RADIO ALLEN<\/b>\u00a0<br \/>Lluvias y heladas provocan importante alza en el precio de la lechuga. <a href=\"https:\/\/radioallen.cl\/hortalizas-lluvias-y-heladas-provocan-importante-alza-en-el-precio-de-la-lechuga\/\">Se refiere Patricio Gonz\u00e1lez Colville, agroclimat\u00f3logo y acad\u00e9mico del Centro de Investigaci\u00f3n y Transferencia en Riego y Agroclimatolog\u00eda (CITRA) y Juan Andr\u00e9s Riquelme Won, acad\u00e9mico Facultad de Econom\u00eda y Negocios.\u00a0<\/a><br \/><br \/><\/div><div><b>MAULE HOY<\/b>\u00a0<br \/><a href=\"https:\/\/maulehoy.cl\/2024\/07\/25\/lluvias-y-heladas-provocan-alza-en-el-precio-de-la-lechuga\/\">Lluvias y heladas provocan importante alza en el precio de la lechuga. Se refiere Patricio Gonz\u00e1lez Colville, agroclimat\u00f3logo y acad\u00e9mico del Centro de Investigaci\u00f3n y Transferencia en Riego y Agroclimatolog\u00eda (CITRA) y Juan Andr\u00e9s Riquelme Won, acad\u00e9mico Facultad de Econom\u00eda y Negocios.\u00a0<\/a><br \/><br \/><\/div><div><b>DIARIO EL HERALDO<\/b>\u00a0<br \/><a href=\"https:\/\/www.diarioelheraldo.cl\/noticia\/lluvias-y-heladas-provocan-importante-alza-en-el-precio-de-la-lechuga\">Lluvias y heladas provocan importante alza en el precio de la lechuga. Se refiere Patricio Gonz\u00e1lez Colville, agroclimat\u00f3logo y acad\u00e9mico del Centro de Investigaci\u00f3n y Transferencia en Riego y Agroclimatolog\u00eda (CITRA) y Juan Andr\u00e9s Riquelme Won, acad\u00e9mico Facultad de Econom\u00eda y Negocios.\u00a0<\/a><br \/><br \/><\/div><div><b>MAULE HOY <\/b>\u00a0<br \/><a href=\"https:\/\/maulehoy.cl\/2024\/07\/25\/lanzan-libro-sobre-historias-del-arte-en-chile-1850-1950\/\">Lanzan libro sobre Historias del Arte en Chile (1850-1950). Se refiere Pedro Emilio Zamorano, director del Instituto de Estudios Human\u00edsticos Juan Ignacio Molina.\u202f\u00a0<\/a><br \/><br \/><\/div><div><b>CANAL 30 MULTICOM<\/b>\u00a0<br \/><a href=\"https:\/\/www.litoralpress.cl\/sitio\/RadioTV_Detalles.cshtml?LPKey=4YPRWR7VWZHFHX7JEDJNSS6ZKZ75LNYC7TLBJQNRURWS62WZ2Z6C57D3FZEPLQHZYUQDKF2LFGCBE\">Los riesgos de la contaminaci\u00f3n ambiental. Se refiere Mar\u00eda Elisa Quintero, acad\u00e9mica Departamento de Salud P\u00fablica.\u202f\u202f\u00a0<\/a><br \/><br \/><\/div><div><b>RADIO LAUTARO<\/b>\u00a0<br \/><a href=\"https:\/\/www.litoralpress.cl\/sitio\/RadioTV_Detalles.cshtml?LPKey=ZCJQSQMNAEC7VCCXSXYNJB7GJWCKKMMZPPCEFHY3P2OA3XEC3WHZ5G6CPRROQLPCKVCWZW2MGAIMA\">Entrevista a Constanza Fern\u00e1ndez, cirujano dentista. Se menciona la Universidad de Talca.\u00a0<\/a><br \/><br \/><\/div><div><b>CANAL TVN RED MAULE<\/b>\u00a0<br \/><a href=\"https:\/\/www.litoralpress.cl\/sitio\/RadioTV_Detalles.cshtml?LPKey=GIEALNI26U6GE7FPQMZMUWCPZZ6U7RQTVHLY7KMMCIYCAERGUZJPV572MP2WKVUTKBT5SWS4HVJFI\">Familia clama por ayuda: \u00bfD\u00f3nde est\u00e1? Guardia lleva 5 meses desaparecido Se menciona la Universidad de Talca.\u00a0<\/a><br \/><br \/><\/div><div><b>CANAL TVN RED MAULE<\/b>\u00a0<br \/><a href=\"https:\/\/www.litoralpress.cl\/sitio\/RadioTV_Detalles.cshtml?LPKey=D7VOVRSIUPYW2ZDPMCGBZPLQAJPPLG6VQLNH4I7OHB3SHRFTG4HI7FOJBW4SUGTTUL67QVHIE2VJI\">Documental &#8220;Himno&#8221; se exhibir\u00e1 en Talca&#8221;. Se menciona la Universidad de Talca.\u00a0<\/a><br \/><br \/><\/div><div><b>SIN EDITAR NOTICIAS<\/b>\u00a0<br \/><a href=\"https:\/\/sineditarnoticiaschile.cl\/2024\/07\/24\/ministerio-de-obras-publicas-nombro-a-jorge-abarza-agurto-como-nuevo-seremi-en-la-region-del-maule\/\">Ministerio de Obras P\u00fablicas nombr\u00f3 a Jorge Abarza Agurto como nuevo SEREMI en la Regi\u00f3n del Maule. Se menciona la Universidad de Talca.\u00a0<\/a><br \/><br \/><\/div><div><b>CONSORCIO DE UNIVERSIDADES DEL ESTADO DE CHILE<\/b>\u00a0<br \/><a href=\"https:\/\/noticias.uestatales.cl\/universidades-del-estado-desarrollan-software-para-simulaciones-clinicas\">Red de Salud Digital de Universidades del Estado desarrollan software para simulaciones cl\u00ednicas. Se menciona la Universidad de Talca.\u00a0<\/a><br \/><br \/><\/div><div><b>TRADE NEWS<\/b>\u00a0<br \/><a href=\"https:\/\/trade-news.cl\/2024\/07\/23\/mujeres-profesionales-inspiran-a-jovenes-a-adentrarse-en-el-mundo-forestal\/\">Mujeres profesionales inspiran a j\u00f3venes a adentrarse en el mundo forestal. Se menciona la Universidad de Talca.\u00a0<\/a><br \/><br \/><\/div><div><b>SOMOS MAULE<\/b>\u00a0<br \/><a href=\"http:\/\/somosmaule.cl\/publico\/ficha\/ficha.aspx?i=80227\">Gobierno inicia Di\u00e1logos Participativos sobre descentralizaci\u00f3n en el Maule. Se menciona la Universidad de Talca.\u00a0<\/a><br \/><br \/><\/div><div><b>DIARIO LA MA\u00d1ANA<\/b>\u00a0<br \/><a href=\"https:\/\/diariolama\u00f1ana.cl\/2024\/07\/25\/gobierno-inicia-dialogos-participativos-sobre-descentralizacion-en-el-maule\/\">Gobierno inicia Di\u00e1logos Participativos sobre descentralizaci\u00f3n en el Maule. Se menciona la Universidad de Talca.\u00a0<\/a><br \/><br \/><\/div><div><b>UPLA<\/b>\u00a0<br \/><a href=\"https:\/\/www.upla.cl\/noticias\/2024\/07\/25\/universidades-del-estado-desarrollan-software-para-simulaciones-clinicas\/\">Universidades del Estado desarrollan software para simulaciones cl\u00ednicas. Se menciona la Universidad de Talca.\u00a0<\/a><br \/><br \/><\/div><div><b>ULAGOS<\/b>\u00a0<br \/><a href=\"https:\/\/www.ulagos.cl\/2024\/07\/universidades-del-estado-desarrollan-software-para-simulaciones-clinicas\/\">Universidades del Estado desarrollan software para simulaciones cl\u00ednicas. Se menciona la Universidad de Talca.\u00a0<\/a><br \/><br \/><\/div><div><b>AM NOTICIAS<\/b>\u00a0<br \/><a href=\"https:\/\/amnoticias.cl\/gobierno-inicia-dialogos-participativos-sobre-descentralizacion-en-el-maule\/\">Gobierno inicia Di\u00e1logos Participativos sobre descentralizaci\u00f3n en el Maule. Se menciona la Universidad de Talca.\u00a0<\/a><br \/><br \/><\/div><div><b>SIN EDITAR NOTICIAS CHILE<\/b>\u00a0<br \/><a href=\"https:\/\/sineditarnoticiaschile.cl\/2024\/07\/25\/gobierno-inicia-dialogos-participativos-sobre-descentralizacion-en-el-maule\/\">Gobierno inicia Di\u00e1logos Participativos sobre descentralizaci\u00f3n en el Maule. Se menciona la Universidad de Talca.\u00a0<\/a><br \/><br \/><\/div><div><b>EL MERCURIO<\/b>\u00a0<br \/><a href=\"https:\/\/www.litoralpress.cl\/paginaconsultas\/Servicios_NClipSitio\/Get_Imagen_Nota.aspx?LPKey=ITXLEAMT336U53CBN2ADUBUHNHIRFGGX5MQ5NTGJZ5FAX7YVOS6OYFSHQRT5E4REODRDMI52JXS3G\">Portada el Mercurio (Sostenibilidad &amp; Energ\u00eda) \u2013 Chile. Se menciona la Universidad de Talca.\u00a0<\/a><br \/><br \/><\/div><div><b>EL LECTOR<\/b>\u00a0<br \/><a href=\"https:\/\/www.litoralpress.cl\/paginaconsultas\/Servicios_NClipSitio\/Get_Imagen_Nota.aspx?LPKey=QM2KRGVO27VAWDDITFHLTFGESQJP4YEFWCJGHTAMBNF4AZICAXJAKOAFSVCPZBP4FWBX2YEW2FF64\">Gobierno inicia di\u00e1logos participativos sobre descentralizaci\u00f3n en el Maule. Se menciona la Universidad de Talca.\u00a0<\/a><br \/><br \/><\/div>\t\t\t\t\t\t<\/div>\n\t\t\t\t<\/div>\n\t\t\t\t\t<\/div>\n\t\t<\/div>\n\t\t\t\t\t\t\t<\/div>\n\t\t<\/section>\n\t\t\t\t\t\t<\/div>\n\t\t\t\t\t<\/div>\n\t\t","protected":false},"excerpt":{"rendered":"<p>EL MAULE INFORMA\u00a0Capacitan a tutores cl\u00ednicos del Hospital de Curic\u00f3 para mejorar experiencia de internos. . Se refiere Paula Caballero, vicerrectora de Desarrollo Estudiantil de la casa de estudios, Marcela Morris, asesora pedag\u00f3gica de la Academia Docente y Alicia Parada, acad\u00e9mica de la Escuela de Obstetricia y Puericultura.\u202f \u00a0 PUNTO LONTU\u00c9\u00a0Capacitan a tutores cl\u00ednicos del &hellip;<\/p>\n<p class=\"read-more\"> <a class=\"\" href=\"https:\/\/www.reportedeprensa.utalca.cl\/?p=10240\"> <span class=\"screen-reader-text\">26 de julio de 2024<\/span> Read More &raquo;<\/a><\/p>\n","protected":false},"author":1,"featured_media":0,"comment_status":"closed","ping_status":"open","sticky":false,"template":"","format":"standard","meta":{"_monsterinsights_skip_tracking":false,"_monsterinsights_sitenote_active":false,"_monsterinsights_sitenote_note":"","_monsterinsights_sitenote_category":0},"categories":[50],"tags":[],"_links":{"self":[{"href":"https:\/\/www.reportedeprensa.utalca.cl\/index.php?rest_route=\/wp\/v2\/posts\/10240"}],"collection":[{"href":"https:\/\/www.reportedeprensa.utalca.cl\/index.php?rest_route=\/wp\/v2\/posts"}],"about":[{"href":"https:\/\/www.reportedeprensa.utalca.cl\/index.php?rest_route=\/wp\/v2\/types\/post"}],"author":[{"embeddable":true,"href":"https:\/\/www.reportedeprensa.utalca.cl\/index.php?rest_route=\/wp\/v2\/users\/1"}],"replies":[{"embeddable":true,"href":"https:\/\/www.reportedeprensa.utalca.cl\/index.php?rest_route=%2Fwp%2Fv2%2Fcomments&post=10240"}],"version-history":[{"count":4,"href":"https:\/\/www.reportedeprensa.utalca.cl\/index.php?rest_route=\/wp\/v2\/posts\/10240\/revisions"}],"predecessor-version":[{"id":10245,"href":"https:\/\/www.reportedeprensa.utalca.cl\/index.php?rest_route=\/wp\/v2\/posts\/10240\/revisions\/10245"}],"wp:attachment":[{"href":"https:\/\/www.reportedeprensa.utalca.cl\/index.php?rest_route=%2Fwp%2Fv2%2Fmedia&parent=10240"}],"wp:term":[{"taxonomy":"category","embeddable":true,"href":"https:\/\/www.reportedeprensa.utalca.cl\/index.php?rest_route=%2Fwp%2Fv2%2Fcategories&post=10240"},{"taxonomy":"post_tag","embeddable":true,"href":"https:\/\/www.reportedeprensa.utalca.cl\/index.php?rest_route=%2Fwp%2Fv2%2Ftags&post=10240"}],"curies":[{"name":"wp","href":"https:\/\/api.w.org\/{rel}","templated":true}]}}