{"id":10250,"date":"2024-07-29T11:57:38","date_gmt":"2024-07-29T14:57:38","guid":{"rendered":"https:\/\/www.reportedeprensa.utalca.cl\/?p=10250"},"modified":"2024-07-29T13:36:38","modified_gmt":"2024-07-29T16:36:38","slug":"29-de-julio-de-2024","status":"publish","type":"post","link":"https:\/\/www.reportedeprensa.utalca.cl\/?p=10250","title":{"rendered":"29 de julio de 2024"},"content":{"rendered":"\t\t<div data-elementor-type=\"wp-post\" data-elementor-id=\"10250\" class=\"elementor elementor-10250\" data-elementor-settings=\"[]\">\n\t\t\t\t\t\t\t<div class=\"elementor-section-wrap\">\n\t\t\t\t\t\t\t<section class=\"elementor-section elementor-top-section elementor-element elementor-element-bcea1a8 elementor-section-boxed elementor-section-height-default elementor-section-height-default\" data-id=\"bcea1a8\" data-element_type=\"section\">\n\t\t\t\t\t\t<div class=\"elementor-container elementor-column-gap-default\">\n\t\t\t\t\t<div class=\"elementor-column elementor-col-100 elementor-top-column elementor-element elementor-element-e7183bf\" data-id=\"e7183bf\" data-element_type=\"column\">\n\t\t\t<div class=\"elementor-widget-wrap elementor-element-populated\">\n\t\t\t\t\t\t\t\t<div class=\"elementor-element elementor-element-58d7315 elementor-widget elementor-widget-text-editor\" data-id=\"58d7315\" data-element_type=\"widget\" data-widget_type=\"text-editor.default\">\n\t\t\t\t<div class=\"elementor-widget-container\">\n\t\t\t\t\t\t\t\t<div class=\"wnVEW\"><div role=\"document\"><div class=\"Yy5or GNqVo allowTextSelection OuGoX\" tabindex=\"-1\" aria-label=\"Cuerpo del mensaje\"><div dir=\"ltr\"><div><b>DIARIO EL LECTOR\u00a0<\/b><\/div><div><a href=\"https:\/\/www.litoralpress.cl\/sitio\/Prensa_Detalles.cshtml?LPKey=3B7UHNISJ6EMJK2TUFPC5XYXWJQX6AESHCTWVCI5LTLVJGTJTOHA\">Doctorado en Derecho de la UTalca es acreditado. Se refiere Iv\u00e1n Ovando, decano Facultad de Ciencias Jur\u00eddicas y Sociales y Sociales y Ra\u00fal Carnevali, director del programa.<\/a><b><br \/><\/b><\/div><div>\u00a0<\/div><div><b>CHILL\u00c1N ONLINE<\/b>\u00a0<br \/><a href=\"https:\/\/www.chillanonline.cl\/V7\/2024\/07\/27\/doctorado-en-derecho-de-la-utalca-es-acreditado-por-6-anos\/\">Doctorado en Derecho de la UTalca es acreditado por 6 a\u00f1os. Se refiere Iv\u00e1n Ovando, decano Facultad de Ciencias Jur\u00eddicas y Sociales y Ra\u00fal Carnevali, director del programa. \u00a0<\/a><br \/><br \/><\/div><div><b>MEDIABANCO<\/b> \u00a0<br \/><a href=\"https:\/\/www.mediabanco.com\/doctorado-en-derecho-de-la-utalca-es-acreditado-por-6-anos\/\">Doctorado en Derecho de la UTalca es acreditado por 6 a\u00f1os. Se refiere Iv\u00e1n Obando Camino, decano de la Facultad de Ciencias Jur\u00eddicas y Sociales y Ra\u00fal Carnevali Rodr\u00edguez, director del Doctorado en Derecho.\u00a0<\/a><\/div><div>\u00a0<\/div><div><b>ADPRENSA <\/b>\u00a0<\/div><div><a href=\"https:\/\/www.adprensa.cl\/cronica\/doctorado-en-derecho-de-la-utalca-es-acreditado-por-6-anos\/\">Doctorado en Derecho de la UTalca es acreditado por 6 a\u00f1os. Se refiere Iv\u00e1n Obando Camino, decano de la Facultad de Ciencias Jur\u00eddicas y Sociales y Ra\u00fal Carnevali Rodr\u00edguez, director del Doctorado en Derecho.\u00a0<\/a><\/div><div>\u00a0<\/div><div><b>RADIO ALLEN<\/b>\u00a0<br \/><a href=\"https:\/\/radioallen.cl\/educacion-doctorado-en-derecho-de-la-utalca-es-acreditado-por-6-anos\/\">Educaci\u00f3n: Doctorado en Derecho de la UTalca es acreditado por 6 a\u00f1os. Se refiere Iv\u00e1n Obando Camino, decano de la Facultad de Ciencias Jur\u00eddicas y Sociales y Ra\u00fal Carnevali Rodr\u00edguez, director del Doctorado en Derecho.\u00a0<\/a><\/div><div>\u00a0<\/div><div><b>PUBLIMICRO<\/b>\u00a0<br \/><a href=\"https:\/\/publimicro.cl\/doctorado-en-derecho-de-la-utalca-es-acreditado-por-6-anos-distincion-es-un-reconocimiento-a-la-calidad-del-programa-academicos-y-egresados\/\">Doctorado en Derecho de la UTalca es acreditado por 6 a\u00f1os. Distinci\u00f3n, es un reconocimiento a la calidad del programa, acad\u00e9micos y egresados. \u00a0<\/a><\/div><div>\u00a0<\/div><div><b>DIARIO EL HERALDO<\/b>\u00a0<\/div><div><a href=\"https:\/\/www.litoralpress.cl\/sitio\/Prensa_Detalles.cshtml?LPKey=FXJFYWJZRG722WJKATDRCT433M4KZSFJHYN5UX2XQKFRATEPCLHA\">A 10 a\u00f1os del inicio del Programa PACE: UTalca comprometida con una educaci\u00f3n equitativa. Se refiere Paola Morales, directora Ciclo de Vida Estudiantil (CIVE). \u00a0<\/a><\/div><div>\u00a0<\/div><div><b>MEDIABANCO\u00a0<br \/><\/b><a href=\"https:\/\/www.mediabanco.com\/a-10-anos-del-inicio-del-programa-pace-utalca-comprometida-con-una-educacion-equitativa\/\">A 10 a\u00f1os del inicio del Programa PACE: UTalca comprometida con una educaci\u00f3n equitativa. Se refiere Paola Morales Norambuena, directora de Ciclo de Vida Estudiantil.\u00a0<\/a><\/div><div>\u00a0<\/div><div><b>ADPRENSA<\/b>\u00a0<\/div><div><a href=\"https:\/\/www.mediabanco.com\/a-10-anos-del-inicio-del-programa-pace-utalca-comprometida-con-una-educacion-equitativa\/\">A 10 a\u00f1os del inicio del Programa PACE: UTalca comprometida con una educaci\u00f3n equitativa. Se refiere Paola Morales Norambuena, directora de Ciclo de Vida Estudiantil.\u00a0<\/a><\/div><div>\u00a0<\/div><div><b>DIARIO EL LECTOR<\/b>\u00a0<\/div><div><a href=\"https:\/\/www.litoralpress.cl\/paginaconsultas\/Servicios_NClipSitio\/Get_Imagen_Nota.aspx?LPKey=F74BDU2HBQLLE22XLDI35F5C64O3RPYBIREPR7ZCPLFH5ASMPSGL2MNC5MTYKX2RD34DEITBZ3UO4\">A 10 a\u00f1os del inicio del Programa PACE: Universidad de Talca est\u00e1 comprometida con una educaci\u00f3n equitativa. Se refiere Paola Morales Norambuena, directora de Ciclo de Vida Estudiantil.\u00a0<\/a><\/div><div>\u00a0<\/div><div><b>PUBLIMICRO<\/b>\u00a0<br \/><a href=\"https:\/\/publimicro.cl\/a-10-anos-del-inicio-del-programa-pace-universidad-de-talca-esta-comprometida-con-una-educacion-equitativa\/\">A 10 a\u00f1os del inicio del Programa PACE: Universidad de Talca est\u00e1 comprometida con una educaci\u00f3n equitativa. Se refiere Paola Morales Norambuena, directora de Ciclo de Vida Estudiantil.\u00a0<\/a><\/div><div>\u00a0<\/div><div><b>MAULE NEWS\u00a0<\/b><\/div><div><a href=\"https:\/\/www.maulenews.com\/2024\/07\/capacitan-tutores-clinicos-del-hospital.html\">Capacitan a tutores cl\u00ednicos del Hospital de Curic\u00f3 para mejorar experiencia de los internos. Se refiere Paula Caballero, vicerrectora de Desarrollo Estudiantil de la casa de estudios, Marcela Morris, asesora pedag\u00f3gica de la Academia Docente y Alicia Parada, acad\u00e9mica de la Escuela de Obstetricia y Puericultura.\u202f \u202f\u00a0<\/a><\/div><div>\u00a0<\/div><div><b>G5 NOTICIAS\u00a0<br \/><\/b><a href=\"https:\/\/g5noticias.cl\/2024\/07\/28\/funciones-ejecutivas-en-las-personas-habilidades-mentales-que-se-deben-estimular\/\">Funciones ejecutivas en las personas: habilidades mentales que se deben estimular. Se refiere Cristian Rojas, acad\u00e9mico de la Facultad de Psicolog\u00eda.\u00a0<\/a><b><br \/><\/b><\/div><div>\u00a0<\/div><div><b>MEDIABANCO\u00a0<br \/><\/b><a href=\"https:\/\/www.mediabanco.com\/escolares-conocieron-el-fascinante-mundo-de-la-astronomia\/\">Escolares conocieron el fascinante mundo de la astronom\u00eda. Se refiere Daniela Olave, acad\u00e9mica de la Facultad de Ingenier\u00eda y Susana Lara, coordinadora del Espacio DTC+ de dicha facultad. \u00a0<\/a><\/div><div>\u00a0<\/div><div><b>CANAL TVN RED MAULE\u00a0<br \/><\/b><a href=\"https:\/\/www.litoralpress.cl\/sitio\/RadioTV_Detalles.cshtml?LPKey=7DJTYL6JY3FXQTSJ34QVLE7Q2YQMT7OROUJLEWJCPTEMYIUGFHQROSPDYW7IIYJHPAOTJAJYMV2N6\">Preocupaci\u00f3n por aumento en precio de la lechuga. Se refiere, Patricio Gonz\u00e1lez Colville, agroclimat\u00f3logo y acad\u00e9mico del Centro de Investigaci\u00f3n y Transferencia en Riego y Agroclimatolog\u00eda (CITRA).\u00a0<\/a><b><br \/><\/b><\/div><div>\u00a0<\/div><div><b>DIARIO EL HERALDO<\/b>\u00a0<\/div><div><a href=\"https:\/\/www.litoralpress.cl\/paginaconsultas\/Servicios_NClipSitio\/Get_Imagen_Nota.aspx?LPKey=THDNGP4WXU43I3PSINZE7FWQONH7YJEHFXYRBV3LNEDO2DC7CASTZLF36RXVVH5XODKJW7DD5I2ZO\">Lluvias y heladas provocan importante alza en el precio de la lechuga Se refiere. Patricio Gonz\u00e1lez Colville, agroclimat\u00f3logo y acad\u00e9mico del Centro de Investigaci\u00f3n y Transferencia en Riego y Agroclimatolog\u00eda (CITRA).\u00a0<\/a><\/div><div>\u00a0<\/div><div><b>LA PRENSA DE CURIC\u00d3<\/b>\u00a0<br \/><a href=\"https:\/\/www.litoralpress.cl\/paginaconsultas\/Servicios_NClipSitio\/Get_Imagen_Nota.aspx?LPKey=JFVU7WKIS6WC6UR5226FG6HKVQUUPLYD3LU323SA6OSHECXYI5VTQWEPXEWZI3C5FYLWHI4KGD4DM\">Lluvias y heladas provocan importante alza en el precio de la lechuga. Se refiere, Patricio Gonz\u00e1lez Colville, agroclimat\u00f3logo y acad\u00e9mico del Centro de Investigaci\u00f3n y Transferencia en Riego y Agroclimatolog\u00eda (CITRA) y Juan Andr\u00e9s Riquelme Won, acad\u00e9mico de la Facultad de Econom\u00eda y Negocios.\u00a0<\/a><\/div><div>\u00a0<\/div><div><b>DIARIO EL LECTOR<\/b>\u00a0<\/div><div><a href=\"https:\/\/www.litoralpress.cl\/paginaconsultas\/Servicios_NClipSitio\/Get_Imagen_Nota.aspx?LPKey=V3A26BV6GEF5RCPVR4GEJPXEXBMGUFCW5FYVJCYS2MSUULXHFYDKF6YUONQQA7SO6FYIIJ7SUT3M2\">Lluvias y heladas provocan importante alza en el precio de la lechuga. Se refiere Patricio Gonz\u00e1lez Colville, agroclimat\u00f3logo y acad\u00e9mico del Centro de Investigaci\u00f3n y Transferencia en Riego y Agroclimatolog\u00eda (CITRA).\u00a0<\/a><\/div><div>\u00a0<\/div><div><b>PUNTO LONTU\u00c9<\/b>\u00a0<br \/><a href=\"https:\/\/puntolontue.cl\/?p=15076\">Lluvias y heladas provocan importante alza en el precio de la lechuga. Se refiere, Patricio Gonz\u00e1lez Colville, agroclimat\u00f3logo y acad\u00e9mico del Centro de Investigaci\u00f3n y Transferencia en Riego y Agroclimatolog\u00eda (CITRA) y Juan Andr\u00e9s Riquelme Won, acad\u00e9mico de la Facultad de Econom\u00eda y Negocios.\u00a0<\/a><br \/><br \/><\/div><div><b>G5 NOTICIA<\/b>\u00a0<\/div><div><a href=\"https:\/\/g5noticias.cl\/2024\/07\/27\/lluvias-y-heladas-provocan-importante-alza-en-el-precio-de-la-lechuga\/\">Lluvias y heladas provocan importante alza en el precio de la lechuga. Se refiere, Patricio Gonz\u00e1lez Colville, agroclimat\u00f3logo y acad\u00e9mico del Centro de Investigaci\u00f3n y Transferencia en Riego y Agroclimatolog\u00eda (CITRA) y Juan Andr\u00e9s Riquelme Won, acad\u00e9mico de la Facultad de Econom\u00eda y Negocios.\u00a0<\/a><\/div><div>\u00a0<\/div><div><b>PORTAL AGRO CHILE<\/b>\u00a0<\/div><div><a href=\"https:\/\/www.portalagrochile.cl\/2024\/07\/27\/lluvias-y-heladas-provocan-importante-alza-en-el-precio-de-la-lechuga\/\">Lluvias y heladas provocan importante alza en el precio de la lechuga. Se refiere, Patricio Gonz\u00e1lez Colville, agroclimat\u00f3logo y acad\u00e9mico del Centro de Investigaci\u00f3n y Transferencia en Riego y Agroclimatolog\u00eda (CITRA) y Juan Andr\u00e9s Riquelme Won, acad\u00e9mico de la Facultad de Econom\u00eda y Negocios.\u00a0<\/a><\/div><div>\u00a0<\/div><div><b>TIERRA AMARILLANO<\/b>\u00a0<br \/><a href=\"https:\/\/tierramarillano.cl\/2024\/07\/28\/lluvias-y-heladas-provocan-importante-alza-en-el-precio-de-la-lechuga\/\">Lluvias y heladas provocan importante alza en el precio de la lechuga. Se refiere Patricio Gonz\u00e1lez Colville, acad\u00e9mico del Centro de Investigaci\u00f3n y Transferencia en Riego y Agroclimatolog\u00eda (CITRA)<\/a>.\u00a0<\/div><div>\u00a0<\/div><div><b>RADIO AMIGA<\/b>\u00a0<br \/><a href=\"https:\/\/www.litoralpress.cl\/sitio\/RadioTV_Detalles.cshtml?LPKey=4GH3KSHCFC7657KS326QIX2Z7QQKMPZKQY4INX4ISEIAB3JMRC5IUT2EZDTXWCUO4DFSDGQLQ4DF4\">Zona central afectada por heladas de 4\u00ba bajo cero. Se refiere, Patricio Gonz\u00e1lez Colville, agroclimat\u00f3logo y acad\u00e9mico del Centro de Investigaci\u00f3n y Transferencia en Riego y Agroclimatolog\u00eda (CITRA).\u00a0<\/a><\/div><div>\u00a0<\/div><div><b>RADIO AMIGA<\/b>\u00a0<br \/><a href=\"https:\/\/www.litoralpress.cl\/sitio\/RadioTV_Detalles.cshtml?LPKey=KEU4GLX7ZGXIIGETGM6K6QIRXJKS4ROYOQGAKZDLA7LBJXLWYR42OQYB7LMZCZPMAVUQPGDRJR2PA\">El evento de la ni\u00f1a puede afectar la primavera hasta el 2025 Se refiere, Patricio Gonz\u00e1lez Colville, agroclimat\u00f3logo y acad\u00e9mico del Centro de Investigaci\u00f3n y Transferencia en Riego y Agroclimatolog\u00eda (CITRA).\u00a0<\/a><\/div><div>\u00a0<\/div><div><b>MAULE NEWS<\/b>\u00a0<\/div><div><a href=\"https:\/\/www.maulenews.com\/2024\/07\/lluvias-y-heladas-provocan-importante.html\">Lluvias y heladas provocan importante alza en el precio de la lechuga. Se refiere, Patricio Gonz\u00e1lez Colville, agroclimat\u00f3logo y acad\u00e9mico del Centro de Investigaci\u00f3n y Transferencia en Riego y Agroclimatolog\u00eda (CITRA) y Juan Andr\u00e9s Riquelme Won, acad\u00e9mico de la Facultad de Econom\u00eda y Negocios.\u00a0<\/a><\/div><div>\u00a0<\/div><div><b>ADPRENSA<\/b>\u00a0<\/div><div><a href=\"https:\/\/www.adprensa.cl\/cronica\/lluvias-y-heladas-provocan-importante-alza-en-el-precio-de-la-lechuga\/\">Lluvias y heladas provocan importante alza en el precio de la lechuga. Se refiere, Patricio Gonz\u00e1lez Colville, agroclimat\u00f3logo y acad\u00e9mico del Centro de Investigaci\u00f3n y Transferencia en Riego y Agroclimatolog\u00eda (CITRA) y Juan Andr\u00e9s Riquelme Won, acad\u00e9mico de la Facultad de Econom\u00eda y Negocios.\u00a0<\/a><\/div><div>\u00a0<\/div><div><b>RADIO ALLEN<\/b>\u00a0<br \/><a href=\"https:\/\/radioallen.cl\/hortalizas-lluvias-y-heladas-provocan-importante-alza-en-el-precio-de-la-lechuga\/\">Hortalizas: Lluvias y heladas provocan importante alza en el precio de la lechuga. Se refiere, Patricio Gonz\u00e1lez Colville, agroclimat\u00f3logo y acad\u00e9mico del Centro de Investigaci\u00f3n y Transferencia en Riego y Agroclimatolog\u00eda (CITRA) y Juan Andr\u00e9s Riquelme Won, acad\u00e9mico de la Facultad de Econom\u00eda y Negocios.\u00a0<\/a><br \/><br \/><\/div><div><b>MAULE HOY<\/b>\u00a0<br \/><a href=\"https:\/\/maulehoy.cl\/2024\/07\/25\/lluvias-y-heladas-provocan-alza-en-el-precio-de-la-lechuga\/\">Lluvias y heladas provocan alza en el precio de la lechuga. Se refiere, Patricio Gonz\u00e1lez Colville, agroclimat\u00f3logo y acad\u00e9mico del Centro de Investigaci\u00f3n y Transferencia en Riego y Agroclimatolog\u00eda (CITRA) y Juan Andr\u00e9s Riquelme Won, acad\u00e9mico de la Facultad de Econom\u00eda y Negocios.\u00a0<\/a><\/div><div>\u00a0<\/div><div><b>EL HERALDO<\/b>\u00a0<\/div><div><a href=\"https:\/\/www.diarioelheraldo.cl\/noticia\/lluvias-y-heladas-provocan-importante-alza-en-el-precio-de-la-lechuga\">Lluvias y heladas provocan importante alza en el precio de la lechuga. Se refiere, Patricio Gonz\u00e1lez Colville, agroclimat\u00f3logo y acad\u00e9mico del Centro de Investigaci\u00f3n y Transferencia en Riego y Agroclimatolog\u00eda (CITRA) y Juan Andr\u00e9s Riquelme Won, acad\u00e9mico de la Facultad de Econom\u00eda y Negocios.\u00a0<\/a><\/div><div>\u00a0<\/div><div><b>ANALIZA MAULE<\/b>\u00a0<br \/><a href=\"https:\/\/analizamaule.cl\/lluvias-y-heladas-provocan-importante-alza-en-el-precio-de-la-lechuga\/\">Lluvias y heladas provocan importante alza en el precio de la lechuga. Se refiere, Patricio Gonz\u00e1lez Colville, agroclimat\u00f3logo y acad\u00e9mico del Centro de Investigaci\u00f3n y Transferencia en Riego y Agroclimatolog\u00eda (CITRA) y Juan Andr\u00e9s Riquelme Won, acad\u00e9mico de la Facultad de Econom\u00eda y Negocios.\u00a0<\/a><br \/><br \/><\/div><div><b>PUBLIMICRO<\/b>\u00a0<\/div><div><a href=\"https:\/\/publimicro.cl\/experto-climatologo-de-la-universidad-de-talca-asegura-que-lluvias-y-heladas-han-provocado-importante-alza-en-el-precio-de-las-lechugas\/\">Experto climat\u00f3logo de la Universidad de Talca, asegura que lluvias y heladas, han provocado importante alza en el precio de las lechugas. Se refiere, Patricio Gonz\u00e1lez Colville, agroclimat\u00f3logo y acad\u00e9mico del Centro de Investigaci\u00f3n y Transferencia en Riego y Agroclimatolog\u00eda (CITRA) y Juan Andr\u00e9s Riquelme Won, acad\u00e9mico de la Facultad de Econom\u00eda y Negocios.\u00a0<\/a><\/div><div>\u00a0<\/div><div><b>CAUQUENES.NET<\/b>\u00a0<\/div><div><a href=\"https:\/\/cauquenesnet.cl\/2024\/07\/26\/lluvias-y-heladas-provocan-importante-alza-en-el-precio-de-la-lechuga\/\">Lluvias y heladas provocan importante alza en el precio de la lechuga. Se refiere, Patricio Gonz\u00e1lez Colville, agroclimat\u00f3logo y acad\u00e9mico del Centro de Investigaci\u00f3n y Transferencia en Riego y Agroclimatolog\u00eda (CITRA) y Juan Andr\u00e9s Riquelme Won, acad\u00e9mico de la Facultad de Econom\u00eda y Negocios.\u00a0<\/a><\/div><div>\u00a0<\/div><div><b>RADIO LAUTARIO <\/b>\u00a0<br \/><a href=\"https:\/\/radiolautarotalca.cl\/producto-de-las-heladas-el-precio-de-las-lechugas-esta-bordeando-los-2-000\/\">Producto de las heladas el precio de las lechugas est\u00e1 bordeando los $2.000. Se refiere, Patricio Gonz\u00e1lez Colville, agroclimat\u00f3logo y acad\u00e9mico del Centro de Investigaci\u00f3n y Transferencia en Riego y Agroclimatolog\u00eda (CITRA).\u00a0<\/a><\/div><div>\u00a0<\/div><div><b>SOY TEMUCO<\/b>\u00a0<br \/><a href=\"https:\/\/www.soychile.cl\/Temuco\/Sociedad\/2024\/07\/26\/870262\/expertos-advierten-nina-araucania-agricultura.html\">Experto advierte que fen\u00f3meno La Ni\u00f1a podr\u00eda provocar estragos en la agricultura de La Araucan\u00eda.\u00a0<\/a><br \/><a href=\"https:\/\/www.soychile.cl\/Temuco\/Sociedad\/2024\/07\/26\/870262\/expertos-advierten-nina-araucania-agricultura.html\">Se refiere, Patricio Gonz\u00e1lez Colville, agroclimat\u00f3logo y acad\u00e9mico del Centro de Investigaci\u00f3n y Transferencia en Riego y Agroclimatolog\u00eda (CITRA).\u00a0<\/a><\/div><div>\u00a0<\/div><div><b>RADIO LAUTARO \u00a0<\/b><\/div><div><a href=\"https:\/\/radiolautarotalca.cl\/se-debe-regular-o-prohibir-el-uso-de-telefonos-celulares-en-colegios\/\">\u00bfSe debe regular o prohibir el uso de tel\u00e9fonos celulares en colegios? Se refieren Felipe Besoain, director de Tecnolog\u00edas de la Educaci\u00f3n de la UTalca y Susana Campos, psic\u00f3loga del Centro de Psicolog\u00eda Aplicada (CEPA).\u00a0<\/a><b><br \/><\/b><\/div><div>\u00a0<\/div><div><strong>RADIO LAUTARO\u00a0<\/strong><br \/><a href=\"https:\/\/radiolautarotalca.cl\/que-hacer-cuando-te-roban-el-celular\/\">\u00bfQu\u00e9 hacer cuando te roban el celular? Se refiere H\u00e9ctor M\u00fa\u00f1oz, jefe de Seguridad Digital. \u00a0<\/a><\/div><div><b>CANAL TVN RED MAULE\u00a0<br \/><\/b><a href=\"https:\/\/www.litoralpress.cl\/sitio\/RadioTV_Detalles.cshtml?LPKey=CNWSEL543C4TP4EXBBKFU5UZU3TXSIE4PTJKROHQ6R4LKX2CML2UVO32JWEIYX3JQCMSZ63QG27UK\">Robaban claves tras pedir ingresar a app bancaria. Se refiere H\u00e9ctor Mu\u00f1oz, jefe de Seguridad Digital.\u202f\u00a0<\/a><b><br \/><\/b><\/div><div>\u00a0<\/div><div><b>THE CLINIC\u00a0<br \/><\/b><a href=\"https:\/\/www.theclinic.cl\/2024\/07\/28\/mas-de-100-mil-inscritos-el-abrupto-incremento-de-votantes-venezolanos-en-chile-y-la-alta-incidencia-del-voto-extranjero-en-santiago-e-independencia\/\">M\u00e1s de 100 mil inscritos: el abrupto incremento de votantes venezolanos en Chile y la alta incidencia del voto extranjero en Santiago e Independencia. Se refiere Mauricio Morales, director Centro de An\u00e1lisis Pol\u00edtico (CAP). \u00a0<\/a><b><br \/><\/b><\/div><div>\u00a0<\/div><div><b>MEGANOTICIAS<\/b>\u00a0<br \/><a href=\"https:\/\/www.meganoticias.cl\/nacional\/454108-mauricio-morales-columna-cadem-elecciones-presidente-boric-gobierno-voto-multa-extranjeros-fds01-28-07-2024.html\">Columna de Mauricio Morales: &#8220;Los 33 mil pesos de la verg\u00fcenza&#8221;. Se refiere Mauricio Morales, director Centro de An\u00e1lisis Pol\u00edtico (CAP).<\/a> \u00a0<br \/><br \/><\/div><div><b>RADIO INFINITA<\/b>\u00a0<br \/><a href=\"https:\/\/www.litoralpress.cl\/sitio\/RadioTV_Detalles.cshtml?LPKey=P43AYLM44EQ4GRMFHAJ6RSOFE4VH6ATEBZ6SYF4PY5OY2SJRNR57IF757HFRU3JGGH3XQOJ4KHTVA\">Participaci\u00f3n de Mauricio Morales Quiroga, director del Centro de An\u00e1lisis Pol\u00edtico (CAP-UTalca).\u00a0<\/a><br \/><br \/><\/div><div><b>IDEALEX\u00a0<br \/><\/b><a href=\"https:\/\/idealex.press\/universidad-de-talca-transmitira-programa-de-television-de-derecho-en-agosto\/\">Universidad de Talca transmitir\u00e1 programa de televisi\u00f3n de Derecho en agosto. Se refiere Diego Palomo, acad\u00e9mico Facultad de Ciencias Jur\u00eddicas y Sociales.\u00a0<\/a><\/div><div>\u00a0<\/div><div><b>G5 NOTICIA<\/b>\u00a0<br \/><a href=\"https:\/\/g5noticias.cl\/2024\/07\/26\/universidades-del-estado-desarrollan-software-para-simulaciones-clinicas\/\">Universidades del Estado desarrollan software para simulaciones cl\u00ednicas. Se menciona la Universidad de Talca.\u00a0<\/a><\/div><div>\u00a0<\/div><div><b>LA PRENSA DE CURIC\u00d3<\/b>\u00a0<br \/><a href=\"https:\/\/www.litoralpress.cl\/paginaconsultas\/Servicios_NClipSitio\/Get_Imagen_Nota.aspx?LPKey=XOMVZ3YDPPBBVLPWG67LYGG5LWM534RUJI36SWRSFR7NGFJYOPZM5HVX5K56HJ74KBJZK6FPEFAQU\">Nueva seremi de Gobierno: \u201cPara m\u00ed volver a la regi\u00f3n era una necesidad\u201d. Se menciona la Universidad de Talca.\u00a0<\/a><\/div><div>\u00a0<\/div><div><b>DIARIO LA PRENSA<\/b>\u00a0<\/div><div><a href=\"https:\/\/new.diariolaprensa.cl\/index.php\/2024\/07\/27\/nueva-seremi-de-gobierno-para-mi-volver-a-la-region-era-una-necesidad\/\">Nueva seremi de Gobierno: \u201cPara m\u00ed volver a la regi\u00f3n era una necesidad\u201d. Se menciona la Universidad de Talca.\u00a0<\/a><\/div><div>\u00a0<\/div><div><b>PORTAL RED SALUD<\/b>\u00a0<br \/><a href=\"https:\/\/www.portalredsalud.cl\/2024\/07\/25\/universidades-del-estado-desarrollan-software-para-simulaciones-clinicas\/\">Universidades del estado desarrollan software para simulaciones cl\u00ednicas. Se menciona la Universidad de Talca.\u00a0<\/a><br \/><br \/><\/div><div><b>DIARIO EL CENTRO<\/b>\u00a0<br \/><a href=\"https:\/\/www.diarioelcentro.cl\/2024\/07\/27\/el-idioma-de-la-madera-exposicion-de-esculturas-se-inaugurara-el-6-de-agosto-en-talca\/\">El idioma de la madera: Exposici\u00f3n de esculturas se inaugurar\u00e1 el 6 de agosto en Talca. Se menciona la Universidad de Talca.\u00a0<\/a><\/div><div>\u00a0<\/div><div><strong>LA PRENSA DE CURIC\u00d3<\/strong>\u00a0<br \/><a href=\"https:\/\/www.litoralpress.cl\/paginaconsultas\/Servicios_NClipSitio\/Get_Imagen_Nota.aspx?LPKey=XTU7VLMTHCUSLVYFPGZQG5MSFCAKHH7PYA4NL3DVV5LO2ED3ZRKLHBK5T6TQAG2D46IC55YK2K4E6\">Autoridades participaron en mesas de di\u00e1logo sobre descentralizaci\u00f3n. Se menciona la Universidad de Talca. \u00a0<\/a><\/div><div>\u00a0<\/div><div><b>LA NOTICIA\u00a0<\/b><\/div><div><a href=\"https:\/\/lanoticia.cl\/gobierno-inicia-dialogos-participativos-sobre-descentralizacion-en-el-maule\/\">Gobierno inicia di\u00e1logos participativos sobre descentralizaci\u00f3n en el Maule. Se menciona la Universidad de Talca.\u00a0<\/a><\/div><div>\u00a0<\/div><div><b>LA DISCUSI\u00d3N<\/b>\u00a0<\/div><div><a href=\"https:\/\/www.litoralpress.cl\/sitio\/Prensa_Detalles.cshtml?LPKey=PC5RHXA5FME6VQARXRYB6EFIQHFVEUII3YU5K4BC4L5Q4INZ524A\">Entrevista a joven pianista Crist\u00f3bal Sep\u00falveda. Se menciona la Universidad de Talca.\u00a0<\/a><\/div><\/div><\/div><div class=\"g4Y3U\">\u00a0<\/div><\/div><\/div><div class=\"T_6Xj\">\u00a0<\/div><div class=\"wnVEW\"><div class=\"DVtfe\">\u00a0<\/div><div role=\"document\"><div class=\"T31hC GNqVo allowTextSelection OuGoX\" tabindex=\"-1\" aria-label=\"Cuerpo del mensaje\"><div dir=\"ltr\">\u00a0<\/div><\/div><\/div><\/div>\t\t\t\t\t\t<\/div>\n\t\t\t\t<\/div>\n\t\t\t\t\t<\/div>\n\t\t<\/div>\n\t\t\t\t\t\t\t<\/div>\n\t\t<\/section>\n\t\t\t\t\t\t<\/div>\n\t\t\t\t\t<\/div>\n\t\t","protected":false},"excerpt":{"rendered":"<p>DIARIO EL LECTOR\u00a0Doctorado en Derecho de la UTalca es acreditado. Se refiere Iv\u00e1n Ovando, decano Facultad de Ciencias Jur\u00eddicas y Sociales y Sociales y Ra\u00fal Carnevali, director del programa.\u00a0CHILL\u00c1N ONLINE\u00a0Doctorado en Derecho de la UTalca es acreditado por 6 a\u00f1os. Se refiere Iv\u00e1n Ovando, decano Facultad de Ciencias Jur\u00eddicas y Sociales y Ra\u00fal Carnevali, director &hellip;<\/p>\n<p class=\"read-more\"> <a class=\"\" href=\"https:\/\/www.reportedeprensa.utalca.cl\/?p=10250\"> <span class=\"screen-reader-text\">29 de julio de 2024<\/span> Read More &raquo;<\/a><\/p>\n","protected":false},"author":1,"featured_media":0,"comment_status":"closed","ping_status":"open","sticky":false,"template":"","format":"standard","meta":{"_monsterinsights_skip_tracking":false,"_monsterinsights_sitenote_active":false,"_monsterinsights_sitenote_note":"","_monsterinsights_sitenote_category":0},"categories":[50],"tags":[],"_links":{"self":[{"href":"https:\/\/www.reportedeprensa.utalca.cl\/index.php?rest_route=\/wp\/v2\/posts\/10250"}],"collection":[{"href":"https:\/\/www.reportedeprensa.utalca.cl\/index.php?rest_route=\/wp\/v2\/posts"}],"about":[{"href":"https:\/\/www.reportedeprensa.utalca.cl\/index.php?rest_route=\/wp\/v2\/types\/post"}],"author":[{"embeddable":true,"href":"https:\/\/www.reportedeprensa.utalca.cl\/index.php?rest_route=\/wp\/v2\/users\/1"}],"replies":[{"embeddable":true,"href":"https:\/\/www.reportedeprensa.utalca.cl\/index.php?rest_route=%2Fwp%2Fv2%2Fcomments&post=10250"}],"version-history":[{"count":4,"href":"https:\/\/www.reportedeprensa.utalca.cl\/index.php?rest_route=\/wp\/v2\/posts\/10250\/revisions"}],"predecessor-version":[{"id":10256,"href":"https:\/\/www.reportedeprensa.utalca.cl\/index.php?rest_route=\/wp\/v2\/posts\/10250\/revisions\/10256"}],"wp:attachment":[{"href":"https:\/\/www.reportedeprensa.utalca.cl\/index.php?rest_route=%2Fwp%2Fv2%2Fmedia&parent=10250"}],"wp:term":[{"taxonomy":"category","embeddable":true,"href":"https:\/\/www.reportedeprensa.utalca.cl\/index.php?rest_route=%2Fwp%2Fv2%2Fcategories&post=10250"},{"taxonomy":"post_tag","embeddable":true,"href":"https:\/\/www.reportedeprensa.utalca.cl\/index.php?rest_route=%2Fwp%2Fv2%2Ftags&post=10250"}],"curies":[{"name":"wp","href":"https:\/\/api.w.org\/{rel}","templated":true}]}}