{"id":10261,"date":"2024-07-30T11:11:14","date_gmt":"2024-07-30T14:11:14","guid":{"rendered":"https:\/\/www.reportedeprensa.utalca.cl\/?p=10261"},"modified":"2024-07-30T13:48:00","modified_gmt":"2024-07-30T16:48:00","slug":"30-de-julio-de-2024","status":"publish","type":"post","link":"https:\/\/www.reportedeprensa.utalca.cl\/?p=10261","title":{"rendered":"30 de julio de 2024"},"content":{"rendered":"\t\t<div data-elementor-type=\"wp-post\" data-elementor-id=\"10261\" class=\"elementor elementor-10261\" data-elementor-settings=\"[]\">\n\t\t\t\t\t\t\t<div class=\"elementor-section-wrap\">\n\t\t\t\t\t\t\t<section class=\"elementor-section elementor-top-section elementor-element elementor-element-bcea1a8 elementor-section-boxed elementor-section-height-default elementor-section-height-default\" data-id=\"bcea1a8\" data-element_type=\"section\">\n\t\t\t\t\t\t<div class=\"elementor-container elementor-column-gap-default\">\n\t\t\t\t\t<div class=\"elementor-column elementor-col-100 elementor-top-column elementor-element elementor-element-e7183bf\" data-id=\"e7183bf\" data-element_type=\"column\">\n\t\t\t<div class=\"elementor-widget-wrap elementor-element-populated\">\n\t\t\t\t\t\t\t\t<div class=\"elementor-element elementor-element-58d7315 elementor-widget elementor-widget-text-editor\" data-id=\"58d7315\" data-element_type=\"widget\" data-widget_type=\"text-editor.default\">\n\t\t\t\t<div class=\"elementor-widget-container\">\n\t\t\t\t\t\t\t\t<div><b>PORTALEDUCA<\/b>\u00a0<br \/><a href=\"https:\/\/portaleduca.cl\/doctorado-en-derecho-de-la-utalca-es-acreditado-por-6-anos\/\">Doctorado en Derecho de la UTalca es acreditado por 6 a\u00f1os. Se refiere Iv\u00e1n Ovando, decano Facultad de Ciencias Jur\u00eddicas y Sociales y Sociales y Ra\u00fal Carnevali, director del programa.\u00a0<\/a><br \/><br \/><\/div><div><b>RADIO CRISTALINA<\/b>\u00a0<br \/><a href=\"https:\/\/radiocristalina.cl\/a-10-anos-del-inicio-del-programa-pace-utalca-comprometida-con-una-educacion-equitativa\/\">A 10 a\u00f1os del inicio del Programa PACE: UTalca comprometida con una educaci\u00f3n equitativa. Se refiere Paola Morales Norambuena, directora de Ciclo de Vida Estudiantil.\u00a0<\/a><br \/><br \/><\/div><div><b>PUBLIMICRO<\/b>\u00a0<br \/><a href=\"https:\/\/publimicro.cl\/escolares-conocieron-gracias-a-la-universidad-de-talca-el-fascinante-mundo-de-la-astronomia\/\">Escolares conocieron, gracias a la Universidad de Talca, el fascinante mundo de la astronom\u00eda. Se refiere Daniela Olave, acad\u00e9mica de la Facultad de Ingenier\u00eda.\u00a0<\/a><br \/><br \/><\/div><div><b>LA PRENSA DE CURIC\u00d3<\/b>\u00a0<br \/><a href=\"https:\/\/www.litoralpress.cl\/sitio\/Prensa_Detalles.cshtml?LPKey=LMXBTHQT2SLI2A7REFXQH3FA6CPLAND2ECL4GDFSUTVPXZYSRSRQ\">Escolares conocieron el fascinante mundo de la astronom\u00eda. Se refiere Daniela Olave, acad\u00e9mica de la Facultad de Ingenier\u00eda y Susana Lara, coordinadora del Espacio DTC+ de dicha facultad.\u00a0 \u00a0<\/a><br \/><br \/><\/div><div><b>MAULE NEWS<\/b>\u00a0<br \/><a href=\"https:\/\/www.maulenews.com\/2024\/07\/escolares-conocieron-el-fascinante.html\">Escolares conocieron el fascinante mundo de la astronom\u00eda en la UTalca. Se refiere Daniela Olave, acad\u00e9mica de la Facultad de Ingenier\u00eda y Susana Lara, coordinadora del Espacio DTC+ de dicha facultad.\u00a0 \u00a0<\/a><br \/><br \/><\/div><div><b>EL MOSTRADOR<\/b>\u00a0<br \/><a href=\"https:\/\/www.elmostrador.cl\/agenda-pais\/vida-en-linea\/2024\/07\/29\/especialista-analiza-las-deudas-que-tiene-chile-en-salud-mental\/\">Especialista analiza las deudas que tiene Chile en salud mental. Se refiere Nadia Ramos, directora del Centro de Psicolog\u00eda Aplicada (CEPA).\u00a0<\/a><br \/><br \/><\/div><div><b>AD PRENSA<\/b>\u00a0<br \/><a href=\"https:\/\/www.adprensa.cl\/cronica\/especialista-analiza-las-deudas-que-tiene-chile-en-salud-mental\/\">Especialista analiza las deudas que tiene Chile en salud mental. Se refiere Nadia Ramos, directora del Centro de Psicolog\u00eda Aplicada (CEPA).\u00a0<\/a><br \/><br \/><\/div><div><b>P\u00c1GINA V<\/b>\u00a0<br \/><a href=\"https:\/\/paginav.cl\/2024\/07\/29\/especialista-analiza-las-deudas-que-tiene-chile-en-salud-mental\/\">Especialista analiza las deudas que tiene Chile en salud mental. Se refiere Nadia Ramos, directora del Centro de Psicolog\u00eda Aplicada (CEPA).\u00a0<\/a><br \/><br \/><\/div><div><b>MEDIABANCO<\/b>\u00a0<br \/><a href=\"https:\/\/www.mediabanco.com\/especialista-analiza-las-deudas-que-tiene-chile-en-salud-mental\/\">Especialista analiza las deudas que tiene Chile en salud mental. Se refiere Nadia Ramos, directora del Centro de Psicolog\u00eda Aplicada (CEPA).\u00a0<\/a><br \/>\u00a0<\/div><div><b>PRIMERA FUENTE NOTICIAS<\/b>\u00a0<br \/><a href=\"https:\/\/primerafuente.cl\/2024\/07\/29\/especialista-analiza-las-deudas-que-tiene-chile-en-salud-mental\/\">Especialista analiza las deudas que tiene Chile en salud mental. Se refiere Nadia Ramos, directora del Centro de Psicolog\u00eda Aplicada (CEPA).\u00a0<\/a><br \/><br \/><\/div><div><b>RADIO ALLEN<\/b>\u00a0<br \/><a href=\"https:\/\/radioallen.cl\/pais-especialista-analiza-las-deudas-que-tiene-chile-en-salud-mental\/\">Pa\u00eds: Especialista analiza las deudas que tiene Chile en salud mental. Se refiere Nadia Ramos, directora del Centro de Psicolog\u00eda Aplicada (CEPA).\u00a0<\/a><br \/>\u00a0<\/div><div><b>EL DIARIO SANTIAGO<\/b>\u00a0<br \/><a href=\"https:\/\/www.eldiariosantiago.cl\/especialista-analiza-las-deudas-que-tiene-chile-en-salud-mental\/\">Especialista analiza las deudas que tiene Chile en salud mental. Se refiere Nadia Ramos, directora del Centro de Psicolog\u00eda Aplicada (CEPA).\u00a0<\/a><br \/><br \/><\/div><div><b>RADIO GUAYAC\u00c1N<\/b>\u00a0<br \/><a href=\"https:\/\/www.litoralpress.cl\/sitio\/RadioTV_Detalles.cshtml?LPKey=IMI7IMBPF2KNCEI324JETUNZH6WYITDSPFUMQXQXODGWYASNKPL3AY2ILYMB4YCRVSIEI4IWOPTTS\">Entrevista a Alejandra M\u00e1rquez, acad\u00e9mica Facultad de Ciencias Jur\u00eddicas y Sociales.\u00a0<\/a><br \/><br \/><\/div><div><b>EL MOSTRADOR<\/b>\u00a0<br \/><a href=\"https:\/\/www.elmostrador.cl\/agenda-pais\/agenda-digital\/2024\/07\/29\/prohibicion-de-celulares-en-las-escuelas-vale-la-pena\/\">Prohibici\u00f3n de celulares en las escuelas: \u00bfvale la pena? Se refiere Alejandro Cataldo, acad\u00e9mico Facultad de Econom\u00eda y Negocios. \u00a0<\/a><br \/><u><a id=\"OWA925f3aa3-66f3-63b5-408c-5820330c3e0e\" class=\"x_Hyperlink x_SCXW121229181 x_BCX0 x_OWAAutoLink\" href=\"https:\/\/www.elmostrador.cl\/agenda-pais\/agenda-digital\/2024\/07\/29\/prohibicion-de-celulares-en-las-escuelas-vale-la-pena\/\" target=\"_blank\" rel=\"noreferrer noopener\" data-auth=\"NotApplicable\" data-linkindex=\"13\"><\/a><\/u><\/div><div>\u00a0<\/div><div><b>PORTALEDUCA<\/b>\u00a0<br \/><a href=\"https:\/\/portaleduca.cl\/te-robaron-el-telefono-que-resguardos-tener-en-cuenta-cuando-esto-ocurre\/\">\u00bfTe robaron el tel\u00e9fono?: Qu\u00e9 resguardos tener en cuenta cuando esto ocurre. Se refiere H\u00e9ctor Mu\u00f1oz, jefe de Seguridad Digital.\u202f\u00a0<\/a><br \/>\u00a0<br \/><b>RADIO LAUTARO<\/b>\u00a0<br \/><a href=\"https:\/\/radiolautarotalca.cl\/capacitan-a-tutores-clinicos-del-hospital-de-curico-para-mejorar-experiencia-de-internos\/\">Capacitan a tutores cl\u00ednicos del Hospital de Curic\u00f3 para mejorar experiencia de internos. Se refiere Paula Caballero, vicerrectora de Desarrollo Estudiantil de la casa de estudios, Marcela Morris, asesora pedag\u00f3gica de la Academia Docente y Alicia Parada, acad\u00e9mica de la Escuela de Obstetricia y Puericultura.\u00a0<\/a><br \/><br \/><\/div><div><b>MEGANOTICIAS<\/b>\u00a0<br \/><a href=\"https:\/\/www.meganoticias.cl\/nacional\/454108-mauricio-morales-columna-cadem-elecciones-presidente-boric-gobierno-voto-multa-extranjeros-fds01-28-07-2024.html\">Columna de Mauricio Morales: &#8220;Los 33 mil pesos de la verg\u00fcenza&#8221;, director Centro de An\u00e1lisis Pol\u00edtica (CAP).\u00a0<\/a><br \/><br \/><b>RADIO INFINITA<\/b>\u00a0<br \/><a href=\"https:\/\/www.litoralpress.cl\/sitio\/RadioTV_Detalles.cshtml?LPKey=B6JTS7MF2GF4YRPEU4PJNTNJEJ6Q57KX6D6U4IGUKPCW3Y35VQWQUJHADSDDDSOWQT6RUIA2G2JOC\">Participaci\u00f3n de Mauricio Morales, director Centro de An\u00e1lisis Pol\u00edtica (CAP).\u00a0<\/a><br \/>\u00a0<br \/><b>CIENCIA EN CHILE<\/b>\u00a0<br \/><a href=\"https:\/\/www.cienciaenchile.cl\/universidades-del-estado-desarrollan-software-para-simulaciones-clinicas\/\">Universidades del Estado desarrollan software para simulaciones cl\u00ednicas. Se menciona la Universidad de Talca.\u00a0<\/a><br \/><br \/><\/div><div><b>EL DIARIO SANTIAGO<\/b>\u00a0<br \/><a href=\"https:\/\/www.eldiariosantiago.cl\/cuatro-entidades-culturales-se-unen-para-presentar-gran-muestra-antologica-de-hugo-marin\/\">Cuatro entidades culturales se unen para presentar gran muestra antol\u00f3gica de Hugo Mar\u00edn. Se menciona la Universidad de Talca.<\/a> \u00a0<br \/>\u00a0\u00a0<br \/>\u00a0<\/div>\t\t\t\t\t\t<\/div>\n\t\t\t\t<\/div>\n\t\t\t\t\t<\/div>\n\t\t<\/div>\n\t\t\t\t\t\t\t<\/div>\n\t\t<\/section>\n\t\t\t\t\t\t<\/div>\n\t\t\t\t\t<\/div>\n\t\t","protected":false},"excerpt":{"rendered":"<p>PORTALEDUCA\u00a0Doctorado en Derecho de la UTalca es acreditado por 6 a\u00f1os. Se refiere Iv\u00e1n Ovando, decano Facultad de Ciencias Jur\u00eddicas y Sociales y Sociales y Ra\u00fal Carnevali, director del programa.\u00a0 RADIO CRISTALINA\u00a0A 10 a\u00f1os del inicio del Programa PACE: UTalca comprometida con una educaci\u00f3n equitativa. Se refiere Paola Morales Norambuena, directora de Ciclo de Vida &hellip;<\/p>\n<p class=\"read-more\"> <a class=\"\" href=\"https:\/\/www.reportedeprensa.utalca.cl\/?p=10261\"> <span class=\"screen-reader-text\">30 de julio de 2024<\/span> Read More &raquo;<\/a><\/p>\n","protected":false},"author":1,"featured_media":0,"comment_status":"closed","ping_status":"open","sticky":false,"template":"","format":"standard","meta":{"_monsterinsights_skip_tracking":false,"_monsterinsights_sitenote_active":false,"_monsterinsights_sitenote_note":"","_monsterinsights_sitenote_category":0},"categories":[50],"tags":[],"_links":{"self":[{"href":"https:\/\/www.reportedeprensa.utalca.cl\/index.php?rest_route=\/wp\/v2\/posts\/10261"}],"collection":[{"href":"https:\/\/www.reportedeprensa.utalca.cl\/index.php?rest_route=\/wp\/v2\/posts"}],"about":[{"href":"https:\/\/www.reportedeprensa.utalca.cl\/index.php?rest_route=\/wp\/v2\/types\/post"}],"author":[{"embeddable":true,"href":"https:\/\/www.reportedeprensa.utalca.cl\/index.php?rest_route=\/wp\/v2\/users\/1"}],"replies":[{"embeddable":true,"href":"https:\/\/www.reportedeprensa.utalca.cl\/index.php?rest_route=%2Fwp%2Fv2%2Fcomments&post=10261"}],"version-history":[{"count":4,"href":"https:\/\/www.reportedeprensa.utalca.cl\/index.php?rest_route=\/wp\/v2\/posts\/10261\/revisions"}],"predecessor-version":[{"id":10266,"href":"https:\/\/www.reportedeprensa.utalca.cl\/index.php?rest_route=\/wp\/v2\/posts\/10261\/revisions\/10266"}],"wp:attachment":[{"href":"https:\/\/www.reportedeprensa.utalca.cl\/index.php?rest_route=%2Fwp%2Fv2%2Fmedia&parent=10261"}],"wp:term":[{"taxonomy":"category","embeddable":true,"href":"https:\/\/www.reportedeprensa.utalca.cl\/index.php?rest_route=%2Fwp%2Fv2%2Fcategories&post=10261"},{"taxonomy":"post_tag","embeddable":true,"href":"https:\/\/www.reportedeprensa.utalca.cl\/index.php?rest_route=%2Fwp%2Fv2%2Ftags&post=10261"}],"curies":[{"name":"wp","href":"https:\/\/api.w.org\/{rel}","templated":true}]}}