{"id":10270,"date":"2024-07-31T11:31:49","date_gmt":"2024-07-31T14:31:49","guid":{"rendered":"https:\/\/www.reportedeprensa.utalca.cl\/?p=10270"},"modified":"2024-07-31T11:37:53","modified_gmt":"2024-07-31T14:37:53","slug":"31-de-julio-de-2024","status":"publish","type":"post","link":"https:\/\/www.reportedeprensa.utalca.cl\/?p=10270","title":{"rendered":"31 de julio de 2024"},"content":{"rendered":"\t\t<div data-elementor-type=\"wp-post\" data-elementor-id=\"10270\" class=\"elementor elementor-10270\" data-elementor-settings=\"[]\">\n\t\t\t\t\t\t\t<div class=\"elementor-section-wrap\">\n\t\t\t\t\t\t\t<section class=\"elementor-section elementor-top-section elementor-element elementor-element-bcea1a8 elementor-section-boxed elementor-section-height-default elementor-section-height-default\" data-id=\"bcea1a8\" data-element_type=\"section\">\n\t\t\t\t\t\t<div class=\"elementor-container elementor-column-gap-default\">\n\t\t\t\t\t<div class=\"elementor-column elementor-col-100 elementor-top-column elementor-element elementor-element-e7183bf\" data-id=\"e7183bf\" data-element_type=\"column\">\n\t\t\t<div class=\"elementor-widget-wrap elementor-element-populated\">\n\t\t\t\t\t\t\t\t<div class=\"elementor-element elementor-element-58d7315 elementor-widget elementor-widget-text-editor\" data-id=\"58d7315\" data-element_type=\"widget\" data-widget_type=\"text-editor.default\">\n\t\t\t\t<div class=\"elementor-widget-container\">\n\t\t\t\t\t\t\t\t<div><b>MEDIABANCO\u00a0<br \/><\/b><a href=\"https:\/\/www.mediabanco.com\/reiteran-necesidad-de-reforma-al-sistema-de-pensiones-para-reducir-la-brecha-de-genero\/\">Reiteran necesidad de reforma al sistema de pensiones para reducir la brecha de g\u00e9nero. Se refiere Andrea Bentancor Cazenave, acad\u00e9mica de la Facultad de Econom\u00eda y Negocios y Mar\u00eda Solefad Jofr\u00e9, acad\u00e9mica de la Facultad de Ciencias Jur\u00eddicas y Sociales. \u00a0<\/a><b><br \/><\/b><\/div><div>\u00a0<\/div><div><b>TV MAULE<\/b>\u00a0<br \/><a href=\"https:\/\/www.tvmaule.cl\/reiteran-necesidad-de-reforma-al-sistema-de-pensiones-para-reducir-la-brecha-de-genero\/\">Reiteran necesidad de reforma al sistema de pensiones para reducir la brecha de g\u00e9nero. Se refiere Andrea Bentancor Cazenave, acad\u00e9mica de la Facultad de Econom\u00eda y Negocios y Mar\u00eda Solefad Jofr\u00e9, acad\u00e9mica de la Facultad de Ciencias Jur\u00eddicas y Sociales.\u00a0<\/a><br \/><br \/><\/div><div><b>EL D\u00cdNAMO\u00a0<br \/><\/b><a href=\"https:\/\/www.eldinamo.cl\/pais\/2024\/07\/30\/migracion-post-elecciones-en-venezuela-que-pasara-en-chile-y-el-impacto-que-tendria-un-nuevo-exodo-masivo\/\">Migraci\u00f3n post elecciones en Venezuela: qu\u00e9 pasar\u00e1 en Chile y el impacto que tendr\u00eda un nuevo \u00e9xodo masivo. Se refiere Fabiola Vergara, acad\u00e9mica de la Facultad de Ciencias Jur\u00eddicas y Sociales.\u202f \u202f\u00a0<\/a><\/div><div>\u00a0<\/div><div><b>INSULAR FM\u00a0<\/b><\/div><div><a href=\"https:\/\/www.insularfm.cl\/migracion-post-elecciones-en-venezuela-que-pasara-en-chile-y-el-impacto-que-tendria-un-nuevo-exodo-masivo\/\">Migraci\u00f3n post elecciones en Venezuela: qu\u00e9 pasar\u00e1 en Chile y el impacto que tendr\u00eda un nuevo \u00e9xodo masivo. Se refiere Fabiola Vergara, acad\u00e9mica de la Facultad de Ciencias Jur\u00eddicas y Sociales.\u202f \u00a0<\/a><br \/><br \/><\/div><div><b>EL LECTOR<\/b>\u00a0<br \/><a href=\"https:\/\/litoralpress.cl\/paginaconsultas\/Servicios_NClipSitio\/Get_Imagen_Nota.aspx?LPKey=BR7RHSHBMHTYGAWVTG47SNQEEBEVWCXFQ47Q2OMSKB5NWWLSSYSWTCS3SO3I3B6X7CZL5JIH36QTI\">Escolares conocieron el fascinante mundo de la astronom\u00eda. Se refiere Daniela Olave, acad\u00e9mica de la Facultad de Ingenier\u00eda y Susana Lara, coordinadora del espacio DTC+.\u00a0<\/a><br \/><br \/><\/div><div><b>LA PRENSA DE CURIC\u00d3\u00a0<br \/><\/b><a href=\"https:\/\/www.litoralpress.cl\/paginaconsultas\/Servicios_NClipSitio\/Get_Imagen_Nota.aspx?LPKey=OCFRQFSIVXACAUI5TRDCDQMX5RF3MTY6XDEEZ5R2FPTFM6TMR2S3CTRAADDIZ6DEWUILIWJVJTPAE\">Escolares conocieron el fascinante mundo de la astronom\u00eda. Se refiere Daniela Olave, acad\u00e9mica de la Facultad de Ingenier\u00eda y Susana Lara, coordinadora del espacio DTC+. \u00a0<\/a><b><br \/><\/b><\/div><div>\u00a0<\/div><div><b>24 HORAS\u00a0<br \/><\/b><a href=\"https:\/\/www.24horas.cl\/conciencia-24-7\/tecnologia\/regular-prohibir-uso-telefonos-celulares-colegios\">\u00bfSe debe regular o prohibir el uso de tel\u00e9fonos celulares en colegios? Se refiere Felipe Besoain, director de Tecnolog\u00edas de la Educaci\u00f3n y Susana Campos, psic\u00f3loga del Centro de Psicolog\u00eda Aplicada (CEPA).\u00a0<\/a><b><br \/><\/b><\/div><div>\u00a0<\/div><div><b>RADIO CRISTALINA<\/b>\u00a0<br \/><a href=\"https:\/\/radiocristalina.cl\/educacion-se-debe-regular-o-prohibir-el-uso-de-telefonos-celulares-en-colegios\/\">EDUCACI\u00d3N: \u00bfSe debe regular o prohibir el uso de tel\u00e9fonos celulares en colegios? Se refiere Felipe Besoain, director de Tecnolog\u00edas de la Educaci\u00f3n y Susana Campos, psic\u00f3loga del Centro de Psicolog\u00eda Aplicada (CEPA).\u00a0<\/a><br \/><br \/><\/div><div><b>EL HERALDO\u00a0<br \/><\/b><a href=\"https:\/\/www.litoralpress.cl\/paginaconsultas\/Servicios_NClipSitio\/Get_Imagen_Nota.aspx?LPKey=GCEMWJHUNFUDEBRPWW3OEMVOSSSZFRHMZSCMNCG3RINR2T32KWVOHLCAJDR3IUZSCIDIZVGPPJ4Z4\">Especialista analiza las deudas que tiene Chile en salud mental. Se refiere Nadia Ramos, directora del Centro de Psicolog\u00eda Aplicada (CEPA).\u00a0<\/a><\/div><div>\u00a0<\/div><div><b>RADIO GUAYAC\u00c1N\u00a0<br \/><\/b><a href=\"https:\/\/www.litoralpress.cl\/sitio\/RadioTV_Detalles.cshtml?LPKey=P5N446Y7WCZO23ZCC2M6DPNWJYAGMGAQYEXXOOH7VGEBZ2YGZRUJ5O6W5HV26FUJXBWGKKEVR34VO\">C\u00f3mo ser\u00e1 la implementaci\u00f3n de la Ley Karin. Entrevista a Rodrigo Poblete, abogado de la Direcci\u00f3n de Asuntos Jur\u00eddicos.\u00a0<\/a><\/div><div><b>\u00a0<\/b><\/div><div><b>CANAL MEGA<\/b><\/div><div><a href=\"https:\/\/www.litoralpress.cl\/sitio\/RadioTV_Detalles.cshtml?LPKey=SSYEZGDSH4HUEFFLLHQNB2DEMFMZEUAZT5IXCDPT64QTUTBAVALHON6NUDJPHF6NZLEMZATCRBOWK\">Sequ\u00eda en Chile: El derretimiento de glaciares que complica la situaci\u00f3n h\u00eddrica en Chile. Se refiere Roberto\u202fPizarro\u202fTapia, director de la C\u00e1tedra UNESCO en Hidrolog\u00eda de Superficie.\u00a0<\/a><\/div><div><b>\u00a0<\/b><\/div><div><b>NOVACIENCIA.ES (ESPA\u00d1A)<\/b><\/div><div><a href=\"https:\/\/novaciencia.es\/estos-son-los-riesgos-de-un-consumo-excesivo-de-bebidas-energeticas-e-isotonicas-tan-de-moda-entre-los-mas-jovenes\/\">Estos son los riesgos de un consumo excesivo de bebidas energ\u00e9ticas e isot\u00f3nicas, tan de moda entre los m\u00e1s j\u00f3venes. Se refiere Javiera S\u00e1nchez, acad\u00e9mica de la Escuela de Nutrici\u00f3n y Diet\u00e9tica.\u00a0<\/a><\/div><div><b>\u00a0<\/b><\/div><div><b>CONSTRUCCI\u00d3N Y VIVIENDA (PER\u00da)<\/b>\u00a0<br \/><a href=\"https:\/\/www.construccionyvivienda.com\/2024\/07\/08\/chile-advierten-que-alta-cantidad-de-tramites-en-proyectos-inmobiliarios-desincentiva-su-desarrollo\/\">Chile: Advierten que alta cantidad de tr\u00e1mites en proyectos inmobiliarios desincentiva su desarrollo. Se refiere Armando Dur\u00e1n Bustamante, acad\u00e9mico de la Facultad de Ingenier\u00eda. \u00a0<\/a><br \/><b>VALDIVIESO<\/b>\u00a0<br \/><a href=\"https:\/\/www.valdivieso.cl\/advierten-que-alta-cantidad-de-tramites-en-proyectos-inmobiliarios-desincentiva-su-desarrollo\/\">Advierten que alta cantidad de tr\u00e1mites en proyectos inmobiliarios desincentiva su desarrollo. Se refiere Armando Dur\u00e1n Bustamante, acad\u00e9mico de la Facultad de Ingenier\u00eda. \u00a0<\/a><br \/><b>DIARIO TALCA\u00a0<br \/><\/b><a href=\"https:\/\/diariotalca.cl\/advierten-que-alta-cantidad-de-tramites-desincentiva-proyectos-inmobiliarios\/\">Advierten que alta cantidad de tr\u00e1mites desincentiva proyectos inmobiliarios. Se refiere Armando Dur\u00e1n Bustamante, acad\u00e9mico de la Facultad de Ingenier\u00eda. \u00a0<\/a><br \/><br \/><\/div><div><b>EN LA CIUDAD<\/b>\u00a0<br \/><a href=\"https:\/\/www.enlaciudad.cl\/2024\/07\/advierten-que-alta-cantidad-de-tramites.html\">Advierten que alta cantidad de tr\u00e1mites en proyectos inmobiliarios desincentiva su desarrollo. Se refiere Armando Dur\u00e1n Bustamante, acad\u00e9mico de la Facultad de Ingenier\u00eda. \u00a0<\/a><br \/><b>LA NOTICIA<\/b>\u00a0<br \/><a href=\"https:\/\/lanoticia.cl\/advierten-que-alta-cantidad-de-tramites-en-proyectos-inmobiliarios-desincentiva-su-desarrollo\/\">Advierten que alta cantidad de tr\u00e1mites en proyectos inmobiliarios desincentiva su desarrollo. Se refiere Armando Dur\u00e1n Bustamante, acad\u00e9mico de la Facultad de Ingenier\u00eda. \u00a0<\/a><br \/><b>REPORTE INMOBILIARIO (ARGENTINA)\u00a0<br \/><\/b><a href=\"https:\/\/www.reporteinmobiliario.com\/article5494-chile-tramites-desincentivan-obras\">Chile: tr\u00e1mites desincentivan obras. Se refiere Armando Dur\u00e1n Bustamante, acad\u00e9mico de la Facultad de Ingenier\u00eda.<\/a><b><br \/><\/b><\/div><div>\u00a0<\/div><div><b>TALCA DIGITAL<\/b>\u00a0<br \/><a href=\"https:\/\/talcadigital.cl\/actualidad\/crisis-inmobiliaria-en-chile-estudio-de-armando-duran\/\">La Crisis Inmobiliaria en Chile: El Laberinto de la Permisolog\u00eda. Se refiere Armando Dur\u00e1n Bustamante, acad\u00e9mico de la Facultad de Ingenier\u00eda. \u00a0<\/a><br \/><br \/><\/div><div><b>RUMBO ECON\u00d3MICO (PER\u00da)<\/b>\u00a0<br \/><a href=\"https:\/\/rumboeconomico.com\/advierten-que-alta-cantidad-de-tramites-en-proyectos-inmobiliarios-desincentiva-su-desarrollo\/\">Advierten que alta cantidad de tr\u00e1mites en proyectos inmobiliarios desincentiva su desarrollo. Se refiere Armando Dur\u00e1n Bustamante, acad\u00e9mico de la Facultad de Ingenier\u00eda. \u00a0<\/a><\/div><div><b>EL TIP\u00d3GRAFO<\/b>\u00a0<br \/><a href=\"https:\/\/eltipografo.cl\/2024\/07\/ojo-alta-cantidad-de-tramites-en-proyectos-inmobiliarios-desincentiva-su-desarrollo\">Ojo: Alta cantidad de tr\u00e1mites en proyectos inmobiliarios desincentiva su desarrollo. Se refiere Armando Dur\u00e1n Bustamante, acad\u00e9mico de la Facultad de Ingenier\u00eda. \u00a0<\/a><br \/><br \/><\/div><div><b>PRENSA EVENTOS<\/b>\u00a0<br \/><a href=\"https:\/\/prensaeventos.cl\/advierten-que-alta-cantidad-de-tramites-en-proyectos-inmobiliarios-desincentiva-su-desarrollo\/\">Advierten que alta cantidad de tr\u00e1mites en proyectos inmobiliarios desincentiva su desarrollo. Se refiere Armando Dur\u00e1n Bustamante, acad\u00e9mico de la Facultad de Ingenier\u00eda. \u00a0<\/a><\/div><div><b>HOY HUECHURABA<\/b>\u00a0<br \/><a href=\"https:\/\/hoyhuechuraba.cl\/2024\/07\/15\/afirman-que-vacuna-contra-virus-sincicial-ha-contribuido-en-la-disminucion-de-casos-graves\/\">Afirman que vacuna contra virus sincicial ha contribuido en la disminuci\u00f3n de casos graves. Se refiere \u00c9rika Retamal Contreras directora del Departamento de Salud P\u00fablica.\u00a0<\/a><br \/><br \/><\/div><div><b>HOY LAS CONDES\u00a0<br \/><\/b><a href=\"https:\/\/hoylascondes.cl\/2024\/07\/15\/afirman-que-vacuna-contra-virus-sincicial-ha-contribuido-en-la-disminucion-de-casos-graves\/\">Afirman que vacuna contra virus sincicial ha contribuido en la disminuci\u00f3n de casos graves. Se refiere \u00c9rika Retamal Contreras directora del Departamento de Salud P\u00fablica.\u00a0<\/a><b><br \/><\/b><\/div><div>\u00a0<\/div><div><b>HOY CONCHAL\u00cd<\/b>\u00a0<br \/><a href=\"https:\/\/hoyconchali.cl\/2024\/07\/15\/afirman-que-vacuna-contra-virus-sincicial-ha-contribuido-en-la-disminucion-de-casos-graves\/\">Afirman que vacuna contra virus sincicial ha contribuido en la disminuci\u00f3n de casos graves. Se refiere \u00c9rika Retamal Contreras directora del Departamento de Salud P\u00fablica.\u00a0<\/a><br \/><br \/><\/div><div><b>HOY COLINA<\/b>\u00a0<br \/><a href=\"https:\/\/hoycolina.cl\/2024\/07\/15\/afirman-que-vacuna-contra-virus-sincicial-ha-contribuido-en-la-disminucion-de-casos-graves\/\">Afirman que vacuna contra virus sincicial ha contribuido en la disminuci\u00f3n de casos graves. Se refiere \u00c9rika Retamal Contreras directora del Departamento de Salud P\u00fablica.\u00a0<\/a><br \/><br \/><\/div><div><b>HOY IQUIQUE<\/b>\u00a0<br \/><a href=\"https:\/\/hoyiquique.cl\/2024\/07\/15\/afirman-que-vacuna-contra-virus-sincicial-ha-contribuido-en-la-disminucion-de-casos-graves\/\">Afirman que vacuna contra virus sincicial ha contribuido en la disminuci\u00f3n de casos graves. Se refiere \u00c9rika Retamal Contreras directora del Departamento de Salud P\u00fablica.\u00a0<\/a><br \/><br \/><\/div><div><b>HOY ARAUCAN\u00cdA<\/b>\u00a0<br \/><a href=\"https:\/\/hoyaraucania.cl\/2024\/07\/15\/afirman-que-vacuna-contra-virus-sincicial-ha-contribuido-en-la-disminucion-de-casos-graves\/\">Afirman que vacuna contra virus sincicial ha contribuido en la disminuci\u00f3n de casos graves. Se refiere \u00c9rika Retamal Contreras directora del Departamento de Salud P\u00fablica.\u00a0<\/a><br \/><br \/><\/div><div><b>HOY MAULE<\/b>\u00a0<br \/><a href=\"https:\/\/hoymaule.cl\/2024\/07\/15\/afirman-que-vacuna-contra-virus-sincicial-ha-contribuido-en-la-disminucion-de-casos-graves\/\">Afirman que vacuna contra virus sincicial ha contribuido en la disminuci\u00f3n de casos graves. Se refiere \u00c9rika Retamal Contreras directora del Departamento de Salud P\u00fablica.\u00a0<\/a><\/div><div>\u00a0<\/div><div><b>LA SEGUNDA<\/b>\u00a0<br \/><a href=\"https:\/\/www.litoralpress.cl\/paginaconsultas\/Servicios_NClipSitio\/Get_Imagen_Nota.aspx?LPKey=BAGVID5IDJX7WN7FXLS3FYHJRDSSOXYJEJLXGIKG3JFPMB3MUK3QZ7RQ2PIAXOSZI4N5DSNOWBFTW\">Duque pone suspenso en Santiago: &#8220;Estoy reflexionando\u201d bajar candidatura.\u00a0 Se refiere Mauricio Morales Quiroga, director del Centro de An\u00e1lisis Pol\u00edtico (CAP-UTalca).\u00a0<\/a><br \/><br \/><\/div><div><b>RADIO INFINITA<\/b>\u00a0<br \/><a href=\"https:\/\/www.litoralpress.cl\/sitio\/RadioTV_Detalles.cshtml?LPKey=B6JTS7MF2GF4YRPEU4PJNTNJEJ6Q57KX6D6U4IGUKPCW3Y35VQWQUJHADSDDDSOWQT6RUIA2G2JOC\">Participaci\u00f3n de Mauricio Morales Quiroga, director del Centro de An\u00e1lisis Pol\u00edtico (CAP-UTalca).\u00a0<\/a><br \/><br \/><\/div><div><b>CANAL MEGA<\/b><br \/><a href=\"https:\/\/www.litoralpress.cl\/sitio\/RadioTV_Detalles.cshtml?LPKey=SSYEZGDSH4HUEFFLLHQNB2DEMFMZEUAZT5IXCDPT64QTUTBAVALHON6NUDJPHF6NZLEMZATCRBOWK\">Entrevista a Mauricio Morales Quiroga, director del Centro de An\u00e1lisis Pol\u00edtico (CAP-UTalca).\u00a0<\/a><br \/><br \/><\/div><div><b>RADIO BIOB\u00cdO<\/b>\u00a0<br \/><a href=\"https:\/\/www.biobiochile.cl\/noticias\/nacional\/region-metropolitana\/2024\/07\/30\/aldo-duque-evalua-bajar-candidatura-a-la-alcaldia-de-santiago-estoy-reflexionando.shtml\">Aldo Duque eval\u00faa bajar candidatura a la alcald\u00eda de Santiago: &#8220;Estoy reflexionando&#8221;. Se refiere Mauricio Morales Quiroga, director del Centro de An\u00e1lisis Pol\u00edtico (CAP-UTalca).\u00a0<\/a><br \/><br \/><\/div><div><b>MSN CHILE<\/b>\u00a0<br \/><a href=\"https:\/\/www.msn.com\/es-cl\/noticias\/other\/aldo-duque-eval%C3%BAa-bajar-candidatura-a-la-alcald%C3%ADa-de-santiago-estoy-reflexionando\/ar-BB1qUlOg\">Aldo Duque eval\u00faa bajar candidatura a la alcald\u00eda de Santiago: &#8220;Estoy reflexionando&#8221;. Se refiere Mauricio Morales Quiroga, director del Centro de An\u00e1lisis Pol\u00edtico (CAP-UTalca).\u00a0<\/a><\/div><div>\u00a0<\/div><div><b>EL PERI\u00d3DICO (ARGENTINA<\/b>)\u00a0<br \/><a href=\"https:\/\/el-periodico.com.ar\/de-la-tierra\/con-su-exitoso-maiz-plus--agroideas-participara-en-el-congreso-aapresid-2024_a66a027f5957489c43e70ab28\">Con su exitoso Ma\u00edz Plus, Agroideas participar\u00e1 en el congreso Aapresid 2024. Se menciona la Universidad de Talca.\u00a0<\/a><br \/><br \/><\/div><div><b>LA VOZ DE SAN JUSTO (ARGENTINA)<\/b>\u00a0<br \/><a href=\"https:\/\/www.lavozdesanjusto.com.ar\/agroideas-dice-presente-en-aapresid-2024\">Agroideas dice presente en Aapresid 2024. Se menciona la Universidad de Talca.\u00a0<\/a><br \/><br \/><\/div><div><b>EL LECTOR<\/b>\u00a0<br \/><a href=\"https:\/\/www.litoralpress.cl\/paginaconsultas\/Servicios_NClipSitio\/Get_Imagen_Nota.aspx?LPKey=U3QSA56DBINRKV5FMZILXCO7UZ5H4EJIFHCR52AXDB6DIADKET4GHQA6QVU2S7FAVHPVVWLOGCINK\">Estudiantes participan en Encuentro \u201cMujeres, Ciencia y Tecnolog\u00eda\u201d en Villa Alegre y Retiro. Se refiere Jessica Z\u00fa\u00f1iga Hern\u00e1ndez, acad\u00e9mica de la Escuela de Medicina.\u00a0<\/a><br \/><br \/><\/div><div><b>P\u00c1GINA V<\/b>\u00a0<br \/><a href=\"https:\/\/paginav.cl\/2024\/07\/30\/estudiantes-participan-en-encuentro-mujeres-ciencia-y-tecnologia-en-villa-alegre-y-retiro\/\">Estudiantes participan en Encuentro \u201cMujeres, Ciencia y Tecnolog\u00eda\u201d en Villa Alegre y Retiro. Se refiere Jessica Z\u00fa\u00f1iga Hern\u00e1ndez, acad\u00e9mica de la Escuela de Medicina.\u00a0<\/a><br \/><br \/><\/div><div><b>MAULE NEWS<\/b>\u00a0<br \/><a href=\"https:\/\/www.maulenews.com\/2024\/07\/estudiantes-participan-en-encuentro.html\">Estudiantes participan en Encuentro \u201cMujeres, Ciencia y Tecnolog\u00eda\u201d en Villa Alegre y Retiro. Se refiere Jessica Z\u00fa\u00f1iga Hern\u00e1ndez, acad\u00e9mica de la Escuela de Medicina.\u00a0<\/a><br \/><br \/><\/div><div><b>RADIO LAUTARO<\/b>\u00a0<br \/><a href=\"https:\/\/radiolautarotalca.cl\/estudiantes-participan-en-encuentro-mujeres-ciencia-y-tecnologia-en-villa-alegre-y-retiro\/\">Estudiantes participan en Encuentro \u201cMujeres, Ciencia y Tecnolog\u00eda\u201d en Villa Alegre y Retiro. Se refiere Jessica Z\u00fa\u00f1iga Hern\u00e1ndez, acad\u00e9mica de la Escuela de Medicina.\u00a0<\/a><u><a id=\"OWAbf917fa5-d058-22be-dff3-cf059d47cbbe\" class=\"x_x_Hyperlink x_x_SCXW152340465 x_x_BCX0 x_x_OWAAutoLink\" href=\"https:\/\/radiolautarotalca.cl\/estudiantes-participan-en-encuentro-mujeres-ciencia-y-tecnologia-en-villa-alegre-y-retiro\/\" target=\"_blank\" rel=\"noopener noreferrer\" data-auth=\"NotApplicable\" data-linkindex=\"41\"><\/a><\/u><\/div><div>\u00a0<\/div><div><b>NOVACIENCIA (ESPA\u00d1A)<\/b>\u00a0<br \/><a href=\"https:\/\/novaciencia.es\/por-que-es-conveniente-realizar-ejercicios-de-fuerza-a-medida-que-vas-cumpliendo-anos\/\">\u00bfPor qu\u00e9 es conveniente realizar ejercicios de fuerza a medida que vas cumpliendo a\u00f1os? Se refiere Jessica Espinoza, acad\u00e9mica de la Escuela de Kinesiolog\u00eda.\u00a0<\/a><br \/><br \/><\/div><div><b>NOVACIENCIA (ESPA\u00d1A)<\/b>\u00a0<br \/><a href=\"https:\/\/novaciencia.es\/estudiantes-desarrollan-piezas-en-3d-como-lapices-cucharas-o-articulaciones-para-ninos-con-dificultades-motoras\/\">Estudiantes desarrollan piezas en 3D como l\u00e1pices, cucharas o articulaciones para ni\u00f1os con dificultades motoras. Se refiere Claudio Aravena Aranda, acad\u00e9mico de la Facultad de Ingenier\u00eda.\u202f\u00a0<\/a><br \/><br \/><\/div><div><b>AGENCIA XINHUA EN ESPA\u00d1OL (CHINA)<\/b><br \/><a href=\"https:\/\/spanish.xinhuanet.com\/20240715\/3ca1ecc001a6467dbe94d8aa4ff28ffd\/c.html\">Chile celebra natalicio 120 de poeta Pablo Neruda, rele\u00eddo y reinterpretado en nuevos tiempos. Se refiere Claire Mercier, acad\u00e9mica del Instituto de Estudios Human\u00edsticos.\u00a0<\/a><br \/><br \/><\/div><div><b>PRIMERA FUENTE NOTICIAS<\/b>\u00a0<br \/><a href=\"https:\/\/primerafuente.cl\/2024\/07\/17\/investigadores-crean-dos-tecnologias-de-telerrehabilitacion-de-bajo-costo\/\">Investigadores crean dos tecnolog\u00edas de telerrehabilitaci\u00f3n de bajo costo. Se refiere Valeska Gatica, directora Centro Tecnol\u00f3gico de Telerrehabilitaci\u00f3n y Neurociencia (CTTN).\u202f\u00a0<\/a><br \/><br \/><\/div><div><b>METEORED<\/b>\u00a0<br \/><a href=\"https:\/\/www.meteored.cl\/noticias\/actualidad\/cual-sera-el-impacto-del-fenomeno-de-la-nina-para-el-sector-agricola.html\">\u00bfCu\u00e1l ser\u00e1 el impacto del fen\u00f3meno de la Ni\u00f1a para el sector agr\u00edcola? Se refiere Patricio Gonz\u00e1lez Colville, agroclimat\u00f3logo y acad\u00e9mico del Centro de Investigaci\u00f3n y Transferencia en Riego y Agroclimatolog\u00eda (CITRA).\u202f\u202f\u202f\u202f\u00a0<\/a><br \/><br \/><\/div><div><b>EN L\u00cdNEA MAULE<\/b>\u00a0<br \/><a href=\"https:\/\/enlineamaule.cl\/archivo\/56118\">Tutores cl\u00ednicos del Hospital de Curic\u00f3 fueron capacitados para mejorar experiencia de internos. Se refiere Marcela Morris, asesora pedag\u00f3gica de la Academia Docente.\u00a0<\/a><br \/><br \/><\/div><div><b>CIENCIA EN CHILE<\/b>\u00a0<br \/><a href=\"https:\/\/www.cienciaenchile.cl\/proyecto-de-investigacion-analiza-el-archivo-del-afecto-en-la-literatura-de-cinco-autoras-latinoamericanas-contemporaneas\/\">Proyecto de Investigaci\u00f3n analiza el \u201cArchivo del Afecto\u201d en la Literatura de cinco autoras Latinoamericanas Contempor\u00e1neas. Se menciona la Universidad de Talca.\u00a0<\/a><br \/><br \/><\/div><div><b>MINISTERIO DE LA MUJER<\/b>\u00a0<br \/><a href=\"https:\/\/minmujeryeg.gob.cl\/?p=54303\">Subsecretaria Luz Vidal difunde la Ley Integral en la Regi\u00f3n del Maule. Se menciona la Universidad de Talca.\u00a0<\/a><br \/><br \/><\/div><div><b>GOBIERNO DE SANTIAGO<\/b>\u00a0<br \/><a href=\"https:\/\/www.gobiernosantiago.cl\/programa-piloto-de-mediacion-penal-del-gobierno-de-santiago-alcanza-un-77-de-acuerdos-entre-las-partes-en-delitos-de-menor-gravedad\/\">Programa Piloto de Mediaci\u00f3n Penal del Gobierno de Santiago alcanza un 77% de acuerdos entre las partes en delitos de menor gravedad. Se menciona la Universidad de Talca.\u00a0<\/a><br \/><br \/><\/div><div class=\"x_elementToProof\"><b>P\u00c1GINA V<\/b>\u00a0<br \/><a href=\"https:\/\/paginav.cl\/2024\/07\/30\/universidades-del-estado-desarrollan-software-para-simulaciones-clinicas\/\">Universidades del Estado desarrollan software para simulaciones cl\u00ednicas. Se menciona la Universidad de Talca.\u202f\u00a0<\/a><br \/><br \/><\/div><div id=\"x_Signature\">\u00a0<\/div>\t\t\t\t\t\t<\/div>\n\t\t\t\t<\/div>\n\t\t\t\t\t<\/div>\n\t\t<\/div>\n\t\t\t\t\t\t\t<\/div>\n\t\t<\/section>\n\t\t\t\t\t\t<\/div>\n\t\t\t\t\t<\/div>\n\t\t","protected":false},"excerpt":{"rendered":"<p>MEDIABANCO\u00a0Reiteran necesidad de reforma al sistema de pensiones para reducir la brecha de g\u00e9nero. Se refiere Andrea Bentancor Cazenave, acad\u00e9mica de la Facultad de Econom\u00eda y Negocios y Mar\u00eda Solefad Jofr\u00e9, acad\u00e9mica de la Facultad de Ciencias Jur\u00eddicas y Sociales. \u00a0\u00a0TV MAULE\u00a0Reiteran necesidad de reforma al sistema de pensiones para reducir la brecha de g\u00e9nero. &hellip;<\/p>\n<p class=\"read-more\"> <a class=\"\" href=\"https:\/\/www.reportedeprensa.utalca.cl\/?p=10270\"> <span class=\"screen-reader-text\">31 de julio de 2024<\/span> Read More &raquo;<\/a><\/p>\n","protected":false},"author":1,"featured_media":0,"comment_status":"closed","ping_status":"open","sticky":false,"template":"","format":"standard","meta":{"_monsterinsights_skip_tracking":false,"_monsterinsights_sitenote_active":false,"_monsterinsights_sitenote_note":"","_monsterinsights_sitenote_category":0},"categories":[50],"tags":[],"_links":{"self":[{"href":"https:\/\/www.reportedeprensa.utalca.cl\/index.php?rest_route=\/wp\/v2\/posts\/10270"}],"collection":[{"href":"https:\/\/www.reportedeprensa.utalca.cl\/index.php?rest_route=\/wp\/v2\/posts"}],"about":[{"href":"https:\/\/www.reportedeprensa.utalca.cl\/index.php?rest_route=\/wp\/v2\/types\/post"}],"author":[{"embeddable":true,"href":"https:\/\/www.reportedeprensa.utalca.cl\/index.php?rest_route=\/wp\/v2\/users\/1"}],"replies":[{"embeddable":true,"href":"https:\/\/www.reportedeprensa.utalca.cl\/index.php?rest_route=%2Fwp%2Fv2%2Fcomments&post=10270"}],"version-history":[{"count":4,"href":"https:\/\/www.reportedeprensa.utalca.cl\/index.php?rest_route=\/wp\/v2\/posts\/10270\/revisions"}],"predecessor-version":[{"id":10274,"href":"https:\/\/www.reportedeprensa.utalca.cl\/index.php?rest_route=\/wp\/v2\/posts\/10270\/revisions\/10274"}],"wp:attachment":[{"href":"https:\/\/www.reportedeprensa.utalca.cl\/index.php?rest_route=%2Fwp%2Fv2%2Fmedia&parent=10270"}],"wp:term":[{"taxonomy":"category","embeddable":true,"href":"https:\/\/www.reportedeprensa.utalca.cl\/index.php?rest_route=%2Fwp%2Fv2%2Fcategories&post=10270"},{"taxonomy":"post_tag","embeddable":true,"href":"https:\/\/www.reportedeprensa.utalca.cl\/index.php?rest_route=%2Fwp%2Fv2%2Ftags&post=10270"}],"curies":[{"name":"wp","href":"https:\/\/api.w.org\/{rel}","templated":true}]}}