{"id":10278,"date":"2024-08-01T11:40:49","date_gmt":"2024-08-01T14:40:49","guid":{"rendered":"https:\/\/www.reportedeprensa.utalca.cl\/?p=10278"},"modified":"2024-08-05T12:47:01","modified_gmt":"2024-08-05T15:47:01","slug":"01-de-agosto-de-2024","status":"publish","type":"post","link":"https:\/\/www.reportedeprensa.utalca.cl\/?p=10278","title":{"rendered":"01 de agosto de 2024"},"content":{"rendered":"\t\t<div data-elementor-type=\"wp-post\" data-elementor-id=\"10278\" class=\"elementor elementor-10278\" data-elementor-settings=\"[]\">\n\t\t\t\t\t\t\t<div class=\"elementor-section-wrap\">\n\t\t\t\t\t\t\t<section class=\"elementor-section elementor-top-section elementor-element elementor-element-bcea1a8 elementor-section-boxed elementor-section-height-default elementor-section-height-default\" data-id=\"bcea1a8\" data-element_type=\"section\">\n\t\t\t\t\t\t<div class=\"elementor-container elementor-column-gap-default\">\n\t\t\t\t\t<div class=\"elementor-column elementor-col-100 elementor-top-column elementor-element elementor-element-e7183bf\" data-id=\"e7183bf\" data-element_type=\"column\">\n\t\t\t<div class=\"elementor-widget-wrap elementor-element-populated\">\n\t\t\t\t\t\t\t\t<div class=\"elementor-element elementor-element-58d7315 elementor-widget elementor-widget-text-editor\" data-id=\"58d7315\" data-element_type=\"widget\" data-widget_type=\"text-editor.default\">\n\t\t\t\t<div class=\"elementor-widget-container\">\n\t\t\t\t\t\t\t\t<div><b>CONSORCIO DE UNIVERSIDADES DEL ESTADO DE CHILE\u00a0<br \/><\/b><a href=\"https:\/\/noticias.uestatales.cl\/doctorado-derecho-utalca-acreditado-6-anos\">U. de Talca logra hist\u00f3rica acreditaci\u00f3n de 6 a\u00f1os para su Doctorado en Derecho, la m\u00e1s alta en su \u00e1rea. Se refiere Iv\u00e1n Obando Camino, decano de la Facultad de Ciencias Jur\u00eddicas y Sociales y Ra\u00fal Carnevali Rodr\u00edguez, director del Doctorado en Derecho.\u202f\u00a0<\/a><\/div><div>\u00a0<\/div><div><b>CANAL CNN\u00a0<br \/><\/b><a href=\"https:\/\/www.litoralpress.cl\/sitio\/RadioTV_Detalles.cshtml?LPKey=M7HPXURBPLX5EIJITJEARQ5PIHWV2GBUWXU46EHI6V5OUBKY437ZGZJDUT6WNKI7B6ZULY35HUQIC\">Agosto empieza con lluvias y vientos. Se refiere Patricio Gonz\u00e1lez Colville, agroclimat\u00f3logo y acad\u00e9mico del Centro de Investigaci\u00f3n y Transferencia en Riego y Agroclimatolog\u00eda (CITRA).\u00a0<\/a><b><br \/><\/b><\/div><div>\u00a0<\/div><div><b>COOPERATIVA CIENCIA\u00a0<br \/><\/b><a href=\"https:\/\/www.cooperativaciencia.cl\/medio-ambiente\/2024\/07\/31\/agosto-inicia-con-sistema-frontal-que-afectara-al-centro-sur-del-pais\/\">Agosto inicia con sistema frontal que afectar\u00e1 al centro sur del pa\u00eds. Se refiere Patricio Gonz\u00e1lez Colville, agroclimat\u00f3logo y acad\u00e9mico del Centro de Investigaci\u00f3n y Transferencia en Riego y Agroclimatolog\u00eda (CITRA).\u202f\u202f\u202f\u202f\u00a0<\/a><b><br \/><\/b><\/div><div>\u00a0<\/div><div><b>MEDIABANCO\u00a0<\/b><br \/><a href=\"https:\/\/www.mediabanco.com\/agosto-inicia-con-precipitaciones-sistema-frontal-afectara-al-centro-sur-del-pais\/\">Agosto inicia con precipitaciones: sistema frontal afectar\u00e1 al centro sur del pa\u00eds. Se refiere Patricio Gonz\u00e1lez Colville, agroclimat\u00f3logo y acad\u00e9mico del Centro de Investigaci\u00f3n y Transferencia en Riego y Agroclimatolog\u00eda (CITRA).\u202f\u202f\u202f\u202f\u00a0<\/a><br \/><br \/><\/div><div><b>P\u00c1GINA V\u00a0<\/b><br \/><a href=\"https:\/\/paginav.cl\/2024\/07\/31\/agosto-inicia-con-precipitaciones-sistema-frontal-afectara-al-centro-sur-del-pais\/\">Agosto inicia con precipitaciones: sistema frontal afectar\u00e1 al centro sur del pa\u00eds. Se refiere Patricio Gonz\u00e1lez Colville, agroclimat\u00f3logo y acad\u00e9mico del Centro de Investigaci\u00f3n y Transferencia en Riego y Agroclimatolog\u00eda (CITRA).\u202f\u202f\u202f\u202f\u00a0<\/a><br \/><br \/><\/div><div><b>AD PRENSA\u00a0<\/b><br \/><a href=\"https:\/\/www.adprensa.cl\/cronica\/agosto-inicia-con-precipitaciones-sistema-frontal-afectara-al-centro-sur-del-pais\/\">Agosto inicia con precipitaciones: sistema frontal afectar\u00e1 al centro sur del pa\u00eds. Se refiere Patricio Gonz\u00e1lez Colville, agroclimat\u00f3logo y acad\u00e9mico del Centro de Investigaci\u00f3n y Transferencia en Riego y Agroclimatolog\u00eda (CITRA).\u202f\u202f\u202f\u202f\u00a0<\/a><br \/><br \/><\/div><div><b>G5 NOTICIAS\u00a0<\/b><br \/><a href=\"https:\/\/g5noticias.cl\/2024\/07\/31\/agosto-inicia-con-precipitaciones-sistema-frontal-afectara-al-centro-sur-del-pais\/\">Agosto inicia con precipitaciones: sistema frontal afectar\u00e1 al centro sur del pa\u00eds. Se refiere Patricio Gonz\u00e1lez Colville, agroclimat\u00f3logo y acad\u00e9mico del Centro de Investigaci\u00f3n y Transferencia en Riego y Agroclimatolog\u00eda (CITRA).\u202f\u202f\u202f\u202f\u00a0<\/a><br \/><br \/><\/div><div><b>S\u00c9PTIMA P\u00c1GINA NOTICIAS\u00a0<\/b><br \/><a href=\"https:\/\/www.septimapaginanoticias.cl\/agosto-inicia-con-precipitaciones-sistema-frontal-afectara-al-centro-sur-del-pais\">Agosto inicia con precipitaciones: sistema frontal afectar\u00e1 al centro sur del pa\u00eds. Se refiere Patricio Gonz\u00e1lez Colville, agroclimat\u00f3logo y acad\u00e9mico del Centro de Investigaci\u00f3n y Transferencia en Riego y Agroclimatolog\u00eda (CITRA).\u202f\u202f\u202f\u00a0<\/a><br \/>\u00a0 \u202f <b>\u00a0<br \/>ELHERALDO.CL\u00a0<\/b><br \/><a href=\"https:\/\/www.diarioelheraldo.cl\/noticia\/agosto-inicia-con-precipitaciones-sistema-frontal-afectara-al-centro-sur-del-pais-\">Agosto inicia con precipitaciones: sistema frontal afectar\u00e1 al centro sur del pa\u00eds. Se refiere Patricio Gonz\u00e1lez Colville, agroclimat\u00f3logo y acad\u00e9mico del Centro de Investigaci\u00f3n y Transferencia en Riego y Agroclimatolog\u00eda (CITRA).<\/a>\u202f\u202f\u202f\u00a0<\/div><div>\u00a0<\/div><div><b>TIERRA AMARILLANO\u00a0<\/b><br \/><a href=\"https:\/\/tierramarillano.cl\/2024\/07\/31\/agosto-inicia-con-precipitaciones-sistema-frontal-afectara-al-centro-sur-del-pais\/\">Agosto inicia con precipitaciones: sistema frontal afectar\u00e1 al centro sur del pa\u00eds. Se refiere Patricio Gonz\u00e1lez Colville, agroclimat\u00f3logo y acad\u00e9mico del Centro de Investigaci\u00f3n y Transferencia en Riego y Agroclimatolog\u00eda (CITRA).\u202f\u202f\u202f\u00a0<\/a><\/div><div><b><br \/>MAULE HOY\u00a0<\/b><br \/><a href=\"https:\/\/maulehoy.cl\/2024\/08\/01\/agosto-inicia-con-precipitaciones-sistema-frontal-afectara-al-centro-sur-del-pais\/\">Agosto inicia con precipitaciones: sistema frontal afectar\u00e1 al centro sur del pa\u00eds. Se refiere Patricio Gonz\u00e1lez Colville, agroclimat\u00f3logo y acad\u00e9mico del Centro de Investigaci\u00f3n y Transferencia en Riego y Agroclimatolog\u00eda (CITRA).\u202f\u202f\u202f\u00a0<\/a><br \/><br \/><\/div><div><b>EN LINEA MAULE\u00a0<br \/><\/b><a href=\"https:\/\/www.litoralpress.cl\/sitio\/RadioTV_Detalles.cshtml?LPKey=Y3K7VSABUXP4LIOKSW6RW4EHOYMILLU3MGLXNMYGOAOVEV2SBARZZC3SXURQFOOI7KMWMFNDAR7DO\">Tutores cl\u00ednicos del Hospital de Curic\u00f3 fueron capacitados para mejorar experiencia de internos. Se refiere Marcela Morris, asesora pedag\u00f3gica de la Academia Docente.\u00a0<\/a><b><br \/><\/b><\/div><div>\u00a0<\/div><div><b>EL HERALDO\u00a0<br \/><\/b><a href=\"https:\/\/www.litoralpress.cl\/sitio\/Prensa_Detalles.cshtml?LPKey=ULOC5LNOJYYGG26GWA7WNDB7CIVOS7X2LOMQXFH7GBITAJI7VSOQ\">Reiteran necesidad de reforma al sistema de pensiones para reducir la brecha de g\u00e9nero. Se refiere Andrea Bentancor Cazenave, acad\u00e9mica de la Facultad de Econom\u00eda y Negocios y Mar\u00eda Solefad Jofr\u00e9, acad\u00e9mica de la Facultad de Ciencias Jur\u00eddicas y Sociales.\u00a0 \u00a0<\/a><b><br \/><\/b><\/div><div>\u00a0<\/div><div><b>LA PRENSA DE CURIC\u00d3<\/b>\u00a0<br \/><a href=\"https:\/\/www.litoralpress.cl\/sitio\/Prensa_Detalles.cshtml?LPKey=6CCQIUR5KFSLP6IHGMROGEAFEDN7GHMZ7QNZ5KHNADRDWQRAYRSA\">Reforma al Sistema de Pensiones. Se refiere Andrea Bentancor Cazenave, acad\u00e9mica de la Facultad de Econom\u00eda y Negocios\u00a0<\/a><br \/><br \/><\/div><div><b>MEDIABANCO<\/b>\u00a0<br \/><a href=\"https:\/\/www.mediabanco.com\/reiteran-necesidad-de-reforma-al-sistema-de-pensiones-para-reducir-la-brecha-de-genero\/\">Reiteran necesidad de reforma al sistema de pensiones para reducir la brecha de g\u00e9nero. Se refiere Andrea Bentancor Cazenave, acad\u00e9mica de la Facultad de Econom\u00eda y Negocios y Mar\u00eda Solefad Jofr\u00e9, acad\u00e9mica de la Facultad de Ciencias Jur\u00eddicas y Sociales.\u00a0 \u00a0<\/a><br \/><br \/><\/div><div><b>TV MAULE<\/b>\u00a0<br \/><a href=\"https:\/\/www.tvmaule.cl\/reiteran-necesidad-de-reforma-al-sistema-de-pensiones-para-reducir-la-brecha-de-genero\/\">Reiteran necesidad de reforma al sistema de pensiones para reducir la brecha de g\u00e9nero. Se refiere Andrea Bentancor Cazenave, acad\u00e9mica de la Facultad de Econom\u00eda y Negocios y Mar\u00eda Solefad Jofr\u00e9, acad\u00e9mica de la Facultad de Ciencias Jur\u00eddicas y Sociales.\u00a0<\/a> \u00a0<\/div><div>\u00a0<\/div><div><b>G5 NOTICIAS\u00a0<br \/><\/b><a href=\"https:\/\/g5noticias.cl\/2024\/07\/31\/especialista-analiza-las-deudas-que-tiene-chile-en-salud-mental\/\">Especialista analiza las deudas que tiene Chile en salud mental. Se refiere Nadia Ramos Alvarado, directora del Centro de Psicolog\u00eda Aplicada (CEPA).\u202f\u00a0<\/a><b><br \/><\/b><\/div><div>\u00a0<\/div><div><b>ARAUCAN\u00cdA DIARIO<\/b>\u00a0<br \/><a href=\"https:\/\/araucaniadiario.cl\/contenido\/25185\/especialista-analiza-las-deudas-que-tiene-chile-en-salud-mental\">Especialista analiza las deudas que tiene Chile en salud mental. Se refiere Nadia Ramos Alvarado, directora del Centro de Psicolog\u00eda Aplicada (CEPA).\u202f\u00a0<\/a><br \/><br \/><\/div><div><b>RADIO LAUTARO\u00a0<br \/><\/b><a href=\"https:\/\/radiolautarotalca.cl\/tecnologias-de-telerrehabilitacion-buscan-mejorar-la-calidad-y-eficiencia-en-la-atencion-de-pacientes\/\">Tecnolog\u00edas de telerrehabilitaci\u00f3n buscan mejorar la calidad y eficiencia en la atenci\u00f3n de pacientes. Se refiere Valeska Gatica, acad\u00e9mica de la Facultad de Ciencias de la Salud y directora del Centro Tecnol\u00f3gico de Telerrehabilitaci\u00f3n y Neurociencias en el Movimiento Humano (CTTN).\u202f\u00a0<\/a><b><br \/><\/b><\/div><div>\u00a0<\/div><div><b>EL D\u00cdNAMO\u00a0<br \/><\/b><a href=\"https:\/\/www.eldinamo.cl\/politica\/2024\/07\/31\/carolina-toha-enciende-la-alerta-por-posible-nueva-ola-migratoria-de-venezolanos-a-chile\/\">Carolina Toh\u00e1 enciende la alerta por posible nueva ola migratoria de venezolanos a Chile. Se refiere Mauricio Morales Quiroga, director del Centro de An\u00e1lisis Pol\u00edtico (CAP-UTalca).\u00a0<\/a><\/div><div>\u00a0<\/div><div><b>EST\u00c1 PASANDO\u00a0<br \/><\/b><a href=\"https:\/\/estapasando.cl\/venezuela-en-crisis-como-afectara-a-chile-una-posible-nueva-ola-migratoria\/\">Venezuela en crisis: \u00bfC\u00f3mo afectar\u00e1 a Chile una posible nueva ola migratoria? Se refiere Fabiola Vergara, acad\u00e9mica Facultad de Ciencias Jur\u00eddicas y Sociales. \u00a0<\/a><b><br \/><\/b><\/div><div>\u00a0<\/div><div><strong>EL CALBUCANO\u00a0<\/strong><br \/><a href=\"https:\/\/www.elcalbucano.cl\/2024\/07\/estudiantes-participan-en-encuentro-mujeres-ciencia-y-tecnologia-en-villa-alegre-y-retiro\/\">Estudiantes participan en Encuentro \u201cMujeres, Ciencia y Tecnolog\u00eda\u201d en Villa Alegre y Retiro. Se refiere Jessica Z\u00fa\u00f1iga Hern\u00e1ndez, acad\u00e9mica de la Escuela de Medicina.\u202f\u00a0<\/a><br \/><br \/><\/div><div><b>MAULE HOY\u00a0<br \/><\/b><a href=\"https:\/\/maulehoy.cl\/2024\/08\/01\/escolares-conocieron-el-fascinante-mundo-de-la-astronomia\/\">Escolares conocieron el fascinante mundo de la astronom\u00eda. Se refiere Daniela Olave, acad\u00e9mica de la Facultad de Ingenier\u00eda y Susana Lara, coordinadora del espacio DTC+.\u00a0<\/a> <b><br \/><\/b><\/div><div>\u00a0<\/div><div><b>EL MERCURIO<\/b>\u00a0<br \/><a href=\"https:\/\/www.litoralpress.cl\/paginaconsultas\/Servicios_NClipSitio\/Get_Imagen_Nota.aspx?LPKey=HKQPZOGD3QJKHWCM7HJQCBCDMKCRATENKQPXJ2V74B37H4ROUVTHMPTS6PNDCYBCWKJ67GXT4WJU2\">Matthei y Bachelet son las figuras mejor evaluadas y analistas afirman que desaf\u00edo es \u201cevitar desgaste\u201d. Se refiere Mauricio Morales Quiroga, director del Centro de An\u00e1lisis Pol\u00edtico (CAP-UTalca).\u00a0<\/a><br \/><br \/><\/div><div><b>LAS \u00daLTIMAS NOTICIAS<\/b>\u00a0<br \/><a href=\"https:\/\/www.litoralpress.cl\/paginaconsultas\/Servicios_NClipSitio\/Get_Imagen_Nota.aspx?LPKey=46F2VITN5GDSXUMTSBNDMBG2GCZEIFGFJQLCKZZBHYYKXKLQBTRIZDAVS7AFQEMRUKXWAHBRF4MSO\">Encuesta CEP: Bachelet entra a la carrera presidencial con 45% de apoyo y Matthel lidera con 47% de respaldo. Se refiere Mauricio Morales Quiroga, director del Centro de An\u00e1lisis Pol\u00edtico (CAP-UTalca).\u00a0<\/a><br \/><br \/><\/div><div><b>RADIO INFINITA<\/b>\u00a0<br \/><a href=\"https:\/\/www.litoralpress.cl\/sitio\/RadioTV_Detalles.cshtml?LPKey=H4UOKHNPPXEO2UJY75POTLX5HGENY7FNBI6E5PUWXB5BK5LOVARVIKFQZ7FJ5NBUZMJ4YUDFEWFOO\">Participaci\u00f3n de Mauricio Morales Quiroga, director del Centro de An\u00e1lisis Pol\u00edtico (CAP-UTalca).\u00a0<\/a><\/div><div>\u00a0<\/div><div><b>DIARIO FRUT\u00cdCOLA<\/b>\u00a0<br \/><a href=\"https:\/\/www.diariofruticola.cl\/noticia\/agronegocios\/2024\/07\/chile-vina-montes-ya-es-parte-de-una-de-las-poco-mas-de-100-empresas-certificadas-b\">Chile: Vi\u00f1a Montes ya es parte de una de las poco m\u00e1s de 100 empresas certificadas B. Se menciona la Universidad de Talca.\u00a0<\/a><br \/><br \/><\/div><div><b>ANDACOLLO CONECTADO<\/b>\u00a0<br \/><a href=\"https:\/\/www.andacolloconectado.cl\/index.php\/un-poco-mas-que-piano-concierto-de-estudiantes-de-la-escuela-de-talentos-andacollinos\/\">\u201cUn poco m\u00e1s que Piano\u201d Concierto de Estudiantes de la Escuela de Talentos Andacollinos. Se menciona la Universidad de Talca.<\/a>\u202f\u202f\u00a0<br \/><br \/><\/div><div><b>UNIVERSIDAD DE MAGALLANES<\/b>\u00a0<br \/><a href=\"http:\/\/www.umag.cl\/vcm\/?p=74490\">Universidades del Estado desarrollan software para simulaciones cl\u00ednicas. Se menciona la Universidad de Talca.\u202f\u202f\u00a0<\/a><br \/><br \/><\/div><div><b>MADERA 21<\/b>\u00a0<br \/><a href=\"https:\/\/www.madera21.cl\/blog\/2024\/07\/31\/universidad-de-santiago-se-adjudica-anillo-tecnologico-de-anid-para-investigacion-de-edificios-hibridos\/\">Estudio pionero sobre construcci\u00f3n h\u00edbrida. Se menciona la Universidad de Talca.\u00a0<\/a><br \/><br \/><\/div>\t\t\t\t\t\t<\/div>\n\t\t\t\t<\/div>\n\t\t\t\t\t<\/div>\n\t\t<\/div>\n\t\t\t\t\t\t\t<\/div>\n\t\t<\/section>\n\t\t\t\t\t\t<\/div>\n\t\t\t\t\t<\/div>\n\t\t","protected":false},"excerpt":{"rendered":"<p>CONSORCIO DE UNIVERSIDADES DEL ESTADO DE CHILE\u00a0U. de Talca logra hist\u00f3rica acreditaci\u00f3n de 6 a\u00f1os para su Doctorado en Derecho, la m\u00e1s alta en su \u00e1rea. Se refiere Iv\u00e1n Obando Camino, decano de la Facultad de Ciencias Jur\u00eddicas y Sociales y Ra\u00fal Carnevali Rodr\u00edguez, director del Doctorado en Derecho.\u202f\u00a0\u00a0CANAL CNN\u00a0Agosto empieza con lluvias y vientos. &hellip;<\/p>\n<p class=\"read-more\"> <a class=\"\" href=\"https:\/\/www.reportedeprensa.utalca.cl\/?p=10278\"> <span class=\"screen-reader-text\">01 de agosto de 2024<\/span> Read More &raquo;<\/a><\/p>\n","protected":false},"author":1,"featured_media":0,"comment_status":"closed","ping_status":"open","sticky":false,"template":"","format":"standard","meta":{"_monsterinsights_skip_tracking":false,"_monsterinsights_sitenote_active":false,"_monsterinsights_sitenote_note":"","_monsterinsights_sitenote_category":0},"categories":[51],"tags":[],"_links":{"self":[{"href":"https:\/\/www.reportedeprensa.utalca.cl\/index.php?rest_route=\/wp\/v2\/posts\/10278"}],"collection":[{"href":"https:\/\/www.reportedeprensa.utalca.cl\/index.php?rest_route=\/wp\/v2\/posts"}],"about":[{"href":"https:\/\/www.reportedeprensa.utalca.cl\/index.php?rest_route=\/wp\/v2\/types\/post"}],"author":[{"embeddable":true,"href":"https:\/\/www.reportedeprensa.utalca.cl\/index.php?rest_route=\/wp\/v2\/users\/1"}],"replies":[{"embeddable":true,"href":"https:\/\/www.reportedeprensa.utalca.cl\/index.php?rest_route=%2Fwp%2Fv2%2Fcomments&post=10278"}],"version-history":[{"count":4,"href":"https:\/\/www.reportedeprensa.utalca.cl\/index.php?rest_route=\/wp\/v2\/posts\/10278\/revisions"}],"predecessor-version":[{"id":10283,"href":"https:\/\/www.reportedeprensa.utalca.cl\/index.php?rest_route=\/wp\/v2\/posts\/10278\/revisions\/10283"}],"wp:attachment":[{"href":"https:\/\/www.reportedeprensa.utalca.cl\/index.php?rest_route=%2Fwp%2Fv2%2Fmedia&parent=10278"}],"wp:term":[{"taxonomy":"category","embeddable":true,"href":"https:\/\/www.reportedeprensa.utalca.cl\/index.php?rest_route=%2Fwp%2Fv2%2Fcategories&post=10278"},{"taxonomy":"post_tag","embeddable":true,"href":"https:\/\/www.reportedeprensa.utalca.cl\/index.php?rest_route=%2Fwp%2Fv2%2Ftags&post=10278"}],"curies":[{"name":"wp","href":"https:\/\/api.w.org\/{rel}","templated":true}]}}