{"id":10287,"date":"2024-08-02T11:25:28","date_gmt":"2024-08-02T14:25:28","guid":{"rendered":"https:\/\/www.reportedeprensa.utalca.cl\/?p=10287"},"modified":"2024-08-05T12:47:08","modified_gmt":"2024-08-05T15:47:08","slug":"02-de-agosto-de-2024","status":"publish","type":"post","link":"https:\/\/www.reportedeprensa.utalca.cl\/?p=10287","title":{"rendered":"02 de agosto de 2024"},"content":{"rendered":"\t\t<div data-elementor-type=\"wp-post\" data-elementor-id=\"10287\" class=\"elementor elementor-10287\" data-elementor-settings=\"[]\">\n\t\t\t\t\t\t\t<div class=\"elementor-section-wrap\">\n\t\t\t\t\t\t\t<section class=\"elementor-section elementor-top-section elementor-element elementor-element-bcea1a8 elementor-section-boxed elementor-section-height-default elementor-section-height-default\" data-id=\"bcea1a8\" data-element_type=\"section\">\n\t\t\t\t\t\t<div class=\"elementor-container elementor-column-gap-default\">\n\t\t\t\t\t<div class=\"elementor-column elementor-col-100 elementor-top-column elementor-element elementor-element-e7183bf\" data-id=\"e7183bf\" data-element_type=\"column\">\n\t\t\t<div class=\"elementor-widget-wrap elementor-element-populated\">\n\t\t\t\t\t\t\t\t<div class=\"elementor-element elementor-element-58d7315 elementor-widget elementor-widget-text-editor\" data-id=\"58d7315\" data-element_type=\"widget\" data-widget_type=\"text-editor.default\">\n\t\t\t\t<div class=\"elementor-widget-container\">\n\t\t\t\t\t\t\t\t<div><b>30 TV SAN JAVIER<\/b>\u00a0<br \/><a href=\"https:\/\/www.litoralpress.cl\/sitio\/RadioTV_Detalles.cshtml?LPKey=CPCYVZ4VMUVQ4KQNRJY434UEAENSOWGPYK4JVRDDDPZXWIXBSUJTMSVWFA5XQQQBDLC5CHZ3ABTDI\">Feria vocacional Universidad de Talca. Se refiere Se refiere Paula Manr\u00edquez, vicerrectora de Formaci\u00f3n, Lorena D\u00edaz, profesional psicoeducativa de la Unidad de Acompa\u00f1amiento Estudiantil, Paulina Del Valle, Asistente Social de la Direcci\u00f3n de Bienestar Estudiantil y Adolfo Mu\u00f1oz, encargado de Inserci\u00f3n Laboral.\u00a0<\/a><br \/><br \/><\/div><div><b>RADIO ALLEN<\/b>\u00a0<br \/><a href=\"https:\/\/radioallen.cl\/educacion-mas-de-6-mil-escolares-conocieron-la-oferta-academica-de-la-utalca\/\">Educaci\u00f3n: M\u00e1s de 6 mil escolares conocieron la oferta acad\u00e9mica de la UTalca. Se refiere Paula Manr\u00edquez, vicerrectora de Formaci\u00f3n y Paola Morales, directora de Ciclo de Vida Estudiantil (CIVE).\u00a0<\/a><br \/><br \/><\/div><div><b>MEDIABANCO<\/b>\u00a0<br \/><a href=\"https:\/\/www.mediabanco.com\/mas-de-6-mil-escolares-conocieron-la-oferta-academica-de-la-utalca\/\">M\u00e1s de 6 mil escolares conocieron la oferta acad\u00e9mica de la UTalca. Se refiere vicerrectora de Formaci\u00f3n, Paula Manr\u00edquez y Paola Morales, directora de Ciclo de Vida Estudiantil (CIVE).\u00a0<\/a><br \/><br \/><\/div><div><b>24 HORAS REGIONES<\/b>\u00a0<br \/><a href=\"https:\/\/www.litoralpress.cl\/sitio\/RadioTV_Detalles.cshtml?LPKey=REX2AI4R57VAIORQIMMA7RERTFFSOEVXYPT2BST32J4PHICZ2P4U6UV74KTC3EJ44B4PQIB2BWCWS\">Este jueves y viernes llover\u00eda de manera intensa. Se refiere Patricio Gonz\u00e1lez Colville, agroclimat\u00f3logo y acad\u00e9mico del Centro de Investigaci\u00f3n y Transferencia en Riego y Agroclimatolog\u00eda (CITRA).<\/a>\u202f\u202f\u202f\u202f\u00a0<br \/><br \/><\/div><div><b>EL HERALDO<\/b>\u00a0<br \/><a href=\"https:\/\/www.litoralpress.cl\/paginaconsultas\/Servicios_NClipSitio\/Get_Imagen_Nota.aspx?LPKey=5ZFAZQFWKJOJWYLESORZZTPJDZ2OFV3DLDJMSIH75FTMC5WQQOLNECKOMHG6MMLLFWSZCPRMP4K3O\">Agosto inicia con precipitaciones: sistema frontal afectar\u00e1 al centro sur del pa\u00eds. Se refiere Patricio Gonz\u00e1lez Colville, agroclimat\u00f3logo y acad\u00e9mico del Centro de Investigaci\u00f3n y Transferencia en Riego y Agroclimatolog\u00eda (CITRA).\u202f\u202f\u202f\u202f\u00a0<\/a><br \/><br \/><\/div><div><b>TV5 LINARES<\/b>\u00a0<br \/><a href=\"https:\/\/www.litoralpress.cl\/sitio\/RadioTV_Detalles.cshtml?LPKey=OE7GFGMBQMFFKJJUD5QL2ZYT24OPCQJVOM4MQ625JOZ7A4YBMKW6K33NTKQMEVP7K7P7GXSQ6JJKG\">Llegan nuevas heladas a Linares y el Maule. Se refiere Patricio Gonz\u00e1lez Colville, agroclimat\u00f3logo y acad\u00e9mico del Centro de Investigaci\u00f3n y Transferencia en Riego y Agroclimatolog\u00eda (CITRA).\u202f<\/a>\u202f\u202f\u202f\u00a0<br \/><br \/><\/div><div><b>DIARIO EL HERALDO<\/b>\u00a0<br \/><a href=\"https:\/\/www.diarioelheraldo.cl\/noticia\/agosto-inicia-con-precipitaciones-sistema-frontal-afectara-al-centro-sur-del-pais-\">Agosto inicia con precipitaciones: sistema frontal afectar\u00e1 al centro sur del pa\u00eds. Se refiere Patricio Gonz\u00e1lez Colville, agroclimat\u00f3logo y acad\u00e9mico del Centro de Investigaci\u00f3n y Transferencia en Riego y Agroclimatolog\u00eda (CITRA).\u202f\u202f\u202f\u202f\u00a0<\/a><br \/><br \/><\/div><div><b>MAULE HOY<\/b>\u00a0<br \/><a href=\"https:\/\/maulehoy.cl\/2024\/08\/01\/escolares-conocieron-el-fascinante-mundo-de-la-astronomia\/\">Escolares conocieron el fascinante mundo de la astronom\u00eda. Se refiere Daniela Olave acad\u00e9mica de la Facultad de Ingenier\u00eda\u202fy Susana Lara, coordinadora del Espacio DTC+\u00a0<\/a><br \/><br \/><\/div><div><b>TIERRA AMARILLANO<\/b>\u00a0<br \/><a href=\"https:\/\/tierramarillano.cl\/2024\/07\/31\/agosto-inicia-con-precipitaciones-sistema-frontal-afectara-al-centro-sur-del-pais\/\">Agosto inicia con precipitaciones: sistema frontal afectar\u00e1 al centro sur del pa\u00eds Se refiere Patricio Gonz\u00e1lez Colville, agroclimat\u00f3logo y acad\u00e9mico del Centro de Investigaci\u00f3n y Transferencia en Riego y Agroclimatolog\u00eda (CITRA).\u202f\u202f\u202f\u00a0<\/a><br \/><br \/><\/div><div><b>MAULE HOY<\/b>\u00a0<br \/><a href=\"https:\/\/maulehoy.cl\/2024\/08\/01\/agosto-inicia-con-precipitaciones-sistema-frontal-afectara-al-centro-sur-del-pais\/\">Agosto inicia con precipitaciones: sistema frontal afectar\u00e1 al centro sur del pa\u00eds Se refiere Patricio Gonz\u00e1lez Colville, agroclimat\u00f3logo y acad\u00e9mico del Centro de Investigaci\u00f3n y Transferencia en Riego y Agroclimatolog\u00eda (CITRA).\u202f\u202f\u202f\u00a0<\/a><br \/><br \/><\/div><div><b>PUBLIMICRO<\/b>\u00a0<br \/><a href=\"https:\/\/publimicro.cl\/agosto-inicia-con-fuertes-precipitaciones-experto-de-universidad-de-talca-alerta-que-agresivo-sistema-frontal-afectara-al-centro-sur-del-pais\/\">Agosto inicia con fuertes precipitaciones. Experto de Universidad de Talca, alerta que agresivo sistema frontal afectar\u00e1 al centro sur del pa\u00eds. Se refiere Patricio Gonz\u00e1lez Colville, agroclimat\u00f3logo y acad\u00e9mico del Centro de Investigaci\u00f3n y Transferencia en Riego y Agroclimatolog\u00eda (CITRA).\u202f\u202f\u202f\u202f<\/a>\u00a0<br \/><br \/><\/div><div><b>PORTAL FRUT\u00cdCOLA<\/b>\u00a0<br \/><a href=\"https:\/\/www.portalfruticola.com\/noticias\/2024\/08\/01\/chile-agosto-inicia-con-sistema-frontal-que-afectara-al-centro-sur-del-pais\/\">Chile: Agosto inicia con sistema frontal que afectar\u00e1 al centro sur del pa\u00eds. Se refiere Patricio Gonz\u00e1lez Colville, agroclimat\u00f3logo y acad\u00e9mico del Centro de Investigaci\u00f3n y Transferencia en Riego y Agroclimatolog\u00eda (CITRA).\u202f\u202f\u202f\u202f\u00a0<\/a><br \/><br \/><\/div><div><b>EL D\u00cdNAMO<\/b>\u00a0<br \/><a href=\"https:\/\/www.eldinamo.cl\/pais\/2024\/08\/01\/agosto-con-precipitaciones-como-sera-el-nuevo-sistema-frontal-que-afectara-a-la-zona-centro\/\">Agosto con precipitaciones: c\u00f3mo ser\u00e1 y los efectos que tendr\u00eda el nuevo sistema frontal en la zona. Se refiere Patricio Gonz\u00e1lez Colville, agroclimat\u00f3logo y acad\u00e9mico del Centro de Investigaci\u00f3n y Transferencia en Riego y Agroclimatolog\u00eda (CITRA).\u202f\u00a0<\/a><br \/><br \/><\/div><div><b>INSULAR FM<\/b>\u00a0<br \/><a href=\"https:\/\/www.insularfm.cl\/agosto-con-precipitaciones-como-sera-y-los-efectos-que-tendria-el-nuevo-sistema-frontal-en-la-zona-centro\/\">Agosto con precipitaciones: c\u00f3mo ser\u00e1 y los efectos que tendr\u00eda el nuevo sistema frontal en la zona centro. Se refiere Patricio Gonz\u00e1lez Colville, agroclimat\u00f3logo y acad\u00e9mico del Centro de Investigaci\u00f3n y Transferencia en Riego y Agroclimatolog\u00eda (CITRA).\u202f\u202f\u202f\u00a0<\/a><br \/>\u00a0<\/div><div><b>RADIO LAUTARO<\/b>\u00a0<br \/><a href=\"https:\/\/radiolautarotalca.cl\/nuevo-sistema-frontal-afectara-al-centro-sur-del-pais\/\">Nuevo sistema frontal afectar\u00e1 al centro sur del pa\u00eds. Se refiere Patricio Gonz\u00e1lez Colville, agroclimat\u00f3logo y acad\u00e9mico del Centro de Investigaci\u00f3n y Transferencia en Riego y Agroclimatolog\u00eda (CITRA).\u202f\u202f<\/a>\u202f\u202f\u00a0<br \/><br \/><\/div><div><b>DIARIO FRUT\u00cdCOLA<\/b>\u00a0<br \/><a href=\"https:\/\/www.diariofruticola.cl\/noticia\/noticias-agricolas\/2024\/08\/inundaciones-y-heladas-agosto-se-inicia-con-sistema-frontal-en-el-centro-sur\">Inundaciones y heladas: Agosto se inicia con sistema frontal en el centro sur. Se refiere Patricio Gonz\u00e1lez Colville, agroclimat\u00f3logo y acad\u00e9mico del Centro de Investigaci\u00f3n y Transferencia en Riego y Agroclimatolog\u00eda (CITRA).\u202f\u202f\u202f\u202f\u00a0<\/a><br \/><br \/><\/div><div><b>MAULE NEWS<\/b>\u00a0<br \/><a href=\"https:\/\/www.maulenews.com\/2024\/08\/agosto-inicia-con-precipitaciones.html\">Agosto inicia con precipitaciones: sistema frontal afectar\u00e1 al centro sur del pa\u00eds. Se refiere Patricio Gonz\u00e1lez Colville, agroclimat\u00f3logo y acad\u00e9mico del Centro de Investigaci\u00f3n y Transferencia en Riego y Agroclimatolog\u00eda (CITRA).\u202f\u202f\u202f\u202f\u00a0<\/a><br \/><br \/><\/div><div><b>CANAL 30 MULTICOM<\/b>\u00a0<br \/><a href=\"https:\/\/www.litoralpress.cl\/sitio\/RadioTV_Detalles.cshtml?LPKey=RSTISWW5JJ3OWCLF5OGCTEPCCI5LKNJW5L3FQMLCUFX4EYQPBTXDMB2IVV5IINEO456ZADAO4WCXE\">Nota alza en el precio de las lechugas 26 07. Se refiere Patricio Gonz\u00e1lez Colville, agroclimat\u00f3logo y acad\u00e9mico del Centro de Investigaci\u00f3n y Transferencia en Riego y Agroclimatolog\u00eda (CITRA).\u202f\u202f<\/a>\u202f\u202f\u00a0<br \/><br \/><\/div><div><b>TU CASA TU RADIO<\/b>\u00a0<br \/><a href=\"https:\/\/tucasaturadio.cl\/noticias\/especialista-analiza-las-deudas-que-tiene-chile-en-salud-mental\/\">Especialista analiza las deudas que tiene Chile en salud mental. Se refiere Nadia Ramos, directora del Centro de Psicolog\u00eda Aplicada (CEPA)\u00a0<\/a><br \/><br \/><\/div><div><b>ARAUCAN\u00cdA DIARIO<\/b>\u00a0<br \/><a href=\"https:\/\/araucaniadiario.cl\/contenido\/25185\/especialista-analiza-las-deudas-que-tiene-chile-en-salud-mental\">Especialista analiza las deudas que tiene Chile en salud mental. Se refiere Nadia Ramos, directora del Centro de Psicolog\u00eda Aplicada (CEPA)\u00a0<\/a><br \/><br \/><\/div><div><b>RADIO INFINITA<\/b>\u00a0<br \/><a href=\"https:\/\/www.litoralpress.cl\/sitio\/RadioTV_Detalles.cshtml?LPKey=PYZMYQYD2NCF3GSPIOZYJP5NJR2UEDD5REUFL7MDGFXAEZMFKRPPVHLIM5R3GKG3PUCBHUT2GGGEG\">Comentario de pol\u00edtica de Mauricio Morales Quiroga, director del Centro de An\u00e1lisis Pol\u00edtico (CAP)\u00a0<\/a><br \/><br \/><\/div><div><b>TV5 LINARES<\/b>\u00a0<br \/><a href=\"https:\/\/www.litoralpress.cl\/sitio\/RadioTV_Detalles.cshtml?LPKey=SV4GX3CNJOH5P6SHVJXKID2XTT55LC4LM3KXJY5RPE5M6HUUICQYCRP4K7EKMGGD2Y2ZCSDLS4SCA\">Estudio contaminaci\u00f3n ambiental. Se refiere Mar\u00eda Elisa Quinteros, acad\u00e9mica Departamento de Salud P\u00fablica.\u00a0<\/a><br \/><br \/><\/div><div><b>RADIO REGIONALES<\/b>\u00a0<br \/><a href=\"https:\/\/radiosregionales.cl\/actualidad\/trabajo\/acoso-laboral\/entra-en-vigencia-ley-karin-cuales-son-los-cambios-y-las-sanciones\">Entra en vigencia Ley Karin: \u00bfCu\u00e1les son los cambios y las sanciones? Se refiere Rodrigo Poblete, abogado de la Direcci\u00f3n de Asuntos Jur\u00eddicos.\u00a0<\/a><br \/><br \/><\/div><div><b>MINISTERIO DE CIENCIA<\/b>\u00a0<br \/><a href=\"https:\/\/minciencia.gob.cl\/noticias\/estudiantes-participan-en-encuentro-mujeres-ciencia-y-tecnologia-en-villa-alegre-y-retiro\/\">Estudiantes participan en Encuentro \u201cMujeres, Ciencia y Tecnolog\u00eda\u201d en Villa Alegre y Retiro. Se refiere Jessica Z\u00fa\u00f1iga Hern\u00e1ndez, acad\u00e9mica de la Escuela de Medicina.\u202f\u202f\u00a0<\/a><br \/><br \/><\/div><div><b>MAULE NEWS<\/b>\u00a0<br \/><a href=\"https:\/\/www.maulenews.com\/2024\/08\/consejo-asesor-de-mayores-del-maule.html\">Consejo Asesor de Mayores del Maule finaliza su periodo (2022-2024). Se menciona la Universidad de Talca.\u00a0<\/a><br \/><br \/><\/div><div><b>MUNDO EN L\u00cdNEA<\/b>\u00a0<br \/><a href=\"https:\/\/mundoenlinea.cl\/2024\/08\/01\/servipag-designa-nueva-gerenta-de-personas\/\">Servipag designa nueva gerenta de Personas. Se menciona la Universidad de Talca.\u00a0<\/a><br \/><br \/><\/div><div><b>EL LECTOR<\/b>\u00a0<br \/><a href=\"https:\/\/www.litoralpress.cl\/paginaconsultas\/Servicios_NClipSitio\/Get_Imagen_Nota.aspx?LPKey=TA4ZEJIVFHTR7625IJGC262FTXF3KNPKMAUUSRBWKB7UHONPSW4MNWS5JQJ2IDXSL57MN3BVV5I26\">Consejo Asesor de Mayores del Maule finaliza su periodo (2022-2024). Se menciona la Universidad de Talca.\u00a0<\/a><br \/><br \/><\/div><div><b>LA PRENSA DE CURIC\u00d3<\/b>\u00a0<br \/><a href=\"https:\/\/www.litoralpress.cl\/paginaconsultas\/Servicios_NClipSitio\/Get_Imagen_Nota.aspx?LPKey=G4ZEISDR2Q4OBOATZ2G7FZ3YCMGSTOACKRMRRZXIXLSJXXWT56KIWI6VNWXOBRPYXYGUN54T52IVC\">Sucede. Se menciona la Universidad de Talca.\u00a0<\/a><br \/><br \/><\/div><div><b>LA PRENSA DE CURIC\u00d3<\/b>\u00a0<br \/><a href=\"https:\/\/www.litoralpress.cl\/paginaconsultas\/Servicios_NClipSitio\/Get_Imagen_Nota.aspx?LPKey=HWMRGYCEM4J2E3GTAKD7ZZNDJXXOQ7KIJM7YBL4DD5ECCCU5M2ZIQJHLQQDPAPR3BP2N74RPQBDUI\">Consejo Asesor de Mayores del Maule finaliza su periodo (2022-2024). Se menciona la Universidad de Talca.\u00a0<\/a><br \/><br \/><\/div><div><b>LA DIRECTA LONGAVIANA<\/b>\u00a0<br \/><a href=\"https:\/\/www.ladirectalongaviana.cl\/2024\/08\/01\/consejo-asesor-de-mayores-del-maule-finaliza-su-periodo\/\">Consejo Asesor de Mayores del Maule finaliza su periodo. Se menciona la Universidad de Talca.\u00a0<\/a><br \/><br \/><\/div><div><b>BULB!<\/b>\u00a0<br \/><a href=\"https:\/\/bulb.cl\/servipag-designa-nueva-gerenta-de-personas\/\">Servipag designa nueva gerenta de Personas. Se menciona la Universidad de Talca.\u00a0<\/a><br \/><br \/><\/div>\t\t\t\t\t\t<\/div>\n\t\t\t\t<\/div>\n\t\t\t\t\t<\/div>\n\t\t<\/div>\n\t\t\t\t\t\t\t<\/div>\n\t\t<\/section>\n\t\t\t\t\t\t<\/div>\n\t\t\t\t\t<\/div>\n\t\t","protected":false},"excerpt":{"rendered":"<p>30 TV SAN JAVIER\u00a0Feria vocacional Universidad de Talca. Se refiere Se refiere Paula Manr\u00edquez, vicerrectora de Formaci\u00f3n, Lorena D\u00edaz, profesional psicoeducativa de la Unidad de Acompa\u00f1amiento Estudiantil, Paulina Del Valle, Asistente Social de la Direcci\u00f3n de Bienestar Estudiantil y Adolfo Mu\u00f1oz, encargado de Inserci\u00f3n Laboral.\u00a0 RADIO ALLEN\u00a0Educaci\u00f3n: M\u00e1s de 6 mil escolares conocieron la oferta &hellip;<\/p>\n<p class=\"read-more\"> <a class=\"\" href=\"https:\/\/www.reportedeprensa.utalca.cl\/?p=10287\"> <span class=\"screen-reader-text\">02 de agosto de 2024<\/span> Read More &raquo;<\/a><\/p>\n","protected":false},"author":1,"featured_media":0,"comment_status":"closed","ping_status":"open","sticky":false,"template":"","format":"standard","meta":{"_monsterinsights_skip_tracking":false,"_monsterinsights_sitenote_active":false,"_monsterinsights_sitenote_note":"","_monsterinsights_sitenote_category":0},"categories":[51],"tags":[],"_links":{"self":[{"href":"https:\/\/www.reportedeprensa.utalca.cl\/index.php?rest_route=\/wp\/v2\/posts\/10287"}],"collection":[{"href":"https:\/\/www.reportedeprensa.utalca.cl\/index.php?rest_route=\/wp\/v2\/posts"}],"about":[{"href":"https:\/\/www.reportedeprensa.utalca.cl\/index.php?rest_route=\/wp\/v2\/types\/post"}],"author":[{"embeddable":true,"href":"https:\/\/www.reportedeprensa.utalca.cl\/index.php?rest_route=\/wp\/v2\/users\/1"}],"replies":[{"embeddable":true,"href":"https:\/\/www.reportedeprensa.utalca.cl\/index.php?rest_route=%2Fwp%2Fv2%2Fcomments&post=10287"}],"version-history":[{"count":4,"href":"https:\/\/www.reportedeprensa.utalca.cl\/index.php?rest_route=\/wp\/v2\/posts\/10287\/revisions"}],"predecessor-version":[{"id":10292,"href":"https:\/\/www.reportedeprensa.utalca.cl\/index.php?rest_route=\/wp\/v2\/posts\/10287\/revisions\/10292"}],"wp:attachment":[{"href":"https:\/\/www.reportedeprensa.utalca.cl\/index.php?rest_route=%2Fwp%2Fv2%2Fmedia&parent=10287"}],"wp:term":[{"taxonomy":"category","embeddable":true,"href":"https:\/\/www.reportedeprensa.utalca.cl\/index.php?rest_route=%2Fwp%2Fv2%2Fcategories&post=10287"},{"taxonomy":"post_tag","embeddable":true,"href":"https:\/\/www.reportedeprensa.utalca.cl\/index.php?rest_route=%2Fwp%2Fv2%2Ftags&post=10287"}],"curies":[{"name":"wp","href":"https:\/\/api.w.org\/{rel}","templated":true}]}}