{"id":10299,"date":"2024-08-05T12:45:51","date_gmt":"2024-08-05T15:45:51","guid":{"rendered":"https:\/\/www.reportedeprensa.utalca.cl\/?p=10299"},"modified":"2024-08-05T16:27:04","modified_gmt":"2024-08-05T19:27:04","slug":"05-de-agosto-de-2024","status":"publish","type":"post","link":"https:\/\/www.reportedeprensa.utalca.cl\/?p=10299","title":{"rendered":"05 de agosto de 2024"},"content":{"rendered":"\t\t<div data-elementor-type=\"wp-post\" data-elementor-id=\"10299\" class=\"elementor elementor-10299\" data-elementor-settings=\"[]\">\n\t\t\t\t\t\t\t<div class=\"elementor-section-wrap\">\n\t\t\t\t\t\t\t<section class=\"elementor-section elementor-top-section elementor-element elementor-element-bcea1a8 elementor-section-boxed elementor-section-height-default elementor-section-height-default\" data-id=\"bcea1a8\" data-element_type=\"section\">\n\t\t\t\t\t\t<div class=\"elementor-container elementor-column-gap-default\">\n\t\t\t\t\t<div class=\"elementor-column elementor-col-100 elementor-top-column elementor-element elementor-element-e7183bf\" data-id=\"e7183bf\" data-element_type=\"column\">\n\t\t\t<div class=\"elementor-widget-wrap elementor-element-populated\">\n\t\t\t\t\t\t\t\t<div class=\"elementor-element elementor-element-58d7315 elementor-widget elementor-widget-text-editor\" data-id=\"58d7315\" data-element_type=\"widget\" data-widget_type=\"text-editor.default\">\n\t\t\t\t<div class=\"elementor-widget-container\">\n\t\t\t\t\t\t\t\t<div><b>LA PRENSA DE CURIC\u00d3\u00a0<br \/><\/b><a href=\"https:\/\/www.litoralpress.cl\/paginaconsultas\/Servicios_NClipSitio\/Get_Imagen_Nota.aspx?LPKey=4XIBUL2DFOKHMHSGRRUOF44QVIFQYQOQNWH5WNZ6NNR6PVBXKI6UGVUEUW44WG2GWTQT7E73CI3HO\">UTalca difunde oferta acad\u00e9mica. Se refiere Paola Morales, directora de Ciclo de Vida Estudiantil (CIVE).\u00a0<\/a><\/div><div>\u00a0<\/div><div><b>DIARIO EL HERALDO<\/b>\u00a0<br \/><a href=\"https:\/\/www.diarioelheraldo.cl\/noticia\/mas-de-6-mil-escolares-conocieron-la-oferta-academica-de-la-utalca-\">M\u00e1s de 6 mil escolares conocieron la oferta acad\u00e9mica de la UTalca. Se refiere Paola Morales, directora de Ciclo de Vida Estudiantil (CIVE) de la casa de estudios.\u00a0<\/a><\/div><div>\u00a0<\/div><div><b>RADIO COOPERATIVA\u00a0<br \/><\/b><a href=\"https:\/\/www.litoralpress.cl\/sitio\/RadioTV_Detalles.cshtml?LPKey=BJPPPV4A27JYZMNHJQPNQ4KFVJWVVDAMVRGZRJXVCOEYUR3GJ62XLIW6MPXG6LX6NOYO3JYDRIOSK\">An\u00e1lisis sistema frontal &#8211; Extremos clim\u00e1ticos. Entrevista a Patricio Gonz\u00e1lez Colville, agroclimat\u00f3logo y acad\u00e9mico del Centro de Investigaci\u00f3n y Transferencia en Riego y Agroclimatolog\u00eda (CITRA).\u202f\u202f\u202f\u202f\u00a0<\/a><b><br \/><\/b><\/div><div>\u00a0<\/div><div><b>RADIO COOPERATIVA <\/b>\u00a0<br \/><a href=\"https:\/\/www.cooperativa.cl\/noticias\/pais\/tiempo\/climatologo-los-fenomenos-extremos-seran-mas-recurrentes-por-el-cambio\/2024-08-03\/091641.html\">Climat\u00f3logo: Los fen\u00f3menos extremos ser\u00e1n m\u00e1s recurrentes por el cambio clim\u00e1tico.\u00a0<\/a><br \/><a href=\"https:\/\/www.cooperativa.cl\/noticias\/pais\/tiempo\/climatologo-los-fenomenos-extremos-seran-mas-recurrentes-por-el-cambio\/2024-08-03\/091641.html\">Se refiere Patricio Gonz\u00e1lez Colville, agroclimat\u00f3logo y acad\u00e9mico del Centro de Investigaci\u00f3n y Transferencia en Riego y Agroclimatolog\u00eda (CITRA).\u202f\u202f\u202f\u202f\u00a0<\/a><br \/><br \/><\/div><div><b>LA PRENSA DE CURIC\u00d3<\/b>\u00a0<br \/><a href=\"https:\/\/www.litoralpress.cl\/paginaconsultas\/Servicios_NClipSitio\/Get_Imagen_Nota.aspx?LPKey=NBDRWPG26SBMHUVRFCCPU2IV2UTFT77SRMJR7XRCUINQ5TA65EAKM6QR6E3UBSQEJXUBP62UD5ACM\">Sistema frontal asociado a r\u00edo atmosf\u00e9rico en la Regi\u00f3n. Se refiere Patricio Gonz\u00e1lez Colville, agroclimat\u00f3logo y acad\u00e9mico del Centro de Investigaci\u00f3n y Transferencia en Riego y Agroclimatolog\u00eda (CITRA)<\/a>.\u202f\u202f\u202f\u202f\u00a0<br \/><br \/><\/div><div><b>RADIO AMIGA<\/b>\u00a0<br \/><a href=\"https:\/\/www.litoralpress.cl\/sitio\/RadioTV_Detalles.cshtml?LPKey=E5PMMKRSFRJTB6QI52SCNT3H6BGHCUS7QISAGQ56KNBLKMHKPO4ZXY6HS5S3OJGCYBKTGZKLYEZ5Q\">La pr\u00f3xima semana se espera la llegada de un nuevo sistema frontal. Se refiere Patricio Gonz\u00e1lez Colville, agroclimat\u00f3logo y acad\u00e9mico del Centro de Investigaci\u00f3n y Transferencia en Riego y Agroclimatolog\u00eda (CITRA).\u202f\u202f\u202f\u202f\u00a0<\/a><br \/><br \/><\/div><div><b>TVN RED MAULE<\/b>\u00a0<br \/><a href=\"https:\/\/www.litoralpress.cl\/sitio\/RadioTV_Detalles.cshtml?LPKey=NYNWOUNOWY62YGOPTEVT6L37UBJOP2GQDFU3LZAJWRKOJ3LUM7YB7LP6ES2SRQLURMRTC3AJUPEFW\">Intensa lluvia se espera para jueves y viernes principalmente en Linares, Talca y Curic\u00f3. Se refiere Patricio Gonz\u00e1lez Colville, agroclimat\u00f3logo y acad\u00e9mico del Centro de Investigaci\u00f3n y Transferencia en Riego y Agroclimatolog\u00eda (CITRA).\u202f\u202f\u202f\u202f\u00a0<\/a><br \/><br \/><\/div><div><b>EN L\u00cdNEA MAULE<\/b>\u00a0<br \/><a href=\"https:\/\/www.litoralpress.cl\/sitio\/RadioTV_Detalles.cshtml?LPKey=SZN7ZTJX4WJVK2I6AIUVS6LZBBASNRLYKGZA3S44POOJP46OJKZ7LGBDNFOO5GDXVNUU2V2ECDZ6M\">Nuevo sistema frontal entra hoy a la zona centro sur. Se refiere Patricio Gonz\u00e1lez Colville, agroclimat\u00f3logo y acad\u00e9mico del Centro de Investigaci\u00f3n y Transferencia en Riego y Agroclimatolog\u00eda (CITRA).\u202f\u202f\u202f\u202f\u00a0<\/a><\/div><div>\u00a0<\/div><div><b>DIARIO EL HERALDO<\/b>\u00a0<br \/><a href=\"https:\/\/www.litoralpress.cl\/sitio\/Prensa_Detalles.cshtml?LPKey=LXAOQY2ZXDDTKBPVJUDOSRQIURYL4W5V6IQPTZMFXTHCZX42ZBUA\">Iniciativa mejorar\u00e1 la producci\u00f3n de hongos comestibles de alto valor. Se refiere C\u00e9sar Acevedo, acad\u00e9mico de la Facultad de Ciencias Agrarias.\u00a0<\/a><br \/><br \/><\/div><div><b>MEDIABANCO<\/b>\u00a0<br \/><a href=\"https:\/\/www.mediabanco.com\/iniciativa-mejorara-la-produccion-de-hongos-comestibles-de-alto-valor\/\">Iniciativa mejorar\u00e1 la producci\u00f3n de hongos comestibles de alto valor. Se refiere C\u00e9sar Acevedo, acad\u00e9mico de la Facultad de Ciencias Agrarias.\u00a0<\/a><br \/><br \/><\/div><div><b>EL LECTOR<\/b>\u00a0<br \/><a href=\"https:\/\/www.litoralpress.cl\/sitio\/Prensa_Detalles.cshtml?LPKey=ETEQBQEML6Y5GX5LIWCA6LZ6G3VY3ACJX3QZKL42YWXQGMNZ3ZCQ\">Iniciativa mejorar\u00e1 la producci\u00f3n de hongos comestibles de alto valor. Se refiere C\u00e9sar Acevedo, acad\u00e9mico de la Facultad de Ciencias Agrarias.\u00a0<\/a><\/div><div>\u00a0<\/div><div><b>P\u00c1GINA V\u00a0<\/b><br \/><a href=\"https:\/\/paginav.cl\/2024\/08\/04\/iniciativa-mejorara-la-produccion-de-hongos-comestibles-de-alto-valor\/\">Iniciativa mejorar\u00e1 la producci\u00f3n de hongos comestibles de alto valor. Se refiere C\u00e9sar Acevedo, acad\u00e9mico de la Facultad de Ciencias Agrarias.\u00a0<\/a><br \/><br \/><\/div><div><b>AD PRENSA<\/b>\u00a0<br \/><a href=\"https:\/\/www.adprensa.cl\/cronica\/iniciativa-mejorara-la-produccion-de-hongos-comestibles-de-alto-valor\/\">Iniciativa mejorar\u00e1 la producci\u00f3n de hongos comestibles de alto valor. Se refiere C\u00e9sar Acevedo, acad\u00e9mico de la Facultad de Ciencias Agrarias.\u00a0<\/a><br \/><br \/><\/div><div><b>EL MAULE INFORMA\u00a0<br \/><\/b><a href=\"https:\/\/elmauleinforma.cl\/iniciativa-mejorara-la-produccion-de-hongos-comestibles-de-alto-valor\/\">Iniciativa mejorar\u00e1 la producci\u00f3n de hongos comestibles de alto valor. Se refiere C\u00e9sar Acevedo, acad\u00e9mico de la Facultad de Ciencias Agrarias.\u00a0<\/a><\/div><div>\u00a0<\/div><div><b>MEDIABANCO<\/b>\u00a0<br \/><a href=\"https:\/\/www.mediabanco.com\/casita-nuga-de-la-utalca-recorre-colegios-del-maule\/\">\u201cCasita NUGA\u201d de la UTalca recorre colegios del Maule. Se refiere Marcela Albornoz, directora de Extensi\u00f3n Cultural-Art\u00edstica.<\/a> \u00a0<br \/><br \/><\/div><div><b>AD PRENSA\u00a0<br \/><\/b><a href=\"https:\/\/www.adprensa.cl\/cronica\/casita-nuga-de-la-utalca-recorre-colegios-del-maule\/\">\u201cCasita NUGA\u201d de la UTalca recorre colegios del Maule. Se refiere Marcela Albornoz, directora de Extensi\u00f3n Cultural-Art\u00edstica.\u00a0<\/a><b><br \/><\/b><b>\u00a0<\/b><\/div><div><b>MEDIABANCO<\/b>\u00a0<br \/><a href=\"https:\/\/www.mediabanco.com\/estudiantes-de-la-utalca-realizaron-masiva-jornada-odontologica-en-cauquenes\/\">Estudiantes de la UTalca realizaron masiva jornada odontol\u00f3gica en Cauquenes. Se refiere \u00c1lvaro Arellano Arriagada, director de la Escuela de Odontolog\u00eda. \u00a0<\/a><br \/><br \/><\/div><div><b>RADIO LAUTARO<\/b>\u00a0<br \/><a href=\"https:\/\/radiolautarotalca.cl\/estudiantes-de-la-utalca-realizaron-operativo-odontologico-en-cauquenes\/\">Estudiantes de la UTalca realizaron masiva jornada odontol\u00f3gica en Cauquenes. Se refiere \u00c1lvaro Arellano Arriagada, director de la Escuela de Odontolog\u00eda.\u00a0<\/a><br \/><br \/><\/div><div><b>CAUQUENES.NET<\/b>\u00a0<br \/><a href=\"https:\/\/cauquenesnet.cl\/2024\/08\/03\/estudiantes-de-la-utalca-realizaron-masiva-jornada-odontologica-en-cauquenes\/\">Estudiantes de la UTalca realizaron masiva jornada odontol\u00f3gica en Cauquenes. Se refiere \u00c1lvaro Arellano Arriagada, director de la Escuela de Odontolog\u00eda.\u00a0<\/a><br \/><br \/><\/div><div><b>MAULE HOY<\/b>\u00a0<br \/><a href=\"https:\/\/maulehoy.cl\/2024\/08\/03\/estudiantes-de-la-utalca-realizaron-masiva-jornada-odontologica-en-cauquenes\/\">Estudiantes de la UTalca realizaron masiva jornada odontol\u00f3gica en Cauquenes. Se refiere \u00c1lvaro Arellano Arriagada, director de la Escuela de Odontolog\u00eda.\u00a0<\/a><br \/><br \/><\/div><div><b>ELHERALDO.CL<\/b>\u00a0<br \/><a href=\"https:\/\/www.diarioelheraldo.cl\/noticia\/estudiantes-de-la-utalca-realizaron-masiva-jornada-odontologica-en-cauquenes-\">Estudiantes de la UTalca realizaron masiva jornada odontol\u00f3gica en Cauquenes. Se refiere \u00c1lvaro Arellano Arriagada, director de la Escuela de Odontolog\u00eda. \u00a0<\/a><br \/><br \/><\/div><div><b>DIARIO EL HERALDO\u00a0<br \/><\/b><a href=\"https:\/\/www.litoralpress.cl\/sitio\/Prensa_Detalles.cshtml?LPKey=XGU7D3FIZK3YMQR73RGL4ZNMNFNAPCWB2CTKMKHXSOXVAZX6AWGA\">Estudiantes de la UTalca realizaron masiva jornada odontol\u00f3gica en Cauquenes. Se refiere \u00c1lvaro Arellano Arriagada, director de la Escuela de Odontolog\u00eda.\u00a0<\/a><b><br \/><\/b><\/div><div>\u00a0<\/div><div><b>EL LECTOR<\/b>\u00a0<br \/><a href=\"https:\/\/www.litoralpress.cl\/paginaconsultas\/Servicios_NClipSitio\/Get_Imagen_Nota.aspx?LPKey=2XSPX6AETBM4MN4FXF3M5ZRLRWOV54POXMCH2CIMND4D3JN3DRUMW6BPHC3KIG53434BSSOPE4YY6\">Estudiantes de la UTalca realizaron masiva jornada odontol\u00f3gica en Cauquenes. Se refiere \u00c1lvaro Arellano Arriagada, director de la Escuela de Odontolog\u00eda.\u00a0<\/a><br \/><br \/><\/div><div><b>LA PRENSA DE CURIC\u00d3\u00a0<br \/><\/b><a href=\"https:\/\/www.litoralpress.cl\/sitio\/Prensa_Detalles.cshtml?LPKey=GNBNHPC2AHGZO4Y57MSNOSAJSMS5O523M4XVAYDUEXWYWI6KICWA\">Masivas prestaciones odontol\u00f3gicas. Se menciona la Universidad de Talca\u00a0<\/a><\/div><div>\u00a0<\/div><div><b>PORTAL RED SALUD<\/b>\u00a0<br \/><a href=\"https:\/\/www.portalredsalud.cl\/2024\/07\/30\/especialista-analiza-las-deudas-que-tiene-chile-en-salud-mental\/\">Especialista analiza las deudas que tiene Chile en salud mental. Se refiere Nadia Ramos, directora del Centro de Psicolog\u00eda Aplicada (CEPA).\u00a0<\/a><br \/><br \/><\/div><div><b>DIARIO EL CENTRO<\/b>\u00a0<br \/><a href=\"https:\/\/www.diarioelcentro.cl\/2024\/08\/02\/capacitacion-para-operadores-y-administradores-de-servicios-sanitarios-rurales-de-la-provincia-de-linares\/\">Capacitaci\u00f3n para Operadores y Administradores de Servicios Sanitarios Rurales de la provincia de Linares. Se refiere Karla Rojas, directora administrativa de la Facultad de Ciencias Agrarias.\u00a0<\/a><br \/><br \/><\/div><div><b>PORTAL RED SALUD\u00a0<br \/><\/b><a href=\"https:\/\/www.portalredsalud.cl\/2024\/07\/31\/reiteran-necesidad-de-reforma-al-sistema-de-pensiones-para-reducir-la-brecha-de-genero\/\">Reiteran necesidad de reforma al sistema de pensiones para reducir la brecha de g\u00e9nero. Se refiere Andrea Bentancor Cazenave, acad\u00e9mica de la Facultad de Econom\u00eda y Negocios y Mar\u00eda Soledad Jofr\u00e9, acad\u00e9mica de la Facultad de Ciencias Jur\u00eddicas y Sociales.\u00a0 \u00a0<\/a><b><br \/><\/b><\/div><div>\u00a0<\/div><div><b>PORTAL RED SALUD\u00a0<br \/><\/b><a href=\"https:\/\/www.portalredsalud.cl\/2024\/07\/29\/funciones-ejecutivas-en-las-personas-habilidades-mentales-que-se-deben-estimular\/\">Funciones ejecutivas en las personas: habilidades mentales que se deben estimular. Se refiere Christian Rojas, acad\u00e9mico de la Facultad de Psicolog\u00eda.\u00a0<\/a><b><br \/><\/b><\/div><div>\u00a0<\/div><div><b>E<\/b><b>L MERCURIO\u00a0<br \/><\/b><a href=\"https:\/\/www.litoralpress.cl\/sitio\/Prensa_Detalles.cshtml?LPKey=OBSYXDVITXJ4BN3FX5IA5EDAEXQURGQVSOYQ6XTBVL4Y7YZQALLQ\">El plan de la DC para sobrevivir al momento m\u00e1s dif\u00edcil de sus \u00faltimos a\u00f1os. Se refiere Mauricio Morales Quiroga, director del Centro de An\u00e1lisis Pol\u00edtico (CAP).\u00a0<\/a><b><br \/><\/b><\/div><div><div>\u00a0<\/div><div><b>MEGANOTICIAS.CL<\/b>\u00a0<br \/><a href=\"https:\/\/www.meganoticias.cl\/nacional\/454864-columna-semanal-mauricio-morales-meganoticias-fds01-04-08-2024.html\">Columna: &#8220;De la tumba del neoliberalismo, al ocaso del comunismo&#8221;, Se refiere Mauricio Morales Quiroga, director del Centro de An\u00e1lisis Pol\u00edtico (CAP).\u00a0<\/a><\/div><div>\u00a0<\/div><\/div><div><b>RADIO INFINITA<\/b>\u00a0<br \/><a href=\"https:\/\/www.litoralpress.cl\/sitio\/RadioTV_Detalles.cshtml?LPKey=UHZL3WUQXBZMJ6PV4RKNIZTBGOCXZZC2DSIBMQZDQT573EKKNIRI2CLMUKT7REEEBNGXNGDZK2RQK\">Comentario de pol\u00edtica de Mauricio Morales Quiroga, director del Centro de An\u00e1lisis Pol\u00edtico (CAP).\u00a0<\/a><\/div><div>\u00a0<\/div><div><b>EL MERCURIO DE VALPARA\u00cdSO\u00a0<br \/><\/b><a href=\"https:\/\/www.litoralpress.cl\/sitio\/Prensa_Detalles.cshtml?LPKey=EDITWX7RCJS4IPFMIUOI4CHCXBY6CE7IHEMKVBLTEG4U37TCF2IA\">Impacto en cadena de la crisis venezolana en el Gobierno, la migraci\u00f3n y los comicios. Se refiere Mario Herrera, acad\u00e9mico Centro de An\u00e1lisis Pol\u00edtico (CAP).\u00a0<\/a><b><br \/><\/b><\/div><div><b>EMOL\u00a0<br \/><\/b><a href=\"https:\/\/www.emol.com\/noticias\/Nacional\/2024\/08\/04\/1138629\/crimen-aprovecharse-crisis-venezolana-chile.html\">C\u00f3mo el crimen organizado puede aprovecharse de la crisis venezolana para expandir sus tent\u00e1culos por Chile. Alejandra M\u00e1rquez, acad\u00e9mica Facultad de Ciencias Jur\u00eddicas y Sociales.\u00a0<\/a><\/div><div><b>\u00a0<\/b><\/div><div><b>RADIO LAUTARO<\/b>\u00a0<br \/><a href=\"https:\/\/radiolautarotalca.cl\/preocupa-aumento-de-casos-de-cancer-de-prostata\/\">Preocupa aumento de casos de c\u00e1ncer de pr\u00f3stata. Se refiere Edith Morales, acad\u00e9mica Escuela de Enfermer\u00eda. \u00a0<\/a><br \/><br \/><\/div><div><b>AQU\u00cd TE DESEAMOS<\/b>\u00a0<br \/><a href=\"https:\/\/aquitedateamos.cl\/a-seis-anos-de-su-fallecimiento-cuatro-entidades-culturales-se-unen-para-presentar-gran-muestra-antologica-de-hugo-marin\/\">A seis a\u00f1os de su fallecimiento: Cuatro entidades culturales se unen para presentar gran muestra antol\u00f3gica de Hugo Mar\u00edn. Se menciona la Universidad de Talca.\u00a0<\/a><br \/><br \/><\/div><div><b>CULTURA ACOMPA\u00d1ADA<\/b>\u00a0<br \/><a href=\"https:\/\/culturaacompanada.blogspot.com\/2024\/08\/cuatro-entidades-culturales-se-unen.html\">Cuatro entidades culturales se unen para presentar gran muestra antol\u00f3gica de Hugo Mar\u00edn. Se menciona la Universidad de Talca.\u00a0<\/a><br \/><br \/><\/div><div><b>PORTAL METROPOLITANO<\/b>\u00a0<br \/><a href=\"https:\/\/portalmetropolitano.cl\/cuatro-entidades-culturales-de-la-rm-se-unen-para-presentar-gran-muestra-antologica-del-artista-chileno-hugo-marin\/\">Cuatro entidades culturales de la RM se unen para presentar gran muestra antol\u00f3gica del artista Hugo Mar\u00edn. \u00a0<\/a><br \/><br \/><\/div><div><b>TIRO AL BLANCO<\/b>\u00a0<br \/><a href=\"https:\/\/tiroalblanco.cl\/muestraf.php?not=92201&amp;do=muestra\">Violencia Obst\u00e9trica: \u00a1La otra cara del parto! Se menciona la Universidad de Talca.\u00a0<\/a><br \/><br \/><\/div><div><b>LA TERCERA ONLINE<\/b>\u00a0<br \/><a href=\"https:\/\/radiolautarotalca.cl\/especialista-analiza-las-deudas-que-tiene-chile-en-salud-mental\/\">Columna de Rodrigo Guendelman: Hugo Mar\u00edn, un gigante que hay que recordar. Se menciona la Universidad de Talca.\u00a0<\/a><br \/><br \/><\/div><div><b>LA PRENSA DE CURIC\u00d3<\/b>\u00a0<br \/><a href=\"https:\/\/www.litoralpress.cl\/paginaconsultas\/Servicios_NClipSitio\/Get_Imagen_Nota.aspx?LPKey=FQA5GPJ3D5LLVXSKBZA5I7KNKDLEFGWS4DAIJKZHEBTWGQS6JEVRO47CPATP44YTZITFOAUDJ3UGE\">Sucede. Se menciona la Universidad de Talca.\u00a0<\/a><br \/><br \/><\/div><div><b>LA PRENSA DE CURIC\u00d3<\/b>\u00a0<br \/><a href=\"https:\/\/www.litoralpress.cl\/paginaconsultas\/Servicios_NClipSitio\/Get_Imagen_Nota.aspx?LPKey=7446LI4757XGTDGF2QIW4VHUWREW6G5KWNB6ONZJ77INBVXMIMU6XIJ23XOMYR5OSBHSH6WUCISCMt\">Sucede. Se menciona la Universidad de Talca.\u00a0<\/a><br \/><br \/><\/div><div><b>NOTICIAS.UCN<\/b>\u00a0<br \/><a href=\"https:\/\/www.noticias.ucn.cl\/destacado\/analizan-vinculacion-de-doctorados-con-la-industria-en-seminario-organizado-por-gop-cinda\/\">Analizan vinculaci\u00f3n de doctorados con la industria en seminario organizado por GOP-CINDA. Se menciona la Universidad de Talca.\u00a0<\/a><br \/><br \/><\/div><div><b>EL MOSTRADOR<\/b>\u00a0<br \/><a href=\"https:\/\/www.elmostrador.cl\/braga\/2024\/08\/02\/violencia-obstetrica-la-otra-cara-del-parto-en-chile-especialista-llama-a-mayor-fiscalizacion\/\">Violencia obst\u00e9trica, la otra cara del parto en Chile: especialista llama a mayor fiscalizaci\u00f3n. Se menciona la Universidad de Talca.\u00a0<\/a><br \/><br \/><\/div><div><b>EL SOL DE IQUIQUE<\/b>\u00a0<br \/><a href=\"https:\/\/elsoldeiquique.cl\/evelyn-carreno-academica-de-iacc-como-impacta-la-violencia-obstetrica-en-la-salud-mental-de-las-madres\/\">\u00bfC\u00f3mo impacta la violencia obst\u00e9trica en la salud mental de las madres? Se menciona la Universidad de Talca.\u00a0<\/a><br \/>\u00a0<\/div><div><b>CLUB MAGAZINE<\/b>\u00a0<br \/><a href=\"https:\/\/clubmagazine.cl\/vina-montes-se-une-a-la-comunidad-global-de-empresas-b\/\">Vi\u00f1a Montes se une a la comunidad global de Empresas B. Se menciona la Universidad de Talca.\u00a0<\/a><br \/><br \/><\/div><div><b>UBIOBIO<\/b>\u00a0<br \/><a href=\"https:\/\/noticias.ubiobio.cl\/2024\/08\/02\/director-ubb-del-doctorado-en-ingenieria-destaca-aportes-y-avances-de-este-programa-y-su-vinculo-con-la-industria\/\">Director UBB del Doctorado en Ingenier\u00eda destaca aportes y avances de este programa y su v\u00ednculo con la industria. Se menciona la Universidad de Talca.\u00a0<\/a><br \/><br \/><\/div><div><b>EL L\u00cdDER<\/b>\u00a0<br \/><a href=\"https:\/\/www.litoralpress.cl\/sitio\/Prensa_Detalles.cshtml?LPKey=Y7OZURIQ7T4NWDVUZI35E5A2BAC7A3EOPONI575R3URFLDRPBOSQ\">IV Congreso de Folclor Hispanoamericano Oreste Plath: Leng, Pereira Salas y Venturelli. Se menciona la Universidad de Talca.\u00a0<\/a><br \/><br \/><\/div><div><b>LA PRENSA DE CURIC\u00d3<\/b>\u00a0<br \/><a href=\"https:\/\/www.litoralpress.cl\/sitio\/Prensa_Detalles.cshtml?LPKey=MJVGO3YVWYW7IA2UGWO32X3KH72WMPRJTRBTL6CHLGUTJPGKSYIA\">Sucede. Se menciona la Universidad de Talca.\u00a0<\/a><br \/><br \/><\/div><div><b>LA PRENSA DE CURIC\u00d3<\/b>\u00a0<br \/><a href=\"https:\/\/www.litoralpress.cl\/sitio\/Prensa_Detalles.cshtml?LPKey=GTN42KCXYFKAGO5G4OKYUS44LO4S4LLFEUK7VWJ7XGKZ4GIIRGIQ\">Exseremi de Vivienda y Urbanismo Gonzalo Montero inscribe su candidatura al CORE. Se menciona la Universidad de Talca.\u00a0<\/a><br \/><br \/><b>LA TERCERA ONLINE<\/b>\u00a0<br \/><a href=\"https:\/\/www.latercera.com\/pulso\/noticia\/fne-versus-universidades-una-cuestion-de-principios\/F4BX334MRNGN3G3UQE32NYXOJA\/\">FNE versus universidades: una cuesti\u00f3n de principios. Se menciona la Universidad de Talca. \u00a0<\/a><br \/><br \/><\/div><div><b>MSN CHILE<\/b>\u00a0<br \/><a href=\"https:\/\/www.msn.com\/es-cl\/dinero\/noticias\/fne-versus-universidades-una-cuesti%C3%B3n-de-principios\/ar-AA1oc1aN\">FNE versus universidades: una cuesti\u00f3n de principios. Se menciona la Universidad de Talca.\u00a0<\/a><br \/><br \/><b>RADIO BEETHOVEN<\/b>\u00a0<br \/><a href=\"https:\/\/www.beethovenfm.cl\/evento\/iv-congreso-de-folclor-hispanoamericano-oreste-plath\/\">IV Congreso de Folclor Hispanoamericano Oreste Plath. Se menciona la Universidad de Talca.\u00a0<\/a><br \/><br \/><\/div>\t\t\t\t\t\t<\/div>\n\t\t\t\t<\/div>\n\t\t\t\t\t<\/div>\n\t\t<\/div>\n\t\t\t\t\t\t\t<\/div>\n\t\t<\/section>\n\t\t\t\t\t\t<\/div>\n\t\t\t\t\t<\/div>\n\t\t","protected":false},"excerpt":{"rendered":"<p>LA PRENSA DE CURIC\u00d3\u00a0UTalca difunde oferta acad\u00e9mica. Se refiere Paola Morales, directora de Ciclo de Vida Estudiantil (CIVE).\u00a0\u00a0DIARIO EL HERALDO\u00a0M\u00e1s de 6 mil escolares conocieron la oferta acad\u00e9mica de la UTalca. Se refiere Paola Morales, directora de Ciclo de Vida Estudiantil (CIVE) de la casa de estudios.\u00a0\u00a0RADIO COOPERATIVA\u00a0An\u00e1lisis sistema frontal &#8211; Extremos clim\u00e1ticos. Entrevista a &hellip;<\/p>\n<p class=\"read-more\"> <a class=\"\" href=\"https:\/\/www.reportedeprensa.utalca.cl\/?p=10299\"> <span class=\"screen-reader-text\">05 de agosto de 2024<\/span> Read More &raquo;<\/a><\/p>\n","protected":false},"author":1,"featured_media":0,"comment_status":"closed","ping_status":"open","sticky":false,"template":"","format":"standard","meta":{"_monsterinsights_skip_tracking":false,"_monsterinsights_sitenote_active":false,"_monsterinsights_sitenote_note":"","_monsterinsights_sitenote_category":0},"categories":[51],"tags":[],"_links":{"self":[{"href":"https:\/\/www.reportedeprensa.utalca.cl\/index.php?rest_route=\/wp\/v2\/posts\/10299"}],"collection":[{"href":"https:\/\/www.reportedeprensa.utalca.cl\/index.php?rest_route=\/wp\/v2\/posts"}],"about":[{"href":"https:\/\/www.reportedeprensa.utalca.cl\/index.php?rest_route=\/wp\/v2\/types\/post"}],"author":[{"embeddable":true,"href":"https:\/\/www.reportedeprensa.utalca.cl\/index.php?rest_route=\/wp\/v2\/users\/1"}],"replies":[{"embeddable":true,"href":"https:\/\/www.reportedeprensa.utalca.cl\/index.php?rest_route=%2Fwp%2Fv2%2Fcomments&post=10299"}],"version-history":[{"count":7,"href":"https:\/\/www.reportedeprensa.utalca.cl\/index.php?rest_route=\/wp\/v2\/posts\/10299\/revisions"}],"predecessor-version":[{"id":10310,"href":"https:\/\/www.reportedeprensa.utalca.cl\/index.php?rest_route=\/wp\/v2\/posts\/10299\/revisions\/10310"}],"wp:attachment":[{"href":"https:\/\/www.reportedeprensa.utalca.cl\/index.php?rest_route=%2Fwp%2Fv2%2Fmedia&parent=10299"}],"wp:term":[{"taxonomy":"category","embeddable":true,"href":"https:\/\/www.reportedeprensa.utalca.cl\/index.php?rest_route=%2Fwp%2Fv2%2Fcategories&post=10299"},{"taxonomy":"post_tag","embeddable":true,"href":"https:\/\/www.reportedeprensa.utalca.cl\/index.php?rest_route=%2Fwp%2Fv2%2Ftags&post=10299"}],"curies":[{"name":"wp","href":"https:\/\/api.w.org\/{rel}","templated":true}]}}