{"id":10311,"date":"2024-08-06T13:26:48","date_gmt":"2024-08-06T16:26:48","guid":{"rendered":"https:\/\/www.reportedeprensa.utalca.cl\/?p=10311"},"modified":"2024-08-06T13:37:53","modified_gmt":"2024-08-06T16:37:53","slug":"06-de-agosto-de-2024","status":"publish","type":"post","link":"https:\/\/www.reportedeprensa.utalca.cl\/?p=10311","title":{"rendered":"06 de agosto de 2024"},"content":{"rendered":"\t\t<div data-elementor-type=\"wp-post\" data-elementor-id=\"10311\" class=\"elementor elementor-10311\" data-elementor-settings=\"[]\">\n\t\t\t\t\t\t\t<div class=\"elementor-section-wrap\">\n\t\t\t\t\t\t\t<section class=\"elementor-section elementor-top-section elementor-element elementor-element-bcea1a8 elementor-section-boxed elementor-section-height-default elementor-section-height-default\" data-id=\"bcea1a8\" data-element_type=\"section\">\n\t\t\t\t\t\t<div class=\"elementor-container elementor-column-gap-default\">\n\t\t\t\t\t<div class=\"elementor-column elementor-col-100 elementor-top-column elementor-element elementor-element-e7183bf\" data-id=\"e7183bf\" data-element_type=\"column\">\n\t\t\t<div class=\"elementor-widget-wrap elementor-element-populated\">\n\t\t\t\t\t\t\t\t<div class=\"elementor-element elementor-element-58d7315 elementor-widget elementor-widget-text-editor\" data-id=\"58d7315\" data-element_type=\"widget\" data-widget_type=\"text-editor.default\">\n\t\t\t\t<div class=\"elementor-widget-container\">\n\t\t\t\t\t\t\t\t<div><b>PORTAL EDUCA\u00a0<br \/><\/b><a href=\"https:\/\/portaleduca.cl\/mas-de-6-mil-escolares-conocieron-la-oferta-academica-de-la-utalca\/\">M\u00e1s de 6 mil escolares conocieron la oferta acad\u00e9mica de la UTalca. Se refiere, Paula Manr\u00edquez vicerrectora de Formaci\u00f3n de la Instituci\u00f3n y Paola Morales, directora de Ciclo de Vida Estudiantil (CIVE).\u00a0<\/a><\/div><div>\u00a0<\/div><div><b>EL MERCURIO\u00a0<br \/><\/b><a href=\"https:\/\/www.litoralpress.cl\/paginaconsultas\/Servicios_NClipSitio\/Get_Imagen_Nota.aspx?LPKey=VQ7PMOPDEXFKLB7WD47B6EC7REIJBQOJRH7IY2OBPTDKOWKU5FDOATFOCINCONFFW3O7XJDTN2VYA\">Lluvias dejan todos los embalses de la zona central con nivel sobre 70%. Se refiere Patricio Gonz\u00e1lez Colville, agroclimat\u00f3logo y acad\u00e9mico del Centro de Investigaci\u00f3n y Transferencia en Riego y Agroclimatolog\u00eda (CITRA).\u202f\u202f\u202f\u202f\u202f<\/a><\/div><div>\u00a0<\/div><div><b>DIARIO TALCA\u00a0<br \/><\/b><a href=\"https:\/\/www.litoralpress.cl\/paginaconsultas\/Servicios_NClipSitio\/Get_Imagen_Nota.aspx?LPKey=QEJIKWM55VDUKWPDME6U5VHSK3HMY7RZTH2R6HXRGXFUG3LFXNO62F4W7KMZSWJWEKFSR4JKCFLA4\">Julio 2024, el m\u00e1s seco de la historia. Se refiere Patricio Gonz\u00e1lez Colville, agroclimat\u00f3logo y acad\u00e9mico del Centro de Investigaci\u00f3n y Transferencia en Riego y Agroclimatolog\u00eda (CITRA).\u202f\u202f\u202f\u202f\u202f\u00a0<\/a><b><br \/><\/b><\/div><div>\u00a0<\/div><div><b>ADN RADIO\u00a0<br \/><\/b><a href=\"https:\/\/www.litoralpress.cl\/sitio\/RadioTV_Detalles.cshtml?LPKey=JGDAJOLPLZD6VIACQ3VGB52JOHFFZQS7NB2YW2WFW75YQRISUX4AWYITUNPE3FBKA26OUZGKG3TYY\">Entrevista a Patricio Gonz\u00e1lez, agroclimat\u00f3logo y acad\u00e9mico del centro de investigaci\u00f3n y transferencia en riego y agroclimatolog\u00eda (CITRA). \u00a0<\/a><br \/><br \/><\/div><div><b>DIARIO USACH\u00a0<br \/><\/b><a href=\"https:\/\/www.diariousach.cl\/embalses-de-la-zona-central-alcanzaron-mas-del-70-de-su-capacidad-tras\">Embalses de la zona central alcanzaron m\u00e1s del 70% de su capacidad tras lluvias. Se refiere Patricio Gonz\u00e1lez Colville, agroclimat\u00f3logo y acad\u00e9mico del Centro de Investigaci\u00f3n y Transferencia en Riego y Agroclimatolog\u00eda (CITRA).\u202f\u202f\u202f\u202f\u202f\u00a0<\/a><br \/><br \/><\/div><div><b>RADIO 13 C -CUATRO CABEZAS\u00a0<br \/><\/b><a href=\"https:\/\/www.litoralpress.cl\/sitio\/RadioTV_Detalles.cshtml?LPKey=DIYLNBGVVUFHRD6WBC34HEZJDEXTSYRVQENDQ4SHRIZF5GJY2L4RY5VLFMJNED3LG7BYYSGJFANZS\">Entrevista a Patricio Gonz\u00e1lez Colville, agroclimat\u00f3logo y acad\u00e9mico del Centro de Investigaci\u00f3n y Transferencia en Riego y Agroclimatolog\u00eda (CITRA).\u202f\u202f\u202f\u202f\u202f\u00a0<\/a><\/div><div>\u00a0<\/div><div><b>DIARIO EL HERALDO<\/b>\u00a0<br \/><a href=\"https:\/\/www.diarioelheraldo.cl\/noticia\/casita-nuga-de-la-utalca-recorre-colegios-del-maule-\">\u201cCasita NUGA\u201d de la UTalca recorre colegios del Maule. Se refiere Marcela Albornoz Dachelet, directora de Extensi\u00f3n Cultural-Art\u00edstica.\u00a0<\/a><br \/><br \/><\/div><div><b>LA PRENSA DE CURIC\u00d3\u00a0<br \/><\/b><a href=\"https:\/\/www.litoralpress.cl\/paginaconsultas\/Servicios_NClipSitio\/Get_Imagen_Nota.aspx?LPKey=4ST3GZF43XC5V46GOBYGPEUKR2ZHAU7K7RTRAPCMRWR2YEYSOBHGWPIBHYB7YUTG3ACPC6THNO76K\">\u201cCasita NUGA\u201d de la UTalca recorre colegios del Maule. Se refiere Marcela Albornoz Dachelet, directora de Extensi\u00f3n Cultural-Art\u00edstica.\u00a0<\/a><b><br \/><\/b><b>\u00a0<\/b><\/div><div><b>RADIO LAUTARO<\/b>\u00a0<br \/><a href=\"https:\/\/radiolautarotalca.cl\/casita-nuga-de-la-utalca-fue-inaugurado-en-la-escuela-carlos-salinas-lagos-de-talca\/\">\u201cCasita NUGA\u201d de la UTalca fue inaugurado en la Escuela Carlos Salinas Lagos de Talca. Se refiere Marcela Albornoz Dachelet, directora de Extensi\u00f3n Cultural-Art\u00edstica.\u00a0<\/a><br \/><br \/><\/div><div><b>TALCA CAPITAL<\/b>\u00a0<br \/><a href=\"https:\/\/talcacapital.cl\/casita-nuga-de-la-utalca-recorre-colegios-del-maule\/\">\u201cCasita NUGA\u201d de la UTalca recorre colegios del Maule. Se refiere Marcela Albornoz Dachelet, directora de Extensi\u00f3n Cultural-Art\u00edstica.\u00a0<\/a><br \/><br \/><\/div><div><b>ANALIZA MAULE<\/b>\u00a0<br \/><a href=\"https:\/\/analizamaule.cl\/a-14-anos-del-derrumbe-que-atrapo-a-33-mineros-en-que-se-avanzo-en-materia-de-seguridad\/\">A 14 a\u00f1os del derrumbe que atrap\u00f3 a 33 mineros: En qu\u00e9 se avanz\u00f3 en materia de seguridad. Se refiere Carlos Moraga Cruz, director de la Escuela de Ingenier\u00eda Civil en Minas.\u00a0<\/a><br \/><br \/><\/div><div><b>CR\u00d3NICA DIGITAL<\/b>\u00a0<br \/><a href=\"https:\/\/cronicadigital.cl\/2024\/08\/05\/a-14-anos-del-derrumbe-que-atrapo-a-33-mineros-en-que-se-avanzo-en-materia-de-seguridad\/\">A 14 a\u00f1os del derrumbe que atrap\u00f3 a 33 mineros: En qu\u00e9 se avanz\u00f3 en materia de seguridad. Se refiere Carlos Moraga Cruz, director de la Escuela de Ingenier\u00eda Civil en Minas.\u00a0<\/a><br \/><br \/><\/div><div><b>TV MAULE<\/b>\u00a0<br \/><a href=\"https:\/\/www.tvmaule.cl\/a-14-anos-del-derrumbe-que-atrapo-a-33-mineros-en-que-se-avanzo-en-materia-de-seguridad\/\">A 14 a\u00f1os del derrumbe que atrap\u00f3 a 33 mineros: En qu\u00e9 se avanz\u00f3 en materia de seguridad. Se refiere Carlos Moraga Cruz, director de la Escuela de Ingenier\u00eda Civil en Minas.\u00a0<\/a><br \/><br \/><\/div><div><b>AD PRENSA<\/b>\u00a0<br \/><a href=\"https:\/\/www.adprensa.cl\/cronica\/a-14-anos-del-derrumbe-que-atrapo-a-33-mineros-en-que-se-avanzo-en-materia-de-seguridad\/\">A 14 a\u00f1os del derrumbe que atrap\u00f3 a 33 mineros: En qu\u00e9 se avanz\u00f3 en materia de seguridad. Se refiere Carlos Moraga Cruz, director de la Escuela de Ingenier\u00eda Civil en Minas.\u00a0<\/a><br \/><br \/><\/div><div><b>MEDIABANCO<\/b>\u00a0<br \/><a href=\"https:\/\/www.mediabanco.com\/a-14-anos-del-derrumbe-que-atrapo-a-33-mineros-en-que-se-avanzo-en-materia-de-seguridad\/\">A 14 a\u00f1os del derrumbe que atrap\u00f3 a 33 mineros: En qu\u00e9 se avanz\u00f3 en materia de seguridad. Se refiere Carlos Moraga Cruz, director de la Escuela de Ingenier\u00eda Civil en Minas.\u00a0<\/a><br \/><br \/><\/div><div><b>DIARIOS EN RED\u00a0<br \/><\/b><a href=\"https:\/\/www.diariosenred.com\/nacional\/a-14-anos-del-derrumbe-que-atrapo-a-33-mineros-en-que-se-avanzo-en\">A 14 a\u00f1os del derrumbe que atrap\u00f3 a 33 mineros: En qu\u00e9 se avanz\u00f3 en materia de seguridad. Se refiere Carlos Moraga Cruz, director de la Escuela de Ingenier\u00eda Civil en Minas.\u00a0<\/a><b><br \/><\/b><\/div><div>\u00a0<\/div><div><b>RED LOS R\u00cdOS<\/b>\u00a0<br \/><a href=\"https:\/\/www.redlosrios.com\/nacional\/a-14-anos-del-derrumbe-que-atrapo-a-33-mineros-en-que-se-avanzo-en\">A 14 a\u00f1os del derrumbe que atrap\u00f3 a 33 mineros: En qu\u00e9 se avanz\u00f3 en materia de seguridad. Se refiere Carlos Moraga Cruz, director de la Escuela de Ingenier\u00eda Civil en Minas.\u00a0<\/a><br \/><br \/><\/div><div><b>RED MAULE<\/b>\u00a0<br \/><a href=\"https:\/\/www.redmaule.com\/nacional\/a-14-anos-del-derrumbe-que-atrapo-a-33-mineros-en-que-se-avanzo-en\">A 14 a\u00f1os del derrumbe que atrap\u00f3 a 33 mineros: En qu\u00e9 se avanz\u00f3 en materia de seguridad. Se refiere Carlos Moraga Cruz, director de la Escuela de Ingenier\u00eda Civil en Minas.\u00a0<\/a><br \/><br \/><\/div><div><b>RED LOS LAGOS<\/b>\u00a0<br \/><a href=\"https:\/\/www.redloslagos.com\/nacional\/a-14-anos-del-derrumbe-que-atrapo-a-33-mineros-en-que-se-avanzo-en\">A 14 a\u00f1os del derrumbe que atrap\u00f3 a 33 mineros: En qu\u00e9 se avanz\u00f3 en materia de seguridad. Se refiere Carlos Moraga Cruz, director de la Escuela de Ingenier\u00eda Civil en Minas.\u00a0<\/a><br \/><br \/><\/div><div><b>RED ARICA<\/b>\u00a0<br \/><a href=\"https:\/\/www.redarica.com\/nacional\/a-14-anos-del-derrumbe-que-atrapo-a-33-mineros-en-que-se-avanzo-en\">A 14 a\u00f1os del derrumbe que atrap\u00f3 a 33 mineros: En qu\u00e9 se avanz\u00f3 en materia de seguridad. Se refiere Carlos Moraga Cruz, director de la Escuela de Ingenier\u00eda Civil en Minas.\u00a0<\/a><br \/><br \/><\/div><div><b>DIARIO EL HERALDO<\/b>\u00a0<br \/><a href=\"https:\/\/www.diarioelheraldo.cl\/noticia\/a-14-anos-del-derrumbe-que-atrapo-a-33-mineros-en-que-se-avanzo-en-materia-de-seguridad\">A 14 a\u00f1os del derrumbe que atrap\u00f3 a 33 mineros: En qu\u00e9 se avanz\u00f3 en materia de seguridad. Se refiere Carlos Moraga Cruz, director de la Escuela de Ingenier\u00eda Civil en Minas.\u00a0<\/a><br \/><br \/><\/div><div><b>EL DIARIO SANTIAGO<\/b>\u00a0<br \/><a href=\"https:\/\/www.eldiariosantiago.cl\/iniciativa-mejorara-la-produccion-de-hongos-comestibles-de-alto-valor\/\">Iniciativa mejorar\u00e1 la producci\u00f3n de hongos comestibles de alto valor. Se refiere C\u00e9sar Acevedo, acad\u00e9mico de la Facultad de Ciencias Agrarias.\u00a0<\/a><br \/><br \/><\/div><div><b>PORTAL AGRO CHILE<\/b>\u00a0<br \/><a href=\"https:\/\/www.portalagrochile.cl\/2024\/08\/05\/iniciativa-mejorara-la-produccion-de-hongos-comestibles-de-alto-valor\/\">Iniciativa mejorar\u00e1 la producci\u00f3n de hongos comestibles de alto valor. Se refiere C\u00e9sar Acevedo, acad\u00e9mico de la Facultad de Ciencias Agrarias.\u00a0<\/a><br \/><br \/><\/div><div><b>DIARIO FRUT\u00cdCOLA\u00a0<br \/><\/b><a href=\"https:\/\/www.diariofruticola.cl\/noticia\/noticias-agricolas\/2024\/08\/buscan-mejorar-valor-nutricional-de-hongos-para-aumentar-rentabilidad\">Buscan mejorar valor nutricional de hongos para aumentar rentabilidad. Se refiere C\u00e9sar Acevedo, acad\u00e9mico de la Facultad de Ciencias Agrarias.\u00a0<\/a><b><br \/><\/b><\/div><div>\u00a0<\/div><div><b>COOPERATIVA CIENCIA\u00a0<br \/><\/b><a href=\"https:\/\/www.cooperativaciencia.cl\/medio-ambiente\/2024\/08\/05\/iniciativa-mejorara-la-produccion-de-hongos-comestibles-de-alto-valor\/\">Iniciativa mejorar\u00e1 la producci\u00f3n de hongos comestibles de alto valor. Se refiere C\u00e9sar Acevedo, acad\u00e9mico de la Facultad de Ciencias Agrarias.\u00a0<\/a><b><br \/><\/b><\/div><div><b>\u00a0<\/b><\/div><div><b>EST\u00c1 PASANDO\u00a0<br \/><\/b><a href=\"https:\/\/estapasando.cl\/ley-chao-cables-cinco-anos-de-espera-para-su-aplicacion\/\">Ley Chao Cables: Cinco a\u00f1os de espera para su aplicaci\u00f3n. Se refiere Miguel Arriagada, director de la Escuela de Ingenier\u00eda Civil en Obras Civiles.\u00a0<\/a><b><br \/><\/b><\/div><div>\u00a0<\/div><div><b>REVISTA MUNDO AGRO\u00a0<br \/><\/b><a href=\"https:\/\/www.litoralpress.cl\/paginaconsultas\/Servicios_NClipSitio\/Get_Imagen_Nota.aspx?LPKey=ZOH2AKTCFZINKDN2FDQJZIJ3MA7BUDJKDIIQTBCYI3CKMMBNBLU5VAUNDWGIBOLWSV6UMTVK56DQ4\">Capacidad productiva del avellano europeo. Se refiere Jos\u00e9 Antonio Yuri, acad\u00e9mico Facultad de Ciencias Agrarias.\u00a0<\/a><b><br \/><\/b><b><u><a id=\"OWA635741e3-c3a3-ba0f-db04-a93b4c8cca84\" class=\"x_x_Hyperlink x_x_SCXW37388985 x_x_BCX0 x_x_OWAAutoLink\" href=\"https:\/\/www.litoralpress.cl\/paginaconsultas\/Servicios_NClipSitio\/Get_Imagen_Nota.aspx?LPKey=ZOH2AKTCFZINKDN2FDQJZIJ3MA7BUDJKDIIQTBCYI3CKMMBNBLU5VAUNDWGIBOLWSV6UMTVK56DQ4\" target=\"_blank\" rel=\"noopener noreferrer\" data-auth=\"NotApplicable\" data-linkindex=\"26\"><\/a><\/u><\/b><b>\u00a0<\/b><\/div><div><b>LA PRENSA DE CURIC\u00d3<\/b>\u00a0<br \/><a href=\"https:\/\/www.litoralpress.cl\/paginaconsultas\/Servicios_NClipSitio\/Get_Imagen_Nota.aspx?LPKey=3MRGDT3ZDEMT7UUR6WYFLIOICOMVBTFR5DSGLM4VQ5U7T45OTXEV76QFEAYGMCTWD56PR4EFEBJQQ\">SUCEDE. Se menciona la Universidad de Talca.\u00a0<\/a><br \/><br \/><\/div><div><b>REVISTA MUNDO AGRO<\/b>\u00a0<br \/><a href=\"https:\/\/www.litoralpress.cl\/paginaconsultas\/Servicios_NClipSitio\/Get_Imagen_Nota.aspx?LPKey=QHLOZMNSWWHUDKW3APUQVTPXCQO4F3P6EMWGQIPI5OSRVFD3R6BDMTWJTLDG5Z4D5DK3VUHQEL2CU\">SUMARIO. Se menciona la Universidad de Talca.\u00a0<\/a><br \/><br \/><\/div><div><b>PUBLIMICRO\u00a0<br \/><\/b><a href=\"https:\/\/publimicro.cl\/voluntariado-de-escuela-de-odontologia-de-la-universidad-de-talca-realizan-operativo-de-salud-bucal\/\">Voluntariado de Escuela de Odontolog\u00eda de la Universidad de Talca realizan operativo de salud bucal. Se menciona la Universidad de Talca.\u00a0<\/a><b><br \/><\/b><\/div><div>\u00a0<\/div><div><b>MALON DE ARTE<\/b>\u00a0<br \/><a href=\"https:\/\/elmalondelarte.cl\/cuatro-entidades-culturales-se-unen-para-presentar-gran-muestra-antologica-de-hugo-marin\/\">Cuatro entidades culturales se unen para presentar gran muestra antol\u00f3gica de Hugo Mar\u00edn. Se menciona la Universidad de Talca.\u00a0<\/a><br \/><br \/><\/div>\t\t\t\t\t\t<\/div>\n\t\t\t\t<\/div>\n\t\t\t\t\t<\/div>\n\t\t<\/div>\n\t\t\t\t\t\t\t<\/div>\n\t\t<\/section>\n\t\t\t\t\t\t<\/div>\n\t\t\t\t\t<\/div>\n\t\t","protected":false},"excerpt":{"rendered":"<p>PORTAL EDUCA\u00a0M\u00e1s de 6 mil escolares conocieron la oferta acad\u00e9mica de la UTalca. Se refiere, Paula Manr\u00edquez vicerrectora de Formaci\u00f3n de la Instituci\u00f3n y Paola Morales, directora de Ciclo de Vida Estudiantil (CIVE).\u00a0\u00a0EL MERCURIO\u00a0Lluvias dejan todos los embalses de la zona central con nivel sobre 70%. Se refiere Patricio Gonz\u00e1lez Colville, agroclimat\u00f3logo y acad\u00e9mico del &hellip;<\/p>\n<p class=\"read-more\"> <a class=\"\" href=\"https:\/\/www.reportedeprensa.utalca.cl\/?p=10311\"> <span class=\"screen-reader-text\">06 de agosto de 2024<\/span> Read More &raquo;<\/a><\/p>\n","protected":false},"author":1,"featured_media":0,"comment_status":"closed","ping_status":"open","sticky":false,"template":"","format":"standard","meta":{"_monsterinsights_skip_tracking":false,"_monsterinsights_sitenote_active":false,"_monsterinsights_sitenote_note":"","_monsterinsights_sitenote_category":0},"categories":[51],"tags":[],"_links":{"self":[{"href":"https:\/\/www.reportedeprensa.utalca.cl\/index.php?rest_route=\/wp\/v2\/posts\/10311"}],"collection":[{"href":"https:\/\/www.reportedeprensa.utalca.cl\/index.php?rest_route=\/wp\/v2\/posts"}],"about":[{"href":"https:\/\/www.reportedeprensa.utalca.cl\/index.php?rest_route=\/wp\/v2\/types\/post"}],"author":[{"embeddable":true,"href":"https:\/\/www.reportedeprensa.utalca.cl\/index.php?rest_route=\/wp\/v2\/users\/1"}],"replies":[{"embeddable":true,"href":"https:\/\/www.reportedeprensa.utalca.cl\/index.php?rest_route=%2Fwp%2Fv2%2Fcomments&post=10311"}],"version-history":[{"count":4,"href":"https:\/\/www.reportedeprensa.utalca.cl\/index.php?rest_route=\/wp\/v2\/posts\/10311\/revisions"}],"predecessor-version":[{"id":10315,"href":"https:\/\/www.reportedeprensa.utalca.cl\/index.php?rest_route=\/wp\/v2\/posts\/10311\/revisions\/10315"}],"wp:attachment":[{"href":"https:\/\/www.reportedeprensa.utalca.cl\/index.php?rest_route=%2Fwp%2Fv2%2Fmedia&parent=10311"}],"wp:term":[{"taxonomy":"category","embeddable":true,"href":"https:\/\/www.reportedeprensa.utalca.cl\/index.php?rest_route=%2Fwp%2Fv2%2Fcategories&post=10311"},{"taxonomy":"post_tag","embeddable":true,"href":"https:\/\/www.reportedeprensa.utalca.cl\/index.php?rest_route=%2Fwp%2Fv2%2Ftags&post=10311"}],"curies":[{"name":"wp","href":"https:\/\/api.w.org\/{rel}","templated":true}]}}