{"id":10324,"date":"2024-08-07T12:37:17","date_gmt":"2024-08-07T15:37:17","guid":{"rendered":"https:\/\/www.reportedeprensa.utalca.cl\/?p=10324"},"modified":"2024-08-07T12:45:20","modified_gmt":"2024-08-07T15:45:20","slug":"07-de-agosto-de-2024","status":"publish","type":"post","link":"https:\/\/www.reportedeprensa.utalca.cl\/?p=10324","title":{"rendered":"07 de agosto de 2024"},"content":{"rendered":"\t\t<div data-elementor-type=\"wp-post\" data-elementor-id=\"10324\" class=\"elementor elementor-10324\" data-elementor-settings=\"[]\">\n\t\t\t\t\t\t\t<div class=\"elementor-section-wrap\">\n\t\t\t\t\t\t\t<section class=\"elementor-section elementor-top-section elementor-element elementor-element-bcea1a8 elementor-section-boxed elementor-section-height-default elementor-section-height-default\" data-id=\"bcea1a8\" data-element_type=\"section\">\n\t\t\t\t\t\t<div class=\"elementor-container elementor-column-gap-default\">\n\t\t\t\t\t<div class=\"elementor-column elementor-col-100 elementor-top-column elementor-element elementor-element-e7183bf\" data-id=\"e7183bf\" data-element_type=\"column\">\n\t\t\t<div class=\"elementor-widget-wrap elementor-element-populated\">\n\t\t\t\t\t\t\t\t<div class=\"elementor-element elementor-element-58d7315 elementor-widget elementor-widget-text-editor\" data-id=\"58d7315\" data-element_type=\"widget\" data-widget_type=\"text-editor.default\">\n\t\t\t\t<div class=\"elementor-widget-container\">\n\t\t\t\t\t\t\t\t<div><b>EL MOSTRADOR\u00a0<br \/><\/b><a href=\"https:\/\/www.elmostrador.cl\/noticias\/pais\/2024\/08\/06\/a-14-anos-del-derrumbe-que-atrapo-a-33-mineros-en-que-se-avanzo-en-materia-de-seguridad\/\">A 14 a\u00f1os del derrumbe que atrap\u00f3 a 33 mineros: en qu\u00e9 se avanz\u00f3 en materia de seguridad. Se refiere Carlos Moraga Cruz, director de la Escuela de Ingenier\u00eda Civil de Minas.\u00a0<\/a><b><br \/><\/b><\/div><div>\u00a0<\/div><div><b>EL HERALDO\u00a0<br \/><\/b><a href=\"https:\/\/www.litoralpress.cl\/paginaconsultas\/Servicios_NClipSitio\/Get_Imagen_Nota.aspx?LPKey=DZPJVLVAVUIDPZFM7MDZDN7RQCZEDNJBD64TLYN7CFVH2KF2JCAQUVXTT66PP3YTKIKPZSW22LJX4\">A 14 a\u00f1os del derrumbe que atrap\u00f3 a 33 mineros: En qu\u00e9 se avanz\u00f3 en materia de seguridad. Se refiere Carlos Moraga Cruz, director de la Escuela de Ingenier\u00eda Civil de Minas.\u00a0<\/a><br \/><br \/><\/div><div class=\"x_elementToProof\"><b>LA PRENSA DE CURIC\u00d3\u00a0<\/b><br \/><a href=\"https:\/\/www.litoralpress.cl\/paginaconsultas\/Servicios_NClipSitio\/Get_Imagen_Nota.aspx?LPKey=XYRMBXBC3R2PJ2DY3RKL6NVNNDHZCCHWW5DHGNB6CYS4MHOY4T4TIC6QHXXWWZHOOE7EJLZTVJQ3A\">Destacan avance en seguridad a 14 a\u00f1os del derrumbe de la Mina San Jos\u00e9. Se refiere Carlos Moraga Cruz, director de la Escuela de Ingenier\u00eda Civil de Minas.\u00a0<\/a><\/div><div>\u00a0<\/div><div><b>EL DIARIO INMOBILIARIO\u00a0<\/b><br \/><a href=\"https:\/\/eldiarioinmobiliario.cl\/destacadas\/a-14-anos-del-derrumbe-en-la-mina-san-jose-lecciones-y-avances-en-la-seguridad-minera\/\">A 14 a\u00f1os del derrumbe que atrap\u00f3 a 33 mineros: En qu\u00e9 se avanz\u00f3 en materia de seguridad. Se refiere Carlos Moraga Cruz, director de la Escuela de Ingenier\u00eda Civil de Minas.\u00a0<\/a><br \/><br \/><\/div><div><b>RADIO CRISTALINA\u00a0<\/b><br \/><a href=\"https:\/\/vilasradio.cl\/se-agravara-la-situacion-con-el-crimen-organizado-en-chile-tras-las-elecciones-en-venezuela-expertos-opinan\/\">A 14 a\u00f1os del derrumbe que atrap\u00f3 a 33 mineros: En qu\u00e9 se avanz\u00f3 en materia de seguridad. Se refiere Carlos Moraga Cruz, director de la Escuela de Ingenier\u00eda Civil de Minas.\u00a0<\/a><br \/><br \/><\/div><div><b>RADIO LAUTARO\u00a0<\/b><br \/><a href=\"https:\/\/radiolautarotalca.cl\/industria-minera-chilena-experto-analiza-los-avances-en-materia-de-seguridad\/\">Industria minera chilena: Experto analiza los avances en materia de seguridad. Se refiere Carlos Moraga Cruz, director de la Escuela de Ingenier\u00eda Civil de Minas.\u00a0<\/a><br \/><br \/><\/div><div class=\"x_elementToProof\"><b>S\u00c9PTIMA P\u00c1GINA NOTICIAS\u00a0<\/b><br \/><a href=\"https:\/\/www.septimapaginanoticias.cl\/a-14-anos-del-derrumbe-que-atrapo-a-33-mineros-en-que-se-avanzo-en-materia-de-seguridad\">A 14 a\u00f1os del derrumbe que atrap\u00f3 a 33 mineros: En qu\u00e9 se avanz\u00f3 en materia de seguridad. Se refiere Carlos Moraga Cruz, director de la Escuela de Ingenier\u00eda Civil de Minas.\u00a0<\/a><\/div><div>\u00a0<\/div><div><b>RADIO BIOB\u00cdO\u00a0<br \/><\/b><a href=\"https:\/\/www.litoralpress.cl\/sitio\/RadioTV_Detalles.cshtml?LPKey=RGZ3QYAFVJXAWVNENIYDOFC6JNK2GQNCEQ7TJCSDJHSZWAE5HPGX2UOYN2YEEQ5NW7RV44F7CDNIC\">La Direcci\u00f3n Meteorol\u00f3gica emiti\u00f3 una advertencia agro -meteorol\u00f3gica por heladas. Se refiere Patricio Gonz\u00e1lez, acad\u00e9mico del Centro de Investigaci\u00f3n y Transferencia en Riego y Agroclimatolog\u00eda (CITRA).\u00a0<\/a><b><br \/><\/b><b>\u00a0<\/b><b><\/b><\/div><div><b>AD PRENSA\u00a0<br \/><\/b><a href=\"https:\/\/www.adprensa.cl\/cronica\/analizan-deficit-de-especialistas-medicos-en-el-maule\/\">Analizan d\u00e9ficit de especialistas m\u00e9dicos en el Maule. Se refiere Ernesto Sol\u00eds, director de la Escuela de Medicina.<\/a><b><br \/><\/b><\/div><div>\u00a0<\/div><div><b>TV5\u00a0 LINARES<\/b><\/div><div><a href=\"https:\/\/www.tv5.cl\/categoria\/local\/analizan-deficit-especialistas-medicos-maule\">Analizan D\u00e9ficit de Especialistas M\u00e9dicos en el Maule. Se refiere Ernesto Sol\u00eds, director Escuela de Medicina.\u00a0<\/a><br \/><br \/><\/div><div><b>ELHERALDO.CL<\/b>\u00a0<br \/><a href=\"https:\/\/www.diarioelheraldo.cl\/noticia\/analizan-deficit-de-especialistas-medicos-en-el-maule\">Analizan D\u00e9ficit de Especialistas M\u00e9dicos en el Maule. Se refiere Ernesto Sol\u00eds, director Escuela de Medicina.\u00a0<\/a><\/div><div>\u00a0<\/div><div><b>RADIO GUAYAC\u00c1N\u00a0<br \/><\/b><a href=\"https:\/\/www.litoralpress.cl\/sitio\/RadioTV_Detalles.cshtml?LPKey=SGMF6YNKFFFBYZMG3VALPYQXGJNDPTFOX7AGXDPEHDXEA4YWQUKKUJFRSX7HYMQ5MRWHS67BZ2G46\">Crisis migratoria post elecciones de Venezuela. Entrevista a Isaac Ravetllat, director del Centro de Estudios sobre los Derechos de la Infancia y la Adolescencia (CEDIA).\u00a0<\/a><b><br \/><\/b><\/div><div>\u00a0<\/div><div><b>MAULE NEWS\u00a0<br \/><\/b><a href=\"https:\/\/www.maulenews.com\/2024\/08\/estudiantes-de-la-utalca-realizaron.html\">Estudiantes de la UTalca realizaron masiva jornada odontol\u00f3gica en Cauquenes. Se refiere \u00c1lvaro Arellano Arriagada, director de la Escuela de Odontolog\u00eda.\u00a0<\/a><\/div><div>\u00a0<\/div><div><b>CANAL UNIVERSIDAD DE C\u00d3RDOBA\u00a0(ARGENTINA)<br \/><\/b><a href=\"https:\/\/www.litoralpress.cl\/sitio\/RadioTV_Detalles.cshtml?LPKey=QAJO7SY6H7VGAUIQW5Q3HF36FBGCZUD4LCKW2OXQ45R6PCJNM443NJF4762LZV2EKAHHMZHXQWC34\">C\u00f3mo comprender los eclipses. Entrevista a Caddy Cort\u00e9s, acad\u00e9mica Facultad de Ingenier\u00eda.\u00a0<\/a><b><br \/><\/b><b><u><a id=\"OWA4d21cad5-0a97-ee3e-ee97-dbe85a751ea6\" class=\"x_x_Hyperlink x_x_SCXW243146829 x_x_BCX0 x_x_OWAAutoLink\" href=\"https:\/\/www.litoralpress.cl\/sitio\/RadioTV_Detalles.cshtml?LPKey=QAJO7SY6H7VGAUIQW5Q3HF36FBGCZUD4LCKW2OXQ45R6PCJNM443NJF4762LZV2EKAHHMZHXQWC34\" target=\"_blank\" rel=\"noopener noreferrer\" data-auth=\"NotApplicable\" data-linkindex=\"13\"><\/a><\/u><\/b><b>\u00a0<\/b><b><\/b><\/div><div><b>EL D\u00cdNAMO\u00a0<br \/><\/b><a href=\"https:\/\/www.eldinamo.cl\/buen-dato\/2024\/08\/06\/generadores-electricos-cuanto-cuestan-y-cuales-se-recomiendan-para-una-casa\/\">Generadores el\u00e9ctricos: cu\u00e1nto cuestan y cu\u00e1les se recomiendan para una casa. Se refiere Francisco Mateo, ingeniero Centro Tecnol\u00f3gico Kipus. \u00a0<\/a><b><br \/><\/b><\/div><div>\u00a0<\/div><div><b>INSULAR FM<\/b>\u00a0<br \/><a href=\"https:\/\/www.insularfm.cl\/generadores-electricos-cuanto-cuestan-y-cuales-se-recomiendan-para-una-casa\/\">Generadores el\u00e9ctricos: cu\u00e1nto cuestan y cu\u00e1les se recomiendan para una casa. Se refiere Francisco Mateo, ingeniero Centro Tecnol\u00f3gico Kipus.\u00a0<\/a><br \/><br \/><\/div><div><b>RADIO INFINITA<\/b>\u00a0<br \/><a href=\"https:\/\/www.litoralpress.cl\/sitio\/RadioTV_Detalles.cshtml?LPKey=I3A3O5AVOKQZ3SPH4ZOPKI6FRNARBB3EG6GQ3YBOGIGGJ6XJPKXJNJZAQS2O664RHJLX2LQZK34SI\">Comentario de pol\u00edtica de Mauricio Morales Quiroga, director del Centro de An\u00e1lisis Pol\u00edtico (CAP).\u00a0<\/a><br \/><br \/><\/div><div><b>CANAL CNN\u00a0<br \/><\/b><a href=\"https:\/\/www.litoralpress.cl\/sitio\/RadioTV_Detalles.cshtml?LPKey=I5HTRTREJMRQELDBQ266L37CBSC2M7WR2M7TD2X2ELJG5Q43YIIV62DNGDXEDRBXWGKJGCJ6AVOMI\">Aldo Duque baj\u00f3 su postulaci\u00f3n a la alcald\u00eda de Santiago. Se refiere Mauricio Morales Quiroga, director del Centro de An\u00e1lisis Pol\u00edtico (CAP).\u00a0<\/a><b><br \/><\/b><\/div><div><b>\u00a0<\/b><\/div><div><b>RADIO USACH\u00a0<br \/><\/b><a href=\"https:\/\/www.litoralpress.cl\/sitio\/RadioTV_Detalles.cshtml?LPKey=PCQ5L4FA5BTCFDGIRNTFG5NYJLABRDJ27C7ZXSVGU55SHRFTOLVFBKZ56IBAGYVXLK7527JW5HB22\">\u201cLa IA ha aportado en mejorar la capacidad de tomar decisiones\u201d. Se refiere Mario Herrera Mu\u00f1oz, acad\u00e9mico del Centro de An\u00e1lisis Pol\u00edtico (CAP).\u00a0<\/a><b><br \/><\/b><\/div><div>\u00a0<\/div><div><b>EL HERALDO\u00a0<br \/><\/b><a href=\"https:\/\/www.litoralpress.cl\/paginaconsultas\/Servicios_NClipSitio\/Get_Imagen_Nota.aspx?LPKey=U3VLJPU54ZME5ASJWIYPCXEWY7BXRT5UXD6YCVIDMGAAUNK5I6IA22FZPMYL2CHN3TMFRKMCMISAG\">\u201cCasita NUGA\u201d de la UTalca recorre colegios del Maule. Se refiere Marcela Albornoz Dachelet, directora de Extensi\u00f3n Cultural-Art\u00edstica.\u202f\u00a0<\/a><b><br \/><\/b><b><u><a id=\"OWA0cd8b602-a130-e84c-0589-7fb42e841c1f\" class=\"x_x_Hyperlink x_x_SCXW243146829 x_x_BCX0 x_x_OWAAutoLink\" href=\"https:\/\/www.litoralpress.cl\/paginaconsultas\/Servicios_NClipSitio\/Get_Imagen_Nota.aspx?LPKey=U3VLJPU54ZME5ASJWIYPCXEWY7BXRT5UXD6YCVIDMGAAUNK5I6IA22FZPMYL2CHN3TMFRKMCMISAG\" target=\"_blank\" rel=\"noopener noreferrer\" data-auth=\"NotApplicable\" data-linkindex=\"19\"><\/a><\/u><\/b><\/div><div>\u00a0<\/div><div><b>EL LECTOR<\/b>\u00a0<br \/><a href=\"https:\/\/www.litoralpress.cl\/paginaconsultas\/Servicios_NClipSitio\/Get_Imagen_Nota.aspx?LPKey=MK3JDPE3ZGU76U4IR2T6TVZAN3GXRD2E2BACCGBAZS52CRWN5VPKSTURLVLNM3H2JNJZ7IJ5JSMJO\">\u201cCasita NUGA\u201d de la UTalca recorre colegios del Maule. Se refiere Marcela Albornoz Dachelet, directora de Extensi\u00f3n Cultural-Art\u00edstica.\u202f\u00a0<\/a><br \/><br \/><\/div><div><b>VILAS RADIO<\/b>\u00a0<br \/><a href=\"https:\/\/vilasradio.cl\/se-agravara-la-situacion-con-el-crimen-organizado-en-chile-tras-las-elecciones-en-venezuela-expertos-opinan\/\">\u00bfSe agravar\u00e1 la situaci\u00f3n con el crimen organizado en Chile tras las elecciones en Venezuela?: expertos opinan. Alejandra M\u00e1rquez, acad\u00e9mica Facultad de Ciencias Jur\u00eddicas y Sociales.\u00a0<\/a><br \/><br \/><\/div><div><b>EXPLORA SUR PONIENTE<\/b>\u00a0<br \/><a href=\"https:\/\/www.explora.cl\/maule\/recursos-educativos-explora\/\">Recursos educativos Explora. Se menciona la Universidad de Talca.\u00a0<\/a><br \/><br \/><\/div><div><b>LADISCUSI\u00d3N.CL<\/b><br \/><a href=\"https:\/\/www.ladiscusion.cl\/permisologia-y-freno-a-la-construccion\/\">Permisolog\u00eda y freno a la construcci\u00f3n. Se menciona la Universidad de Talca.\u00a0<\/a><br \/><br \/><\/div><div><b>DIARIO LA DISCUSI\u00d3N<\/b>\u00a0<br \/><a href=\"https:\/\/www.litoralpress.cl\/paginaconsultas\/Servicios_NClipSitio\/Get_Imagen_Nota.aspx?LPKey=3FKGFZJL5W2M6OU5FSMIG5TY5JR72JJTYPJQ5EH7OMQ5IWTQ5TT3I43GBYOYAKA6F6OPKSA26HTRO\">Permisolog\u00eda y freno a la construcci\u00f3n. Se menciona la Universidad de Talca.\u00a0 \u00a0<\/a><br \/><br \/><\/div><div><b>LA TERCERA<\/b>\u00a0<br \/><a href=\"https:\/\/www.litoralpress.cl\/paginaconsultas\/Servicios_NClipSitio\/Get_Imagen_Nota.aspx?LPKey=HZQZHZOMDOSS556HY746HC7GBHW5RSRGIPZJ452ZSPT5MOSGGEVJSHEQ7I54ZRVR23NCJGNI5PNZU\">COLUMNA DE OPINI\u00d3N: Hugo Mar\u00edn, un gigante que hay que recordar. Se menciona la Universidad de Talca.\u00a0 \u00a0<\/a><br \/><br \/><\/div><div><b>LA TERCERA<\/b>\u00a0<br \/><a href=\"https:\/\/www.litoralpress.cl\/paginaconsultas\/Servicios_NClipSitio\/Get_Imagen_Nota.aspx?LPKey=WCSPXIGRJXK37MFAETMRORJKSBM64YOXIUALMZKJVXYBPQQ55HFKN7EPEBOTLN7RFBAT3TQRE6LIQ\">FNE versus universidades: Una cuesti\u00f3n de principios. Se menciona la Universidad de Talca.\u00a0 \u00a0<\/a><br \/><br \/><\/div><div><b>WIP<\/b>\u00a0<br \/><a href=\"https:\/\/wip.cl\/vina-montes-se-une-a-la-comunidad-global-de-empresas-b\/\">Vi\u00f1a montes se une a la comunidad global de empresas b.<b> <\/b>Se menciona la Universidad de Talca.\u00a0 \u00a0<\/a><br \/><br \/><b>PUENTE ALTO AL D\u00cdA<\/b>\u00a0<br \/><a href=\"https:\/\/www.puentealtoaldia.com\/pirque-se-prepara-para-la-8va-version-del-encuentro-apicola\/\">Pirque se prepara para la 8va versi\u00f3n del Encuentro Ap\u00edcola. Se menciona la Universidad de Talca.\u00a0\u00a0<\/a><br \/><br \/><b>LA PRENSA DE CURIC\u00d3<\/b>\u00a0<br \/><a href=\"https:\/\/www.litoralpress.cl\/paginaconsultas\/Servicios_NClipSitio\/Get_Imagen_Nota.aspx?LPKey=WETLHKCTM6MH77SQSOQ5P54RHZHYJW735E6USUS3HHNNKP7HA6J7ZZLQ4WCWEYHSB2PKGOCHZYO34\">Sucede. Se menciona la Universidad de Talca.\u00a0 \u00a0<\/a><br \/><br \/><\/div>\t\t\t\t\t\t<\/div>\n\t\t\t\t<\/div>\n\t\t\t\t\t<\/div>\n\t\t<\/div>\n\t\t\t\t\t\t\t<\/div>\n\t\t<\/section>\n\t\t\t\t\t\t<\/div>\n\t\t\t\t\t<\/div>\n\t\t","protected":false},"excerpt":{"rendered":"<p>EL MOSTRADOR\u00a0A 14 a\u00f1os del derrumbe que atrap\u00f3 a 33 mineros: en qu\u00e9 se avanz\u00f3 en materia de seguridad. Se refiere Carlos Moraga Cruz, director de la Escuela de Ingenier\u00eda Civil de Minas.\u00a0\u00a0EL HERALDO\u00a0A 14 a\u00f1os del derrumbe que atrap\u00f3 a 33 mineros: En qu\u00e9 se avanz\u00f3 en materia de seguridad. Se refiere Carlos Moraga &hellip;<\/p>\n<p class=\"read-more\"> <a class=\"\" href=\"https:\/\/www.reportedeprensa.utalca.cl\/?p=10324\"> <span class=\"screen-reader-text\">07 de agosto de 2024<\/span> Read More &raquo;<\/a><\/p>\n","protected":false},"author":1,"featured_media":0,"comment_status":"closed","ping_status":"open","sticky":false,"template":"","format":"standard","meta":{"_monsterinsights_skip_tracking":false,"_monsterinsights_sitenote_active":false,"_monsterinsights_sitenote_note":"","_monsterinsights_sitenote_category":0},"categories":[51],"tags":[],"_links":{"self":[{"href":"https:\/\/www.reportedeprensa.utalca.cl\/index.php?rest_route=\/wp\/v2\/posts\/10324"}],"collection":[{"href":"https:\/\/www.reportedeprensa.utalca.cl\/index.php?rest_route=\/wp\/v2\/posts"}],"about":[{"href":"https:\/\/www.reportedeprensa.utalca.cl\/index.php?rest_route=\/wp\/v2\/types\/post"}],"author":[{"embeddable":true,"href":"https:\/\/www.reportedeprensa.utalca.cl\/index.php?rest_route=\/wp\/v2\/users\/1"}],"replies":[{"embeddable":true,"href":"https:\/\/www.reportedeprensa.utalca.cl\/index.php?rest_route=%2Fwp%2Fv2%2Fcomments&post=10324"}],"version-history":[{"count":4,"href":"https:\/\/www.reportedeprensa.utalca.cl\/index.php?rest_route=\/wp\/v2\/posts\/10324\/revisions"}],"predecessor-version":[{"id":10329,"href":"https:\/\/www.reportedeprensa.utalca.cl\/index.php?rest_route=\/wp\/v2\/posts\/10324\/revisions\/10329"}],"wp:attachment":[{"href":"https:\/\/www.reportedeprensa.utalca.cl\/index.php?rest_route=%2Fwp%2Fv2%2Fmedia&parent=10324"}],"wp:term":[{"taxonomy":"category","embeddable":true,"href":"https:\/\/www.reportedeprensa.utalca.cl\/index.php?rest_route=%2Fwp%2Fv2%2Fcategories&post=10324"},{"taxonomy":"post_tag","embeddable":true,"href":"https:\/\/www.reportedeprensa.utalca.cl\/index.php?rest_route=%2Fwp%2Fv2%2Ftags&post=10324"}],"curies":[{"name":"wp","href":"https:\/\/api.w.org\/{rel}","templated":true}]}}