{"id":10333,"date":"2024-08-08T16:12:52","date_gmt":"2024-08-08T19:12:52","guid":{"rendered":"https:\/\/www.reportedeprensa.utalca.cl\/?p=10333"},"modified":"2024-08-08T17:02:01","modified_gmt":"2024-08-08T20:02:01","slug":"08-de-agosto-de-2024","status":"publish","type":"post","link":"https:\/\/www.reportedeprensa.utalca.cl\/?p=10333","title":{"rendered":"08 de agosto de 2024"},"content":{"rendered":"\t\t<div data-elementor-type=\"wp-post\" data-elementor-id=\"10333\" class=\"elementor elementor-10333\" data-elementor-settings=\"[]\">\n\t\t\t\t\t\t\t<div class=\"elementor-section-wrap\">\n\t\t\t\t\t\t\t<section class=\"elementor-section elementor-top-section elementor-element elementor-element-bcea1a8 elementor-section-boxed elementor-section-height-default elementor-section-height-default\" data-id=\"bcea1a8\" data-element_type=\"section\">\n\t\t\t\t\t\t<div class=\"elementor-container elementor-column-gap-default\">\n\t\t\t\t\t<div class=\"elementor-column elementor-col-100 elementor-top-column elementor-element elementor-element-e7183bf\" data-id=\"e7183bf\" data-element_type=\"column\">\n\t\t\t<div class=\"elementor-widget-wrap elementor-element-populated\">\n\t\t\t\t\t\t\t\t<div class=\"elementor-element elementor-element-58d7315 elementor-widget elementor-widget-text-editor\" data-id=\"58d7315\" data-element_type=\"widget\" data-widget_type=\"text-editor.default\">\n\t\t\t\t<div class=\"elementor-widget-container\">\n\t\t\t\t\t\t\t\t<div><b>CANAL TVN &#8211; PROGRAMA ESPECIAL \u00a0<br \/><\/b><a href=\"https:\/\/www.litoralpress.cl\/sitio\/RadioTV_Detalles.cshtml?LPKey=AZVGA4CZ7OF4VLEST75QI5QNLI5XCYONMTLCGCXAW6DQIYW33LLF5GTMTT6KSCCMM6XTUPR2GA5MS\">Programa Crisis en Venezuela: \u00bfC\u00f3mo afecta a Chile? Se refiere Fabiola Vergara Ceballos, acad\u00e9mica Facultad de Ciencias Jur\u00eddicas y Sociales.\u00a0\u00a0 \u00a0<\/a><b><br \/><\/b><b><u><a id=\"OWAfdad2be3-a3e2-0d1e-7142-4cee3e5b073e\" class=\"x_x_Hyperlink x_x_SCXW208754489 x_x_BCX0 x_x_OWAAutoLink\" href=\"https:\/\/www.litoralpress.cl\/sitio\/RadioTV_Detalles.cshtml?LPKey=AZVGA4CZ7OF4VLEST75QI5QNLI5XCYONMTLCGCXAW6DQIYW33LLF5GTMTT6KSCCMM6XTUPR2GA5MS\" target=\"_blank\" rel=\"noopener noreferrer\" data-auth=\"NotApplicable\" data-linkindex=\"0\"><\/a><\/u><\/b><b><\/b><\/div><div>\u00a0<\/div><div><b>EL HERALDO\u00a0<\/b><\/div><div><a href=\"https:\/\/www.litoralpress.cl\/paginaconsultas\/Servicios_NClipSitio\/Get_Imagen_Nota.aspx?LPKey=5PRELTRVWYD64A5XBEWNDLY7BQPSRKPMLRWH24HVIAVKXNQEHAOVA3KKZIAXQGPMAPLMBJFPQCWQ2\">Analizan d\u00e9ficit de especialistas m\u00e9dicos en el Maule. Se refiere Ernesto Sol\u00eds, director Escuela de Medicina.\u202f\u00a0<\/a><b><br \/><\/b><\/div><div>\u00a0<\/div><div><b>EL LECTOR <\/b>\u00a0<br \/><a href=\"https:\/\/www.litoralpress.cl\/paginaconsultas\/Servicios_NClipSitio\/Get_Imagen_Nota.aspx?LPKey=OGXJ3PLGZ6B7EGY4KPXY2PZDMMEXHBV5OYERBKF5ZISMJS33ZYU7C6CDDHPNV7ZUPXKHX73ZPF6NW\">Analizan d\u00e9ficit de especialistas m\u00e9dicos en el Maule. Se refiere Ernesto Sol\u00eds, director Escuela de Medicina.\u202f\u00a0<\/a><br \/><br \/><\/div><div><b>TV5 LINARES<\/b>\u00a0<br \/><a href=\"https:\/\/www.litoralpress.cl\/sitio\/RadioTV_Detalles.cshtml?LPKey=P64YQTE4TVJJUMMCY5C43VOOPDFEBR33DEEU3SIPRPU4DQUYGNX4RBLGQIKCIXNLUE5KLI7YYWIUS\">Estrategias para retener a los m\u00e9dicos formados en la regi\u00f3n. Se refiere Ernesto Sol\u00eds, director Escuela de Medicina.\u202f\u00a0<\/a><\/div><div>\u00a0<\/div><div><b>LA PRENSA DE CURIC\u00d3\u00a0<br \/><\/b><a href=\"https:\/\/www.litoralpress.cl\/paginaconsultas\/Servicios_NClipSitio\/Get_Imagen_Nota.aspx?LPKey=HKFSWTO4AAUJZJQTD7RMS2O5AUHJCGIX5DFEEC43ZK4VU7RMIYKTWAEIBL5KGNOTCSQ6XY24CPYVW\">Preocupaci\u00f3n genera la falta de m\u00e9dicos especialistas. Se refiere Ernesto Sol\u00eds, director Escuela de Medicina.\u202f<\/a><b><br \/><\/b><\/div><div>\u00a0<\/div><div><b>DIARIO EL HERALDO<\/b>\u00a0<br \/><a href=\"https:\/\/www.diarioelheraldo.cl\/noticia\/analizan-deficit-de-especialistas-medicos-en-el-maule\">Analizan d\u00e9ficit de especialistas m\u00e9dicos en el Maule. Se refiere Ernesto Sol\u00eds, director Escuela de Medicina.\u202f\u00a0<\/a><br \/><br \/><\/div><div><b>RADIO ANCOA<\/b>\u00a0<br \/><a href=\"https:\/\/www.radioancoa.cl\/categoria\/local\/prevencion-cancer-enfermedades-graves-beneficios-lactancia-materna\">Prevenci\u00f3n de c\u00e1ncer y enfermedades graves: los beneficios de la lactancia materna. Se refiere Mar\u00eda Jes\u00fas Cataldo, acad\u00e9mica de la Escuela de Nutrici\u00f3n y Diet\u00e9tica.\u00a0<\/a><br \/><br \/><\/div><div><b>P\u00c1GINA V\u00a0<br \/><\/b><a href=\"https:\/\/paginav.cl\/2024\/08\/07\/prevencion-de-cancer-y-enfermedades-graves-los-beneficios-de-la-lactancia-materna\/\">Prevenci\u00f3n de c\u00e1ncer y enfermedades graves: los beneficios de la lactancia materna. Se refiere Mar\u00eda Jes\u00fas Cataldo, acad\u00e9mica de la Escuela de Nutrici\u00f3n y Diet\u00e9tica.\u00a0<\/a><b><br \/><\/b><\/div><div>\u00a0<\/div><div><b>MEDIABANCO<\/b>\u00a0<br \/><a href=\"https:\/\/www.mediabanco.com\/prevencion-de-cancer-y-enfermedades-graves-los-beneficios-de-la-lactancia-materna\/\">Prevenci\u00f3n de c\u00e1ncer y enfermedades graves: los beneficios de la lactancia materna. Se refiere Mar\u00eda Jes\u00fas Cataldo, acad\u00e9mica de la Escuela de Nutrici\u00f3n y Diet\u00e9tica.\u00a0<\/a><br \/><br \/><\/div><div><b>DIARIO EL HERALDO<\/b>\u00a0<br \/><a href=\"https:\/\/www.diarioelheraldo.cl\/noticia\/prevencion-de-cancer-y-enfermedades-graves-los-beneficios-de-la-lactancia-materna\">Prevenci\u00f3n de c\u00e1ncer y enfermedades graves: los beneficios de la lactancia materna. Se refiere Mar\u00eda Jes\u00fas Cataldo, acad\u00e9mica de la Escuela de Nutrici\u00f3n y Diet\u00e9tica.\u00a0<\/a><\/div><div>\u00a0<\/div><div><b>RADIO COOPERATIVA \u00a0<br \/><\/b><a href=\"https:\/\/www.cooperativa.cl\/noticias\/pais\/tiempo\/climatologo-los-fenomenos-extremos-seran-mas-recurrentes-por-el-cambio\/2024-08-03\/091641.html\">Climat\u00f3logo: Los fen\u00f3menos extremos ser\u00e1n m\u00e1s recurrentes por el cambio clim\u00e1tico.\u00a0<\/a><br \/><a href=\"https:\/\/www.cooperativa.cl\/noticias\/pais\/tiempo\/climatologo-los-fenomenos-extremos-seran-mas-recurrentes-por-el-cambio\/2024-08-03\/091641.html\">Se refiere Patricio Gonz\u00e1lez Colville, agroclimat\u00f3logo y acad\u00e9mico del Centro de Investigaci\u00f3n y Transferencia en Riego y Agroclimatolog\u00eda (CITRA).\u202f\u202f\u202f\u202f\u00a0<\/a><b><br \/><\/b><\/div><div>\u00a0<\/div><div><b>TV5 LINARES\u00a0<\/b><br \/><a href=\"https:\/\/www.litoralpress.cl\/sitio\/RadioTV_Detalles.cshtml?LPKey=WKXN2HW4VJR76PNISAVQMFN73HFK3TGTSNBYAWGCE4TTFRT4CN36OLC5BKW7MAEJRJHTBNGH7EQCA\">Balance agrometeorl\u00f3gico Habla: Patricio Gonz\u00e1lez, agroclimat\u00f3logo y acad\u00e9mico del Centro de Investigaci\u00f3n y Transferencia en Riego y Agroclimatolog\u00eda (CITRA).\u202f\u202f\u202f\u202f\u202f\u00a0<\/a><br \/><br \/><\/div><div><b>EN L\u00cdNEA MAULE<\/b>\u00a0<br \/><a href=\"https:\/\/www.litoralpress.cl\/sitio\/RadioTV_Detalles.cshtml?LPKey=TXPCLWWTLVXU76ICXWNNBZFBX3CTSGNZV7LGPRP3MFG4C6YL4A6LJ6M75CJEN5MQ4R7C2SWQBOYFK\">Nuevo sistema frontal entra hoy a la zona centro sur. Se refiere Patricio Gonz\u00e1lez Colville, agroclimat\u00f3logo y acad\u00e9mico del Centro de Investigaci\u00f3n y Transferencia en Riego y Agroclimatolog\u00eda (CITRA).\u202f\u202f<\/a>\u202f\u00a0<br \/><br \/><\/div><div><b>CANAL 30 MULTICOM\u00a0<br \/><\/b><a href=\"https:\/\/www.litoralpress.cl\/sitio\/RadioTV_Detalles.cshtml?LPKey=7VALILUCZYA7X26OTZNBL475JEY6N7PCU76RU3RZ3KOFKQBE4TSCMPEJBI2JPLIH6SJMV36QCY5FC\">Balance tras frente de mal tiempo Habla: Patricio Gonz\u00e1lez <\/a><a href=\"https:\/\/www.litoralpress.cl\/sitio\/RadioTV_Detalles.cshtml?LPKey=7VALILUCZYA7X26OTZNBL475JEY6N7PCU76RU3RZ3KOFKQBE4TSCMPEJBI2JPLIH6SJMV36QCY5FC\">Colville, agroclimat\u00f3logo y acad\u00e9mico del Centro de Investigaci\u00f3n y Transferencia en Riego y Agroclimatolog\u00eda (CITRA).\u202f\u202f\u202f\u202f\u202f\u00a0<\/a><b><br \/><\/b><\/div><div>\u00a0<\/div><div><b>RADIO INFINITA<\/b>\u00a0<br \/><a href=\"https:\/\/www.litoralpress.cl\/sitio\/RadioTV_Detalles.cshtml?LPKey=GALOPJYENXDG3G4D75WOH45K7E5FYHQHLE37GGPMWKXWCHRREI2JETJMXAB3Z4SVPALIRSSJ2ELN2\">Comentario de pol\u00edtica de Mauricio Morales Quiroga, director del Centro de An\u00e1lisis Pol\u00edtico (CAP)\u00a0<\/a><br \/><br \/><\/div><div><b>TV5 LINARES\u00a0<br \/><\/b><a href=\"https:\/\/www.litoralpress.cl\/sitio\/RadioTV_Detalles.cshtml?LPKey=EDGFSGRFWQFEBOXECEULQ674UGXJQPLLQI4JR7YT4VVHJRBIU3NDSNI3TIWRX34RRG3YN7B2RGHS4\">&#8220;Cronograma electoral 2024 Habla: Mario Herrera, acad\u00e9mico del Centro de An\u00e1lisis Pol\u00edtico (CAP). <\/a><b><u><a id=\"OWA43d0a0e5-a756-b3e1-e60c-7a00199baefb\" class=\"x_x_Hyperlink x_x_SCXW208754489 x_x_BCX0 x_x_OWAAutoLink\" href=\"https:\/\/www.litoralpress.cl\/sitio\/RadioTV_Detalles.cshtml?LPKey=EDGFSGRFWQFEBOXECEULQ674UGXJQPLLQI4JR7YT4VVHJRBIU3NDSNI3TIWRX34RRG3YN7B2RGHS4\" target=\"_blank\" rel=\"noopener noreferrer\" data-auth=\"NotApplicable\" data-linkindex=\"15\"><\/a><\/u><\/b><\/div><div>\u00a0<\/div><div><b>EL LECTOR<\/b>\u00a0<br \/><a href=\"https:\/\/www.litoralpress.cl\/paginaconsultas\/Servicios_NClipSitio\/Get_Imagen_Nota.aspx?LPKey=CN2ZFB3FP7S3QVZL3NUL4NZNLVISTVEZVCIKY3Y5UWQNRMPRTULW3KZA5AIKIHSRGQHVA5BSSLTWM\">A 14 a\u00f1os del derrumbe que atrap\u00f3 a 33 mineros: En qu\u00e9 se avanz\u00f3 en materia de seguridad. Se refiere Carlos Moraga Cruz, director de la Escuela de Ingenier\u00eda Civil en Minas.\u202f\u00a0<\/a><br \/><br \/><\/div><div><b>EL MERCURIO DE VALPARA\u00cdSO\u00a0<br \/><\/b><a href=\"https:\/\/www.litoralpress.cl\/paginaconsultas\/Servicios_NClipSitio\/Get_Imagen_Nota.aspx?LPKey=B3O6NPD76MF5O7RWIB52JZ6ZFUWT5W23SANJ5QFWYZ4LJRZLC33LWCMEKX56Z6PONCD6A4DHTEGDQ\">Nuevo derrumbe en Ruta 68 enciende la alerta en expertos. Se refiere Ignacio Fuenzalida, director del Departamento de Ingenier\u00eda y Gesti\u00f3n dela Construcci\u00f3n.\u00a0<\/a><b><br \/><\/b><b><u><a id=\"OWA04c53cd4-8a5a-793f-1cd8-0a269d19eb96\" class=\"x_x_Hyperlink x_x_SCXW208754489 x_x_BCX0 x_x_OWAAutoLink\" href=\"https:\/\/www.litoralpress.cl\/paginaconsultas\/Servicios_NClipSitio\/Get_Imagen_Nota.aspx?LPKey=B3O6NPD76MF5O7RWIB52JZ6ZFUWT5W23SANJ5QFWYZ4LJRZLC33LWCMEKX56Z6PONCD6A4DHTEGDQ\" target=\"_blank\" rel=\"noopener noreferrer\" data-auth=\"NotApplicable\" data-linkindex=\"17\"><\/a><\/u><\/b><\/div><div>\u00a0<\/div><div><b>TV5 LINARES\u00a0<br \/><\/b><a href=\"https:\/\/www.litoralpress.cl\/sitio\/RadioTV_Detalles.cshtml?LPKey=SI377HX4HNVEQBFTUWDDWVN62NQBGZTAIIL3IX2HYALARQH46JFDI3DLFQWHGZE6AXV7ST6NKAZFS\">Contaminaci\u00f3n del aire Habla: Se refiere Mar\u00eda Elisa Quinteros, acad\u00e9mica Departamento de Salud P\u00fablica.\u202f\u202f<\/a> <b><br \/><\/b><\/div><div>\u00a0<\/div><div><b>TIERRA AMARILLANO\u00a0<br \/><\/b><a href=\"https:\/\/tierramarillano.cl\/2024\/08\/07\/iniciativa-mejorara-la-produccion-de-hongos-comestibles-de-alto-valor\/\">Iniciativa mejorar\u00e1 la producci\u00f3n de hongos comestibles de alto valor. Se refiere C\u00e9sar Acevedo, acad\u00e9mico de la Facultad de Ciencias Agrarias.\u202f\u00a0<\/a><b><br \/><\/b><\/div><div>\u00a0<\/div><div><b>EXPLORA SU PONIENTE<\/b>\u00a0<br \/><a href=\"https:\/\/www.explora.cl\/nuble\/seleccionados-socializacion-interregional-2024\/\">SELECCIONADOS Socializaci\u00f3n Interregional 2024. Se menciona la Universidad de Talca.\u00a0<\/a><br \/><br \/><\/div><div><b>DIARIO LA PRENSA <\/b>\u00a0<br \/><a href=\"https:\/\/new.diariolaprensa.cl\/index.php\/2024\/08\/07\/seguridad-publica-de-sagrada-familia-incorporo-lectores-de-patentes-para-combatir-robo-de-vehiculos\/\">Seguridad P\u00fablica de Sagrada Familia incorpor\u00f3 lectores de patentes para combatir robo de veh\u00edculos. Se menciona la Universidad de Talca.\u00a0<\/a><br \/><br \/><\/div><div><b>PUENTE ALTO AL D\u00cdA<\/b>\u00a0<br \/><a href=\"https:\/\/www.puentealtoaldia.com\/pirque-se-prepara-para-la-8va-version-del-encuentro-apicola\/\">Pirque se prepara para la 8va versi\u00f3n del Encuentro Ap\u00edcola. Se menciona la Universidad de Talca.\u00a0<\/a><br \/><br \/><\/div><div><b>G5 NOTICIA<\/b>\u00a0<br \/><a href=\"https:\/\/g5noticias.cl\/2024\/08\/07\/pirque-se-prepara-para-la-8va-version-del-encuentro-apicola\/\">Pirque se prepara para la 8va versi\u00f3n del Encuentro Ap\u00edcola. Se menciona la Universidad de Talca.\u00a0<\/a><br \/><br \/><\/div><div><b>USACH<\/b>\u00a0<br \/><a href=\"https:\/\/usach.cl\/news\/educacion-continua-convoco-reunion-red-nacional-exitosos-casos-proyectos-entre-universidades-y\">Educaci\u00f3n Continua convoc\u00f3 reuni\u00f3n de Red Nacional con exitosos casos de proyectos entre Universidades y empresas. Se menciona la Universidad de Talca.\u00a0<\/a><br \/><br \/><\/div><div><b>LA PRENSA DE CURIC\u00d3<\/b>\u00a0<br \/><a href=\"https:\/\/www.litoralpress.cl\/paginaconsultas\/Servicios_NClipSitio\/Get_Imagen_Nota.aspx?LPKey=J4XUMIUECDDEA3SGYLY5GDBTXU6HREIRNI4QVK756IAF5CQIAYUI6XJXFCVMRWZTMG5357KHA5DY4\">Sucede. Se menciona la Universidad de Talca.\u00a0<\/a><br \/><br \/><\/div><div class=\"x_elementToProof\"><b>LA PRENSA DE CURIC\u00d3<\/b>\u00a0<br \/><a href=\"https:\/\/www.litoralpress.cl\/paginaconsultas\/Servicios_NClipSitio\/Get_Imagen_Nota.aspx?LPKey=TMPSKYHKMPZXMQIH7JNP7BTG2AZZEGBODGNGLDQCG5X2GQ45DNCA7VM5RQD43Q4KC5D5M42KBEAYE\">Seguridad P\u00fablica de Sagrada Familia incorpor\u00f3 lectores de patentes para combatir robo de veh\u00edculos. Se menciona la Universidad de Talca.\u00a0<\/a><br \/><br \/><\/div>\t\t\t\t\t\t<\/div>\n\t\t\t\t<\/div>\n\t\t\t\t\t<\/div>\n\t\t<\/div>\n\t\t\t\t\t\t\t<\/div>\n\t\t<\/section>\n\t\t\t\t\t\t<\/div>\n\t\t\t\t\t<\/div>\n\t\t","protected":false},"excerpt":{"rendered":"<p>CANAL TVN &#8211; PROGRAMA ESPECIAL \u00a0Programa Crisis en Venezuela: \u00bfC\u00f3mo afecta a Chile? Se refiere Fabiola Vergara Ceballos, acad\u00e9mica Facultad de Ciencias Jur\u00eddicas y Sociales.\u00a0\u00a0 \u00a0\u00a0EL HERALDO\u00a0Analizan d\u00e9ficit de especialistas m\u00e9dicos en el Maule. Se refiere Ernesto Sol\u00eds, director Escuela de Medicina.\u202f\u00a0\u00a0EL LECTOR \u00a0Analizan d\u00e9ficit de especialistas m\u00e9dicos en el Maule. Se refiere Ernesto Sol\u00eds, &hellip;<\/p>\n<p class=\"read-more\"> <a class=\"\" href=\"https:\/\/www.reportedeprensa.utalca.cl\/?p=10333\"> <span class=\"screen-reader-text\">08 de agosto de 2024<\/span> Read More &raquo;<\/a><\/p>\n","protected":false},"author":1,"featured_media":0,"comment_status":"closed","ping_status":"open","sticky":false,"template":"","format":"standard","meta":{"_monsterinsights_skip_tracking":false,"_monsterinsights_sitenote_active":false,"_monsterinsights_sitenote_note":"","_monsterinsights_sitenote_category":0},"categories":[51],"tags":[],"_links":{"self":[{"href":"https:\/\/www.reportedeprensa.utalca.cl\/index.php?rest_route=\/wp\/v2\/posts\/10333"}],"collection":[{"href":"https:\/\/www.reportedeprensa.utalca.cl\/index.php?rest_route=\/wp\/v2\/posts"}],"about":[{"href":"https:\/\/www.reportedeprensa.utalca.cl\/index.php?rest_route=\/wp\/v2\/types\/post"}],"author":[{"embeddable":true,"href":"https:\/\/www.reportedeprensa.utalca.cl\/index.php?rest_route=\/wp\/v2\/users\/1"}],"replies":[{"embeddable":true,"href":"https:\/\/www.reportedeprensa.utalca.cl\/index.php?rest_route=%2Fwp%2Fv2%2Fcomments&post=10333"}],"version-history":[{"count":4,"href":"https:\/\/www.reportedeprensa.utalca.cl\/index.php?rest_route=\/wp\/v2\/posts\/10333\/revisions"}],"predecessor-version":[{"id":10337,"href":"https:\/\/www.reportedeprensa.utalca.cl\/index.php?rest_route=\/wp\/v2\/posts\/10333\/revisions\/10337"}],"wp:attachment":[{"href":"https:\/\/www.reportedeprensa.utalca.cl\/index.php?rest_route=%2Fwp%2Fv2%2Fmedia&parent=10333"}],"wp:term":[{"taxonomy":"category","embeddable":true,"href":"https:\/\/www.reportedeprensa.utalca.cl\/index.php?rest_route=%2Fwp%2Fv2%2Fcategories&post=10333"},{"taxonomy":"post_tag","embeddable":true,"href":"https:\/\/www.reportedeprensa.utalca.cl\/index.php?rest_route=%2Fwp%2Fv2%2Ftags&post=10333"}],"curies":[{"name":"wp","href":"https:\/\/api.w.org\/{rel}","templated":true}]}}