{"id":10344,"date":"2024-08-09T10:34:25","date_gmt":"2024-08-09T13:34:25","guid":{"rendered":"https:\/\/www.reportedeprensa.utalca.cl\/?p=10344"},"modified":"2024-08-09T11:01:41","modified_gmt":"2024-08-09T14:01:41","slug":"09-de-agosto-de-2024","status":"publish","type":"post","link":"https:\/\/www.reportedeprensa.utalca.cl\/?p=10344","title":{"rendered":"09 de agosto de 2024"},"content":{"rendered":"\t\t<div data-elementor-type=\"wp-post\" data-elementor-id=\"10344\" class=\"elementor elementor-10344\" data-elementor-settings=\"[]\">\n\t\t\t\t\t\t\t<div class=\"elementor-section-wrap\">\n\t\t\t\t\t\t\t<section class=\"elementor-section elementor-top-section elementor-element elementor-element-bcea1a8 elementor-section-boxed elementor-section-height-default elementor-section-height-default\" data-id=\"bcea1a8\" data-element_type=\"section\">\n\t\t\t\t\t\t<div class=\"elementor-container elementor-column-gap-default\">\n\t\t\t\t\t<div class=\"elementor-column elementor-col-100 elementor-top-column elementor-element elementor-element-e7183bf\" data-id=\"e7183bf\" data-element_type=\"column\">\n\t\t\t<div class=\"elementor-widget-wrap elementor-element-populated\">\n\t\t\t\t\t\t\t\t<div class=\"elementor-element elementor-element-58d7315 elementor-widget elementor-widget-text-editor\" data-id=\"58d7315\" data-element_type=\"widget\" data-widget_type=\"text-editor.default\">\n\t\t\t\t<div class=\"elementor-widget-container\">\n\t\t\t\t\t\t\t\t<div><b>CANAL TVN &#8211; PROGRAMA ESPECIAL \u00a0<br \/><\/b><a href=\"https:\/\/www.litoralpress.cl\/sitio\/RadioTV_Detalles.cshtml?LPKey=AZVGA4CZ7OF4VLEST75QI5QNLI5XCYONMTLCGCXAW6DQIYW33LLF5GTMTT6KSCCMM6XTUPR2GA5MS\">Programa Crisis en Venezuela: \u00bfC\u00f3mo afecta a Chile? Se refiere Fabiola Vergara Ceballos, acad\u00e9mica Facultad de Ciencias Jur\u00eddicas y Sociales.\u00a0\u00a0 \u00a0<\/a><b><br \/><\/b><b><u><a id=\"OWA7d1e70d6-3697-f9fa-7875-9dcda1d0cfac\" class=\"x_x_x_Hyperlink x_x_x_SCXW208754489 x_x_x_BCX0 x_x_x_OWAAutoLink\" href=\"https:\/\/www.litoralpress.cl\/sitio\/RadioTV_Detalles.cshtml?LPKey=AZVGA4CZ7OF4VLEST75QI5QNLI5XCYONMTLCGCXAW6DQIYW33LLF5GTMTT6KSCCMM6XTUPR2GA5MS\" target=\"_blank\" rel=\"noopener noreferrer\" data-auth=\"NotApplicable\" data-linkindex=\"0\"><\/a><\/u><\/b><\/div><div><b>\u00a0<\/b><\/div><div><b>LA PRENSA DE CURIC\u00d3\u00a0<br \/><\/b><a href=\"https:\/\/www.litoralpress.cl\/paginaconsultas\/Servicios_NClipSitio\/Get_Imagen_Nota.aspx?LPKey=HKFSWTO4AAUJZJQTD7RMS2O5AUHJCGIX5DFEEC43ZK4VU7RMIYKTWAEIBL5KGNOTCSQ6XY24CPYVW\">Preocupaci\u00f3n genera la falta de m\u00e9dicos especialistas. Se refiere Ernesto Sol\u00eds, director Escuela de Medicina.\u202f\u00a0<\/a><\/div><div>\u00a0<\/div><div><b>RADIO COOPERATIVA \u00a0<br \/><\/b><a href=\"https:\/\/www.cooperativa.cl\/noticias\/pais\/tiempo\/climatologo-los-fenomenos-extremos-seran-mas-recurrentes-por-el-cambio\/2024-08-03\/091641.html\">Climat\u00f3logo: Los fen\u00f3menos extremos ser\u00e1n m\u00e1s recurrentes por el cambio clim\u00e1tico.\u00a0<\/a><br \/><a href=\"https:\/\/www.cooperativa.cl\/noticias\/pais\/tiempo\/climatologo-los-fenomenos-extremos-seran-mas-recurrentes-por-el-cambio\/2024-08-03\/091641.html\">Se refiere Patricio Gonz\u00e1lez Colville, agroclimat\u00f3logo y acad\u00e9mico del Centro de Investigaci\u00f3n y Transferencia en Riego y Agroclimatolog\u00eda (CITRA).\u202f\u202f\u202f\u202f\u00a0<\/a><b><br \/><\/b><\/div><div><b>\u00a0<\/b><\/div><div><b>CIENCIA Y SALLUD\u00a0<br \/><\/b><a href=\"https:\/\/cienciaysalud.cl\/2024\/08\/08\/prevencion-de-cancer-y-enfermedades-graves-los-beneficios-de-la-lactancia-materna\/\">Prevenci\u00f3n de c\u00e1ncer y enfermedades graves: los beneficios de la lactancia materna. Se refiere Mar\u00eda Jes\u00fas Cataldo, acad\u00e9mica de la Escuela de Nutrici\u00f3n y Diet\u00e9tica. \u00a0<\/a><\/div><div>\u00a0<\/div><div><b>EL HERALDO\u00a0<\/b><br \/><a href=\"https:\/\/www.litoralpress.cl\/paginaconsultas\/Servicios_NClipSitio\/Get_Imagen_Nota.aspx?LPKey=SEGYXC3VDB4RSWQRCVARP742VAHA6ESXLJ3NRICJHB3P77IKOV7PTX4JSDQWCZWWD4QBSUB2JQENO\">Prevenci\u00f3n de c\u00e1ncer y enfermedades graves: los beneficios de la lactancia materna. Se refiere Mar\u00eda Jes\u00fas Cataldo, acad\u00e9mica de la Escuela de Nutrici\u00f3n y Diet\u00e9tica. \u00a0<\/a><br \/><br \/><\/div><div><b>EL LECTOR\u00a0<\/b><br \/><a href=\"https:\/\/www.litoralpress.cl\/paginaconsultas\/Servicios_NClipSitio\/Get_Imagen_Nota.aspx?LPKey=YKVT2OFNTMNSHSKMMEI5SXL4O35ABJHTQYPDOHJBIDOJ2WILD7DHYCCBCS6E3IPRAP7F6KFFB6B5S\">Prevenci\u00f3n de c\u00e1ncer y enfermedades graves: los beneficios de la lactancia materna. Se refiere Mar\u00eda Jes\u00fas Cataldo, acad\u00e9mica de la Escuela de Nutrici\u00f3n y Diet\u00e9tica. \u00a0<\/a><br \/><br \/><\/div><div><b>S\u00c9PTIMA P\u00c1GINA NOTICIAS<\/b>\u00a0<br \/><a href=\"https:\/\/www.septimapaginanoticias.cl\/prevencion-de-cancer-y-enfermedades-graves-los-beneficios-de-la-lactancia-materna\">Prevenci\u00f3n de c\u00e1ncer y enfermedades graves: los beneficios de la lactancia materna. Se refiere Mar\u00eda Jes\u00fas Cataldo, acad\u00e9mica de la Escuela de Nutrici\u00f3n y Diet\u00e9tica. \u00a0<\/a><br \/><br \/><\/div><div><b>TIERRA AMARILLANO<\/b>\u00a0<br \/><a href=\"https:\/\/tierramarillano.cl\/2024\/08\/08\/prevencion-de-cancer-y-enfermedades-graves-los-beneficios-de-la-lactancia-materna\/\">Prevenci\u00f3n de c\u00e1ncer y enfermedades graves: los beneficios de la lactancia materna. Se refiere Mar\u00eda Jes\u00fas Cataldo, acad\u00e9mica de la Escuela de Nutrici\u00f3n y Diet\u00e9tica. \u00a0<\/a><br \/><br \/><\/div><div><b>RADIO CRISTALINA<\/b>\u00a0<br \/><a href=\"https:\/\/radiocristalina.cl\/prevencion-de-cancer-y-enfermedades-graves-los-beneficios-de-la-lactancia-materna\/\">Prevenci\u00f3n de c\u00e1ncer y enfermedades graves: los beneficios de la lactancia materna. Se refiere Mar\u00eda Jes\u00fas Cataldo, acad\u00e9mica de la Escuela de Nutrici\u00f3n y Diet\u00e9tica. \u00a0<\/a><br \/><b><\/b><\/div><div>\u00a0<\/div><div><b>EST\u00c1 PASANDO\u00a0<br \/><\/b><a href=\"https:\/\/estapasando.cl\/transporte-publico-uno-de-los-dependientes-de-la-electricidad\/\">Transporte p\u00fablico: Uno de los dependientes de la electricidad. Se refiere Cristian Garc\u00eda acad\u00e9mico de la Facultad de Ingenier\u00eda.\u00a0<\/a><b><br \/><\/b><\/div><div>\u00a0<\/div><div><b>EL MERCURIO DE VALPARA\u00cdSO\u00a0<br \/><\/b><a href=\"https:\/\/www.litoralpress.cl\/paginaconsultas\/Servicios_NClipSitio\/Get_Imagen_Nota.aspx?LPKey=B3O6NPD76MF5O7RWIB52JZ6ZFUWT5W23SANJ5QFWYZ4LJRZLC33LWCMEKX56Z6PONCD6A4DHTEGDQ\">Nuevo derrumbe en Ruta 68 enciende la alerta en expertos. Se refiere Ignacio Fuenzalida, director del Departamento de Ingenier\u00eda y Gesti\u00f3n dela Construcci\u00f3n.\u00a0<\/a><b><br \/><\/b><b><u><a id=\"OWAe9a184f9-eff7-2447-593d-1fae3303a10e\" class=\"x_x_x_Hyperlink x_x_x_SCXW208754489 x_x_x_BCX0 x_x_x_OWAAutoLink\" href=\"https:\/\/www.litoralpress.cl\/paginaconsultas\/Servicios_NClipSitio\/Get_Imagen_Nota.aspx?LPKey=B3O6NPD76MF5O7RWIB52JZ6ZFUWT5W23SANJ5QFWYZ4LJRZLC33LWCMEKX56Z6PONCD6A4DHTEGDQ\" target=\"_blank\" rel=\"noopener noreferrer\" data-auth=\"NotApplicable\" data-linkindex=\"10\"><\/a><\/u><\/b><b><\/b><\/div><div>\u00a0<\/div><div><b>TV5 LINARES\u00a0<br \/><\/b><a href=\"https:\/\/www.litoralpress.cl\/sitio\/RadioTV_Detalles.cshtml?LPKey=SI377HX4HNVEQBFTUWDDWVN62NQBGZTAIIL3IX2HYALARQH46JFDI3DLFQWHGZE6AXV7ST6NKAZFS\">Contaminaci\u00f3n del aire Habla: Se refiere Mar\u00eda Elisa Quinteros, acad\u00e9mica Departamento de Salud P\u00fablica.\u202f\u202f<\/a><b><br \/><\/b><b><u><a id=\"OWAe45d3135-9373-867a-43d7-11f2f2da6997\" class=\"x_x_x_Hyperlink x_x_x_SCXW208754489 x_x_x_BCX0 x_x_x_OWAAutoLink\" href=\"https:\/\/www.litoralpress.cl\/sitio\/RadioTV_Detalles.cshtml?LPKey=SI377HX4HNVEQBFTUWDDWVN62NQBGZTAIIL3IX2HYALARQH46JFDI3DLFQWHGZE6AXV7ST6NKAZFS\" target=\"_blank\" rel=\"noopener noreferrer\" data-auth=\"NotApplicable\" data-linkindex=\"11\"><\/a><\/u><\/b><b>\u00a0<\/b><\/div><div><b>TIERRA AMARILLANO\u00a0<br \/><\/b><a href=\"https:\/\/tierramarillano.cl\/2024\/08\/07\/iniciativa-mejorara-la-produccion-de-hongos-comestibles-de-alto-valor\/\">Iniciativa mejorar\u00e1 la producci\u00f3n de hongos comestibles de alto valor. Se refiere C\u00e9sar Acevedo, acad\u00e9mico de la Facultad de Ciencias Agrarias.\u202f\u00a0<\/a><b><br \/><\/b><\/div><div><b>\u00a0<\/b><\/div><div><b>AD PRENSA \u00a0<\/b><\/div><div><a href=\"https:\/\/www.adprensa.cl\/cronica\/panoramas-utalca-invita-a-ninos-y-ninas-a-celebrar-el-dia-de-las-infancias-en-nuga\/\">UTalca invita a ni\u00f1os y ni\u00f1as a celebrar el D\u00eda de las Infancias en NUGA. Se refiere Marcela Albornoz Dachelet, directora de Extensi\u00f3n Cultural-Art\u00edstica.\u00a0<\/a><b><br \/><\/b><\/div><div>\u00a0<\/div><div><b>MEDIABANCO<\/b>\u00a0<br \/><a href=\"https:\/\/www.mediabanco.com\/utalca-invita-a-ninos-y-ninas-a-celebrar-el-dia-de-las-infancias-en-nuga\/\">UTalca invita a ni\u00f1os y ni\u00f1as a celebrar el D\u00eda de las Infancias en NUGA. Se refiere Marcela Albornoz Dachelet, directora de Extensi\u00f3n Cultural-Art\u00edstica.<\/a><\/div><div>\u00a0<\/div><div><b>MAULE NEWS\u00a0<br \/><\/b><a href=\"https:\/\/www.maulenews.com\/2024\/08\/casita-nuga-de-la-utalca-recorre.html\">\u201cCasita NUGA\u201d de la UTalca recorre colegios del Maule. Se refiere Marcela Albornoz Dachelet, directora de Extensi\u00f3n Cultural-Art\u00edstica.\u00a0<\/a><b><br \/><\/b><\/div><div>\u00a0<\/div><div><b>EL LECTOR<\/b>\u00a0<br \/><a href=\"https:\/\/www.litoralpress.cl\/paginaconsultas\/Servicios_NClipSitio\/Get_Imagen_Nota.aspx?LPKey=6JK2B7UFP62SJKEMKLFUTB2ZGLY6NTTTV6MCZMZK5RTJEJPYTDQMTZEG6WMAVRKAO2CDH7MZQHBEY\">&#8220;Mes de la Dirigencia Social y Comunitaria: transformando comunidades&#8221;. Se refiere Ernesto Sol\u00eds, director Escuela de Medicina.\u202f\u202f\u00a0<\/a><br \/><b><\/b><\/div><div>\u00a0<\/div><div><b>RADIO BIOBIO<\/b>\u00a0<br \/><a href=\"https:\/\/www.biobiochile.cl\/noticias\/artes-y-cultura\/actualidad-cultural\/2024\/08\/08\/4-entidades-culturales-se-unen-en-gran-muestra-antologica-de-hugo-marin-se-inaugura-este-sabado.shtml\">4 entidades culturales se unen en gran muestra antol\u00f3gica de Hugo Mar\u00edn: se inaugura este s\u00e1bado. Se menciona la Universidad de Talca.\u00a0<\/a><br \/><u><\/u><\/div>\t\t\t\t\t\t<\/div>\n\t\t\t\t<\/div>\n\t\t\t\t\t<\/div>\n\t\t<\/div>\n\t\t\t\t\t\t\t<\/div>\n\t\t<\/section>\n\t\t\t\t\t\t<\/div>\n\t\t\t\t\t<\/div>\n\t\t","protected":false},"excerpt":{"rendered":"<p>CANAL TVN &#8211; PROGRAMA ESPECIAL \u00a0Programa Crisis en Venezuela: \u00bfC\u00f3mo afecta a Chile? Se refiere Fabiola Vergara Ceballos, acad\u00e9mica Facultad de Ciencias Jur\u00eddicas y Sociales.\u00a0\u00a0 \u00a0\u00a0LA PRENSA DE CURIC\u00d3\u00a0Preocupaci\u00f3n genera la falta de m\u00e9dicos especialistas. Se refiere Ernesto Sol\u00eds, director Escuela de Medicina.\u202f\u00a0\u00a0RADIO COOPERATIVA \u00a0Climat\u00f3logo: Los fen\u00f3menos extremos ser\u00e1n m\u00e1s recurrentes por el cambio clim\u00e1tico.\u00a0Se &hellip;<\/p>\n<p class=\"read-more\"> <a class=\"\" href=\"https:\/\/www.reportedeprensa.utalca.cl\/?p=10344\"> <span class=\"screen-reader-text\">09 de agosto de 2024<\/span> Read More &raquo;<\/a><\/p>\n","protected":false},"author":1,"featured_media":0,"comment_status":"closed","ping_status":"open","sticky":false,"template":"","format":"standard","meta":{"_monsterinsights_skip_tracking":false,"_monsterinsights_sitenote_active":false,"_monsterinsights_sitenote_note":"","_monsterinsights_sitenote_category":0},"categories":[51],"tags":[],"_links":{"self":[{"href":"https:\/\/www.reportedeprensa.utalca.cl\/index.php?rest_route=\/wp\/v2\/posts\/10344"}],"collection":[{"href":"https:\/\/www.reportedeprensa.utalca.cl\/index.php?rest_route=\/wp\/v2\/posts"}],"about":[{"href":"https:\/\/www.reportedeprensa.utalca.cl\/index.php?rest_route=\/wp\/v2\/types\/post"}],"author":[{"embeddable":true,"href":"https:\/\/www.reportedeprensa.utalca.cl\/index.php?rest_route=\/wp\/v2\/users\/1"}],"replies":[{"embeddable":true,"href":"https:\/\/www.reportedeprensa.utalca.cl\/index.php?rest_route=%2Fwp%2Fv2%2Fcomments&post=10344"}],"version-history":[{"count":4,"href":"https:\/\/www.reportedeprensa.utalca.cl\/index.php?rest_route=\/wp\/v2\/posts\/10344\/revisions"}],"predecessor-version":[{"id":10349,"href":"https:\/\/www.reportedeprensa.utalca.cl\/index.php?rest_route=\/wp\/v2\/posts\/10344\/revisions\/10349"}],"wp:attachment":[{"href":"https:\/\/www.reportedeprensa.utalca.cl\/index.php?rest_route=%2Fwp%2Fv2%2Fmedia&parent=10344"}],"wp:term":[{"taxonomy":"category","embeddable":true,"href":"https:\/\/www.reportedeprensa.utalca.cl\/index.php?rest_route=%2Fwp%2Fv2%2Fcategories&post=10344"},{"taxonomy":"post_tag","embeddable":true,"href":"https:\/\/www.reportedeprensa.utalca.cl\/index.php?rest_route=%2Fwp%2Fv2%2Ftags&post=10344"}],"curies":[{"name":"wp","href":"https:\/\/api.w.org\/{rel}","templated":true}]}}