{"id":10498,"date":"2024-09-04T10:20:15","date_gmt":"2024-09-04T13:20:15","guid":{"rendered":"https:\/\/www.reportedeprensa.utalca.cl\/?p=10498"},"modified":"2024-09-04T16:19:20","modified_gmt":"2024-09-04T19:19:20","slug":"04-de-septiembre-de-2024","status":"publish","type":"post","link":"https:\/\/www.reportedeprensa.utalca.cl\/?p=10498","title":{"rendered":"04 de septiembre de 2024"},"content":{"rendered":"\t\t<div data-elementor-type=\"wp-post\" data-elementor-id=\"10498\" class=\"elementor elementor-10498\" data-elementor-settings=\"[]\">\n\t\t\t\t\t\t\t<div class=\"elementor-section-wrap\">\n\t\t\t\t\t\t\t<section class=\"elementor-section elementor-top-section elementor-element elementor-element-bcea1a8 elementor-section-boxed elementor-section-height-default elementor-section-height-default\" data-id=\"bcea1a8\" data-element_type=\"section\">\n\t\t\t\t\t\t<div class=\"elementor-container elementor-column-gap-default\">\n\t\t\t\t\t<div class=\"elementor-column elementor-col-100 elementor-top-column elementor-element elementor-element-e7183bf\" data-id=\"e7183bf\" data-element_type=\"column\">\n\t\t\t<div class=\"elementor-widget-wrap elementor-element-populated\">\n\t\t\t\t\t\t\t\t<div class=\"elementor-element elementor-element-58d7315 elementor-widget elementor-widget-text-editor\" data-id=\"58d7315\" data-element_type=\"widget\" data-widget_type=\"text-editor.default\">\n\t\t\t\t<div class=\"elementor-widget-container\">\n\t\t\t\t\t\t\t\t<div><b>S\u00c9PTIMA P\u00c1GINA NOTICIAS<\/b>\u00a0<br \/><a href=\"https:\/\/www.septimapaginanoticias.cl\/adicto-a-los-reels-advierten-que-tienen-el-mismo-impacto-que-las-drogas-en-el-cerebro\">\u00bfAdicto a los Reels? Advierten que tienen el mismo impacto que las drogas en el cerebro. Se refiere Felipe Figueroa Mart\u00ednez, psic\u00f3logo de la Unidad de Vinculaci\u00f3n con el Sistema Escolar (UVSE).\u00a0<\/a><br \/><br \/><\/div><div><b>VIVIMOS LA NOTICIA<\/b>\u00a0<br \/><a href=\"https:\/\/www.vlnradio.cl\/noticias\/tecnologia\/2024\/09\/03\/adicto-a-los-reels-advierten-que-tienen-el-mismo-impacto-que-las-drogas-en-el-cerebro\/\">\u00bfAdicto a los Reels? Advierten que tienen el mismo impacto que las drogas en el cerebro. Se refiere Felipe Figueroa Mart\u00ednez, psic\u00f3logo de la Unidad de Vinculaci\u00f3n con el Sistema Escolar (UVSE).\u00a0<\/a><br \/><br \/><\/div><div><b>MEDIABANCO<\/b>\u00a0<br \/><a href=\"https:\/\/www.mediabanco.com\/adicto-a-los-reels-advierten-que-tienen-el-mismo-impacto-que-las-drogas-en-el-cerebro\/\">\u00bfAdicto a los Reels? Advierten que tienen el mismo impacto que las drogas en el cerebro. Se refiere Felipe Figueroa Mart\u00ednez, psic\u00f3logo de la Unidad de Vinculaci\u00f3n con el Sistema Escolar (UVSE).\u00a0<\/a><br \/><br \/><\/div><div><b>EL AMAULE<\/b>\u00a0<br \/><a href=\"https:\/\/www.elamaule.cl\/noticia\/sociedad\/advierten-que-los-reels-podrian-ser-tan-adictivos-como-las-drogas\">\u00bfAdicto a los Reels? Advierten que tienen el mismo impacto que las drogas en el cerebro. Se refiere Felipe Figueroa Mart\u00ednez, psic\u00f3logo de la Unidad de Vinculaci\u00f3n con el Sistema Escolar (UVSE).\u00a0<\/a><br \/><br \/><\/div><div><b>DIARIOS EN RED<\/b>\u00a0<br \/><a href=\"https:\/\/diariosenred.com\/tendencia\/adicto-a-los-reels-advierten-que-tienen-el-mismo-impacto-que-las\">\u00bfAdicto a los Reels? Advierten que tienen el mismo impacto que las drogas en el cerebro. Se refiere Felipe Figueroa Mart\u00ednez, psic\u00f3logo de la Unidad de Vinculaci\u00f3n con el Sistema Escolar (UVSE).\u00a0<\/a><br \/><br \/><\/div><div><b>RED MAULE<\/b>\u00a0<br \/><a href=\"https:\/\/redmaule.com\/tendencia\/adicto-a-los-reels-advierten-que-tienen-el-mismo-impacto-que-las\">\u00bfAdicto a los Reels? Advierten que tienen el mismo impacto que las drogas en el cerebro. Se refiere Felipe Figueroa Mart\u00ednez, psic\u00f3logo de la Unidad de Vinculaci\u00f3n con el Sistema Escolar (UVSE).\u00a0<\/a><br \/><br \/><\/div><div><b>RED BIOB\u00cdO<\/b>\u00a0<br \/><a href=\"https:\/\/redbiobio.com\/tendencia\/adicto-a-los-reels-advierten-que-tienen-el-mismo-impacto-que-las\">\u00bfAdicto a los Reels? Advierten que tienen el mismo impacto que las drogas en el cerebro. Se refiere Felipe Figueroa Mart\u00ednez, psic\u00f3logo de la Unidad de Vinculaci\u00f3n con el Sistema Escolar (UVSE).\u00a0<\/a><br \/><br \/><\/div><div><b>RED VALPARA\u00cdSO<\/b>\u00a0<br \/><a href=\"https:\/\/redvalapraiso.com\/tendencia\/adicto-a-los-reels-advierten-que-tienen-el-mismo-impacto-que-las\">\u00bfAdicto a los Reels? Advierten que tienen el mismo impacto que las drogas en el cerebro. Se refiere Felipe Figueroa Mart\u00ednez, psic\u00f3logo de la Unidad de Vinculaci\u00f3n con el Sistema Escolar (UVSE).\u00a0<\/a><br \/><br \/><\/div><div><b>RED ARICA<\/b>\u00a0<br \/><a href=\"https:\/\/redarica.com\/tendencia\/adicto-a-los-reels-advierten-que-tienen-el-mismo-impacto-que-las\">\u00bfAdicto a los Reels? Advierten que tienen el mismo impacto que las drogas en el cerebro. Se refiere Felipe Figueroa Mart\u00ednez, psic\u00f3logo de la Unidad de Vinculaci\u00f3n con el Sistema Escolar (UVSE).\u00a0<\/a><br \/><br \/><\/div><div><b>P\u00c1GINA V<\/b>\u00a0<br \/><a href=\"https:\/\/paginav.cl\/2024\/09\/03\/adicto-a-los-reels-advierten-que-tienen-el-mismo-impacto-que-las-drogas-en-el-cerebro\/\">\u00bfAdicto a los Reels? Advierten que tienen el mismo impacto que las drogas en el cerebro. Se refiere Felipe Figueroa Mart\u00ednez, psic\u00f3logo de la Unidad de Vinculaci\u00f3n con el Sistema Escolar (UVSE).\u00a0<\/a><br \/><br \/><\/div><div><b>RADIO AGRICULTURA<\/b>\u00a0<br \/><a href=\"https:\/\/www.radioagricultura.cl\/tendencias\/2024\/09\/03\/advierten-que-los-reels-pueden-tener-un-impacto-similar-al-de-las-drogas-en-el-cerebro\/\">Advierten que los Reels pueden tener un impacto similar al de las drogas en el cerebro. Se refiere Felipe Figueroa Mart\u00ednez, psic\u00f3logo de la Unidad de Vinculaci\u00f3n con el Sistema Escolar (UVSE).\u00a0<\/a><br \/><br \/><\/div><div><b>EL REPORTE DIARIO<\/b>\u00a0<br \/><a href=\"https:\/\/reportediario.cl\/2024\/09\/03\/cuidado-los-reels-pueden-ser-tan-adictivos-como-las-drogas-segun-expertos\/\">\u00a1Cuidado! Los Reels Pueden Ser Tan Adictivos Como las Drogas, Seg\u00fan Expertos. Se refiere Felipe Figueroa Mart\u00ednez, psic\u00f3logo de la Unidad de Vinculaci\u00f3n con el Sistema Escolar (UVSE).\u00a0<\/a><br \/><br \/><\/div><div><b>CANAL CNN CHILE<\/b>\u00a0<br \/><a href=\"https:\/\/www.litoralpress.cl\/sitio\/RadioTV_Detalles.cshtml?LPKey=ICWWKIGP5BW7DB5ZCV7HW2FYNSMFRV4Z3XQEE4QILG2U4KG7VMENYT4Z3CGHCC43WYB4HP5KMQG7M\">Entrevista a Andrea Bentancor, acad\u00e9mica de la Facultad de Econom\u00eda y Negocios.\u00a0<\/a><br \/><br \/><\/div><div><b>RADIO AMIGA <\/b>\u00a0<br \/><a href=\"https:\/\/www.litoralpress.cl\/sitio\/RadioTV_Detalles.cshtml?LPKey=DV7YLH3VGJYYAN6K7ZOCWUY7532AHNDIUDTU46OAS3LLWRO7TIKKUDBBF3KJY4LN66VTZFGY3AFGO\">Primer caso de viruela del mono en Tarapac\u00e1. Se refiere \u00c9rika Retamal Contreras, directora del Departamento de Salud P\u00fablica. \u00a0<\/a><br \/><br \/><\/div><div><b>RADIO LAUTARO<\/b>\u00a0<br \/><a href=\"https:\/\/www.litoralpress.cl\/sitio\/RadioTV_Detalles.cshtml?LPKey=CJPWZPSBHOEEJNK3NDLQGZUVYLV6BUQT3JHUEADKU6OLK2KGYGN4SH4B2KG5IPGOPGULXLCWR6WFI\">Entrevista a Roberto Ferreira, acad\u00e9mico Facultad de Ciencias de la Educaci\u00f3n.\u00a0<\/a><br \/><br \/><\/div><div><b>RADIO INFINITA<\/b>\u00a0<br \/><a href=\"https:\/\/www.litoralpress.cl\/sitio\/RadioTV_Detalles.cshtml?LPKey=TJQSH2JN4G2ZH4EPHN3TLPBVHFHFW23ZI5FKM4QBIGWMFQ4JFYHJXRX6GU3CBRKJRAQG2VDIYO6F2\">Entrevista a Mauricio Morales Quiroga, director del Centro de An\u00e1lisis Pol\u00edtico (CAP-UTalca)\u00a0<\/a><br \/><br \/><\/div><div><b>EXPLORA SU PONIENTE<\/b>\u00a0<br \/><a href=\"https:\/\/www.explora.cl\/nuble\/destacada-participacion-de-equipos-de-nuble-en-feria-cientifica-en-utal\/\">Destacada participaci\u00f3n de equipos de \u00d1uble en Feria Cient\u00edfica en UTAL. Se refiere Mario Fern\u00e1ndez, acad\u00e9mico de la Facultad de Ingenier\u00eda. \u00a0<\/a><br \/><br \/><\/div><div><b>LA ESTRELLA DE CONCEPCI\u00d3N<\/b>\u00a0<br \/><a href=\"https:\/\/www.litoralpress.cl\/paginaconsultas\/Servicios_NClipSitio\/Get_Imagen_Nota.aspx?LPKey=6G5XW73LK7JYPZAPE7IGU7KV2GLYHC7LXZLKVC7XEFUHMDCQQTTML7SH5QA4N245F2L44VRTU3KAK\">Estudiantes de la zona compartieron en feria cient\u00edfica interregional. Se menciona la Universidad de Talca. \u00a0<\/a><br \/><br \/><\/div><div><b>CANAL CNN CHILE<\/b>\u00a0<br \/><a href=\"https:\/\/www.litoralpress.cl\/sitio\/RadioTV_Detalles.cshtml?LPKey=ENQISLLFHESMHSVCLSOIV6S6E5R3N3JYHHPKCKXM2X5FZB46KHID6EHXO5SXZZSZNJ7BUCHP74E5M\">Reportaje Metano. Se menciona la Universidad de Talca.\u00a0<\/a><br \/><br \/><\/div><div><b>PUBLIMICRO<\/b><br \/><a href=\"https:\/\/publimicro.cl\/comision-de-agricultura-del-senado-sesionara-en-talca-se-trataran-materias-de-interes-regional-y-tendra-presencia-de-especialistas-y-academicos-maulinos\/\">Comisi\u00f3n de Agricultura del Senado sesionar\u00e1 en Talca. Se tratar\u00e1n materias de inter\u00e9s regional y tendr\u00e1 presencia de especialistas y acad\u00e9micos maulinos.\u00a0<\/a><br \/><br \/><\/div><div><b>P\u00c1GINA V<\/b>\u00a0<br \/><a href=\"https:\/\/paginav.cl\/2024\/09\/03\/investigador-espanol-abordo-problematicas-de-connotacion-sexual-en-plataformas-digitales\/\">Investigador espa\u00f1ol abord\u00f3 problem\u00e1ticas de connotaci\u00f3n sexual en plataformas digitales. Se menciona la Universidad de Talca.\u00a0<\/a><br \/><br \/><\/div><div><b>UNIVERSIDAD DE CHILE<\/b>\u00a0<br \/><a href=\"https:\/\/ingenieria.uchile.cl\/noticias\/220044\/catedras-unesco-fcfm-se-renuevan-por-cuatro-anos-mas\">C\u00e1tedras Unesco-FCFM se renuevan por cuatro a\u00f1os. Se menciona la Universidad de Talca.\u00a0<\/a><br \/><br \/><\/div><div><b>RADIO MONTECARLO<\/b>\u00a0<br \/><a href=\"https:\/\/www.radiomontecarlo.cl\/comision-de-mujer-del-senado-aprueba-en-general-y-con-unanimidad-proyecto-de-equidad-salarial\/\">Comisi\u00f3n de Mujer del Senado aprueba en general y con unanimidad proyecto de Equidad Salarial. Se menciona la Universidad de Talca.\u00a0<\/a><br \/><br \/><\/div><div><b>RADIO FESTIVAL<\/b>\u00a0<br \/><a href=\"https:\/\/www.radiofestival.cl\/comision-de-mujer-del-senado-aprueba-en-general-y-con-unanimidad-proyecto-de-equidad-salarial\/\">Comisi\u00f3n de Mujer del Senado aprueba en general y con unanimidad proyecto de Equidad Salarial. Se menciona la Universidad de Talca.\u00a0<\/a><br \/><br \/><\/div><div><b>CNN CHILE<\/b>\u00a0<br \/><a href=\"https:\/\/www.cnnchile.com\/pais\/jessica-gonzalez-mireya-lopez-gobierno-corte-suprem-aprobadas-senado_20240903\/\">Jessica Gonz\u00e1lez y Mireya L\u00f3pez, las nominadas del Gobierno a la Corte Suprema, que fueron aprobadas por el Senado. Se menciona la Universidad de Talca.\u00a0<\/a><br \/><br \/><\/div><div><b>DIARIO LA TRIBUNA<\/b>\u00a0<br \/><a href=\"https:\/\/www.latribuna.cl\/educacion\/2024\/09\/03\/estudiantes-de-cuatro-regiones-compartieron-en-torno-a-feria-cientifica.html\">Estudiantes de cuatro regiones compartieron en torno a feria cient\u00edfica. Se menciona la Universidad de Talca.\u00a0<\/a><br \/><br \/><\/div><div><b>UNIVERSIDAD DE CHILE<\/b>\u00a0<br \/><a href=\"https:\/\/gobierno.uchile.cl\/noticias\/220023\/facultad-de-gobierno-es-parte-de-las-catedras-unesco-sobre-educacion\">Facultad de Gobierno es parte de las c\u00e1tedras UNESCO sobre temas de educaci\u00f3n y pol\u00edticas p\u00fablicas. Se menciona la Universidad de Talca.\u00a0<\/a><br \/><br \/><\/div><div><b>PORTAL AGRO CHILE<\/b>\u00a0<br \/><a href=\"https:\/\/www.portalagrochile.cl\/2024\/09\/03\/el-iica-selecciona-16-agtechs-de-14-paises-de-las-americas-que-participaran-en-forma-presencial-en-la-semana-de-la-agricultura-digital-2024\/\">El IICA selecciona 16 agtechs de 14 pa\u00edses de las Am\u00e9ricas que participar\u00e1n en forma presencial en la Semana de la Agricultura Digital 2024. Se menciona la Universidad de Talca.\u00a0<\/a><br \/><br \/><\/div>\t\t\t\t\t\t<\/div>\n\t\t\t\t<\/div>\n\t\t\t\t\t<\/div>\n\t\t<\/div>\n\t\t\t\t\t\t\t<\/div>\n\t\t<\/section>\n\t\t\t\t\t\t<\/div>\n\t\t\t\t\t<\/div>\n\t\t","protected":false},"excerpt":{"rendered":"<p>S\u00c9PTIMA P\u00c1GINA NOTICIAS\u00a0\u00bfAdicto a los Reels? Advierten que tienen el mismo impacto que las drogas en el cerebro. Se refiere Felipe Figueroa Mart\u00ednez, psic\u00f3logo de la Unidad de Vinculaci\u00f3n con el Sistema Escolar (UVSE).\u00a0 VIVIMOS LA NOTICIA\u00a0\u00bfAdicto a los Reels? Advierten que tienen el mismo impacto que las drogas en el cerebro. Se refiere Felipe &hellip;<\/p>\n<p class=\"read-more\"> <a class=\"\" href=\"https:\/\/www.reportedeprensa.utalca.cl\/?p=10498\"> <span class=\"screen-reader-text\">04 de septiembre de 2024<\/span> Read More &raquo;<\/a><\/p>\n","protected":false},"author":1,"featured_media":0,"comment_status":"closed","ping_status":"open","sticky":false,"template":"","format":"standard","meta":{"_monsterinsights_skip_tracking":false,"_monsterinsights_sitenote_active":false,"_monsterinsights_sitenote_note":"","_monsterinsights_sitenote_category":0},"categories":[52],"tags":[],"_links":{"self":[{"href":"https:\/\/www.reportedeprensa.utalca.cl\/index.php?rest_route=\/wp\/v2\/posts\/10498"}],"collection":[{"href":"https:\/\/www.reportedeprensa.utalca.cl\/index.php?rest_route=\/wp\/v2\/posts"}],"about":[{"href":"https:\/\/www.reportedeprensa.utalca.cl\/index.php?rest_route=\/wp\/v2\/types\/post"}],"author":[{"embeddable":true,"href":"https:\/\/www.reportedeprensa.utalca.cl\/index.php?rest_route=\/wp\/v2\/users\/1"}],"replies":[{"embeddable":true,"href":"https:\/\/www.reportedeprensa.utalca.cl\/index.php?rest_route=%2Fwp%2Fv2%2Fcomments&post=10498"}],"version-history":[{"count":4,"href":"https:\/\/www.reportedeprensa.utalca.cl\/index.php?rest_route=\/wp\/v2\/posts\/10498\/revisions"}],"predecessor-version":[{"id":10503,"href":"https:\/\/www.reportedeprensa.utalca.cl\/index.php?rest_route=\/wp\/v2\/posts\/10498\/revisions\/10503"}],"wp:attachment":[{"href":"https:\/\/www.reportedeprensa.utalca.cl\/index.php?rest_route=%2Fwp%2Fv2%2Fmedia&parent=10498"}],"wp:term":[{"taxonomy":"category","embeddable":true,"href":"https:\/\/www.reportedeprensa.utalca.cl\/index.php?rest_route=%2Fwp%2Fv2%2Fcategories&post=10498"},{"taxonomy":"post_tag","embeddable":true,"href":"https:\/\/www.reportedeprensa.utalca.cl\/index.php?rest_route=%2Fwp%2Fv2%2Ftags&post=10498"}],"curies":[{"name":"wp","href":"https:\/\/api.w.org\/{rel}","templated":true}]}}