{"id":10662,"date":"2024-10-03T16:40:06","date_gmt":"2024-10-03T19:40:06","guid":{"rendered":"https:\/\/www.reportedeprensa.utalca.cl\/?p=10662"},"modified":"2024-10-03T17:00:21","modified_gmt":"2024-10-03T20:00:21","slug":"03-de-octubre-2024","status":"publish","type":"post","link":"https:\/\/www.reportedeprensa.utalca.cl\/?p=10662","title":{"rendered":"03 de octubre 2024"},"content":{"rendered":"\t\t<div data-elementor-type=\"wp-post\" data-elementor-id=\"10662\" class=\"elementor elementor-10662\" data-elementor-settings=\"[]\">\n\t\t\t\t\t\t\t<div class=\"elementor-section-wrap\">\n\t\t\t\t\t\t\t<section class=\"elementor-section elementor-top-section elementor-element elementor-element-bcea1a8 elementor-section-boxed elementor-section-height-default elementor-section-height-default\" data-id=\"bcea1a8\" data-element_type=\"section\">\n\t\t\t\t\t\t<div class=\"elementor-container elementor-column-gap-default\">\n\t\t\t\t\t<div class=\"elementor-column elementor-col-100 elementor-top-column elementor-element elementor-element-e7183bf\" data-id=\"e7183bf\" data-element_type=\"column\">\n\t\t\t<div class=\"elementor-widget-wrap elementor-element-populated\">\n\t\t\t\t\t\t\t\t<div class=\"elementor-element elementor-element-90255dc elementor-widget elementor-widget-text-editor\" data-id=\"90255dc\" data-element_type=\"widget\" data-widget_type=\"text-editor.default\">\n\t\t\t\t<div class=\"elementor-widget-container\">\n\t\t\t\t\t\t\t\t<div><b>AD PRENSA<\/b><br \/><a href=\"https:\/\/www.adprensa.cl\/cronica\/agricultura-espacial-desarrollan-cultivos-de-tomates-y-lechugas-que-podrian-subsistir-en-marte\/\">Agricultura espacial: Desarrollan cultivos de tomates y lechugas que podr\u00edan subsistir en Marte. Se refiere Marco Molina Montenegro, director del Centro de Ecolog\u00eda Integrativa.<\/a><br \/><br \/><\/div><div><b>G5 NOTICIA<\/b><br \/><a href=\"https:\/\/g5noticias.cl\/2024\/10\/02\/agricultura-espacial-desarrollan-cultivos-de-tomates-y-lechugas-que-podrian-subsistir-en-marte\/\">Agricultura espacial: Desarrollan cultivos de tomates y lechugas que podr\u00edan subsistir en Marte. Se refiere Marco Molina Montenegro, director del Centro de Ecolog\u00eda Integrativa.<\/a><br \/><br \/><\/div><div><b>MEDIABANCO<\/b><br \/><a href=\"https:\/\/www.mediabanco.com\/agricultura-espacial-desarrollan-cultivos-de-tomates-y-lechugas-que-podrian-subsistir-en-marte\/\">Agricultura espacial: Desarrollan cultivos de tomates y lechugas que podr\u00edan subsistir en Marte. Se refiere Marco Molina Montenegro, director del Centro de Ecolog\u00eda Integrativa.<\/a><br \/><br \/><\/div><div><b>DIARIO EL HERALDO<\/b><u><br \/><\/u><a href=\"https:\/\/www.diarioelheraldo.cl\/noticia\/agricultura-espacial-desarrollan-cultivos-de-tomates-y-lechugas-que-podrian-subsistir-en-marte-\">Agricultura espacial: Desarrollan cultivos de tomates y lechugas que podr\u00edan subsistir en Marte.\u00a0<\/a><a href=\"https:\/\/www.diarioelheraldo.cl\/noticia\/agricultura-espacial-desarrollan-cultivos-de-tomates-y-lechugas-que-podrian-subsistir-en-marte-\">Se refiere Marco Molina Montenegro, director del Centro de Ecolog\u00eda Integrativa.<\/a><br \/><br \/><\/div><div><b>EL MAULE INFORMA<\/b><br \/><a href=\"https:\/\/www.diarioelheraldo.cl\/noticia\/agricultura-espacial-desarrollan-cultivos-de-tomates-y-lechugas-que-podrian-subsistir-en-marte-\">Agricultura espacial: Desarrollan cultivos de tomates y lechugas que podr\u00edan subsistir en Marte.\u00a0Se refiere Marco Molina Montenegro, director del Centro de Ecolog\u00eda Integrativa.<\/a><br \/><br \/><\/div><div><b>TIERRA AMARILLANO<\/b><u><br \/><\/u><a href=\"https:\/\/tierramarillano.cl\/2024\/10\/02\/agricultura-espacial-desarrollan-cultivos-de-tomates-y-lechugas-que-podrian-subsistir-en-marte\/\">Agricultura espacial: Desarrollan cultivos de tomates y lechugas que podr\u00edan subsistir en Marte.<\/a><a href=\"https:\/\/tierramarillano.cl\/2024\/10\/02\/agricultura-espacial-desarrollan-cultivos-de-tomates-y-lechugas-que-podrian-subsistir-en-marte\/\">\u00a0Se refiere Marco Molina Montenegro, director del Centro de Ecolog\u00eda Integrativa.<\/a><br \/><br \/><\/div><div><b>HORA DE NOTICIAS<\/b><u><br \/><\/u><a href=\"https:\/\/horadenoticias.cl\/agricultura\/desarrollan-cultivos-de-tomates-y-lechugas-que-podrian-subsistir-en-marte\">Desarrollan<\/a><a href=\"https:\/\/horadenoticias.cl\/agricultura\/desarrollan-cultivos-de-tomates-y-lechugas-que-podrian-subsistir-en-marte\"> cultivos de tomates y lechugas que podr\u00edan subsistir en Marte.<\/a><a href=\"https:\/\/horadenoticias.cl\/agricultura\/desarrollan-cultivos-de-tomates-y-lechugas-que-podrian-subsistir-en-marte\">\u00a0Se refiere Marco Molina Montenegro, director del Centro de Ecolog\u00eda Integrativa.<\/a><br \/><br \/><\/div><div><b>EL DIARIO SANTIAGO<\/b><br \/><a href=\"https:\/\/www.eldiariosantiago.cl\/agricultura-espacial-desarrollan-cultivos-de-tomates-y-lechugas-que-podrian-subsistir-en-marte\/\">Agricultura espacial: Desarrollan cultivos de tomates y lechugas que podr\u00edan subsistir en Marte. Se refiere Marco Molina Montenegro, director del Centro de Ecolog\u00eda Integrativa.<\/a><br \/><br \/><\/div><div><b>EL HERALDO<\/b><br \/><a href=\"https:\/\/www.litoralpress.cl\/paginaconsultas\/Servicios_NClipSitio\/Get_Imagen_Nota.aspx?LPKey=UBINPCRE34GUA3E6BUJP4LONEDV3LLQUM733CDLCVL22H5KTHTHJFXEDSWZ6X4JMDLCZ3JHH3HJMG\">Astr\u00f3nomo explic\u00f3 detalles sobre el pr\u00f3ximo eclipse \u201canillo de fuego\u201d. Se refiere Roy Slater, acad\u00e9mico de la Facultad de Ingenier\u00eda.<\/a><br \/><br \/><\/div><div><b>EL LECTOR<\/b><br \/><a href=\"https:\/\/www.litoralpress.cl\/paginaconsultas\/Servicios_NClipSitio\/Get_Imagen_Nota.aspx?LPKey=4UMK5HRXZ7HGTHC6PEC5JIOJR2353X7NQ4AGOAYC4YYXP6WEDTYQB3YA34E6LSRNLIFQR4Y2YJLPA\">Astr\u00f3nomo explic\u00f3 detalles sobre el pr\u00f3ximo eclipse &#8220;anillo de fuego&#8221;. Se refiere Roy Slater, acad\u00e9mico de la Facultad de Ingenier\u00eda.<\/a><br \/><br \/><\/div><div><b>PUBLIMICRO<\/b><br \/><a href=\"https:\/\/publimicro.cl\/astronomo-de-la-universidad-de-talca-entrega-detalles-sobre-el-eclipse-anillo-anular-fenomeno-se-hara-visible-hoy-miercoles-en-el-maule\/\">Astr\u00f3nomo de la Universidad de Talca entrega detalles sobre el eclipse \u201canillo anular\u201d. Fen\u00f3meno se har\u00e1 visible hoy mi\u00e9rcoles en el Maule. Se refiere Roy Slater, acad\u00e9mico de la Facultad de Ingenier\u00eda.<\/a><br \/><br \/><\/div><div><b>LA NOTICIA<\/b><br \/><a href=\"https:\/\/lanoticia.cl\/astronomo-explico-detalles-sobre-el-eclipse-anillo-de-fuego\/\">Astr\u00f3nomo explic\u00f3 detalles sobre el pr\u00f3ximo eclipse \u201canillo de fuego\u201d. Se refiere Roy Slater, acad\u00e9mico de la Facultad de Ingenier\u00eda.<\/a><br \/><br \/><\/div><div><b>CR\u00d3NICA DIGITAL<\/b><br \/><a href=\"https:\/\/cronicadigital.cl\/2024\/10\/02\/astronomo-explico-detalles-sobre-el-proximo-eclipse-anillo-de-fuego\/\">Astr\u00f3nomo explic\u00f3 detalles sobre el pr\u00f3ximo eclipse \u201canillo de fuego\u201d. Se refiere Roy Slater, acad\u00e9mico de la Facultad de Ingenier\u00eda.<\/a><br \/><br \/><\/div><div><b>OVEJERO NOTICIAS<\/b><br \/><a href=\"https:\/\/www.ovejeronoticias.cl\/2024\/10\/fenomeno-astronomico-de-eclipse-anular-sera-visible-hoy-miercoles-2-de-octubre-con-cielos-despejados\/\">Fen\u00f3meno astron\u00f3mico de eclipse anular ser\u00e1 visible hoy mi\u00e9rcoles 2 de octubre con cielos despejados. Se refiere Roy Slater, acad\u00e9mico de la Facultad de Ingenier\u00eda.<\/a><br \/><br \/><\/div><div><b>EL D\u00cdNAMO<\/b><br \/><a href=\"https:\/\/www.eldinamo.cl\/sociedad\/2024\/10\/02\/donde-ver-la-transmision-en-vivo-del-eclipse-solar-anular-en-chile-a-esta-hora-se-observara-el-anillo-de-fuego\/\">D\u00f3nde ver la transmisi\u00f3n en vivo del eclipse solar anular en Chile: a esta hora se observar\u00e1 el anillo de fuego. Se refiere Roy Slater, acad\u00e9mico de la Facultad de Ingenier\u00eda.<\/a><br \/><br \/><\/div><div><b>RADIO LAUTARO<\/b><br \/><a href=\"https:\/\/radiolautarotalca.cl\/conoce-los-detalles-sobre-el-eclipse-anillo-de-fuego\/\">Conoce los detalles sobre el eclipse \u201canillo de fuego\u201d. Se refiere Roy Slater, acad\u00e9mico de la Facultad de Ingenier\u00eda.<\/a><br \/><br \/><\/div><div><b>VIVIMOS LA NOTICIA<\/b><u><br \/><\/u><a href=\"https:\/\/www.vlnradio.cl\/noticias\/nacional\/2024\/10\/02\/eclipse-de-anillo-de-fuego-se-vera-este-miercoles-en-el-maule\/\">Eclipse de \u201canillo de fuego\u201d se ver\u00e1 este mi\u00e9rcoles en el Maule. Se refiere Roy Slater, acad\u00e9mico de la Facultad de Ingenier\u00eda.<\/a><u><br \/><br \/><\/u><\/div><div><b>MAULE NEWS<\/b><br \/><a href=\"https:\/\/www.maulenews.com\/2024\/10\/astronomo-explico-detalles-sobre-el.html\">Astr\u00f3nomo explic\u00f3 detalles sobre el eclipse \u201canillo de fuego\u201d de este mi\u00e9rcoles. Se refiere Roy Slater, acad\u00e9mico de la Facultad de Ingenier\u00eda.<\/a><br \/><br \/><\/div><div><b>CANAL 30 MULTICOM<\/b><br \/><a href=\"https:\/\/www.litoralpress.cl\/sitio\/RadioTV_Detalles.cshtml?LPKey=HN7KU5CDLKAVJP5BE42TAY6Q4NPY53DDNUR2QIKVW5LWXBPNIM2UNFHDTR5YTUMWRY3FOCZPZUATA\">\u00bfC\u00f3mo cuidar el bolsillo durante cyber? Se refiere Milton Inostroza, director de la Escuela de Ingenier\u00eda Comercial.<\/a><br \/><br \/><\/div><div><b>EL REPORTE DIARIO<\/b><br \/><a href=\"https:\/\/reportediario.cl\/2024\/10\/02\/aprovecha-al-maximo-el-ultimo-dia-del-cybermonday-descubre-como-planificar-tus-compras-y-evitar-el-endeudamiento\/\">\u00a1Aprovecha al M\u00e1ximo el \u00daltimo D\u00eda del CyberMonday: Descubre C\u00f3mo Planificar Tus Compras y Evitar el Endeudamiento! Se refiere Milton Inostroza, director de la Escuela de Ingenier\u00eda Comercial.<\/a><br \/><br \/><\/div><div><b>RADIO AGRICULTURA<\/b><br \/><a href=\"https:\/\/www.radioagricultura.cl\/dato-practico\/2024\/10\/02\/recomendaciones-cybermonday\/\">\u00daltimo d\u00eda del CyberMonday: \u00bfC\u00f3mo planificar tus compras y evitar el endeudamiento? Se refiere Milton Inostroza, director de la Escuela de Ingenier\u00eda Comercial de la UTalca.\u00a0<\/a><\/div><div>\u00a0<\/div><div><b>CANAL TVN RED AUSTRAL<\/b><br \/><a href=\"https:\/\/www.litoralpress.cl\/sitio\/RadioTV_Detalles.cshtml?LPKey=XVFCDYGUFC7J4Y62ESO3TIQZS2TC3HZQEPD7PWAK25WSFCKU4675Q5VD5IM72TYGBCT5P2CWRMUMK\">Aumento de Tarifas de Luz en Magallanes. Se refiere Mar\u00eda Luisa Del Campo, directora del Centro Tecnol\u00f3gico Kipus.<\/a><br \/><br \/><\/div><div><b>RADIO BIOB\u00cdO<\/b><u><br \/><\/u><a href=\"https:\/\/www.biobiochile.cl\/noticias\/servicios\/toma-nota\/2024\/10\/02\/son-convenientes-los-paneles-solares-cuanto-te-puedes-ahorrar-en-la-cuenta-de-la-luz.shtml\">\u00bfSon convenientes los paneles solares? Cu\u00e1nto te puedes ahorrar en la cuenta de la luz. Se refiere Mar\u00eda Luisa del Campo, directora centro tecnol\u00f3gico de Kipus.<\/a><u><br \/><br \/><\/u><\/div><div><b>CANAL 30 MULTICOM<\/b><br \/><a href=\"https:\/\/www.litoralpress.cl\/sitio\/RadioTV_Detalles.cshtml?LPKey=WOI52TKTIE4AELZROVC2BW5547YOPXMOKOFJB4HN7W3PBKVPWXU2M26PTS7SWO4Q62RZXGCSLDT2I\">Encarecimientos en proyectos habitacionales. Se refiere Armando Dur\u00e1n, acad\u00e9mico de la Facultad de Ingenier\u00eda.<\/a><br \/><br \/><\/div><div><b>TV5 LINARES<\/b><br \/><a href=\"https:\/\/www.litoralpress.cl\/sitio\/RadioTV_Detalles.cshtml?LPKey=BMXCG5DJJAPKNE2BJ56W3Z5DIPNPRKVWIQHZX7W2DUKLNB7VHMGFCL2FHRLD3QUBNOIDHYGEFMPNE\">Mayor costo de viviendas por delincuencia. Se refiere Armando Dur\u00e1n, acad\u00e9mico de la Facultad de Ingenier\u00eda.<\/a><br \/><br \/><\/div><div><b>CANAL BIBLIOTECA NACIONAL DEL CONGRESO<\/b><br \/><a href=\"https:\/\/www.litoralpress.cl\/sitio\/RadioTV_Detalles.cshtml?LPKey=3UTMWILF6MONRRPEXULKS2MHEZS5ZD557M5LTFQXA2DUFEWAJVYNWOD3W4PBTTUGECYDIQYAVNDBE\">Entrevista a Andrea Bentancor Cazenave, acad\u00e9mica de la Facultad de Econom\u00eda y Negocios.<\/a><br \/><br \/><\/div><div><b><u>EMOL<\/u><\/b><u><br \/><\/u><a href=\"https:\/\/www.emol.com\/noticias\/Nacional\/2024\/09\/30\/1144018\/centros-salud-mejorar-seguridad-propuestas.html\">De ser considerados infraestructura cr\u00edtica a m\u00e1s botones de p\u00e1nico: Propuestas ante la violencia en centros de salud. Se refiere Erika Retamal, directora del Departamento de Salud P\u00fablica.<\/a><u><br \/><br \/><\/u><\/div><div><b>EL MERCURIO<\/b><br \/><a href=\"https:\/\/www.litoralpress.cl\/paginaconsultas\/Servicios_NClipSitio\/Get_Imagen_Nota.aspx?LPKey=ZEDQMKIF5BJYAYO52YB3VB2ZWHEQ32CQG5OF3TBN6IZFBV5DBSCCOZXLTPNPYXEY7WJCF7O4K6MCS\">La Moneda insiste en cr\u00edtica a avance de agenda legislativa en seguridad y defiende aumento presupuestario. Se refiere Mauricio Morales Quiroga, director del Centro de An\u00e1lisis Pol\u00edtico (CAP-UTalca).<\/a><br \/><br \/><\/div><div><b>EL HERALDO<\/b><br \/><a href=\"https:\/\/www.litoralpress.cl\/paginaconsultas\/Servicios_NClipSitio\/Get_Imagen_Nota.aspx?LPKey=5743FLOALYTZOLFMGV5XOZUAHN4XOKZHQX65N52LCUP4GJHOEZJSI5G62ZXTEIE7YRBLXLEAAT77M\">Acad\u00e9micos estudian los efectos de la actividad f\u00edsica y cognitiva en personas mayores. Se refiere Iv\u00e1n Palomo,\u00a0y Eduardo Fuentes Quinteros, investigadores del Centro de Investigaci\u00f3n en Trombosis y Envejecimiento Saludable (CITES).\u00a0<\/a><br \/><br \/><\/div><div><b>CANAL 30 MULTICOM<\/b><br \/><a href=\"https:\/\/www.litoralpress.cl\/sitio\/RadioTV_Detalles.cshtml?LPKey=RFC5Y7SCD7GBZGFS64N23H5EO5AKAYBSWJIN4U7TCVIBK3SOBMQZBI4PE42DWNGVE3HUNGWT6DDFG\">Recomendaciones para el uso de creatina. Se refiere Nayadeth Escalona, acad\u00e9mica Escuela de Nutrici\u00f3n y Diet\u00e9tica.<\/a><br \/><br \/><\/div><div><b>CANAL 30 MULTICOM<\/b><br \/><a href=\"https:\/\/www.litoralpress.cl\/sitio\/RadioTV_Detalles.cshtml?LPKey=D3GNR4VXXSEU3VKSXRIXNAMG4JMDDMZ6QL2I3OJINFNNEPPNMWACIGPL5RRU2KI44CCLV2CJGD77W\">Nota Ley de Cultos e iglesia satanista. Se refiere Jorge del\u00a0Pic\u00f3, director Centro de Derecho de las Minor\u00edas y Gesti\u00f3n de la Diversidad (CEDEMI).<\/a><br \/><br \/><\/div><div><b>CANAL 30 MULTICOM<\/b><br \/><a href=\"https:\/\/www.litoralpress.cl\/sitio\/RadioTV_Detalles.cshtml?LPKey=YHBXJK34C2GIVNAN6TX2KTHUFEYM435XK7SX3O2WY5QXK4O676L6GB6HPDTS23EI5JTE22JHX2POU\">Nota higiene bucal y Alzheimer. Se refiere Soraya\u00a0Le\u00f3n Araya, directora del Programa de Especializaci\u00f3n en Odontogeriatr\u00eda.<\/a><br \/><br \/><\/div><div><b>CANAL 30 MULTICOM<\/b><br \/><a href=\"https:\/\/www.litoralpress.cl\/sitio\/RadioTV_Detalles.cshtml?LPKey=HJ7RUVYDLBHXZ2G5M56IQFEWPZL7ZZ6BXQJNSOWMAHXKC2323YKH2DAC3L5FTM7CXDNLONGYG564I\">Nota los peligros del cigarrillo electr\u00f3nico. Se refiere Kerly Cubillan Pedra\u00f1ez, acad\u00e9mica Facultad de Medicina.<\/a><br \/><br \/><\/div><div><b>TV5 LINARES<\/b><br \/><a href=\"https:\/\/www.litoralpress.cl\/sitio\/RadioTV_Detalles.cshtml?LPKey=UYB2SDVFBJHIE7ZOT5XCHGOBHCH4A5WKROU3KEUWAGKX4VKQPSU5GQ5ZUCVUM7AMKIUIQ6KF6U3QU\">Evitar estr\u00e9s vial en fiestas patrias.\u00a0Se refiere Emilio Moyano, acad\u00e9mico de la Facultad de Psicolog\u00eda.\u00a0<\/a><br \/><br \/><\/div><div><b>G5 NOTICIA<\/b><br \/><a href=\"https:\/\/g5noticias.cl\/2024\/10\/02\/academicos-estudian-los-efectos-de-la-actividad-fisica-y-cognitiva-en-personas-mayores\/\">Acad\u00e9micos estudian los efectos de la actividad f\u00edsica y cognitiva en personas mayores. Se refiere Iv\u00e1n Palomo,\u00a0y Eduardo Fuentes Quinteros, investigadores del Centro de Investigaci\u00f3n en Trombosis y Envejecimiento Saludable (CITES).\u00a0<\/a><\/div><div>\u00a0<\/div><div><b>LA DISCUSI\u00d3N<\/b><br \/><a href=\"https:\/\/www.ladiscusion.cl\/congreso-chileno-de-psicologia-inicia-su-xviii-version-en-la-ubb\/\">Congreso Chileno de Psicolog\u00eda inicia su XVIII versi\u00f3n en la UBB. Se menciona la Universidad de Talca.<\/a><u><br \/><\/u>\u00a0<\/div><div><b>TVU CONCEPCI\u00d3N<\/b><br \/><a href=\"https:\/\/www.tvu.cl\/prensa\/2024\/10\/02\/seminario-internacional-telescopi-2024-abordara-planificacion-estrategica-y-calidad-en-la-educacion-superior.html\">Seminario Internacional Telescopi 2024 abordar\u00e1 planificaci\u00f3n estrat\u00e9gica y calidad en la Educaci\u00f3n Superior. Se menciona la Universidad de Talca.<\/a><u><br \/><br \/><\/u><\/div><div><b>DIARIO EL HERALDO<\/b><br \/><a href=\"https:\/\/www.diarioelheraldo.cl\/noticia\/-sociedad-civil-minvu-y-serviu-prepara-conversatorio-sobre-desafios-urbanos\">Sociedad civil MINVU y SERVIU prepara conversatorio sobre desaf\u00edos urbanos. Se menciona la Universidad de Talca.<\/a><u><br \/><br \/><\/u><\/div><div><b>EL PA\u00cdS<\/b><br \/><a href=\"https:\/\/elpais.com\/chile\/2024-10-03\/el-senado-chileno-aprueba-a-los-candidatos-de-boric-para-integrar-la-corte-suprema.html\">El Senado chileno aprueba a los candidatos de Boric para integrar la Corte Suprema. Se menciona la Universidad de Talca.<\/a><u><br \/><br \/><\/u><\/div><div><b>LA SEGUNDA<\/b><br \/><a href=\"https:\/\/www.litoralpress.cl\/paginaconsultas\/Servicios_NClipSitio\/Get_Imagen_Nota.aspx?LPKey=74NWJA3TH2L7XREMLTF2J42ZTP6L3J44L25HTKHMJMD24A3VEUPWHO5B2J2SHG6EZMD6Q7HNMRPUE\">Mucha conversaci\u00f3n inapropiada: 1.500 p\u00e1ginas de chats entre exfiscal Guerra y Hermosilla. Se menciona la Universidad de Talca.<\/a><br \/><br \/><\/div><div><b>LA PRENSA DE CURIC\u00d3<\/b><br \/><a href=\"https:\/\/www.litoralpress.cl\/paginaconsultas\/Servicios_NClipSitio\/Get_Imagen_Nota.aspx?LPKey=4Q36625UYX7PCCGOULUGJZ3SY6C6C7TUG73SXIBREBUBRJKTBKSYF2EU4SUOBSJZBFC56I3KZXFQI\">Sucede. Se menciona la Universidad de Talca.<\/a><br \/><br \/><\/div><div><b>PUBLIMICRO<\/b><br \/><a href=\"https:\/\/publimicro.cl\/laboratorio-cientifico-movil-de-la-universidad-de-talca-inauguro-festival-de-las-ciencias-frente-a-la-moneda-en-santiago\/\">Laboratorio cient\u00edfico m\u00f3vil de la Universidad de Talca inaugur\u00f3 Festival de las Ciencias, frente a La Moneda, en Santiago. Se menciona la Universidad de Talca.<\/a><br \/><br \/><\/div><div><b>DIARIO TALCA<\/b><br \/><a href=\"https:\/\/diariotalca.cl\/acto-inaugural-del-vii-congreso-nacional-de-jueces-y-juezas-de-familia-se-realizo-en-talca\/\">Acto inaugural del VII Congreso Nacional de Jueces y Juezas de Familia se realiz\u00f3 en Talca. Se menciona la Universidad de Talca.<\/a><br \/><br \/><\/div><div><b>ADN RADIO<\/b><br \/><a href=\"https:\/\/www.adnradio.cl\/2024\/10\/02\/estas-son-las-nuevas-carreras-universitarias-que-comenzaran-a-impartirse-el-2025-en-chile\/\">Estas son las nuevas carreras universitarias que comenzar\u00e1n a impartirse el 2025 en Chile. Se menciona la Universidad de Talca.<\/a><br \/><br \/><\/div>\t\t\t\t\t\t<\/div>\n\t\t\t\t<\/div>\n\t\t\t\t\t<\/div>\n\t\t<\/div>\n\t\t\t\t\t\t\t<\/div>\n\t\t<\/section>\n\t\t\t\t\t\t<\/div>\n\t\t\t\t\t<\/div>\n\t\t","protected":false},"excerpt":{"rendered":"<p>AD PRENSAAgricultura espacial: Desarrollan cultivos de tomates y lechugas que podr\u00edan subsistir en Marte. Se refiere Marco Molina Montenegro, director del Centro de Ecolog\u00eda Integrativa. G5 NOTICIAAgricultura espacial: Desarrollan cultivos de tomates y lechugas que podr\u00edan subsistir en Marte. Se refiere Marco Molina Montenegro, director del Centro de Ecolog\u00eda Integrativa. MEDIABANCOAgricultura espacial: Desarrollan cultivos de &hellip;<\/p>\n<p class=\"read-more\"> <a class=\"\" href=\"https:\/\/www.reportedeprensa.utalca.cl\/?p=10662\"> <span class=\"screen-reader-text\">03 de octubre 2024<\/span> Read More &raquo;<\/a><\/p>\n","protected":false},"author":1,"featured_media":0,"comment_status":"closed","ping_status":"open","sticky":false,"template":"","format":"standard","meta":{"_monsterinsights_skip_tracking":false,"_monsterinsights_sitenote_active":false,"_monsterinsights_sitenote_note":"","_monsterinsights_sitenote_category":0},"categories":[53],"tags":[],"_links":{"self":[{"href":"https:\/\/www.reportedeprensa.utalca.cl\/index.php?rest_route=\/wp\/v2\/posts\/10662"}],"collection":[{"href":"https:\/\/www.reportedeprensa.utalca.cl\/index.php?rest_route=\/wp\/v2\/posts"}],"about":[{"href":"https:\/\/www.reportedeprensa.utalca.cl\/index.php?rest_route=\/wp\/v2\/types\/post"}],"author":[{"embeddable":true,"href":"https:\/\/www.reportedeprensa.utalca.cl\/index.php?rest_route=\/wp\/v2\/users\/1"}],"replies":[{"embeddable":true,"href":"https:\/\/www.reportedeprensa.utalca.cl\/index.php?rest_route=%2Fwp%2Fv2%2Fcomments&post=10662"}],"version-history":[{"count":4,"href":"https:\/\/www.reportedeprensa.utalca.cl\/index.php?rest_route=\/wp\/v2\/posts\/10662\/revisions"}],"predecessor-version":[{"id":10670,"href":"https:\/\/www.reportedeprensa.utalca.cl\/index.php?rest_route=\/wp\/v2\/posts\/10662\/revisions\/10670"}],"wp:attachment":[{"href":"https:\/\/www.reportedeprensa.utalca.cl\/index.php?rest_route=%2Fwp%2Fv2%2Fmedia&parent=10662"}],"wp:term":[{"taxonomy":"category","embeddable":true,"href":"https:\/\/www.reportedeprensa.utalca.cl\/index.php?rest_route=%2Fwp%2Fv2%2Fcategories&post=10662"},{"taxonomy":"post_tag","embeddable":true,"href":"https:\/\/www.reportedeprensa.utalca.cl\/index.php?rest_route=%2Fwp%2Fv2%2Ftags&post=10662"}],"curies":[{"name":"wp","href":"https:\/\/api.w.org\/{rel}","templated":true}]}}