{"id":10671,"date":"2024-10-04T09:44:50","date_gmt":"2024-10-04T12:44:50","guid":{"rendered":"https:\/\/www.reportedeprensa.utalca.cl\/?p=10671"},"modified":"2024-10-04T10:44:54","modified_gmt":"2024-10-04T13:44:54","slug":"04-de-octubre-2024","status":"publish","type":"post","link":"https:\/\/www.reportedeprensa.utalca.cl\/?p=10671","title":{"rendered":"04 de octubre 2024"},"content":{"rendered":"\t\t<div data-elementor-type=\"wp-post\" data-elementor-id=\"10671\" class=\"elementor elementor-10671\" data-elementor-settings=\"[]\">\n\t\t\t\t\t\t\t<div class=\"elementor-section-wrap\">\n\t\t\t\t\t\t\t<section class=\"elementor-section elementor-top-section elementor-element elementor-element-bcea1a8 elementor-section-boxed elementor-section-height-default elementor-section-height-default\" data-id=\"bcea1a8\" data-element_type=\"section\">\n\t\t\t\t\t\t<div class=\"elementor-container elementor-column-gap-default\">\n\t\t\t\t\t<div class=\"elementor-column elementor-col-100 elementor-top-column elementor-element elementor-element-e7183bf\" data-id=\"e7183bf\" data-element_type=\"column\">\n\t\t\t<div class=\"elementor-widget-wrap elementor-element-populated\">\n\t\t\t\t\t\t\t\t<div class=\"elementor-element elementor-element-c4ff314 elementor-widget elementor-widget-text-editor\" data-id=\"c4ff314\" data-element_type=\"widget\" data-widget_type=\"text-editor.default\">\n\t\t\t\t<div class=\"elementor-widget-container\">\n\t\t\t\t\t\t\t\t<div><b data-olk-copy-source=\"MessageBody\">MEDIABANCO\u00a0<\/b><\/div><div><a href=\"https:\/\/www.mediabanco.com\/utalca-presento-sus-innovaciones-en-importante-feria-de-hidrogeno-verde\/\">UTalca present\u00f3 sus innovaciones en importante feria de hidr\u00f3geno verde. Se refiere Carlos Restrepo y Antonio V\u00e9liz y Diego Montoya, director e investigador del Laboratorio en Aplicaciones en Redes Inteligentes (LARI), respectivamente.\u00a0<\/a><\/div><div>\u00a0<\/div><div><b>AD PRENSA <\/b>\u00a0<br \/><a href=\"https:\/\/www.adprensa.cl\/actividades-academicas\/utalca-presento-sus-innovaciones-en-importante-feria-de-hidrogeno-verde\/\">UTalca present\u00f3 sus innovaciones en importante feria de hidr\u00f3geno verde. Se refiere Carlos Restrepo y Antonio V\u00e9liz y Diego Montoya, director e investigador del Laboratorio en Aplicaciones en Redes Inteligentes (LARI), respectivamente.<\/a><br \/><br \/><\/div><div><b>DIARIO EL HERALDO<\/b>\u00a0<br \/><a href=\"https:\/\/www.diarioelheraldo.cl\/noticia\/utalca-presento-sus-innovaciones-en-importante-feria-de-hidrogeno-verde-\">UTalca present\u00f3 sus innovaciones en importante feria de hidr\u00f3geno verde. Se refiere Carlos Restrepo y Antonio V\u00e9liz y Diego Montoya, director e investigador del Laboratorio en Aplicaciones en Redes Inteligentes (LARI), respectivamente.<\/a><\/div><div>\u00a0<\/div><div><b>EL HERALDO<\/b>\u00a0<br \/><a href=\"https:\/\/www.litoralpress.cl\/paginaconsultas\/Servicios_NClipSitio\/Get_Imagen_Nota.aspx?LPKey=M6KKWXKGMU36GR4BY73ASXRKHPPCGTCDZFSAKSXOJFWAWNB7AG2OETNHYVPEJKJQBWJJG73ZU7UFU\">Agricultura espacial: Desarrollan cultivos de tomates y lechugas que podr\u00edan subsistir en Marte. Se refiere Marco Molina Montenegro, director del Centro de Ecolog\u00eda Integrativa.\u00a0<\/a><br \/><br \/><\/div><div><b>REVISTA ECOCIENCIAS\u00a0<br \/><\/b><a href=\"https:\/\/revistaecociencias.cl\/2024\/10\/03\/investigadores-desarrollan-cultivos-de-tomates-y-lechugas-que-podrian-subsistir-en-marte\/\">Investigadores desarrollan cultivos de tomates y lechugas que podr\u00edan subsistir en Marte. Se refiere Marco Molina Montenegro, director\u202fdel Centro\u202fde\u202fEcolog\u00eda Integrativa.\u00a0<\/a><b><br \/><\/b><\/div><div>\u00a0<\/div><div><b>PUBLIMICRO<\/b>\u00a0<br \/><a href=\"https:\/\/publimicro.cl\/agricultura-espacial-cientificos-de-la-universidad-de-talca-desarrollan-cultivos-de-tomates-y-lechugas-que-podrian-subsistir-en-marte\/\">Agricultura espacial: Desarrollan cultivos de tomates y lechugas que podr\u00edan subsistir en Marte. Se refiere Marco Molina Montenegro, director\u202fdel Centro\u202fde\u202fEcolog\u00eda Integrativa.\u00a0<\/a><br \/><br \/><\/div><div><b>S\u00c9PTIMA P\u00c1GINA NOTICIAS<\/b>\u00a0<br \/><a href=\"https:\/\/www.septimapaginanoticias.cl\/agricultura-espacial-desarrollan-cultivos-de-tomates-y-lechugas-que-podrian-subsistir-en-marte\">Agricultura espacial: Desarrollan cultivos de tomates y lechugas que podr\u00edan subsistir en Marte. Se refiere Marco Molina Montenegro, director\u202fdel Centro\u202fde\u202fEcolog\u00eda Integrativa.\u00a0<\/a><br \/><br \/><\/div><div><b>DIARIOS EN RED\u00a0<br \/><\/b><a href=\"https:\/\/www.diariosenred.com\/nacional\/agricultura-espacial-desarrollan-cultivos-de-tomates-y-lechugas-que\">Agricultura espacial: Desarrollan cultivos de tomates y lechugas que podr\u00edan subsistir en Marte. Se refiere Marco Molina Montenegro, director\u202fdel Centro\u202fde\u202fEcolog\u00eda Integrativa.\u00a0<\/a><br \/><br \/><\/div><div><b>RED TARAPAC\u00c1<\/b>\u00a0<br \/><a href=\"https:\/\/www.redtarapaca.com\/nacional\/agricultura-espacial-desarrollan-cultivos-de-tomates-y-lechugas-que\">Agricultura espacial: Desarrollan cultivos de tomates y lechugas que podr\u00edan subsistir en Marte. Se refiere Marco Molina Montenegro, director\u202fdel Centro\u202fde\u202fEcolog\u00eda Integrativa.\u00a0<\/a><br \/><br \/><\/div><div><b>RED \u00d1UBLE<\/b>\u00a0<br \/><a href=\"https:\/\/www.rednuble.com\/nacional\/agricultura-espacial-desarrollan-cultivos-de-tomates-y-lechugas-que\">Agricultura espacial: Desarrollan cultivos de tomates y lechugas que podr\u00edan subsistir en Marte. Se refiere Marco Molina Montenegro, director\u202fdel Centro\u202fde\u202fEcolog\u00eda Integrativa.\u00a0<\/a><br \/><br \/><\/div><div><b>RED MAULE<\/b>\u00a0<br \/><a href=\"https:\/\/www.redmaule.com\/nacional\/agricultura-espacial-desarrollan-cultivos-de-tomates-y-lechugas-que\">Agricultura espacial: Desarrollan cultivos de tomates y lechugas que podr\u00edan subsistir en Marte. Se refiere Marco Molina Montenegro, director\u202fdel Centro\u202fde\u202fEcolog\u00eda Integrativa.\u00a0<\/a><\/div><div>\u00a0<\/div><div><b>MAULE HOY<\/b>\u00a0<br \/><a href=\"https:\/\/maulehoy.cl\/2024\/10\/03\/agricultura-espacial-desarrollan-cultivos-de-tomates-y-lechugas-que-podrian-subsistir-en-marte\/\">Agricultura espacial: Desarrollan cultivos de tomates y lechugas que podr\u00edan subsistir en Marte. Se refiere Marco Molina Montenegro, director\u202fdel Centro\u202fde\u202fEcolog\u00eda Integrativa.\u00a0<\/a><\/div><div><br \/><b>AD PRENSA<\/b><br \/><a href=\"https:\/\/www.adprensa.cl\/cronica\/agricultura-espacial-desarrollan-cultivos-de-tomates-y-lechugas-que-podrian-subsistir-en-marte\/\">Agricultura espacial: Desarrollan cultivos de tomates y lechugas que podr\u00edan subsistir en Marte. Se refiere Marco Molina Montenegro, director del Centro de Ecolog\u00eda Integrativa.<\/a><\/div><div>\u00a0<\/div><div><b>G5 NOTICIA<br \/><\/b><a href=\"https:\/\/g5noticias.cl\/2024\/10\/02\/agricultura-espacial-desarrollan-cultivos-de-tomates-y-lechugas-que-podrian-subsistir-en-marte\/\">Agricultura espacial: Desarrollan cultivos de tomates y lechugas que podr\u00edan subsistir en Marte. Se refiere Marco Molina Montenegro, director del Centro de Ecolog\u00eda Integrativa.<\/a><\/div><div>\u00a0<\/div><div><b>MEDIABANCO<\/b><br \/><a href=\"https:\/\/www.mediabanco.com\/agricultura-espacial-desarrollan-cultivos-de-tomates-y-lechugas-que-podrian-subsistir-en-marte\/\">Agricultura espacial: Desarrollan cultivos de tomates y lechugas que podr\u00edan subsistir en Marte. Se refiere Marco Molina Montenegro, director del Centro de Ecolog\u00eda Integrativa.<\/a><\/div><div><b>\u00a0<\/b><\/div><div><b>DIARIO EL HERALDO<\/b><br \/><a href=\"https:\/\/www.diarioelheraldo.cl\/noticia\/agricultura-espacial-desarrollan-cultivos-de-tomates-y-lechugas-que-podrian-subsistir-en-marte-\">Agricultura espacial: Desarrollan cultivos de tomates y lechugas que podr\u00edan subsistir en Marte. Se refiere Marco Molina Montenegro, director del Centro de Ecolog\u00eda Integrativa.<\/a><\/div><div><b>\u00a0<\/b><\/div><div><b>EL MAULE INFORMA<\/b><br \/><a href=\"https:\/\/www.diarioelheraldo.cl\/noticia\/agricultura-espacial-desarrollan-cultivos-de-tomates-y-lechugas-que-podrian-subsistir-en-marte-\">Agricultura espacial: Desarrollan cultivos de tomates y lechugas que podr\u00edan subsistir en Marte. Se refiere Marco Molina Montenegro, director del Centro de Ecolog\u00eda Integrativa.<\/a><\/div><div><b>\u00a0<\/b><\/div><div><b>TIERRA AMARILLANO<\/b><br \/><a href=\"https:\/\/tierramarillano.cl\/2024\/10\/02\/agricultura-espacial-desarrollan-cultivos-de-tomates-y-lechugas-que-podrian-subsistir-en-marte\/\">Agricultura espacial: Desarrollan cultivos de tomates y lechugas que podr\u00edan subsistir en Marte.\u00a0Se refiere Marco Molina Montenegro, director del Centro de Ecolog\u00eda Integrativa.<\/a><\/div><div><b>\u00a0<\/b><\/div><div><b>HORA DE NOTICIAS<\/b><br \/><a href=\"https:\/\/horadenoticias.cl\/agricultura\/desarrollan-cultivos-de-tomates-y-lechugas-que-podrian-subsistir-en-marte\">Desarrollan cultivos de tomates y lechugas que podr\u00edan subsistir en Marte.\u00a0Se refiere Marco Molina Montenegro, director del Centro de Ecolog\u00eda Integrativa.<\/a><\/div><div>\u00a0<\/div><div><b>EL DIARIO SANTIAGO<\/b><br \/><a href=\"https:\/\/www.eldiariosantiago.cl\/agricultura-espacial-desarrollan-cultivos-de-tomates-y-lechugas-que-podrian-subsistir-en-marte\/\">Agricultura espacial: Desarrollan cultivos de tomates y lechugas que podr\u00edan subsistir en Marte. Se refiere Marco Molina Montenegro, director del Centro de Ecolog\u00eda Integrativa.<\/a><\/div><p>\u00a0<\/p><div><b>EL MOSTRADOR<\/b><\/div><div><a href=\"https:\/\/www.elmostrador.cl\/agenda-pais\/vida-en-linea\/2024\/10\/04\/cavidad-oral-y-estado-emocional-un-vinculo-vital-para-lograr-un-mayor-bienestar\/\">Cavidad oral y estado emocional: un v\u00ednculo vital para lograr un mayor bienestar. Se refiere Bernardita Fuentes, directora del Departamento de Estomatolog\u00eda.<\/a><\/div><div>\u00a0<\/div><div><b>CANAL MEGA<br \/><\/b><a href=\"https:\/\/www.litoralpress.cl\/sitio\/RadioTV_Detalles.cshtml?LPKey=HIH6DOQU6XLPJHHT6VUJ3BXCS7LRBCIS6KPLOSANS4EL3OKA7CTKX4OI3KCSHVC6KFD4YNESN4WWC\">An\u00e1lisis<\/a><a href=\"https:\/\/www.litoralpress.cl\/sitio\/RadioTV_Detalles.cshtml?LPKey=HIH6DOQU6XLPJHHT6VUJ3BXCS7LRBCIS6KPLOSANS4EL3OKA7CTKX4OI3KCSHVC6KFD4YNESN4WWC\"> pol\u00edtico nacional. Entrevista a Mauricio Morales Quiroga, director del Centro de An\u00e1lisis Pol\u00edtico (CAP).\u00a0<\/a><\/div><div>\u00a0<\/div><div><b>RADIO INFINITA\u00a0<br \/><\/b><a href=\"https:\/\/www.litoralpress.cl\/sitio\/RadioTV_Detalles.cshtml?LPKey=EG5JC3G6Y6IWJRMX52Y4BCS4A7SCHAXSK66SVQISN2XGFKHWFQIRWEAWLGCKTM5QV6KWIPWVMBVH6\">Comentario de pol\u00edtica de Mauricio Morales Quiroga, director del Centro de An\u00e1lisis Pol\u00edtico (CAP).\u00a0<\/a><br \/><br \/><\/div><div><b>LA SEGUNDA<\/b>\u00a0<br \/><a href=\"https:\/\/www.litoralpress.cl\/paginaconsultas\/Servicios_NClipSitio\/Get_Imagen_Nota.aspx?LPKey=42ONMWMSCOVFJ2S6YVNSEEOWXKATUJKBY2DLMRGZRCFHPFIPANQAPGUSZU7JJ56YNEIGMQCNDSIZO\">El grupo de izquierda que se arrepinti\u00f3 del estallido. Se refiere Mauricio Morales Quiroga, director del Centro de An\u00e1lisis Pol\u00edtico (CAP).\u00a0<\/a><\/div><div>\u00a0<\/div><div><b>CANAL TVN RED AUSTRAL<br \/><\/b><a href=\"https:\/\/www.litoralpress.cl\/sitio\/RadioTV_Detalles.cshtml?LPKey=XVFCDYGUFC7J4Y62ESO3TIQZS2TC3HZQEPD7PWAK25WSFCKU4675Q5VD5IM72TYGBCT5P2CWRMUMK\">Aumento de Tarifas de Luz en Magallanes. Se refiere Mar\u00eda Luisa Del Campo, directora del Centro Tecnol\u00f3gico Kipus.<\/a><\/div><div>\u00a0<\/div><div><b>RADIO BIOB\u00cdO<br \/><\/b><a href=\"https:\/\/www.biobiochile.cl\/noticias\/servicios\/toma-nota\/2024\/10\/02\/son-convenientes-los-paneles-solares-cuanto-te-puedes-ahorrar-en-la-cuenta-de-la-luz.shtml\">\u00bfSon convenientes los paneles solares? Cu\u00e1nto te puedes ahorrar en la cuenta de la luz. Se refiere Mar\u00eda Luisa del Campo, directora del Centro Tecnol\u00f3gico Kipus.<\/a><b><br \/><\/b><\/div><div>\u00a0<\/div><div><b>EL D\u00cdNAMO<br \/><\/b><a href=\"https:\/\/www.eldinamo.cl\/sociedad\/2024\/10\/02\/donde-ver-la-transmision-en-vivo-del-eclipse-solar-anular-en-chile-a-esta-hora-se-observara-el-anillo-de-fuego\/\">D\u00f3nde ver la transmisi\u00f3n en vivo del eclipse solar anular en Chile: a esta hora se observar\u00e1 el anillo de fuego. Se refiere Roy Slater, acad\u00e9mico de la Facultad de Ingenier\u00eda.<\/a><\/div><div>\u00a0<\/div><div><b>RADIO AGRICULTURA<\/b><\/div><div><a href=\"https:\/\/www.radioagricultura.cl\/dato-practico\/2024\/10\/02\/recomendaciones-cybermonday\/\">\u00daltimo d\u00eda del CyberMonday: \u00bfC\u00f3mo planificar tus compras y evitar el endeudamiento? Se refiere Milton Inostroza, director de la Escuela de Ingenier\u00eda Comercial de la UTalca.\u00a0<\/a><\/div><div><b>\u00a0<\/b><\/div><div><b>EL MOSTRADOR\u00a0<br \/><\/b><a href=\"https:\/\/www.elmostrador.cl\/revista-jengibre\/viajes\/2024\/10\/03\/4to-catastro-nacional-de-enoturismo-chile-busca-desarrollo-estrategico-del-sector\/\">4to Catastro Nacional de Enoturismo Chile busca desarrollo estrat\u00e9gico del sector. Se menciona la Universidad de Talca.\u00a0<\/a><\/div><div><b>\u00a0<\/b><\/div><div><b>LA TERCERA ONLINE<\/b>\u00a0<br \/><a href=\"https:\/\/www.latercera.com\/nacional\/noticia\/publican-ranking-de-mejores-universidades-de-latinoamerica-y-el-caribe-dos-instituciones-chilenas-en-el-top-10\/DE3P3HAX65AINASQX5BZ3Y6YM4\/\">Publican ranking de mejores universidades de Latinoam\u00e9rica y El Caribe: dos instituciones chilenas en el top 10. Se menciona la Universidad de Talca.\u00a0<\/a><br \/><br \/><\/div><div><b>MAULE HOY<\/b>\u00a0<br \/><a href=\"https:\/\/maulehoy.cl\/2024\/10\/03\/sociedad-civil-minvu-y-serviu-prepara-conversatorio-sobre-desafios-urbanos\/\">Sociedad civil MINVU y SERVIU prepara conversatorio sobre desaf\u00edos urbanos. Se menciona la Universidad de Talca.\u00a0<\/a><br \/><br \/><\/div><div><b>EL LECTOR<\/b>\u00a0<br \/><a href=\"https:\/\/www.litoralpress.cl\/paginaconsultas\/Servicios_NClipSitio\/Get_Imagen_Nota.aspx?LPKey=SW3ZKKL7UCE2QMMHGUTMCHXMDOVX7DCAS32PFZ3VENQNKHOX5VIPMNU63BL7QTZFD3TCR5CQZYAJS\">Sociedad Civil Minvu y Serviu prepara conversatorio sobre desaf\u00edos urbanos. Se menciona la Universidad de Talca.\u00a0<\/a><br \/><br \/><\/div><div><b>LA PRENSA DE CURIC\u00d3<\/b>\u00a0<br \/><a href=\"https:\/\/www.litoralpress.cl\/paginaconsultas\/Servicios_NClipSitio\/Get_Imagen_Nota.aspx?LPKey=T7AGNYSCMXT3EQW7E24I4IQYKNCP52OB5BCIMR6DC25ZQASX6WUSMW3UQIF2JQZMVDSA6GRNJEZGC\">Sucede. Se menciona la Universidad de Talca. Se menciona la Universidad de Talca.\u00a0<\/a><br \/><br \/><\/div><div><b>LA PRENSA DE CURIC\u00d3<\/b>\u00a0<br \/><a href=\"https:\/\/www.litoralpress.cl\/paginaconsultas\/Servicios_NClipSitio\/Get_Imagen_Nota.aspx?LPKey=YHG3JDW452CPNU4ZXKGE4YHL3VG3MBOXSVUT4RYGD6DLI6I35SSUBFMQQJW65L6NBWWXX743D3IGQ\">Sociedad Civil Minvu y Serviu prepara conversatorio sobre desaf\u00edos urbanos. Se menciona la Universidad de Talca.\u00a0<\/a><br \/><br \/><\/div><div><b>DIARIO LA PRENSA <\/b>\u00a0<br \/><a href=\"https:\/\/new.diariolaprensa.cl\/index.php\/2024\/10\/03\/concejal-de-talca-asumira-seremi-de-ciencia-en-maule-y-ohiggins\/\">Concejal de Talca asumir\u00e1 seremi de ciencia en Maule y OHiggins. Se menciona la Universidad de Talca.\u00a0<\/a><br \/><br \/><\/div><div><b>CORPORACI\u00d3N DE DESARROLLO TECNOL\u00d3GICO<\/b>\u00a0<br \/><a href=\"https:\/\/www.cdt.cl\/cipycs-impulsando-la-innovacion-y-sustentabilidad-en-la-industria-de-la-construccion-en-chile\/\">CIPYCS impulsando la innovaci\u00f3n y sustentabilidad en la industria de la construcci\u00f3n en Chile. Se menciona la Universidad de Talca.\u00a0<\/a><\/div><div>\u00a0<\/div><div><b>SOY CHILL\u00c1N <\/b>\u00a0<br \/><a href=\"https:\/\/www.soychile.cl\/Chillan\/Sociedad\/2024\/10\/03\/879057\/xviii-congreso-chileno-psicologia-ubb.html\">Dan inicio al XVIII Congreso Chileno de Psicolog\u00eda en la UBB sede Chill\u00e1n. Se menciona la Universidad de Talca.\u00a0<\/a><br \/><br \/><\/div><div><b>24 HORAS\u00a0<br \/><\/b><a href=\"https:\/\/www.24horas.cl\/tendencias\/tecnologia-y-ciencias\/festival-de-las-ciencias-2024-todo-sobre-el-evento-que-contara-con-mas\">Festival de las Ciencias 2024: el evento cient\u00edfico que contar\u00e1 con m\u00e1s de 200 actividades en todo el pa\u00eds. Se menciona la Universidad de Talca.<\/a><b><br \/><\/b><\/div><div>\u00a0<\/div><div><b>CHILL\u00c1N ONLINE<\/b>\u00a0<br \/><a href=\"https:\/\/www.chillanonline.cl\/V7\/2024\/10\/03\/16-talentos-del-pais-participaran-en-primer-festival-de-piano-de-estudiantes-claudio-arrau\/\">16 talentos del pa\u00eds participar\u00e1n en \u201cPrimer Festival de Piano de Estudiantes Claudio Arrau\u201d. Se menciona la Universidad de Talca.\u00a0<\/a><br \/><br \/><\/div><div><b>RED GOL<\/b>\u00a0<br \/><a href=\"https:\/\/redgol.cl\/tendencias\/universidades-adscritas-a-la-gratuidad-para-la-admision-2025\">Conoce las universidades adscritas a la Gratuidad para acceder a la educaci\u00f3n superior en 2025. Se menciona la Universidad de Talca.\u00a0<\/a><br \/><br \/><\/div><div><b>RADIO BIOB\u00cdO<\/b>\u00a0<br \/><a href=\"https:\/\/www.biobiochile.cl\/noticias\/servicios\/toma-nota\/2024\/10\/03\/no-sabes-que-estudiar-las-75-nuevas-carreras-universitarias-disponibles-para-la-admision-2025.shtml\">\u00bfNo sabes qu\u00e9 estudiar? Las 75 nuevas carreras universitarias disponibles para la Admisi\u00f3n 2025. Se menciona la Universidad de Talca.\u00a0<\/a><br \/><br \/><\/div>\t\t\t\t\t\t<\/div>\n\t\t\t\t<\/div>\n\t\t\t\t\t<\/div>\n\t\t<\/div>\n\t\t\t\t\t\t\t<\/div>\n\t\t<\/section>\n\t\t\t\t\t\t<\/div>\n\t\t\t\t\t<\/div>\n\t\t","protected":false},"excerpt":{"rendered":"<p>MEDIABANCO\u00a0UTalca present\u00f3 sus innovaciones en importante feria de hidr\u00f3geno verde. Se refiere Carlos Restrepo y Antonio V\u00e9liz y Diego Montoya, director e investigador del Laboratorio en Aplicaciones en Redes Inteligentes (LARI), respectivamente.\u00a0\u00a0AD PRENSA \u00a0UTalca present\u00f3 sus innovaciones en importante feria de hidr\u00f3geno verde. Se refiere Carlos Restrepo y Antonio V\u00e9liz y Diego Montoya, director e &hellip;<\/p>\n<p class=\"read-more\"> <a class=\"\" href=\"https:\/\/www.reportedeprensa.utalca.cl\/?p=10671\"> <span class=\"screen-reader-text\">04 de octubre 2024<\/span> Read More &raquo;<\/a><\/p>\n","protected":false},"author":1,"featured_media":0,"comment_status":"closed","ping_status":"open","sticky":false,"template":"","format":"standard","meta":{"_monsterinsights_skip_tracking":false,"_monsterinsights_sitenote_active":false,"_monsterinsights_sitenote_note":"","_monsterinsights_sitenote_category":0},"categories":[53],"tags":[],"_links":{"self":[{"href":"https:\/\/www.reportedeprensa.utalca.cl\/index.php?rest_route=\/wp\/v2\/posts\/10671"}],"collection":[{"href":"https:\/\/www.reportedeprensa.utalca.cl\/index.php?rest_route=\/wp\/v2\/posts"}],"about":[{"href":"https:\/\/www.reportedeprensa.utalca.cl\/index.php?rest_route=\/wp\/v2\/types\/post"}],"author":[{"embeddable":true,"href":"https:\/\/www.reportedeprensa.utalca.cl\/index.php?rest_route=\/wp\/v2\/users\/1"}],"replies":[{"embeddable":true,"href":"https:\/\/www.reportedeprensa.utalca.cl\/index.php?rest_route=%2Fwp%2Fv2%2Fcomments&post=10671"}],"version-history":[{"count":4,"href":"https:\/\/www.reportedeprensa.utalca.cl\/index.php?rest_route=\/wp\/v2\/posts\/10671\/revisions"}],"predecessor-version":[{"id":10682,"href":"https:\/\/www.reportedeprensa.utalca.cl\/index.php?rest_route=\/wp\/v2\/posts\/10671\/revisions\/10682"}],"wp:attachment":[{"href":"https:\/\/www.reportedeprensa.utalca.cl\/index.php?rest_route=%2Fwp%2Fv2%2Fmedia&parent=10671"}],"wp:term":[{"taxonomy":"category","embeddable":true,"href":"https:\/\/www.reportedeprensa.utalca.cl\/index.php?rest_route=%2Fwp%2Fv2%2Fcategories&post=10671"},{"taxonomy":"post_tag","embeddable":true,"href":"https:\/\/www.reportedeprensa.utalca.cl\/index.php?rest_route=%2Fwp%2Fv2%2Ftags&post=10671"}],"curies":[{"name":"wp","href":"https:\/\/api.w.org\/{rel}","templated":true}]}}