{"id":10683,"date":"2024-10-07T11:43:00","date_gmt":"2024-10-07T14:43:00","guid":{"rendered":"https:\/\/www.reportedeprensa.utalca.cl\/?p=10683"},"modified":"2024-10-07T13:17:40","modified_gmt":"2024-10-07T16:17:40","slug":"07-de-octubre-2024","status":"publish","type":"post","link":"https:\/\/www.reportedeprensa.utalca.cl\/?p=10683","title":{"rendered":"07 de octubre 2024"},"content":{"rendered":"\t\t<div data-elementor-type=\"wp-post\" data-elementor-id=\"10683\" class=\"elementor elementor-10683\" data-elementor-settings=\"[]\">\n\t\t\t\t\t\t\t<div class=\"elementor-section-wrap\">\n\t\t\t\t\t\t\t<section class=\"elementor-section elementor-top-section elementor-element elementor-element-bcea1a8 elementor-section-boxed elementor-section-height-default elementor-section-height-default\" data-id=\"bcea1a8\" data-element_type=\"section\">\n\t\t\t\t\t\t<div class=\"elementor-container elementor-column-gap-default\">\n\t\t\t\t\t<div class=\"elementor-column elementor-col-100 elementor-top-column elementor-element elementor-element-e7183bf\" data-id=\"e7183bf\" data-element_type=\"column\">\n\t\t\t<div class=\"elementor-widget-wrap elementor-element-populated\">\n\t\t\t\t\t\t\t\t<div class=\"elementor-element elementor-element-f421f34 elementor-widget elementor-widget-text-editor\" data-id=\"f421f34\" data-element_type=\"widget\" data-widget_type=\"text-editor.default\">\n\t\t\t\t<div class=\"elementor-widget-container\">\n\t\t\t\t\t\t\t\t<div><b data-olk-copy-source=\"MessageBody\">MEDIABANCO\u00a0<br \/><\/b><a href=\"https:\/\/www.mediabanco.com\/facultad-de-ingenieria-de-la-utalca-cuenta-con-su-primera-decana\/\">Facultad de Ingenier\u00eda de la UTalca cuenta con su primera decana. Se refiere Carlos Torres\u00a0Fuchslocher,\u00a0rector y Javier Mu\u00f1oz, exdecano de la Facultad de Ingenier\u00eda. \u00a0<\/a><b data-olk-copy-source=\"MessageBody\"><br \/><\/b><\/div><div>\u00a0<\/div><div><b>CHILL\u00c1N ONLINE<\/b>\u00a0<br \/><a href=\"https:\/\/www.chillanonline.cl\/V7\/2024\/10\/06\/facultad-de-ingenieria-de-la-utalca-cuenta-con-su-primera-decana\/\">Facultad de Ingenier\u00eda de la UTalca cuenta con su primera decana. Se refiere Carlos Torres\u00a0Fuchslocher,\u00a0rector y Javier Mu\u00f1oz, exdecano de la Facultad de Ingenier\u00eda.\u00a0<\/a><br \/><br \/><\/div><div><b>AD PRENSA<\/b>\u00a0<br \/><a href=\"https:\/\/www.litoralpress.cl\/sitio\/MediosOnline_Detalles.cshtml?LPKey=GEP72UVP4HZD76KJ5GEAEPJY2F7JLWWL7ZKMVCPD6AD2Y5JMZQ552JCF7S6HTCJI62ZX2LYXGRPMK\">Facultad de Ingenier\u00eda de la UTalca cuenta con su primera decana. Se refiere Carlos Torres\u00a0Fuchslocher,\u00a0rector y Javier Mu\u00f1oz, exdecano de la Facultad de Ingenier\u00eda.<\/a> \u00a0<\/div><div>\u00a0<\/div><div><b>PUBLIMETRO\u00a0<br \/><\/b><a href=\"https:\/\/www.publimetro.cl\/estilo-vida\/2024\/10\/06\/universidad-de-talca-desarrollo-cultivos-de-tomates-y-lechugas-que-podrian-subsistir-en-marte-debemos-pensar-a-futuro-cuando-los-viajes-espaciales-sean-mas-frecuentes\/\">Universidad de Talca desarroll\u00f3 cultivos de tomates y lechugas que podr\u00edan subsistir en Marte: \u201cDebemos pensar a futuro, cuando los viajes espaciales sean m\u00e1s frecuentes\u201d. \u00a0<\/a><b><br \/><\/b><\/div><div>\u00a0<\/div><div><b>RADIO LAUTARO<\/b>\u00a0<br \/><a href=\"https:\/\/radiolautarotalca.cl\/agricultura-espacial-desarrollan-cultivos-de-tomates-y-lechugas-que-podrian-subsistir-en-marte\/\">Agricultura espacial: Desarrollan cultivos de tomates y lechugas que podr\u00edan subsistir en Marte. Se refiere Marco Molina Montenegro, director del Centro de Ecolog\u00eda Integrativa.\u00a0<\/a><\/div><div>\u00a0<\/div><div><b>EL LECTOR\u00a0<br \/><\/b><a href=\"https:\/\/www.litoralpress.cl\/paginaconsultas\/Servicios_NClipSitio\/Get_Imagen_Nota.aspx?LPKey=XWM4BWUZHEFJBCO6I24ATSWJOIRSM2D2IIEWP6ZZTRYAXPVP63JOKT4L6GXSTQRQWGWJFLNDDWAYC\">UTalca estrena aplicaci\u00f3n para traslados compartidos entre su comunidad. Se refiere Carlos Torres Fuchslocher, rector y Karin Saavedra, directora General de Vinculaci\u00f3n con el Medio.\u00a0<\/a><\/div><div><b>\u00a0<\/b><\/div><div><b>MEDIABANCO<\/b>\u00a0<br \/><a href=\"https:\/\/www.mediabanco.com\/universidad-de-talca-estrena-aplicacion-para-traslados-compartidos-entre-su-comunidad\/\">Universidad de Talca estrena aplicaci\u00f3n para traslados compartidos entre su comunidad. Se refiere Carlos Torres Fuchslocher, rector y Karin Saavedra, directora General de Vinculaci\u00f3n con el Medio.\u00a0<\/a><br \/><br \/><\/div><div><b>AD PRENSA<\/b>\u00a0<br \/><a href=\"https:\/\/www.adprensa.cl\/cronica\/universidad-de-talca-estrena-aplicacion-para-traslados-compartidos-entre-su-comunidad\/\">Universidad de Talca estrena aplicaci\u00f3n para traslados compartidos entre su comunidad. Se refiere Carlos Torres Fuchslocher, rector y Karin Saavedra, directora General de Vinculaci\u00f3n con el Medio.\u00a0<\/a><br \/><br \/><\/div><div><b>CHILL\u00c1N ONLINE\u00a0<br \/><\/b><a href=\"https:\/\/www.chillanonline.cl\/V7\/2024\/10\/05\/universidad-de-talca-estrena-aplicacion-para-traslados-compartidos-entre-su-comunidad\/\">Universidad de Talca estrena aplicaci\u00f3n para traslados compartidos entre su comunidad. Se refiere Carlos Torres Fuchslocher, rector y Karin Saavedra, directora General de Vinculaci\u00f3n con el Medio.\u00a0<\/a><br \/><br \/><\/div><div><b>EL HERALDO\u00a0<br \/><\/b><a href=\"https:\/\/www.litoralpress.cl\/paginaconsultas\/Servicios_NClipSitio\/Get_Imagen_Nota.aspx?LPKey=KVL6Q22GQEHDTNQIC6L3B57VTB5B4TZASNABZQEJRL4KNOZAB3HKTL7IISQDRCTAI7PCSNW6XICUG\">UTalca present\u00f3 sus innovaciones en importante feria de hidr\u00f3geno verde. Se refiere Carlos Restrepo y Antonio V\u00e9liz y Diego Montoya, investigadores del Laboratorio en Aplicaciones en Redes Inteligentes (LARI).\u00a0<\/a><b><br \/><\/b><\/div><div>\u00a0<\/div><div><b>EL LECTOR<\/b>\u00a0<br \/><a href=\"https:\/\/www.litoralpress.cl\/paginaconsultas\/Servicios_NClipSitio\/Get_Imagen_Nota.aspx?LPKey=6HLOWKMRW3T62UIHOIBIOCQAVPP6VHA6E67B6Z6QCN23NHDWMMDBKRWJFXP7YIYUDWJELKEK6UFRS\">UTalca present\u00f3 sus innovaciones en importante feria de hidr\u00f3geno verde. Se refiere Carlos Restrepo y Antonio V\u00e9liz y Diego Montoya, investigadores del Laboratorio en Aplicaciones en Redes Inteligentes (LARI).\u00a0<\/a><br \/><br \/><\/div><div><b>G5 NOTICIA<\/b>\u00a0<br \/><a href=\"https:\/\/g5noticias.cl\/2024\/10\/05\/utalca-presento-sus-innovaciones-en-importante-feria-de-hidrogeno-verde\/\">UTalca present\u00f3 sus innovaciones en importante feria de hidr\u00f3geno verde. Se refiere Carlos Restrepo y Antonio V\u00e9liz y Diego Montoya, investigadores del Laboratorio en Aplicaciones en Redes Inteligentes (LARI).<\/a>\u00a0<br \/><br \/><\/div><div><b>RADIO LAUTARO<\/b>\u00a0<br \/><a href=\"https:\/\/radiolautarotalca.cl\/utalca-presento-sus-innovaciones-en-feria-de-hidrogeno-verde\/\">UTalca present\u00f3 sus innovaciones en feria de hidr\u00f3geno verde. Se refiere Carlos Restrepo y Antonio V\u00e9liz y Diego Montoya, investigadores del Laboratorio en Aplicaciones en Redes Inteligentes (LARI).\u00a0<\/a><br \/><br \/><\/div><div><b>MEDIABANCO<\/b>\u00a0<br \/><a href=\"https:\/\/www.mediabanco.com\/tecnologia-medica-utalca-la-carrera-mas-antigua-del-maule-celebra-60-anos\/\">Tecnolog\u00eda M\u00e9dica UTalca: La carrera m\u00e1s antigua del Maule celebra 60 a\u00f1os. Se refiere Roxana Orrego Castillo, directora de la Escuela De Tecnolog\u00eda M\u00e9dica y Sergio Bravo Caroca, acad\u00e9mico de la mencionada Escuela.\u00a0<\/a><br \/><br \/><\/div><div><b>CONSORCIO DE UNIVERSIDAD DEL ESTADO DE CHILE\u00a0<br \/><\/b><a href=\"https:\/\/noticias.uestatales.cl\/tecnologia-medica-utalca-la-carrera-mas-antigua-del-maule-celebra-60-anos\">Tecnolog\u00eda M\u00e9dica UTalca: La carrera m\u00e1s antigua del Maule celebra 60 a\u00f1os. Se refiere Roxana Orrego Castillo, directora de la Escuela De Tecnolog\u00eda M\u00e9dica y Sergio Bravo Caroca, acad\u00e9mico de la mencionada Escuela\u00a0<\/a><b><br \/><\/b><\/div><div>\u00a0<\/div><div><b>MAULE HOY<\/b>\u00a0<br \/><a href=\"https:\/\/maulehoy.cl\/2024\/10\/04\/tecnologia-medica-utalca-la-carrera-mas-antigua-del-maule-celebra-60-anos\/\">Tecnolog\u00eda M\u00e9dica UTalca: La carrera m\u00e1s antigua del Maule celebra 60 a\u00f1os. Se refiere Roxana Orrego Castillo, directora de la Escuela De Tecnolog\u00eda M\u00e9dica y Sergio Bravo Caroca, acad\u00e9mico de la mencionada Escuela.\u00a0<\/a><br \/><br \/><\/div><div><b>DIARIO EL HERALDO<\/b>\u00a0<br \/><a href=\"https:\/\/www.diarioelheraldo.cl\/noticia\/tecnologia-medica-utalca-la-carrera-mas-antigua-del-maule-celebra-60-anos\">Tecnolog\u00eda M\u00e9dica UTalca: La carrera m\u00e1s antigua del Maule celebra 60 a\u00f1os. Se refiere Roxana Orrego Castillo, directora de la Escuela De Tecnolog\u00eda M\u00e9dica y Sergio Bravo Caroca, acad\u00e9mico de la mencionada Escuela.\u00a0<\/a><\/div><div>\u00a0<\/div><div><b>EL MOSTRADOR\u00a0<br \/><\/b><a href=\"https:\/\/www.elmostrador.cl\/agenda-pais\/vida-en-linea\/2024\/10\/04\/cavidad-oral-y-estado-emocional-un-vinculo-vital-para-lograr-un-mayor-bienestar\/\">Cavidad oral y estado emocional: un v\u00ednculo vital para lograr un mayor bienestar. Se refiere Bernardita Fuentes, directora del Departamento de Estomatolog\u00eda.\u00a0<\/a><\/div><div>\u00a0<\/div><div><b>LA TERCERA\u00a0<br \/><\/b><a href=\"https:\/\/www.litoralpress.cl\/paginaconsultas\/Servicios_NClipSitio\/Get_Imagen_Nota.aspx?LPKey=2PKIMWFAQ7NQLWUHUKGYTWP4MWTT7OW5HQAXESQPQ2ASYT7Q3E5ESXNZ4HFELIZQME3YN2I3KW4N4\">La guerra del aire acondicionado: consejos para el hogar y las oficinas. Se refiere Mar\u00eda Luisa del Campo, acad\u00e9mica y directora del Centro tecnol\u00f3gico Kipus.\u00a0<\/a><b><br \/><\/b><\/div><div>\u00a0<\/div><div><b>EMOL\u00a0<br \/><\/b><a href=\"https:\/\/www.emol.com\/noticias\/Nacional\/2024\/10\/06\/1144702\/caso-audio-analisis-nuevas-revelaciones.html\">C\u00f3mo afecta y qu\u00e9 camino seguir: El an\u00e1lisis a los efectos en el sistema judicial de las filtraciones en el caso Audio. Se refiere Diego Palomo, acad\u00e9mico Facultad de Ciencias Jur\u00eddicas y Sociales\u00a0<\/a><\/div><div>\u00a0<\/div><div><b>EL MOSTRADOR\u00a0<br \/><\/b><a href=\"https:\/\/www.elmostrador.cl\/agenda-pais\/agenda-social\/2024\/10\/06\/una-guia-que-fomenta-un-poder-judicial-mas-empatico-con-las-personas-mayores\/\">Una gu\u00eda que fomenta un Poder Judicial m\u00e1s emp\u00e1tico con las personas mayores. Se refiere Carolina Riveros, acad\u00e9mica Facultad de Ciencias Jur\u00eddicas y Sociales. \u00a0<\/a><b><br \/><\/b><\/div><div>\u00a0<\/div><div><b>CNN CHILE \u00a0<br \/><\/b><a href=\"https:\/\/www.cnnchile.com\/lodijeronencnn\/economista-analiza-cuales-son-desafios-igualdad-salarial-chile_20241006\/\">Economista analiza: \u00bfCu\u00e1les son los desaf\u00edos de la igualdad salarial en Chile? Se refiere Andrea Bentancor, acad\u00e9mica Facultad de Econom\u00eda y Negocios.\u00a0<\/a><b><br \/><\/b><\/div><div>\u00a0<\/div><div><b>PORTAL PRENSA SALUD<\/b>\u00a0<br \/><a href=\"https:\/\/portalredsalud.cl\/2024\/10\/03\/laboratorio-cientifico-movil-de-la-utalca-inauguro-festival-de-las-ciencias-en-la-moneda\/\">Laboratorio cient\u00edfico m\u00f3vil de la UTalca inaugur\u00f3 Festival de las Ciencias en La Moneda. Se refiere C\u00e9sar Retamal Bravo, jefe de la Unidad de Divulgaci\u00f3n de la Direcci\u00f3n General de Vinculaci\u00f3n con el Medio\u00a0<\/a><br \/><br \/><\/div><div><b>RADIO AMIGA<\/b>\u00a0<br \/><a href=\"https:\/\/www.litoralpress.cl\/sitio\/RadioTV_Detalles.cshtml?LPKey=BCFG7AYJRLAG5XVBLNBKKO3HJGJ64QFTTKYMZHNOVB46GREMKYRX6BHUJCYP67KEMUR6GNQWRQTTG\">Especialista de la Universidad de Talca entrega recomendaciones para prevenir alergias estacionales. Se refiere Macarena Said, acad\u00e9mica del Departamento de Salud P\u00fablica. \u00a0<\/a><br \/><br \/><\/div><div><b>MUNDO AGRO<\/b>\u00a0<br \/><a href=\"https:\/\/mundoagro.cl\/agrofresh-celebra-el-exito-del-post-harvest-academy-2024-en-chile-una-jornada-clave-para-la-industria-fruticola\/\">AgroFresh celebra el \u00e9xito del Post Harvest Academy 2024 en Chile, una jornada clave para la industria frut\u00edcola. Se refiere Mauricio Lolas Caneo, acad\u00e9mico del Doctorado en Ciencias Agrarias.\u00a0<\/a><\/div><div>\u00a0<\/div><div><b>PORTAL PRENSA SALUD<\/b>\u00a0<br \/><a href=\"https:\/\/portalredsalud.cl\/2024\/10\/03\/cavidad-oral-y-estado-emocional-un-vinculo-vital-para-lograr-un-mayor-bienestar\/\">Cavidad oral y estado emocional: Un v\u00ednculo vital para lograr un mayor bienestar. Se refiere Bernardita Fuentes, directora del Departamento de Estomatolog\u00eda.\u00a0<\/a><br \/><br \/><\/div><div><b>RADIO INFINITA<\/b>\u00a0<br \/><a href=\"https:\/\/www.litoralpress.cl\/sitio\/RadioTV_Detalles.cshtml?LPKey=PHNMI5P667WA3EQNUH443WWIOAJMPROOC62HNALRUYLXW4HOE2OWA6KKYCRQA4O4G36NFDVAZCM4O\">Comentario de pol\u00edtica de Mauricio Morales Quiroga, director del Centro de An\u00e1lisis Pol\u00edtico (CAP-UTalca).\u00a0<\/a><br \/><br \/><\/div><div><b>CANAL MEGA<\/b>\u00a0<br \/><a href=\"https:\/\/www.litoralpress.cl\/sitio\/RadioTV_Detalles.cshtml?LPKey=TZH4BZQWDXHWVLZFD46HL2HLPLEFLBTF5DJZLXW4HHPSIBXOOFAFBOWFJUDQE7JQS2AT2M6CTOSBG\">Pol\u00e9mica por supuestos pagos de Irina Karamanos. Se refiere Mauricio Morales Quiroga, director del Centro de An\u00e1lisis Pol\u00edtico (CAP-UTalca).\u00a0<\/a><br \/><br \/><\/div><div><b>MEGANOTICIAS.CL<\/b>\u00a0<br \/><a href=\"https:\/\/www.meganoticias.cl\/nacional\/461134-columna-mauricio-morales-haciendose-larry-estallido-social-fds01-06-10-2024.html\">Columna: &#8220;Haci\u00e9ndose el Larry con el estallido social&#8221;.\u00a0Se refiere Mauricio Morales Quiroga, director del Centro de An\u00e1lisis Pol\u00edtico (CAP-UTalca).\u00a0<\/a><\/div><div aria-hidden=\"true\">\u00a0<\/div><div><b>THE CLINIC<\/b>\u00a0<br \/><a href=\"https:\/\/www.theclinic.cl\/2024\/10\/05\/atormentado-y-excepcional-el-legado-de-jose-donoso-a-100-anos-de-su-nacimiento\/\">Atormentado y excepcional: el legado de Jos\u00e9 Donoso a 100 a\u00f1os de su nacimiento. Se menciona la Universidad de Talca.\u00a0<\/a><br \/><br \/><\/div><div><b>DIARIO AUSTRAL<\/b>\u00a0<br \/><a href=\"https:\/\/www.litoralpress.cl\/sitio\/Prensa_PaginaCompleta.cshtml?LPKey=P5ISWCUSDNJJO764ZTM3CZEOYDW36JJSXKGZY5S7SI3ATBKQMWNA\">M\u00e1s de 20 universidades chilenas entre las mejores. Se menciona la Universidad de Talca.\u00a0<\/a><br \/><br \/><b>EL AUSTRAL DE OSORNO<\/b>\u00a0<br \/><a href=\"https:\/\/www.litoralpress.cl\/sitio\/Prensa_PaginaCompleta.cshtml?LPKey=P5ISWCUSDNJJO764ZTM3CZEOYDW36JJSXKGZY5S7SI3ATBKQMWNA\">M\u00e1s de 20 universidades chilenas entre las mejores. Se menciona la Universidad de Talca.\u00a0<\/a><br \/><br \/><\/div><div><b>DIARIO EL HERALDO<\/b>\u00a0<br \/><a href=\"https:\/\/www.diarioelheraldo.cl\/noticia\/turismo-al-da-jovenes-vinateros-del-maule-tradicion-y-renovacion-en-cada-copa\">TURISMO AL D\u00cdA &#8220;J\u00f3venes Vi\u00f1ateros del Maule: Tradici\u00f3n y Renovaci\u00f3n en Cada Copa&#8221; Se menciona la Universidad de Talca.\u00a0<\/a><br \/><br \/><\/div><div><b>CANAL TVN RED MAULE<\/b>\u00a0<br \/><a href=\"https:\/\/www.litoralpress.cl\/sitio\/RadioTV_Detalles.cshtml?LPKey=M4RPC2GQNWPXLHEOOHJOH5YPAHPAADVSMF54Q4IH74HTAE5JB4D7XYF7WWOHYAFQXQFRSZ7DQIIYS\">Festival Inicia Primavera. Se menciona la Universidad de Talca.\u00a0<\/a><br \/><br \/><\/div><div><b>CANAL TVN RED MAULE<\/b>\u00a0<br \/><a href=\"https:\/\/www.litoralpress.cl\/sitio\/RadioTV_Detalles.cshtml?LPKey=GB6JP4PJRU5X5PY6DXF6BJYR25G5YXQJR66RRBHJZQJXS5L4MDYCGU6ZDU3L7ITZ3TQOWBKN7SKY4\">Im\u00e1genes del Laboratorio M\u00f3vil Cient\u00edfico de la Universidad de Talca. Se menciona la Universidad de Talca.\u00a0<\/a><br \/><br \/><\/div><div>\u00a0<\/div><div>\u00a0<\/div>\t\t\t\t\t\t<\/div>\n\t\t\t\t<\/div>\n\t\t\t\t\t<\/div>\n\t\t<\/div>\n\t\t\t\t\t\t\t<\/div>\n\t\t<\/section>\n\t\t\t\t\t\t<\/div>\n\t\t\t\t\t<\/div>\n\t\t","protected":false},"excerpt":{"rendered":"<p>MEDIABANCO\u00a0Facultad de Ingenier\u00eda de la UTalca cuenta con su primera decana. Se refiere Carlos Torres\u00a0Fuchslocher,\u00a0rector y Javier Mu\u00f1oz, exdecano de la Facultad de Ingenier\u00eda. \u00a0\u00a0CHILL\u00c1N ONLINE\u00a0Facultad de Ingenier\u00eda de la UTalca cuenta con su primera decana. Se refiere Carlos Torres\u00a0Fuchslocher,\u00a0rector y Javier Mu\u00f1oz, exdecano de la Facultad de Ingenier\u00eda.\u00a0 AD PRENSA\u00a0Facultad de Ingenier\u00eda de la &hellip;<\/p>\n<p class=\"read-more\"> <a class=\"\" href=\"https:\/\/www.reportedeprensa.utalca.cl\/?p=10683\"> <span class=\"screen-reader-text\">07 de octubre 2024<\/span> Read More &raquo;<\/a><\/p>\n","protected":false},"author":1,"featured_media":0,"comment_status":"closed","ping_status":"open","sticky":false,"template":"","format":"standard","meta":{"_monsterinsights_skip_tracking":false,"_monsterinsights_sitenote_active":false,"_monsterinsights_sitenote_note":"","_monsterinsights_sitenote_category":0},"categories":[53],"tags":[],"_links":{"self":[{"href":"https:\/\/www.reportedeprensa.utalca.cl\/index.php?rest_route=\/wp\/v2\/posts\/10683"}],"collection":[{"href":"https:\/\/www.reportedeprensa.utalca.cl\/index.php?rest_route=\/wp\/v2\/posts"}],"about":[{"href":"https:\/\/www.reportedeprensa.utalca.cl\/index.php?rest_route=\/wp\/v2\/types\/post"}],"author":[{"embeddable":true,"href":"https:\/\/www.reportedeprensa.utalca.cl\/index.php?rest_route=\/wp\/v2\/users\/1"}],"replies":[{"embeddable":true,"href":"https:\/\/www.reportedeprensa.utalca.cl\/index.php?rest_route=%2Fwp%2Fv2%2Fcomments&post=10683"}],"version-history":[{"count":4,"href":"https:\/\/www.reportedeprensa.utalca.cl\/index.php?rest_route=\/wp\/v2\/posts\/10683\/revisions"}],"predecessor-version":[{"id":10691,"href":"https:\/\/www.reportedeprensa.utalca.cl\/index.php?rest_route=\/wp\/v2\/posts\/10683\/revisions\/10691"}],"wp:attachment":[{"href":"https:\/\/www.reportedeprensa.utalca.cl\/index.php?rest_route=%2Fwp%2Fv2%2Fmedia&parent=10683"}],"wp:term":[{"taxonomy":"category","embeddable":true,"href":"https:\/\/www.reportedeprensa.utalca.cl\/index.php?rest_route=%2Fwp%2Fv2%2Fcategories&post=10683"},{"taxonomy":"post_tag","embeddable":true,"href":"https:\/\/www.reportedeprensa.utalca.cl\/index.php?rest_route=%2Fwp%2Fv2%2Ftags&post=10683"}],"curies":[{"name":"wp","href":"https:\/\/api.w.org\/{rel}","templated":true}]}}