{"id":10692,"date":"2024-10-08T12:35:58","date_gmt":"2024-10-08T15:35:58","guid":{"rendered":"https:\/\/www.reportedeprensa.utalca.cl\/?p=10692"},"modified":"2024-10-08T12:42:18","modified_gmt":"2024-10-08T15:42:18","slug":"08-de-octubre-2024","status":"publish","type":"post","link":"https:\/\/www.reportedeprensa.utalca.cl\/?p=10692","title":{"rendered":"08 de octubre 2024"},"content":{"rendered":"\t\t<div data-elementor-type=\"wp-post\" data-elementor-id=\"10692\" class=\"elementor elementor-10692\" data-elementor-settings=\"[]\">\n\t\t\t\t\t\t\t<div class=\"elementor-section-wrap\">\n\t\t\t\t\t\t\t<section class=\"elementor-section elementor-top-section elementor-element elementor-element-bcea1a8 elementor-section-boxed elementor-section-height-default elementor-section-height-default\" data-id=\"bcea1a8\" data-element_type=\"section\">\n\t\t\t\t\t\t<div class=\"elementor-container elementor-column-gap-default\">\n\t\t\t\t\t<div class=\"elementor-column elementor-col-100 elementor-top-column elementor-element elementor-element-e7183bf\" data-id=\"e7183bf\" data-element_type=\"column\">\n\t\t\t<div class=\"elementor-widget-wrap elementor-element-populated\">\n\t\t\t\t\t\t\t\t<div class=\"elementor-element elementor-element-343a9a1 elementor-widget elementor-widget-text-editor\" data-id=\"343a9a1\" data-element_type=\"widget\" data-widget_type=\"text-editor.default\">\n\t\t\t\t<div class=\"elementor-widget-container\">\n\t\t\t\t\t\t\t\t<div><b data-olk-copy-source=\"MessageBody\">PUBLIMICRO\u00a0<br \/><\/b><a href=\"https:\/\/publimicro.cl\/universidad-de-talca-estrena-innovativa-aplicacion-para-traslados-compartidos-entre-su-comunidad\/\">Universidad de Talca estrena innovativa aplicaci\u00f3n para traslados compartidos entre su comunidad. Se refiere Carlos Torres Fuchslocher, rector y Karin Saavedra, directora General de Vinculaci\u00f3n con el Medio.\u202f\u00a0<\/a><b data-olk-copy-source=\"MessageBody\"><br \/><\/b><\/div><div>\u00a0<\/div><div><b>S\u00c9PTIMA P\u00c1GINA NOTICIAS\u00a0<br \/><\/b><a href=\"https:\/\/www.septimapaginanoticias.cl\/expresidenta-michelle-bachelet-realizara-charla-magistral-en-la-utalca\">Expresidenta Michelle Bachelet realizar\u00e1 charla magistral en la UTalca. Se refiere Marcela Barros, directora de Comunicaciones Corporativas y Eduardo \u00c1lvarez, director de Aseguramiento de la Calidad y Planificaci\u00f3n\u00a0<\/a><br \/><br \/><\/div><div><b>EL CACHAPOAL<\/b>\u00a0<br \/><a href=\"https:\/\/elcachapoal.cl\/2024\/10\/07\/facultad-de-ingenieria-de-la-utalca-cuenta-con-su-primera-decana\/\">Facultad de Ingenier\u00eda de la UTalca cuenta con su primera decana. Se refiere Carlos Torres\u202fFuchslocher,\u202frector y Marcela Gonz\u00e1lez Araya decana de la Facultad de Ingenier\u00eda y Javier Mu\u00f1oz, exdecano de la mencionada facultad. \u202f<\/a>\u00a0<br \/><br \/><\/div><div><b>PUBLIMICRO<\/b>\u00a0<br \/><a href=\"https:\/\/publimicro.cl\/facultad-de-ingenieria-de-la-universidad-de-talca-protagoniza-momento-historico-por-primera-vez-en-25-anos-cuenta-con-su-primera-decana\/\">Facultad de Ingenier\u00eda de la Universidad de Talca protagoniza momento hist\u00f3rico. Por primera vez en 25 a\u00f1os, cuenta con su primera decana. Se refiere Carlos Torres\u202fFuchslocher,\u202frector y Marcela Gonz\u00e1lez Araya decana de la Facultad de Ingenier\u00eda y Javier Mu\u00f1oz, exdecano de la mencionada facultad. \u202f\u00a0<\/a><br \/><br \/><\/div><div><b>LA PRENSA DE CURIC\u00d3\u00a0<br \/><\/b><a href=\"https:\/\/www.litoralpress.cl\/paginaconsultas\/Servicios_NClipSitio\/Get_Imagen_Nota.aspx?LPKey=T4L33ZAS4BQKRMOFGTFGFHDZ72QEAHDUR65DE7V7OONMF4Z2RW5R3FUXYD7PUEFGX4EUHIDY34564\">Primera carrera de educaci\u00f3n superior que se imparti\u00f3 en el Maule celebra 60 a\u00f1os. Se refiere Roxana Orrego Castillo, directora de la Escuela De Tecnolog\u00eda M\u00e9dica y Sergio Bravo Caroca, acad\u00e9mico de la mencionada Escuela.\u202f\u00a0<\/a><b><br \/><\/b><\/div><div>\u00a0<\/div><div><b>EL MERCURIO\u00a0<br \/><\/b><a href=\"https:\/\/www.litoralpress.cl\/paginaconsultas\/Servicios_NClipSitio\/Get_Imagen_Nota.aspx?LPKey=7X67JRI23MWJ3PQ3NGLBOKVN7RTTZTHRMMVJYX5QLBA4FT6PRN5CIQFVNETPIN2CPLPBR6ML73RC2\">\u201cDi\u00f3genes digital\u201d: la acumulaci\u00f3n excesiva de archivos puede afectar el rendimiento acad\u00e9mico. Se refiere Alejandro Cataldo, acad\u00e9mico Facultad de Econom\u00eda y Negocios.\u202f\u00a0<\/a><b><br \/><\/b><\/div><div>\u00a0<\/div><div><b>COOPERATIVA CIENCIA\u00a0<br \/><\/b><a href=\"https:\/\/www.cooperativaciencia.cl\/ciencia\/2024\/10\/07\/desarrollan-cultivos-de-tomates-y-lechugas-que-podrian-subsistir-en-marte\/\">Desarrollan cultivos de tomates y lechugas que podr\u00edan subsistir en Marte. Se refiere Marco Molina Montenegro, director del Centro de Ecolog\u00eda Integrativa.\u202f\u00a0<\/a><b><br \/><\/b><\/div><div>\u00a0<\/div><div><b>RADIO AMIGA<\/b>\u00a0<br \/><a href=\"https:\/\/www.litoralpress.cl\/sitio\/RadioTV_Detalles.cshtml?LPKey=HQS2TYM4ZO4CHY37H7S7WRIJDRLADMX6OSAIOU73FJQDAB3H7EBLILC6YK7LOYBMEA4SFZCZ67RPA\">Investigaci\u00f3n en el desierto de Atacama impulsa la agricultura espacial para condiciones extremas en Marte. Se refiere Marco Molina Montenegro, director del Centro de Ecolog\u00eda Integrativa.\u202f\u00a0<\/a><br \/><br \/><\/div><div><b>ARAUCAN\u00cdA DIARIO<\/b>\u00a0<br \/><a href=\"https:\/\/araucaniadiario.cl\/contenido\/26061\/agricultura-espacial-desarrollan-cultivos-de-tomates-y-lechugas-para-subsistir-e\">Agricultura espacial: Desarrollan cultivos de tomates y lechugas para subsistir en Marte. Se refiere Marco Molina Montenegro, director del Centro de Ecolog\u00eda Integrativa.\u202f\u00a0<\/a><br \/><br \/><\/div><div><b>DE MAR A CORDILLERA<\/b>\u00a0<br \/><a href=\"https:\/\/demaracordilleratv.cl\/2024\/10\/07\/desarrollan-cultivos-de-tomates-y-lechugas-que-podrian-subsistir-en-marte\/\">Desarrollan cultivos de tomates y lechugas que podr\u00edan subsistir en marte. Se refiere Marco Molina Montenegro, director del Centro de Ecolog\u00eda Integrativa.\u202f\u00a0<\/a><br \/><br \/><\/div><div><b>EL MAULE INFORMA\u00a0<br \/><\/b><a href=\"https:\/\/elmauleinforma.cl\/que-es-la-ortorexia-y-cuales-son-sus-principales-riesgos\/\">\u00bfQu\u00e9 es la ortorexia y cu\u00e1les son sus principales riesgos? Se refiere Cecilia Valenzuela Rebolledo, acad\u00e9mica de la Escuela de Nutrici\u00f3n y Diet\u00e9tica.\u00a0<\/a><b><br \/><\/b><\/div><div>\u00a0<\/div><div><b>HORA NOTICIAS<\/b>\u00a0<br \/><a href=\"https:\/\/horadenoticias.cl\/salud\/la-ortorexia-cuando-la-obsesion-por-comer-saludable-se-convierte-en-un-trastorno-alimentario\">La ortorexia: cuando la obsesi\u00f3n por comer saludable se convierte en un trastorno alimentario. Se refiere Cecilia Valenzuela Rebolledo, acad\u00e9mica de la Escuela de Nutrici\u00f3n y Diet\u00e9tica.\u00a0<\/a><br \/><br \/><\/div><div><b>CANAL MEGA<\/b>\u00a0<br \/><a href=\"https:\/\/www.litoralpress.cl\/sitio\/RadioTV_Detalles.cshtml?LPKey=4ZDDHBJ7FWNKFFNJPQMYV6CJC4X5ES6AGGU4KJ3OQWOZOUTIIWSLPY7S6IPWB7A7BSXUICLWK7RT4\">Los pol\u00e9micos chats del fiscal Guerra y el abogado Hermosilla. Se refiere Mauricio Morales Quiroga, director del Centro de An\u00e1lisis Pol\u00edtico (CAP-UTalca).\u00a0<\/a><br \/><br \/><\/div><div><b>CANAL MEGA<\/b>\u00a0<br \/><a href=\"https:\/\/www.litoralpress.cl\/sitio\/RadioTV_Detalles.cshtml?LPKey=LRAH3MWSGIVU2NYSIX4WOP4OCPF3BJVJQE62RZNR2XT3SV3Q2VFWB5KW2BVTI4KOQ5GZ5VRAOFRVU\">Reportaje de Mega encuentra a ex fiscal Guerra. Se refiere Mauricio Morales Quiroga, director del Centro de An\u00e1lisis Pol\u00edtico (CAP-UTalca).\u00a0<\/a><br \/><br \/><\/div><div><b>MEGANOTICIAS<\/b>\u00a0<br \/><a href=\"https:\/\/www.meganoticias.cl\/nacional\/461134-columna-mauricio-morales-haciendose-larry-estallido-social-fds01-06-10-2024.html\">&#8220;Haci\u00e9ndose el Larry con el estallido social&#8221;. Columna de Mauricio Morales Quiroga, director del Centro de An\u00e1lisis Pol\u00edtico (CAP-UTalca).\u00a0<\/a><br \/><br \/><\/div><div><b>EL MERCURIO\u00a0<br \/><\/b><a href=\"https:\/\/www.litoralpress.cl\/paginaconsultas\/Servicios_NClipSitio\/Get_Imagen_Nota.aspx?LPKey=2B65M5GDIQVPE2BQILBC7TCNPHTGLNOQZSCKYFO6FUGMRRKLA5ZB257PGSM3P64V2KPUQDTQSMFTA\">Partidos pol\u00edticos podr\u00edan llegar a ser 29, lo que ser\u00eda un \u201cproblema para la democracia\u201d. Se refiere Mauricio Morales Quiroga, director del Centro de An\u00e1lisis Pol\u00edtico (CAP-UTalca).\u00a0<\/a><b><br \/><\/b><\/div><div>\u00a0<\/div><div><b>UNIVERSIDAD DE VALPARA\u00cdSO<\/b>\u00a0<br \/><a href=\"https:\/\/uv.cl\/archivo-noticias-uv\/27196-con-exito-se-realizo-en-la-uv-la-segunda-jornada-cientifica-del-centro-interuniversitario-de-envejecimiento-saludable\">Con \u00e9xito se realiz\u00f3 en la UV la Segunda Jornada Cient\u00edfica del Centro Interuniversitario de Envejecimiento Saludable. Se refiere Iv\u00e1n Palomo Gonz\u00e1lez, Facultad de Ciencias\u202fde la Salud.\u202f\u202f\u00a0<\/a><br \/>\u00a0<\/div><div><b>DIARIO FINANCIERO\u00a0<br \/><\/b><a href=\"https:\/\/www.litoralpress.cl\/paginaconsultas\/Servicios_NClipSitio\/Get_Imagen_Nota.aspx?LPKey=7CRG7K2Z2RVWI5K2PBZVEKDGVVH7JOZZAFAJTOUVBLMWNN6VYLTHPOD7CAZ65KP5A63NNMPFAZDKC\">Panel se divide ante libertad de universidades para pagar lo que crean adecuado. Se refiere Andrea Bentancor Cazenave, acad\u00e9mica de la Facultad de Econom\u00eda y Negocios.\u00a0<\/a><\/div><div>\u00a0<\/div><div><b>EMOL\u00a0<br \/><\/b><a href=\"https:\/\/www.emol.com\/noticias\/Nacional\/2024\/10\/06\/1144702\/caso-audio-analisis-nuevas-revelaciones.html\">C\u00f3mo afecta y qu\u00e9 camino seguir: El an\u00e1lisis a los efectos en el sistema judicial de las filtraciones en el caso Audio. Se refiere Diego Palomo, acad\u00e9mico de la Facultad de Ciencias Jur\u00eddicas y Sociales. \u00a0<\/a><b><br \/><\/b><\/div><div>\u00a0<\/div><div><b>DIARIO EL CENTRO <\/b>\u00a0<br \/><a href=\"https:\/\/www.diarioelcentro.cl\/2024\/10\/07\/proteger-la-libertad-tutto-e-politica-tutto-e-possibile\/\">Proteger la libertad: Tutto \u00e8 pol\u00edtica? Tutto \u00e9 possibile? Se refiere Diego Palomo, acad\u00e9mico de la Facultad de Ciencias Jur\u00eddicas y Sociales. \u00a0<\/a><\/div><div>\u00a0<\/div><div><b>LA SEGUNDA<\/b>\u00a0<br \/><a href=\"https:\/\/www.litoralpress.cl\/paginaconsultas\/Servicios_NClipSitio\/Get_Imagen_Nota.aspx?LPKey=I3CB7PKFR7VSV5RCYU56YMBHV3TMPV65PTEFNE3P52XW5PPLOWLZ4FS7IBQOXLBT43356QORKH2HS\">Guerra sucia: C\u00f3mo el exfiscal metropolitano Oriente fue trepando. Se menciona la Universidad de Talca.\u00a0<\/a><br \/><br \/><\/div><div><b>LA PRENSA DE CURIC\u00d3\u00a0<br \/><\/b><a href=\"https:\/\/www.litoralpress.cl\/sitio\/Prensa_Cortes.cshtml?LPKey=ATK5SADQMXSLSFQFTU7XE4TKJXLOIHGVUPVDTIX34L4HGS2YAF2A\">Exposici\u00f3n en Feria Hidr\u00f3geno Verde. Se refiere Carlos Restrepo, director del Laboratorio en Aplicaciones en Redes Inteligentes (LARI).\u00a0<\/a><b><br \/><\/b><\/div><div>\u00a0<\/div><div><b>RADIO AMIGA<\/b>\u00a0<br \/><a href=\"https:\/\/www.litoralpress.cl\/sitio\/RadioTV_Detalles.cshtml?LPKey=L2EILOTV7EM5OXYXR3SXAIZT4HJ3QNYS6EGDYZ5IMX6RLLLFNAGBXBUS33P5JL5AE7BXMYV2YIDB2\">Eclipse Anular deslumbra a Chile: El \u2018Anillo de Fuego\u2019 visible en gran parte del pa\u00eds. Se refiere Roy Slater, acad\u00e9mico de la Facultad de Ingenier\u00eda.\u00a0<\/a><br \/><br \/><\/div><div><b>24 HORAS\u00a0<br \/><\/b><a href=\"https:\/\/www.24horas.cl\/te-sirve\/salud\/los-ejes-del-proyecto-de-ley-integral-de-salud-mental-y-las-deudas-de-chile-en-la-materia\">Los ejes del proyecto de Ley Integral de Salud Mental y las deudas de Chile en la materia. Se refiere Nadia Ramos, directora del Centro de Psicolog\u00eda Aplicada. \u00a0<\/a><b><br \/><\/b><\/div><div>\u00a0<\/div><div><b>NOTICIAS FINIS TERRAE<\/b>\u00a0<br \/><a href=\"https:\/\/noticias.uft.cl\/dra-maria-isolina-dabove-el-viejismo-no-solo-genera-danos-y-efectos-negativos-hacia-la-persona-mayor-rompe-los-vinculos-sociales-que-deberian-existir-entre-las-generaciones\/\">Dra. Mar\u00eda Isolina Dabove: \u201cEl viejismo no solo genera da\u00f1os y efectos negativos hacia la persona mayor, rompe los v\u00ednculos sociales que deber\u00edan existir entre las generaciones\u201d. Se menciona la Universidad de Talca.\u00a0<\/a><\/div><div>\u00a0<\/div><div><b>CANAL 21<\/b>\u00a0<br \/><a href=\"https:\/\/www.canal21tv.cl\/wp\/2024\/10\/07\/16-talentos-del-pais-participaran-en-primer-festival-de-piano-de-estudiantes-claudio-arrau\/\">16 talentos del pa\u00eds participar\u00e1n en \u201cPrimer Festival de Piano de Estudiantes Claudio Arrau\u201d. Se menciona la Universidad de Talca.\u00a0<\/a><br \/><b><\/b><\/div><div>\u00a0<\/div><div><b>EL MAULE INFORMA<\/b>\u00a0<\/div><div><a href=\"https:\/\/elmauleinforma.cl\/senama-maule-da-inicio-al-mes-de-las-personas-mayores-en-talca\/\">Senama Maule da inicio al mes de las personas mayores en Talca. Se menciona la Universidad de Talca.\u00a0<\/a><br \/><br \/><\/div>\t\t\t\t\t\t<\/div>\n\t\t\t\t<\/div>\n\t\t\t\t\t<\/div>\n\t\t<\/div>\n\t\t\t\t\t\t\t<\/div>\n\t\t<\/section>\n\t\t\t\t\t\t<\/div>\n\t\t\t\t\t<\/div>\n\t\t","protected":false},"excerpt":{"rendered":"<p>PUBLIMICRO\u00a0Universidad de Talca estrena innovativa aplicaci\u00f3n para traslados compartidos entre su comunidad. Se refiere Carlos Torres Fuchslocher, rector y Karin Saavedra, directora General de Vinculaci\u00f3n con el Medio.\u202f\u00a0\u00a0S\u00c9PTIMA P\u00c1GINA NOTICIAS\u00a0Expresidenta Michelle Bachelet realizar\u00e1 charla magistral en la UTalca. Se refiere Marcela Barros, directora de Comunicaciones Corporativas y Eduardo \u00c1lvarez, director de Aseguramiento de la Calidad &hellip;<\/p>\n<p class=\"read-more\"> <a class=\"\" href=\"https:\/\/www.reportedeprensa.utalca.cl\/?p=10692\"> <span class=\"screen-reader-text\">08 de octubre 2024<\/span> Read More &raquo;<\/a><\/p>\n","protected":false},"author":1,"featured_media":0,"comment_status":"closed","ping_status":"open","sticky":false,"template":"","format":"standard","meta":{"_monsterinsights_skip_tracking":false,"_monsterinsights_sitenote_active":false,"_monsterinsights_sitenote_note":"","_monsterinsights_sitenote_category":0},"categories":[53],"tags":[],"_links":{"self":[{"href":"https:\/\/www.reportedeprensa.utalca.cl\/index.php?rest_route=\/wp\/v2\/posts\/10692"}],"collection":[{"href":"https:\/\/www.reportedeprensa.utalca.cl\/index.php?rest_route=\/wp\/v2\/posts"}],"about":[{"href":"https:\/\/www.reportedeprensa.utalca.cl\/index.php?rest_route=\/wp\/v2\/types\/post"}],"author":[{"embeddable":true,"href":"https:\/\/www.reportedeprensa.utalca.cl\/index.php?rest_route=\/wp\/v2\/users\/1"}],"replies":[{"embeddable":true,"href":"https:\/\/www.reportedeprensa.utalca.cl\/index.php?rest_route=%2Fwp%2Fv2%2Fcomments&post=10692"}],"version-history":[{"count":4,"href":"https:\/\/www.reportedeprensa.utalca.cl\/index.php?rest_route=\/wp\/v2\/posts\/10692\/revisions"}],"predecessor-version":[{"id":10700,"href":"https:\/\/www.reportedeprensa.utalca.cl\/index.php?rest_route=\/wp\/v2\/posts\/10692\/revisions\/10700"}],"wp:attachment":[{"href":"https:\/\/www.reportedeprensa.utalca.cl\/index.php?rest_route=%2Fwp%2Fv2%2Fmedia&parent=10692"}],"wp:term":[{"taxonomy":"category","embeddable":true,"href":"https:\/\/www.reportedeprensa.utalca.cl\/index.php?rest_route=%2Fwp%2Fv2%2Fcategories&post=10692"},{"taxonomy":"post_tag","embeddable":true,"href":"https:\/\/www.reportedeprensa.utalca.cl\/index.php?rest_route=%2Fwp%2Fv2%2Ftags&post=10692"}],"curies":[{"name":"wp","href":"https:\/\/api.w.org\/{rel}","templated":true}]}}