{"id":10701,"date":"2024-10-09T09:41:12","date_gmt":"2024-10-09T12:41:12","guid":{"rendered":"https:\/\/www.reportedeprensa.utalca.cl\/?p=10701"},"modified":"2024-10-09T09:48:23","modified_gmt":"2024-10-09T12:48:23","slug":"09-de-octubre-2024","status":"publish","type":"post","link":"https:\/\/www.reportedeprensa.utalca.cl\/?p=10701","title":{"rendered":"09 de octubre 2024"},"content":{"rendered":"\t\t<div data-elementor-type=\"wp-post\" data-elementor-id=\"10701\" class=\"elementor elementor-10701\" data-elementor-settings=\"[]\">\n\t\t\t\t\t\t\t<div class=\"elementor-section-wrap\">\n\t\t\t\t\t\t\t<section class=\"elementor-section elementor-top-section elementor-element elementor-element-bcea1a8 elementor-section-boxed elementor-section-height-default elementor-section-height-default\" data-id=\"bcea1a8\" data-element_type=\"section\">\n\t\t\t\t\t\t<div class=\"elementor-container elementor-column-gap-default\">\n\t\t\t\t\t<div class=\"elementor-column elementor-col-100 elementor-top-column elementor-element elementor-element-e7183bf\" data-id=\"e7183bf\" data-element_type=\"column\">\n\t\t\t<div class=\"elementor-widget-wrap elementor-element-populated\">\n\t\t\t\t\t\t\t\t<div class=\"elementor-element elementor-element-243ed1c elementor-widget elementor-widget-text-editor\" data-id=\"243ed1c\" data-element_type=\"widget\" data-widget_type=\"text-editor.default\">\n\t\t\t\t<div class=\"elementor-widget-container\">\n\t\t\t\t\t\t\t\t<div><b data-olk-copy-source=\"MessageBody\">EL LECTOR<\/b>\u00a0<br \/><a href=\"https:\/\/www.litoralpress.cl\/paginaconsultas\/Servicios_NClipSitio\/Get_Imagen_Nota.aspx?LPKey=MXRWQBLFBPU2QLBHM4I7T2ICYK6ZDTATHMBSFINBKPT5FXBZ2SF3YQWGNWQXOAK4E5KXI2OKSISPK\">Facultad de Ingenier\u00eda de la UTalca cuenta con su primera decana. Se refiere Carlos Torres\u202fFuchslocher,\u202frector, Marcela Gonz\u00e1lez Araya decana de la Facultad de Ingenier\u00eda y Javier Mu\u00f1oz, exdecano de la mencionada facultad.\u00a0<\/a><br \/><br \/><\/div><div><b>MINER\u00cdA CHILENA\u00a0<br \/><\/b><a href=\"https:\/\/www.mch.cl\/negocios-industria\/universidad-de-talca-presenta-a-la-primera-mujer-en-asumir-la-decanatura-de-la-facultad-de-ingenieria\/\">Universidad de Talca presenta a la primera mujer en asumir la decanatura de la Facultad de Ingenier\u00eda. Se refiere Carlos Torres\u202fFuchslocher,\u202frector, Marcela Gonz\u00e1lez Araya decana de la Facultad de Ingenier\u00eda y Javier Mu\u00f1oz, exdecano de la mencionada facultad.\u00a0<\/a><b><br \/><\/b><\/div><div>\u00a0<\/div><div><b>MEDIABANCO\u00a0<br \/><\/b><a href=\"https:\/\/www.mediabanco.com\/expresidenta-michelle-bachelet-realizara-charla-magistral-en-la-utalca\/\">Expresidenta Michelle Bachelet realizar\u00e1 charla magistral en la UTalca. Se refiere Marcela Barros, directora de Comunicaciones Corporativas y Eduardo \u00c1lvarez, director de Aseguramiento de la Calidad y Planificaci\u00f3n.\u202f\u00a0<\/a><b><br \/><\/b><\/div><div>\u00a0<\/div><div><b>RADIO ANCOA<\/b>\u00a0<br \/><a href=\"https:\/\/www.radioancoa.cl\/categoria\/local\/expresidenta-michelle-bachelet-ofrecera-charla-magistral-utalca-desafios-educacion-publica\">Expresidenta Michelle Bachelet ofrecer\u00e1 charla magistral en la UTalca sobre \u201cDesaf\u00edos de la Educaci\u00f3n P\u00fablica\u201d. Se refiere Marcela Barros, directora de Comunicaciones Corporativas y Eduardo \u00c1lvarez, director de Aseguramiento de la Calidad y Planificaci\u00f3n.\u00a0<\/a><br \/><br \/><\/div><div><b>MAULE NEWS<\/b>\u00a0<br \/><a href=\"https:\/\/www.maulenews.com\/2024\/10\/expresidenta-michelle-bachelet.html\">Expresidenta Michelle Bachelet realizar\u00e1 charla magistral en la UTalca. Se refiere Marcela Barros, directora de Comunicaciones Corporativas y Eduardo \u00c1lvarez, director de Aseguramiento de la Calidad y Planificaci\u00f3n\u202f<\/a>\u00a0<br \/><br \/><\/div><div><b>RADIO LAUTARO<\/b>\u00a0<br \/><a href=\"https:\/\/radiolautarotalca.cl\/expresidenta-michelle-bachelet-realizara-charla-magistral-en-la-utalca\/\">Expresidenta Michelle Bachelet realizar\u00e1 charla magistral en la UTalca. Se refiere Marcela Barros, directora de Comunicaciones Corporativas y Eduardo \u00c1lvarez, director de Aseguramiento de la Calidad y Planificaci\u00f3n\u202f\u00a0<\/a><br \/><br \/><\/div><div><b>DIARIO EL HERALDO<\/b>\u00a0<br \/><a href=\"https:\/\/www.diarioelheraldo.cl\/noticia\/expresidenta-michelle-bachelet-realizara-charla-magistral-en-la-utalca-\">Expresidenta Michelle Bachelet realizar\u00e1 charla magistral en la UTalca. Se refiere Marcela Barros, directora de Comunicaciones Corporativas y Eduardo \u00c1lvarez, director de Aseguramiento de la Calidad y Planificaci\u00f3n.\u00a0<\/a><br \/><br \/><\/div><div><b>EL DIARIO DE MAULE<\/b>\u00a0<br \/><a href=\"https:\/\/eldiariodemaule.cl\/ex-presidenta-michelle-bachelet-realizara-charla-magistral-en-la-utalca\/\">Expresidenta Michelle Bachelet realizar\u00e1 charla magistral en la UTalca. Se refiere Marcela Barros, directora de Comunicaciones Corporativas y Eduardo \u00c1lvarez, director de Aseguramiento de la Calidad y Planificaci\u00f3n. Se menciona la Universidad de Talca.\u202f \u00a0<\/a><br \/><br \/><\/div><div><b>PORTAL PRENSA SALUD\u00a0<br \/><\/b><a href=\"https:\/\/portalredsalud.cl\/2024\/10\/06\/tecnologia-medica-utalca-la-carrera-mas-antigua-del-maule-celebra-60-anos\/\">Tecnolog\u00eda M\u00e9dica UTalca: La carrera m\u00e1s antigua del Maule celebra 60 a\u00f1os Se refiere Roxana Orrego Castillo, directora de la Escuela De Tecnolog\u00eda M\u00e9dica y Sergio Bravo Caroca, acad\u00e9mico de la menciona escuela.\u00a0<\/a><\/div><div>\u00a0<\/div><div><b>EL MOSTRADOR\u00a0<br \/><\/b><a href=\"https:\/\/www.elmostrador.cl\/revista-jengibre\/gastronomia\/2024\/10\/08\/que-es-la-ortorexia-y-cuales-son-sus-principales-riesgos\/\">\u00bfQu\u00e9 es la ortorexia y cu\u00e1les son sus principales riesgos? Se refiere Cecilia Valenzuela, acad\u00e9mica Escuela de Nutrici\u00f3n y Diet\u00e9tica.\u00a0<\/a><b><br \/><\/b><\/div><div><b>\u00a0<\/b><\/div><div><b>RADIO LAUTARO<\/b>\u00a0<br \/><a href=\"https:\/\/www.litoralpress.cl\/sitio\/RadioTV_Detalles.cshtml?LPKey=VM5J53J4W233ZPTG76YDFVHRFEJ5A5H4T3FKTTLC65QFGWG5OFSLS7UHUCVGBPXC2BKNE65VSRTBC\">Entrevista a Cecilia Valenzuela, acad\u00e9mica Escuela de Nutrici\u00f3n y Diet\u00e9tica.\u00a0<\/a><br \/><br \/><\/div><div><b>MEDIABANCO<\/b>\u00a0<br \/><a href=\"https:\/\/www.mediabanco.com\/que-es-la-ortorexia-y-cuales-son-sus-principales-riesgos\/\">\u00bfQu\u00e9 es la ortorexia y cu\u00e1les son sus principales riesgos? Se refiere Cecilia Valenzuela, acad\u00e9mica Escuela de Nutrici\u00f3n y Diet\u00e9tica.\u00a0<\/a><br \/><br \/><\/div><div><b>TIERRA AMARILLANO<\/b>\u00a0<br \/><a href=\"https:\/\/tierramarillano.cl\/2024\/10\/08\/que-es-la-ortorexia-y-cuales-son-sus-principales-riesgos\/\">\u00bfQu\u00e9 es la ortorexia y cu\u00e1les son sus principales riesgos? Se refiere Cecilia Valenzuela, acad\u00e9mica Escuela de Nutrici\u00f3n y Diet\u00e9tica. \u00a0<\/a><\/div><div>\u00a0<\/div><div><b>PORTAL PRENSA SALUD<\/b>\u00a0<br \/><a href=\"https:\/\/portalredsalud.cl\/2024\/10\/07\/que-es-la-ortorexia-y-cuales-son-sus-principales-riesgos\/\">\u00bfQu\u00e9 es la ortorexia y cu\u00e1les son sus principales riesgos? Se refiere Cecilia Valenzuela, acad\u00e9mica Escuela de Nutrici\u00f3n y Diet\u00e9tica.\u00a0<\/a><br \/><br \/><\/div><div><b>EL CONQUISTADOR CONCEPCI\u00d3N<\/b>\u00a0<br \/><a href=\"https:\/\/www.elconquistadorconcepcion.cl\/2024\/10\/08\/que-es-la-ortorexia-y-cuales-son-sus-principales-riesgos\/\">\u00bfQu\u00e9 es la ortorexia y cu\u00e1les son sus principales riesgos? Se refiere Cecilia Valenzuela, acad\u00e9mica Escuela de Nutrici\u00f3n y Diet\u00e9tica.\u00a0<\/a><\/div><div>\u00a0<\/div><div><b>RADIO BIOB\u00cdO\u00a0<br \/><\/b><a href=\"https:\/\/www.litoralpress.cl\/sitio\/RadioTV_Detalles.cshtml?LPKey=PVZVBASUNUMVGTQ44H5XM5VXCX5SU6OR5S33Q57ZXZUA3P3BRVJFXCF7EALT7IJY4PHE2WLQSGCQY\">\u00bfQu\u00e9 es la dislexia y qu\u00e9 consecuencias tiene en las personas? Entrevista a Cristina Rodr\u00edguez, acad\u00e9mica de la Facultad de Ciencias de la Educaci\u00f3n de la UTalca y directora alterna N\u00facleo Milenio MiNSoL.\u00a0<\/a><\/div><div>\u00a0<\/div><div><b>EL MAULE INFORMA<\/b>\u00a0<br \/><a href=\"https:\/\/elmauleinforma.cl\/que-es-la-dislexia-y-que-consecuencias-tiene-en-las-personas\/\">\u00bfQu\u00e9 es la dislexia y qu\u00e9 consecuencias tiene en las personas? Se refiere Facultad de Ciencias de la Educaci\u00f3n y directora alterna del N\u00facleo Milenio para la Ciencia del Aprendizaje (MiNSoL), Cristina Rodr\u00edguez.\u00a0<\/a><\/div><div><b>\u00a0<\/b><\/div><div><b>P\u00c1GINA V<\/b>\u00a0<br \/><a href=\"https:\/\/paginav.cl\/2024\/10\/08\/que-es-la-dislexia-y-que-consecuencias-tiene-en-las-personas\/\">\u00bfQu\u00e9 es la dislexia y qu\u00e9 consecuencias tiene en las personas? Se refiere Facultad de Ciencias de la Educaci\u00f3n y directora alterna del N\u00facleo Milenio para la Ciencia del Aprendizaje (MiNSoL), Cristina Rodr\u00edguez.\u00a0<\/a><br \/><br \/><\/div><div><b>MEDIABANCO<\/b>\u00a0<br \/><a href=\"https:\/\/www.mediabanco.com\/que-es-la-dislexia-y-que-consecuencias-tiene-en-las-personas\/\">\u00bfQu\u00e9 es la dislexia y qu\u00e9 consecuencias tiene en las personas? Se refiere Facultad de Ciencias de la Educaci\u00f3n y directora alterna del N\u00facleo Milenio para la Ciencia del Aprendizaje (MiNSoL), Cristina Rodr\u00edguez.\u00a0<\/a><\/div><div>\u00a0<\/div><div><b>EL MERCURIO\u00a0<br \/><\/b><a href=\"https:\/\/www.litoralpress.cl\/paginaconsultas\/Servicios_NClipSitio\/Get_Imagen_Nota.aspx?LPKey=K3AD7WM3Z53JBZ5TCUHT336L6QJJDKPR2PNOJH4RMAACOHHFYLSZFUFM22X5VT2KK5DRMBGGUT456\">Gobierno y oficialismo revitalizan reforma al sistema pol\u00edtico ante atomizaci\u00f3n de partidos. Se refiere Mauricio Morales Quiroga, director del Centro de An\u00e1lisis Pol\u00edtico (CAP).\u00a0<\/a><\/div><div>\u00a0<\/div><div><b>RADIO INFINITA<\/b>\u00a0<br \/><a href=\"https:\/\/www.litoralpress.cl\/sitio\/RadioTV_Detalles.cshtml?LPKey=KSZRKXCIKULB5UQ6VAGPJPIAGY5JO3H53AXL2ZLWJQLVXD7IAS6A7NFGNY3VWXFI22VXJ4UCJSYQO\">Comentario de pol\u00edtica de Mauricio Morales Quiroga, director del Centro de An\u00e1lisis Pol\u00edtico (CAP).\u00a0<\/a><\/div><div>\u00a0<\/div><div><b>RADIO BIOB\u00cdO\u00a0<br \/><\/b><a href=\"https:\/\/www.litoralpress.cl\/sitio\/RadioTV_Detalles.cshtml?LPKey=YGDP6YOFJKYQZCRWCIEP4R67XTAC37YITT5ZOQY7NI44VVUYFRP6XWZFUKDIYPOMJGFRPQR66PCGM\">Faltan poco m\u00e1s de 2 semanas para las elecciones. Se refiere Mauricio Morales Mu\u00f1oz, acad\u00e9mico del Centro de An\u00e1lisis Pol\u00edtico (CAP).\u00a0<\/a><\/div><div><b>\u00a0<\/b><\/div><div><b>RADIO ADN\u00a0<br \/><\/b><a href=\"https:\/\/www.litoralpress.cl\/sitio\/RadioTV_Detalles.cshtml?LPKey=CIE5MEDCZ5DET56HWIPQ626DM2RZOPUV7YFPCJX7JUSLKK7P7LFW4DN5HO4G4XSKI4YTCBJOHV6A4\">En la madrugada del lunes se registraron las primeras gotas en la Regi\u00f3n Metropolitana, que continuaron a lo largo del d\u00eda del denominado n\u00facleo fr\u00edo en altura que se encuentra presente entre las regiones de Atacama y Coquimbo. Se refiere Patricio Gonz\u00e1lez, agroclimat\u00f3logo y acad\u00e9mico del Centro de Investigaci\u00f3n y Transferencia en Riego y Agroclimatolog\u00eda (CITRA).\u202f\u00a0<\/a><\/div><div><b><br \/>VIVIMOS LA NOTICIA\u00a0<\/b><\/div><div><a href=\"https:\/\/www.vlnradio.cl\/noticias\/ciencia\/2024\/10\/08\/agricultura-espacial-desarrollan-cultivos-de-tomates-y-lechugas-que-podrian-subsistir-en-marte\/\">Agricultura espacial: Desarrollan cultivos de tomates y lechugas que podr\u00edan subsistir en Marte. Se refiere Marco Molina Montenegro, director del Centro de Ecolog\u00eda Integrativa.\u202f\u202f\u00a0<\/a><\/div><div><b>\u00a0<\/b><\/div><div><b>RADIO CRISTALINA\u00a0<br \/><\/b><a href=\"https:\/\/radiocristalina.cl\/agricultura-espacial-desarrollan-cultivos-de-tomates-y-lechugas-que-podrian-subsistir-en-marte\/\">Agricultura espacial: Desarrollan cultivos de tomates y lechugas que podr\u00edan subsistir en Marte. Se refiere Marco Molina Montenegro, director del Centro de Ecolog\u00eda Integrativa.\u202f\u202f\u00a0<\/a><\/div><div>\u00a0<\/div><div><b>DIARIO EL HERALDO\u00a0<br \/><\/b><a href=\"https:\/\/www.diarioelheraldo.cl\/noticia\/concurso-desafio-de-industrias-creativas-pf-alimentos-y-universidad-de-talca-realizo-experiencias-inmersivas-sobre-inocuidad-alimentaria\">Concurso \u201cDesaf\u00edo de industrias creativas\u201d: PF Alimentos y Universidad de Talca realiz\u00f3 experiencias inmersivas sobre inocuidad alimentaria. Se refiere Ariela Vergara, directora de Innovaci\u00f3n y Transferencia.\u00a0<\/a><\/div><div><b>\u00a0<\/b><\/div><div><b>EL LECTOR<\/b>\u00a0<br \/><a href=\"https:\/\/www.litoralpress.cl\/paginaconsultas\/Servicios_NClipSitio\/Get_Imagen_Nota.aspx?LPKey=CCVFZ5YRBWMPB7GBRD4GKOALI2NOBHRZA6MNZUJKR46INRAH2ZRVZ3RAOJTRADBYG2QSTDBPBYS7I\">Senama Maule da inicio al mes de las personas mayores en Talca, promoviendo el Envejecimiento digno, activo y saludable. Se menciona la Universidad de Talca.<\/a>\u00a0<br \/><br \/><\/div><div><b>LA PRENSA DE CURIC\u00d3<\/b>\u00a0<br \/><a href=\"https:\/\/www.litoralpress.cl\/paginaconsultas\/Servicios_NClipSitio\/Get_Imagen_Nota.aspx?LPKey=NA4DFA5UR4KJ7T3HG7XC6T6MIWZHLVKPPLNUUXYKZ4LSW62F7SOH33372E7BYQ6EIG73EDGVV5NX6\">En el Mes del Adulto Mayor buscan promover el envejecimiento digno, activo y saludable. Se menciona la Universidad de Talca.\u00a0<\/a><br \/><br \/><\/div><div><b>EL DIARIO DE NAULE<\/b>\u00a0<br \/><a href=\"https:\/\/eldiariodemaule.cl\/senama-maule-da-inicio-al-mes-de-las-personas-mayores-promoviendo-el-envejecimiento-digno-activo-y-saludable\/\">Senama Maule da inicio al mes de las personas mayores promoviendo el Envejecimiento digno, activo y saludable. Se menciona la Universidad de Talca.\u00a0<\/a><br \/><br \/><\/div><div><b>UNIVERSIDAD DE CHLE<\/b>\u00a0<br \/><a href=\"https:\/\/derecho.uchile.cl\/agenda\/220964\/seminario-expresiones-jurisprudenciales-de-la-socioafectividad\">Seminario &#8220;Expresiones jurisprudenciales de la socioafectividad: di\u00e1logo en torno a un fallo sobre triple filiaci\u00f3n&#8221;. Se menciona la Universidad de Talca.<\/a> \u00a0<br \/><br \/><\/div><div><b>ELPA\u00cdS.COM<\/b>\u00a0<br \/><a href=\"https:\/\/elpais.com\/chile\/2024-10-08\/cinco-claves-en-el-historial-del-exfiscal-chileno-manuel-guerra-el-nuevo-protagonista-del-caso-audios.html\">Cinco claves en el historial del exfiscal chileno Manuel Guerra, el nuevo protagonista del \u201d\u02dcCaso Audios\u2019. Se menciona la Universidad de Talca.\u00a0<\/a><br \/><br \/><\/div><div><b>EL MERCURIO LEGAL<\/b>\u00a0<br \/><a href=\"https:\/\/www.elmercurio.com\/Legal\/Noticias\/Opinion\/2024\/10\/08\/914317\/perspectiva-nacional-internacional-expropiacion-pmgd.aspx\">Discriminaci\u00f3n, (des)confianza y expropiaci\u00f3n a los PMGD: perspectiva nacional e internacional. Se menciona la Universidad de Talca.\u00a0<\/a><br \/><br \/><\/div><div><b>MAULE NEWS<\/b>\u00a0<br \/><a href=\"https:\/\/www.maulenews.com\/2024\/10\/senama-maule-da-inicio-al-mes-de-las.html\">Senama Maule da inicio al mes de las personas mayores en Talca, promoviendo el Envejecimiento digno, activo y saludable. Se menciona la Universidad de Talca.\u00a0<\/a><br \/><br \/><\/div><div><b>SOMOS MAULE<\/b>\u00a0<br \/><a href=\"http:\/\/somosmaule.cl\/publico\/ficha\/ficha.aspx?i=83201\">Senama Maule da inicio al mes de las personas mayores en Talca. Se menciona la Universidad de Talca.\u00a0<\/a><br \/><br \/><\/div><div><b>EXANTE<\/b>\u00a0<br \/><a href=\"https:\/\/www.ex-ante.cl\/perfil-lo-que-hay-que-saber-del-exfiscal-manuel-guerra-y-su-rol-en-el-caso-audios\/\">Perfil: Lo que hay que saber del exfiscal Manuel Guerra y lo que se investiga de su rol en el Caso Audios. Se menciona la Universidad de Talca.\u00a0<\/a><br \/><br \/><\/div><div>\u00a0<\/div>\t\t\t\t\t\t<\/div>\n\t\t\t\t<\/div>\n\t\t\t\t\t<\/div>\n\t\t<\/div>\n\t\t\t\t\t\t\t<\/div>\n\t\t<\/section>\n\t\t\t\t\t\t<\/div>\n\t\t\t\t\t<\/div>\n\t\t","protected":false},"excerpt":{"rendered":"<p>EL LECTOR\u00a0Facultad de Ingenier\u00eda de la UTalca cuenta con su primera decana. Se refiere Carlos Torres\u202fFuchslocher,\u202frector, Marcela Gonz\u00e1lez Araya decana de la Facultad de Ingenier\u00eda y Javier Mu\u00f1oz, exdecano de la mencionada facultad.\u00a0 MINER\u00cdA CHILENA\u00a0Universidad de Talca presenta a la primera mujer en asumir la decanatura de la Facultad de Ingenier\u00eda. Se refiere Carlos Torres\u202fFuchslocher,\u202frector, &hellip;<\/p>\n<p class=\"read-more\"> <a class=\"\" href=\"https:\/\/www.reportedeprensa.utalca.cl\/?p=10701\"> <span class=\"screen-reader-text\">09 de octubre 2024<\/span> Read More &raquo;<\/a><\/p>\n","protected":false},"author":1,"featured_media":0,"comment_status":"closed","ping_status":"open","sticky":false,"template":"","format":"standard","meta":{"_monsterinsights_skip_tracking":false,"_monsterinsights_sitenote_active":false,"_monsterinsights_sitenote_note":"","_monsterinsights_sitenote_category":0},"categories":[53],"tags":[],"_links":{"self":[{"href":"https:\/\/www.reportedeprensa.utalca.cl\/index.php?rest_route=\/wp\/v2\/posts\/10701"}],"collection":[{"href":"https:\/\/www.reportedeprensa.utalca.cl\/index.php?rest_route=\/wp\/v2\/posts"}],"about":[{"href":"https:\/\/www.reportedeprensa.utalca.cl\/index.php?rest_route=\/wp\/v2\/types\/post"}],"author":[{"embeddable":true,"href":"https:\/\/www.reportedeprensa.utalca.cl\/index.php?rest_route=\/wp\/v2\/users\/1"}],"replies":[{"embeddable":true,"href":"https:\/\/www.reportedeprensa.utalca.cl\/index.php?rest_route=%2Fwp%2Fv2%2Fcomments&post=10701"}],"version-history":[{"count":4,"href":"https:\/\/www.reportedeprensa.utalca.cl\/index.php?rest_route=\/wp\/v2\/posts\/10701\/revisions"}],"predecessor-version":[{"id":10708,"href":"https:\/\/www.reportedeprensa.utalca.cl\/index.php?rest_route=\/wp\/v2\/posts\/10701\/revisions\/10708"}],"wp:attachment":[{"href":"https:\/\/www.reportedeprensa.utalca.cl\/index.php?rest_route=%2Fwp%2Fv2%2Fmedia&parent=10701"}],"wp:term":[{"taxonomy":"category","embeddable":true,"href":"https:\/\/www.reportedeprensa.utalca.cl\/index.php?rest_route=%2Fwp%2Fv2%2Fcategories&post=10701"},{"taxonomy":"post_tag","embeddable":true,"href":"https:\/\/www.reportedeprensa.utalca.cl\/index.php?rest_route=%2Fwp%2Fv2%2Ftags&post=10701"}],"curies":[{"name":"wp","href":"https:\/\/api.w.org\/{rel}","templated":true}]}}