{"id":10719,"date":"2024-10-11T11:22:21","date_gmt":"2024-10-11T14:22:21","guid":{"rendered":"https:\/\/www.reportedeprensa.utalca.cl\/?p=10719"},"modified":"2024-10-11T11:22:44","modified_gmt":"2024-10-11T14:22:44","slug":"11-de-octubre-2024","status":"publish","type":"post","link":"https:\/\/www.reportedeprensa.utalca.cl\/?p=10719","title":{"rendered":"11 de octubre 2024"},"content":{"rendered":"\t\t<div data-elementor-type=\"wp-post\" data-elementor-id=\"10719\" class=\"elementor elementor-10719\" data-elementor-settings=\"[]\">\n\t\t\t\t\t\t\t<div class=\"elementor-section-wrap\">\n\t\t\t\t\t\t\t<section class=\"elementor-section elementor-top-section elementor-element elementor-element-bcea1a8 elementor-section-boxed elementor-section-height-default elementor-section-height-default\" data-id=\"bcea1a8\" data-element_type=\"section\">\n\t\t\t\t\t\t<div class=\"elementor-container elementor-column-gap-default\">\n\t\t\t\t\t<div class=\"elementor-column elementor-col-100 elementor-top-column elementor-element elementor-element-e7183bf\" data-id=\"e7183bf\" data-element_type=\"column\">\n\t\t\t<div class=\"elementor-widget-wrap elementor-element-populated\">\n\t\t\t\t\t\t\t\t<div class=\"elementor-element elementor-element-6c01d15 elementor-widget elementor-widget-text-editor\" data-id=\"6c01d15\" data-element_type=\"widget\" data-widget_type=\"text-editor.default\">\n\t\t\t\t<div class=\"elementor-widget-container\">\n\t\t\t\t\t\t\t\t<div><b data-olk-copy-source=\"MessageBody\">CANAL TVN RED MAULE\u00a0<br \/><\/b><a href=\"https:\/\/www.litoralpress.cl\/sitio\/RadioTV_Detalles.cshtml?LPKey=OMP5TNWZSMNWT6CYS3DNBTK2LTHAR53526HOQGH4476EOSMK4LWSDPQZMC6ICKILDASN6575O3JCO\">Expresidenta Bachelet abord\u00f3 los desaf\u00edos de la educaci\u00f3n p\u00fablica. Se refiere Carlos Torres Fuchslocher, rector.\u00a0<\/a><\/div><div><b>\u00a0<\/b><\/div><div><b>CANAL CONTIVISI\u00d3N<\/b>\u00a0<br \/><a href=\"https:\/\/www.litoralpress.cl\/sitio\/RadioTV_Detalles.cshtml?LPKey=JJ2YGW63R7CF534SFY2W2AIOQXHG76HXRV7PXO35GQZSAI7ZWZLGT36JC5B74GJ37RL6K7V5AA57K\">Michelle Bachelet Destaca Desaf\u00edos de la Educaci\u00f3n Superior en Clase Magistral en Talca.\u00a0<\/a><br \/><a href=\"https:\/\/www.litoralpress.cl\/sitio\/RadioTV_Detalles.cshtml?LPKey=JJ2YGW63R7CF534SFY2W2AIOQXHG76HXRV7PXO35GQZSAI7ZWZLGT36JC5B74GJ37RL6K7V5AA57K\">Se refiere Carlos Torres Fuchslocher, rector.\u00a0<\/a><\/div><div><b>\u00a0<\/b><\/div><div><b>MEDIA BANCO<\/b>\u00a0<\/div><div><a href=\"https:\/\/www.mediabanco.com\/michelle-bachelet-destaco-rol-de-las-universidades-en-defensa-de-la-democracia\/\">Michelle Bachelet destac\u00f3 rol de las universidades en defensa de la democracia. Se refiere Carlos Torres Fuchslocher, rector.\u00a0<\/a><\/div><div>\u00a0<\/div><div><b>S\u00c9PTIMA P\u00c1GINA NOTICIAS<\/b>\u00a0<br \/><a href=\"https:\/\/www.septimapaginanoticias.cl\/michelle-bachelet-destaco-rol-de-las-universidades-en-defensa-de-la-democracia\">Michelle Bachelet destac\u00f3 rol de las universidades en defensa de la democracia. Se refiere Carlos Torres Fuchslocher, rector.\u00a0<\/a><br \/><br \/><\/div><div><b>G5 NOTICIA<\/b>\u00a0<br \/><a href=\"https:\/\/g5noticias.cl\/2024\/10\/10\/michelle-bachelet-destaco-rol-de-las-universidades-en-defensa-de-la-democracia\/\">Michelle Bachelet destac\u00f3 rol de las universidades en defensa de la democracia. Se refiere Carlos Torres Fuchslocher, rector.\u00a0<\/a><br \/><br \/><\/div><div><b>AD PRENSA<\/b>\u00a0<br \/><a href=\"https:\/\/www.adprensa.cl\/politica\/michelle-bachelet-destaco-rol-de-las-universidades-en-defensa-de-la-democracia\/\">Michelle Bachelet destac\u00f3 rol de las universidades en defensa de la democracia. Se refiere Carlos Torres Fuchslocher, rector.\u00a0<\/a><\/div><div>\u00a0<\/div><div><b>RADIO AGRICULTURA\u00a0<br \/><\/b><a href=\"https:\/\/www.radioagricultura.cl\/politica\/2024\/10\/10\/vivimos-en-tiempos-de-grandes-incertidumbres-michelle-bachelet-analiza-los-cambios-sociales-en-chile\/\">\u201cVivimos<\/a><a href=\"https:\/\/www.radioagricultura.cl\/politica\/2024\/10\/10\/vivimos-en-tiempos-de-grandes-incertidumbres-michelle-bachelet-analiza-los-cambios-sociales-en-chile\/\"> en tiempos de grandes incertidumbres\u201d: Michelle Bachelet analiza los cambios sociales en Chile. Se menciona la Universidad de Talca.\u00a0<\/a><b><br \/><\/b><\/div><div>\u00a0<\/div><div><b>EL MERCURIO<\/b>\u00a0<br \/><a href=\"https:\/\/www.litoralpress.cl\/paginaconsultas\/Servicios_NClipSitio\/Get_Imagen_Nota.aspx?LPKey=AWL6TRPSPMXYISPWJJHTTQGSUIOD66YN5C632KDJCPBYXJR2RLF2V4CJ4YNTEZGPBCIWES4J66UPA\">Bachelet reaparece p\u00fablicamente y dice que la pol\u00edtica est\u00e1 \u201ct\u00f3xica\u201d. Se menciona la Universidad de Talca.\u00a0<\/a><br \/><br \/><\/div><div><b>LA TERCERA<\/b>\u00a0<br \/><a href=\"https:\/\/www.litoralpress.cl\/paginaconsultas\/Servicios_NClipSitio\/Get_Imagen_Nota.aspx?LPKey=MGF2F2FGIVDAA7RK34PW6RHK2ELB7AQJ3ANW5H6R4ORVL6TCVOVMFRPZF2RNXXQD5HPGB4M4FGOT2\">Bachelet vuelve a acusar que el ambiente pol\u00edtico actual es \u201ct\u00f3xico\u201d. Se menciona la Universidad de Talca.\u00a0<\/a><br \/><br \/><\/div><div><b>LA PRENSA DE CURIC\u00d3<\/b>\u00a0<br \/><a href=\"https:\/\/www.litoralpress.cl\/paginaconsultas\/Servicios_NClipSitio\/Get_Imagen_Nota.aspx?LPKey=J7AI3CAZ4SQ3POHLBLEIDIO3UWZLDLKWLIOVNYGI4BPE3MPLPPY4DTW3SUHJACCOFJ7HWTMLFHFI4\">Michelle Bachelet dio charla sobre Educaci\u00f3n en la Universidad de Talca. Se menciona la Universidad de Talca.\u00a0<\/a><br \/><br \/><\/div><div><b>PUBLIMICRO<\/b>\u00a0<br \/><a href=\"https:\/\/publimicro.cl\/michelle-bachelet-visito-talca-este-miercoles-exmandataria-tuvo-una-actividad-academica-en-la-manana-y-politica-en-la-tarde\/\">Michelle Bachelet visit\u00f3 Talca este mi\u00e9rcoles. Exmandataria tuvo una actividad acad\u00e9mica en la ma\u00f1ana y pol\u00edtica en la tarde. Se menciona la Universidad de Talca.\u00a0<\/a><br \/><br \/><\/div><div><b>EMOL<\/b>\u00a0<br \/><a href=\"https:\/\/www.emol.com\/noticias\/Nacional\/2024\/10\/10\/1145080\/bachelet-reaparece-charla-politica-toxica.html\">Bachelet reaparece p\u00fablicamente en charla magistral y dice que la pol\u00edtica est\u00e1 &#8216;t\u00f3xica&#8217; .Se menciona la Universidad de Talca.\u00a0<\/a><br \/><br \/><\/div><div><b>DIARIO LA PRENSA<\/b>\u00a0<br \/><a href=\"https:\/\/new.diariolaprensa.cl\/index.php\/2024\/10\/10\/michelle-bachelet-dio-charla-sobre-educacion-en-la-universidad-de-talca\/\">Michelle Bachelet dio charla sobre Educaci\u00f3n en la Universidad de Talca. Se menciona la Universidad de Talca.\u00a0<\/a><\/div><div>\u00a0<\/div><div><b>PUBLIMETRO\u00a0<br \/><\/b><a href=\"https:\/\/www.litoralpress.cl\/paginaconsultas\/Servicios_NClipSitio\/Get_Imagen_Nota.aspx?LPKey=JOZ5ABYC53UNNXT34YXDJFHFDRBEVJOMO5YUUGW24O7WRF2TVI73NASUBIJUK5TU7NKOZ5GQCUZLS\">Rectores valoran el texto, pero no idea de fijar aranceles. Se refiere Carlos Torres Fuchslocher, rector.\u00a0<\/a><\/div><div><b>\u00a0<\/b><\/div><div><b>DIARIO FRUT\u00cdCOLA\u00a0<br \/><\/b><a href=\"https:\/\/www.diariofruticola.cl\/noticia\/ag-innovatech\/2024\/10\/cientifico-chileno-fue-distinguido-en-el-ranking-de-investigadores-altamente-citados-hcr-2023\">Cient\u00edfico chileno fue distinguido en el Ranking de Investigadores Altamente Citados HCR 2023. Se refiere Roberto Jara Rojas, director de Investigaci\u00f3n de la UTalca.\u00a0<\/a><b><\/b><\/div><div>\u00a0<\/div><div><b>EL LECTOR<\/b>\u00a0<br \/><a href=\"https:\/\/www.litoralpress.cl\/paginaconsultas\/Servicios_NClipSitio\/Get_Imagen_Nota.aspx?LPKey=D4QD5BZYBUECRIJO3GIKLXAG5DYOYFZJDOLQCURST3ZHAHZRDSYBMNUYAZZILDMKSL3ZXYG5QPNRK\">Encuentro internacional organizado por la Universidad de Talca convoc\u00f3 a destacados investigadores para tratar tem\u00e1ticas asociadas al cambio clim\u00e1tico y la producci\u00f3n de alimentos. Se refiere Carlos Figueroa y Christian Figueroa, acad\u00e9micos del Instituto de Ciencias Biol\u00f3gicas.\u202f\u00a0<\/a><br \/><br \/><\/div><div><b>LA TERCERA ONLINE\u00a0<br \/><\/b><a href=\"https:\/\/www.latercera.com\/que-pasa\/noticia\/los-alimentos-organicos-son-siempre-mas-saludables-esto-dicen-dos-nutricionistas\/Q662GAPSNBHY3HS2636U27XPGA\/\">\u00bfLos alimentos org\u00e1nicos son siempre m\u00e1s saludables? Esto dicen dos nutricionistas. Se refiere Tamara Vallejos, acad\u00e9mica de la Escuela de Nutrici\u00f3n y Diet\u00e9tica.\u00a0<\/a><\/div><div><b>\u00a0<\/b><\/div><div><b>EMOL\u00a0<br \/><\/b><a href=\"https:\/\/www.emol.com\/noticias\/Nacional\/2024\/10\/09\/1144991\/robos-cajeros-concentran-zonas.html\">Reaparecen los robos a cajeros autom\u00e1ticos: Saturaci\u00f3n por gas &#8216;es un m\u00e9todo muy eficiente&#8217;. Se refiere H\u00e9ctor Mu\u00f1oz, jefe de la Unidad de seguridad digital de la Universidad Talca.\u00a0<\/a><\/div><div><b>\u00a0<\/b><\/div><div><b>REVISTA ECOCIENCIAS\u00a0<br \/><\/b><a href=\"https:\/\/revistaecociencias.cl\/2024\/10\/10\/cientificos-analizan-principales-riesgos-mundiales-de-la-biologia-vegetal\/\">Cient\u00edficos<\/a><a href=\"https:\/\/revistaecociencias.cl\/2024\/10\/10\/cientificos-analizan-principales-riesgos-mundiales-de-la-biologia-vegetal\/\"> analizan principales riesgos mundiales de la biolog\u00eda vegetal. Se refiere Carlos Figueroa y Christian Figueroa, acad\u00e9micos del Instituto de Ciencias Biol\u00f3gicas.\u202f\u00a0<\/a><\/div><div><b>\u00a0<\/b><\/div><div><b>MAULE HOY<\/b>\u00a0<br \/><a href=\"https:\/\/maulehoy.cl\/2024\/10\/10\/cientificos-analizan-principales-riesgos-mundiales-de-la-biologia-vegetal\/\">Cient\u00edficos analizan principales riesgos mundiales de la biolog\u00eda vegetal. Se refiere Carlos Figueroa y Christian Figueroa, acad\u00e9micos del Instituto de Ciencias Biol\u00f3gicas.\u202f\u00a0<\/a><\/div><div aria-hidden=\"true\">\u00a0<\/div><div><b>EL LECTOR<\/b>\u00a0<br \/><a href=\"https:\/\/www.litoralpress.cl\/paginaconsultas\/Servicios_NClipSitio\/Get_Imagen_Nota.aspx?LPKey=YLCTH7QLYGZB3GTQBP4SG5BEWM4FHA7RUKVG4KHS5KTWUOYGWC5TJOTXXF7ECAF53OALXI7VNHDYC\">PF Alimentos y Universidad de Talca realiz\u00f3 experiencias inmersivas sobre inocuidad alimentaria. Se refiere Ariela Vergara, directora de Innovaci\u00f3n y Transferencia.\u00a0<\/a><br \/><b><\/b><\/div><div>\u00a0<\/div><div><b>RADIO LAUTARO\u00a0<br \/><\/b><a href=\"https:\/\/radiolautarotalca.cl\/diogenes-digital-el-nuevo-problema-informatico\/\">\u201cDi\u00f3genes digital\u201d: el nuevo problema inform\u00e1tico. Se refiere Alejandro Cataldo, acad\u00e9mico Facultad de Econom\u00eda y Negocios.\u202f\u00a0<\/a><b><br \/><\/b><\/div><div>\u00a0<\/div><div><b>RADIO LAUTARO<\/b>\u00a0<br \/><a href=\"https:\/\/radiolautarotalca.cl\/cuales-son-las-recomendaciones-para-usar-creatina\/\">\u00bfCu\u00e1les son las recomendaciones para usar creatina? Se refiere Nayadeth Escalona, acad\u00e9mica de la Escuela de Nutrici\u00f3n y Diet\u00e9tica.\u00a0<\/a><br \/><u><a id=\"OWA66367142-024a-90ae-7f50-a965dc8d1f54\" class=\"x_x_Hyperlink x_x_SCXW72287756 x_x_BCX0 x_x_OWAAutoLink\" href=\"https:\/\/radiolautarotalca.cl\/cuales-son-las-recomendaciones-para-usar-creatina\/\" target=\"_blank\" rel=\"noopener noreferrer\" data-auth=\"NotApplicable\" data-linkindex=\"22\"><\/a><\/u><b><\/b><\/div><div>\u00a0<\/div><div><b>EL RANCACHUASO\u00a0<br \/><\/b><a href=\"https:\/\/www.elrancahuaso.cl\/noticia\/sociedad\/ortorexia-la-adiccion-comer-saludable\">Ortorexia: la adicci\u00f3n a comer saludable. Se refiere Cecilia Valenzuela, acad\u00e9mica Escuela de Nutrici\u00f3n y Diet\u00e9tica.\u202f\u202f\u00a0<\/a><b><br \/><\/b><\/div><div>\u00a0<\/div><div><b>FORT\u00cdN MAPOCHO<\/b>\u00a0<br \/><a href=\"https:\/\/www.fortinmapocho.cl\/2024\/10\/10\/bachelet-tilda-de-toxico-el-ambiente-politico-en-el-pais-y-advierte-sobre-retrocesos-democraticos\/\">Bachelet tilda de \u201ct\u00f3xico\u201d el ambiente pol\u00edtico en el pa\u00eds y advierte sobre \u201cretrocesos democr\u00e1ticos\u201d. Se menciona la Universidad de Talca.\u00a0<\/a><\/div><div>\u00a0<\/div><div><b>EL D\u00cdA<\/b>\u00a0<br \/><a href=\"https:\/\/www.litoralpress.cl\/paginaconsultas\/Servicios_NClipSitio\/Get_Imagen_Nota.aspx?LPKey=I7GVIMR63YAA5PG4W63AIDKSMERGKOZCWW2BXWNXYWFHDZMS36CAMIA2T3YT5NYRMV7BIKD4ONQM4\">Invitan a seminario sobre derechos de los pacientes. Se refiere Carolina Riveros Ferrada, acad\u00e9mica de la Facultad de Ciencias Jur\u00eddicas y Sociales.\u00a0<\/a><\/div><div>\u00a0<\/div><div><b>PJUD<\/b>\u00a0<br \/><a href=\"https:\/\/www.pjud.cl\/prensa-y-comunicaciones\/noticias-del-poder-judicial\/116119\">Corte de Apelaciones y Juzgado del Trabajo de Antofagasta invitan a \u201cSeminario pampino de Derecho del Trabajo\u201d. Se menciona la Universidad de Talca.\u00a0<\/a><br \/><br \/><\/div><div><b>CONSORCIO DE UNIVERSIDADS DEL ESTADO DE CHILE <\/b>\u00a0<br \/><a href=\"https:\/\/noticias.uestatales.cl\/segunda-jornada-cientifica-cies\">Con alta convocatoria se realiz\u00f3 la Segunda Jornada Cient\u00edfica del CIES. Se menciona la Universidad de Talca.\u00a0<\/a><br \/><br \/><\/div><div><b>PALABRA P\u00daBLICA<\/b>\u00a0<br \/><a href=\"https:\/\/palabrapublica.uchile.cl\/la-vitrina-32\/\">La vitrina 32. Se menciona la Universidad de Talca.\u00a0<\/a><br \/><br \/><\/div><div><b>EL MAULE INFORMA<\/b>\u00a0<br \/><a href=\"https:\/\/elmauleinforma.cl\/diversos-espacios-culturales-del-maule-se-sumaran-este-viernes-a-noche-de-museos-2024\/\">Diversos espacios culturales del Maule se sumar\u00e1n este viernes a Noche de Museos 2024. Se menciona la Universidad de Talca.\u00a0<\/a><br \/><br \/><\/div><div><b>DIARIOS EN RED\u00a0<br \/><\/b><a href=\"https:\/\/rdiarioenred.com\/regional\/diversos-espacios-culturales-del-maule-se-sumaran-este-viernes-a-noche\">Diversos espacios culturales del Maule se sumar\u00e1n este viernes a Noche de Museos 2024. Se menciona la Universidad de Talca.\u00a0<\/a><b><br \/><\/b><\/div><div>\u00a0<\/div><div><b>RADIO INFINITA<\/b>\u00a0<br \/><a href=\"https:\/\/www.litoralpress.cl\/sitio\/RadioTV_Detalles.cshtml?LPKey=VFITTNWQVGXUPR2FWA4YZ6BSVHAOGXFQUSUHFA763RCSZVCRLFAQFHKF3SZ57P6FFEF3WHFXRVHMM\">Entrevista a Nicol\u00e1s Cataldo, ministro de Educaci\u00f3n. Se menciona la Universidad de Talca.\u00a0<\/a><br \/>\u00a0<br \/><b>RED TARAPAC\u00c1<\/b>\u00a0<br \/><a href=\"https:\/\/redtarapaca.com\/regional\/diversos-espacios-culturales-del-maule-se-sumaran-este-viernes-a-noche\">Diversos espacios culturales del Maule se sumar\u00e1n este viernes a Noche de Museos 2024. Se menciona la Universidad de Talca.\u00a0<\/a><br \/><br \/><\/div><div><b>RED VALPARA\u00cdSO<\/b>\u00a0<br \/><a href=\"https:\/\/redvalparaiso.com\/regional\/diversos-espacios-culturales-del-maule-se-sumaran-este-viernes-a-noche\">Diversos espacios culturales del Maule se sumar\u00e1n este viernes a Noche de Museos 2024. Se menciona la Universidad de Talca.\u00a0<\/a><br \/><br \/><\/div><div><b>RED MAULE<\/b>\u00a0<br \/><a href=\"https:\/\/redmaule.com\/regional\/diversos-espacios-culturales-del-maule-se-sumaran-este-viernes-a-noche\">Diversos espacios culturales del Maule se sumar\u00e1n este viernes a Noche de Museos 2024. Se menciona la Universidad de Talca.\u00a0<\/a><br \/><br \/><\/div><div><b>RED ARICA<\/b>\u00a0<br \/><a href=\"https:\/\/redarica.com\/regional\/diversos-espacios-culturales-del-maule-se-sumaran-este-viernes-a-noche\">Diversos espacios culturales del Maule se sumar\u00e1n este viernes a Noche de Museos 2024. Se menciona la Universidad de Talca.\u00a0<\/a><br \/><br \/><\/div><div><b>PUBLIMICRO<\/b>\u00a0<br \/><a href=\"https:\/\/publimicro.cl\/primera-reunion-con-rectores-de-dos-universidades-en-el-maule-realizo-nuevo-seremi-de-ciencias-hernan-astaburuaga\/\">Primera reuni\u00f3n con rectores de dos universidades en el Maule, realiz\u00f3 nuevo Seremi de Ciencias, Hern\u00e1n Astaburuaga. Se menciona la Universidad de Talca.\u00a0<\/a><br \/><br \/><\/div><div>\u00a0<\/div>\t\t\t\t\t\t<\/div>\n\t\t\t\t<\/div>\n\t\t\t\t\t<\/div>\n\t\t<\/div>\n\t\t\t\t\t\t\t<\/div>\n\t\t<\/section>\n\t\t\t\t\t\t<\/div>\n\t\t\t\t\t<\/div>\n\t\t","protected":false},"excerpt":{"rendered":"<p>CANAL TVN RED MAULE\u00a0Expresidenta Bachelet abord\u00f3 los desaf\u00edos de la educaci\u00f3n p\u00fablica. Se refiere Carlos Torres Fuchslocher, rector.\u00a0\u00a0CANAL CONTIVISI\u00d3N\u00a0Michelle Bachelet Destaca Desaf\u00edos de la Educaci\u00f3n Superior en Clase Magistral en Talca.\u00a0Se refiere Carlos Torres Fuchslocher, rector.\u00a0\u00a0MEDIA BANCO\u00a0Michelle Bachelet destac\u00f3 rol de las universidades en defensa de la democracia. Se refiere Carlos Torres Fuchslocher, rector.\u00a0\u00a0S\u00c9PTIMA P\u00c1GINA &hellip;<\/p>\n<p class=\"read-more\"> <a class=\"\" href=\"https:\/\/www.reportedeprensa.utalca.cl\/?p=10719\"> <span class=\"screen-reader-text\">11 de octubre 2024<\/span> Read More &raquo;<\/a><\/p>\n","protected":false},"author":1,"featured_media":0,"comment_status":"closed","ping_status":"open","sticky":false,"template":"","format":"standard","meta":{"_monsterinsights_skip_tracking":false,"_monsterinsights_sitenote_active":false,"_monsterinsights_sitenote_note":"","_monsterinsights_sitenote_category":0},"categories":[53],"tags":[],"_links":{"self":[{"href":"https:\/\/www.reportedeprensa.utalca.cl\/index.php?rest_route=\/wp\/v2\/posts\/10719"}],"collection":[{"href":"https:\/\/www.reportedeprensa.utalca.cl\/index.php?rest_route=\/wp\/v2\/posts"}],"about":[{"href":"https:\/\/www.reportedeprensa.utalca.cl\/index.php?rest_route=\/wp\/v2\/types\/post"}],"author":[{"embeddable":true,"href":"https:\/\/www.reportedeprensa.utalca.cl\/index.php?rest_route=\/wp\/v2\/users\/1"}],"replies":[{"embeddable":true,"href":"https:\/\/www.reportedeprensa.utalca.cl\/index.php?rest_route=%2Fwp%2Fv2%2Fcomments&post=10719"}],"version-history":[{"count":4,"href":"https:\/\/www.reportedeprensa.utalca.cl\/index.php?rest_route=\/wp\/v2\/posts\/10719\/revisions"}],"predecessor-version":[{"id":10724,"href":"https:\/\/www.reportedeprensa.utalca.cl\/index.php?rest_route=\/wp\/v2\/posts\/10719\/revisions\/10724"}],"wp:attachment":[{"href":"https:\/\/www.reportedeprensa.utalca.cl\/index.php?rest_route=%2Fwp%2Fv2%2Fmedia&parent=10719"}],"wp:term":[{"taxonomy":"category","embeddable":true,"href":"https:\/\/www.reportedeprensa.utalca.cl\/index.php?rest_route=%2Fwp%2Fv2%2Fcategories&post=10719"},{"taxonomy":"post_tag","embeddable":true,"href":"https:\/\/www.reportedeprensa.utalca.cl\/index.php?rest_route=%2Fwp%2Fv2%2Ftags&post=10719"}],"curies":[{"name":"wp","href":"https:\/\/api.w.org\/{rel}","templated":true}]}}