{"id":11192,"date":"2024-12-20T12:53:48","date_gmt":"2024-12-20T15:53:48","guid":{"rendered":"https:\/\/www.reportedeprensa.utalca.cl\/?p=11192"},"modified":"2024-12-20T12:56:20","modified_gmt":"2024-12-20T15:56:20","slug":"20-de-diciembre-2024","status":"publish","type":"post","link":"https:\/\/www.reportedeprensa.utalca.cl\/?p=11192","title":{"rendered":"20 de diciembre 2024"},"content":{"rendered":"\t\t<div data-elementor-type=\"wp-post\" data-elementor-id=\"11192\" class=\"elementor elementor-11192\" data-elementor-settings=\"[]\">\n\t\t\t\t\t\t\t<div class=\"elementor-section-wrap\">\n\t\t\t\t\t\t\t<section class=\"elementor-section elementor-top-section elementor-element elementor-element-bcea1a8 elementor-section-boxed elementor-section-height-default elementor-section-height-default\" data-id=\"bcea1a8\" data-element_type=\"section\">\n\t\t\t\t\t\t<div class=\"elementor-container elementor-column-gap-default\">\n\t\t\t\t\t<div class=\"elementor-column elementor-col-100 elementor-top-column elementor-element elementor-element-e7183bf\" data-id=\"e7183bf\" data-element_type=\"column\">\n\t\t\t<div class=\"elementor-widget-wrap elementor-element-populated\">\n\t\t\t\t\t\t\t\t<div class=\"elementor-element elementor-element-351d435 elementor-widget elementor-widget-text-editor\" data-id=\"351d435\" data-element_type=\"widget\" data-widget_type=\"text-editor.default\">\n\t\t\t\t<div class=\"elementor-widget-container\">\n\t\t\t\t\t\t\t\t<div><b data-olk-copy-source=\"MessageBody\">EL MERCURIO<\/b>\u00a0<br \/><a href=\"https:\/\/www.litoralpress.cl\/paginaconsultas\/Servicios_NClipSitio\/Get_Imagen_Nota.aspx?LPKey=7CM4BYRSWASIHAJVI2EX5PPKSJ3KQRCMU4D2KIWXMCLNDXYJKCNAYOH4Y3FHZZM2LMSVDCSFEKUDM\">Senadores aprueban reforma al sistema pol\u00edtico con voto en contra del PC y el FA presenta propuesta que enreda el debate. Se refiere Mauricio Morales Quiroga, director del Centro de An\u00e1lisis Pol\u00edtico (CAP-UTalca).\u00a0<\/a><br \/><br \/><\/div><div><b>RADIO INFINITA<\/b>\u00a0<br \/><a href=\"https:\/\/www.litoralpress.cl\/sitio\/RadioTV_Detalles.cshtml?LPKey=XBVXXQGCFGK735442XDXMYLSY6EVLNTC523NBKSBXV3O5ZESZ7QQSKYHRHY466HJULZXGFCWWOPB2\">Comentario pol\u00edtico de Mauricio Morales Quiroga, director del Centro de An\u00e1lisis Pol\u00edtico (CAP-UTalca).\u00a0<\/a><br \/><br \/><\/div><div><b>RADIO BIOB\u00cdO<\/b>\u00a0<br \/><a href=\"https:\/\/www.litoralpress.cl\/sitio\/RadioTV_Detalles.cshtml?LPKey=WTOZCOQ5HUPASK7KPMR5PLBR5FVK6ZNZLDNTF2BKTFKNVURXDTHGQXKHTSZKK6QKPRQ7BZXZ24PLC\">Senapred y Conaf extendieron la alerta temprana preventiva por altas temperaturas. Se refiere Patricio Gonz\u00e1lez Colville, agroclimat\u00f3logo y acad\u00e9mico del Centro de Investigaci\u00f3n y Transferencia en Riego y Agroclimatolog\u00eda (CITRA).\u202f\u202f\u00a0<\/a><br \/><br \/><\/div><div><b>CANAL TVN RED MAULE<\/b>\u00a0<br \/><a href=\"https:\/\/www.litoralpress.cl\/sitio\/RadioTV_Detalles.cshtml?LPKey=AHDI2S4MMSZN6QZH3U37E6TKSRFDRSFVOGOWWO4VDXF7LQQXSKEALLA7CDSLXQ6UHCKDKKAM55MUU\">U de Talca apoya a 24 municipios en Transformaci\u00f3n Digital del Estado. Se menciona la Univerisidad de Talca.\u00a0<\/a><br \/><br \/><\/div><div><b>MEDIABANCO<\/b>\u00a0<br \/><a href=\"https:\/\/www.mediabanco.com\/exitosa-alianza-impulso-la-modernizacion-de-municipios-de-la-region-del-maule\/\">Exitosa alianza impuls\u00f3 la modernizaci\u00f3n de municipios de la Regi\u00f3n del Maule. Se refiere Carlos Torres Fuchslocher, rector.\u00a0<\/a><br \/><br \/><\/div><div><b>RADIO ALLEN<\/b>\u00a0<br \/><a href=\"https:\/\/radioallen.cl\/transformacion-digital-exitosa-alianza-impulso-la-modernizacion-de-municipios-de-la-region-del-maule\/\">Transformaci\u00f3n Digital: Exitosa alianza impuls\u00f3 la modernizaci\u00f3n de municipios de la Regi\u00f3n del Maule. Se refiere Carlos Torres Fuchslocher, rector.\u00a0<\/a><br \/><br \/><\/div><div><b>RADIO DUNA<\/b>\u00a0<br \/><a href=\"https:\/\/www.litoralpress.cl\/sitio\/RadioTV_Detalles.cshtml?LPKey=UUM6HS74AXF6SAVTBJTVLCBKQFE4UAQ6ME54PTHSLIWLEHZANB6TKZ56AI6EUCNM6Y3ZDH2AQMCQI\">Entrevista a Mariana Enr\u00edquez, escritora ganadora del Premio Jos\u00e9 Donoso. Se menciona la Universidad de Talca.\u00a0<\/a><br \/><br \/><\/div><div><b>RADIO MAN\u00cdA<\/b>\u00a0<br \/><a href=\"https:\/\/www.litoralpress.cl\/sitio\/RadioTV_Detalles.cshtml?LPKey=HI5ZL5GYND6U4EM3MKPXYZE4DYMCKXE4OZAGMHTGEFDQXQWQMZZPD3NAZTNVBKDKZLYIGZE6ETB7I\">Entrevista a Anyelina Riveros L\u00f3pez, coordinadora de la carrera T\u00e9cnico Superior en Turismo Enol\u00f3gico.\u00a0<\/a><br \/><br \/><\/div><div><b>RADIO OLEAJES<\/b>\u00a0<br \/><a href=\"https:\/\/www.litoralpress.cl\/sitio\/RadioTV_Detalles.cshtml?LPKey=OE6NEORBEAH34UYHBBSWL42JJ37HCRQY2DY7CTQNPWHD4VTRN7JXOZJP24LM3UYUIVA7K2OU3M5RQ\">Entrevista a Fabio Dur\u00e1n, director de la Escuela de Ingenier\u00eda Civil en Bioinform\u00e1tica.\u00a0<\/a><br \/><br \/><\/div><div><b>EN L\u00cdNEA MAULE<\/b>\u00a0<br \/><a href=\"https:\/\/www.litoralpress.cl\/sitio\/RadioTV_Detalles.cshtml?LPKey=XMTTMRUF2ZA5ZRGK3LAAMVJPKPQUSV7VVRCNJ5UEHCWWAU7RTEOY4537BTUDMY46MTOXBL6PFPGAG\">&#8220;Tren de Navidad&#8221; entreg\u00f3 un momento de alegr\u00eda a los ni\u00f1os de zonas aleda\u00f1as al ramal. Se refiere Marcela Albornoz Dachelet, directora de Extensi\u00f3n Cultural Artisitica.\u00a0<\/a><br \/><br \/><\/div><div><b>PUBLIMICRO<\/b>\u00a0<br \/><a href=\"https:\/\/publimicro.cl\/el-tren-de-navidad-de-la-utalca-une-y-alegra-a-las-comunidades-rurales-del-maule\/\">El tren de navidad de la UTalca une y alegra a las comunidades rurales del Maule. Se refiere Marcela Albornoz Dachelet, directora de Extensi\u00f3n Cultural Art\u00edstica.\u00a0<\/a><br \/><br \/><\/div><div><b>RADIO AMIGA<\/b>\u00a0<br \/><a href=\"https:\/\/www.litoralpress.cl\/sitio\/RadioTV_Detalles.cshtml?LPKey=47RWW4ZDDSK2VVDYLHXKXDRACK2F6MKGVQFTLUZKXAOMH2QHGQH7NFYV5XWKFETQTNFJROBS4C32A\">La Magia del Tren Navide\u00f1o en Talca. Se refiere Marcela Albornoz Dachelet, directora de Extensi\u00f3n Cultural Art\u00edstica.\u00a0<\/a><\/div><div><br \/><u><a id=\"OWA221c35ed-7ddd-64a4-f635-e16e8f86a416\" title=\"https:\/\/www.litoralpress.cl\/sitio\/RadioTV_Detalles.cshtml?LPKey=47RWW4ZDDSK2VVDYLHXKXDRACK2F6MKGVQFTLUZKXAOMH2QHGQH7NFYV5XWKFETQTNFJROBS4C32A\" href=\"https:\/\/www.litoralpress.cl\/sitio\/RadioTV_Detalles.cshtml?LPKey=47RWW4ZDDSK2VVDYLHXKXDRACK2F6MKGVQFTLUZKXAOMH2QHGQH7NFYV5XWKFETQTNFJROBS4C32A\" target=\"_blank\" rel=\"noopener noreferrer\" data-auth=\"NotApplicable\" data-linkindex=\"11\"><\/a><\/u><b>PUBLIMICRO<\/b>\u00a0<br \/><a href=\"https:\/\/publimicro.cl\/utalca-es-la-primera-universidad-en-integrar-coalicion-internacional-para-la-igualdad-salarial-de-genero\/\">UTalca es la primera universidad en integrar coalici\u00f3n internacional para la igualdad salarial de g\u00e9nero. Se menciona la Universidad de Talca.\u00a0<\/a><br \/><br \/><\/div><div><b>S\u00c9PTIMA P\u00c1GINA NOTICIAS<\/b>\u00a0<br \/><a href=\"https:\/\/www.septimapaginanoticias.cl\/entregan-consejos-para-prevenir-enfermedades-relacionadas-con-las-piscinas\">Entregan consejos para prevenir enfermedades relacionadas con las piscinas. Se refiere Claudia Zenteno C\u00e1ceres, directora del Departamento de Ciencias del Cuidado.\u00a0<\/a><br \/><br \/><\/div><div><b>TV5<\/b>\u00a0<br \/><a href=\"https:\/\/www.tv5.cl\/categoria\/local\/consejos-evitar-enfermedades-piscinas\">Consejos para evitar enfermedades en piscinas. Se refiere Claudia Zenteno C\u00e1ceres, directora del Departamento de Ciencias del Cuidado.\u00a0<\/a><br \/><br \/><\/div><div><b>RADIO ANCOA<\/b>\u00a0<br \/><a href=\"https:\/\/www.radioancoa.cl\/categoria\/regional\/consejos-evitar-enfermedades-piscinas\">Consejos para evitar enfermedades en piscinas. Se refiere Claudia Zenteno C\u00e1ceres, directora del Departamento de Ciencias del Cuidado.\u00a0<\/a><br \/><br \/><\/div><div><b>CHEF AND HOTEL<\/b>\u00a0<br \/><a href=\"https:\/\/chefandhotel.cl\/noticias\/lanzan-calendario-de-vendimias-2025-un-brindis-por-la-tradicion-y-la-calidad\/\">Lanzan Calendario de Vendimias 2025: Un Brindis por la tradici\u00f3n y la calidad\u201d. Se menciona la Universidad de Talca.\u00a0<\/a><br \/><br \/><\/div><div><b>CANDILEJAS<\/b>\u00a0<br \/><a href=\"https:\/\/candilejas.cl\/wp\/2024\/12\/19\/con-gala-lirica-sinfonica-san-javier-despide-el-ano-2024\/\">Con gala l\u00edrica sinf\u00f3nica San Javier despide el a\u00f1o 20240. Se menciona la Universidad de Talca.\u00a0<\/a><br \/><br \/><\/div><div><b>CULTURA ACOMPANADA<\/b>\u00a0<br \/><a href=\"https:\/\/culturaacompanada.blogspot.com\/2024\/12\/con-gala-lirica-sinfonica-san-javier.html\">Con gala l\u00edrica sinf\u00f3nica San Javier despide el a\u00f1o 2024. Se menciona la Universidad de Talca.\u00a0<\/a><br \/><br \/><\/div>\t\t\t\t\t\t<\/div>\n\t\t\t\t<\/div>\n\t\t\t\t\t<\/div>\n\t\t<\/div>\n\t\t\t\t\t\t\t<\/div>\n\t\t<\/section>\n\t\t\t\t\t\t<\/div>\n\t\t\t\t\t<\/div>\n\t\t","protected":false},"excerpt":{"rendered":"<p>EL MERCURIO\u00a0Senadores aprueban reforma al sistema pol\u00edtico con voto en contra del PC y el FA presenta propuesta que enreda el debate. Se refiere Mauricio Morales Quiroga, director del Centro de An\u00e1lisis Pol\u00edtico (CAP-UTalca).\u00a0 RADIO INFINITA\u00a0Comentario pol\u00edtico de Mauricio Morales Quiroga, director del Centro de An\u00e1lisis Pol\u00edtico (CAP-UTalca).\u00a0 RADIO BIOB\u00cdO\u00a0Senapred y Conaf extendieron la alerta &hellip;<\/p>\n<p class=\"read-more\"> <a class=\"\" href=\"https:\/\/www.reportedeprensa.utalca.cl\/?p=11192\"> <span class=\"screen-reader-text\">20 de diciembre 2024<\/span> Read More &raquo;<\/a><\/p>\n","protected":false},"author":1,"featured_media":0,"comment_status":"closed","ping_status":"open","sticky":false,"template":"","format":"standard","meta":{"_monsterinsights_skip_tracking":false,"_monsterinsights_sitenote_active":false,"_monsterinsights_sitenote_note":"","_monsterinsights_sitenote_category":0},"categories":[55],"tags":[],"_links":{"self":[{"href":"https:\/\/www.reportedeprensa.utalca.cl\/index.php?rest_route=\/wp\/v2\/posts\/11192"}],"collection":[{"href":"https:\/\/www.reportedeprensa.utalca.cl\/index.php?rest_route=\/wp\/v2\/posts"}],"about":[{"href":"https:\/\/www.reportedeprensa.utalca.cl\/index.php?rest_route=\/wp\/v2\/types\/post"}],"author":[{"embeddable":true,"href":"https:\/\/www.reportedeprensa.utalca.cl\/index.php?rest_route=\/wp\/v2\/users\/1"}],"replies":[{"embeddable":true,"href":"https:\/\/www.reportedeprensa.utalca.cl\/index.php?rest_route=%2Fwp%2Fv2%2Fcomments&post=11192"}],"version-history":[{"count":4,"href":"https:\/\/www.reportedeprensa.utalca.cl\/index.php?rest_route=\/wp\/v2\/posts\/11192\/revisions"}],"predecessor-version":[{"id":11196,"href":"https:\/\/www.reportedeprensa.utalca.cl\/index.php?rest_route=\/wp\/v2\/posts\/11192\/revisions\/11196"}],"wp:attachment":[{"href":"https:\/\/www.reportedeprensa.utalca.cl\/index.php?rest_route=%2Fwp%2Fv2%2Fmedia&parent=11192"}],"wp:term":[{"taxonomy":"category","embeddable":true,"href":"https:\/\/www.reportedeprensa.utalca.cl\/index.php?rest_route=%2Fwp%2Fv2%2Fcategories&post=11192"},{"taxonomy":"post_tag","embeddable":true,"href":"https:\/\/www.reportedeprensa.utalca.cl\/index.php?rest_route=%2Fwp%2Fv2%2Ftags&post=11192"}],"curies":[{"name":"wp","href":"https:\/\/api.w.org\/{rel}","templated":true}]}}