{"id":11201,"date":"2024-12-23T12:29:54","date_gmt":"2024-12-23T15:29:54","guid":{"rendered":"https:\/\/www.reportedeprensa.utalca.cl\/?p=11201"},"modified":"2024-12-23T15:43:56","modified_gmt":"2024-12-23T18:43:56","slug":"23-de-diciembre-2024","status":"publish","type":"post","link":"https:\/\/www.reportedeprensa.utalca.cl\/?p=11201","title":{"rendered":"23 de diciembre 2024"},"content":{"rendered":"\t\t<div data-elementor-type=\"wp-post\" data-elementor-id=\"11201\" class=\"elementor elementor-11201\" data-elementor-settings=\"[]\">\n\t\t\t\t\t\t\t<div class=\"elementor-section-wrap\">\n\t\t\t\t\t\t\t<section class=\"elementor-section elementor-top-section elementor-element elementor-element-bcea1a8 elementor-section-boxed elementor-section-height-default elementor-section-height-default\" data-id=\"bcea1a8\" data-element_type=\"section\">\n\t\t\t\t\t\t<div class=\"elementor-container elementor-column-gap-default\">\n\t\t\t\t\t<div class=\"elementor-column elementor-col-100 elementor-top-column elementor-element elementor-element-e7183bf\" data-id=\"e7183bf\" data-element_type=\"column\">\n\t\t\t<div class=\"elementor-widget-wrap elementor-element-populated\">\n\t\t\t\t\t\t\t\t<div class=\"elementor-element elementor-element-a5e2cda elementor-widget elementor-widget-text-editor\" data-id=\"a5e2cda\" data-element_type=\"widget\" data-widget_type=\"text-editor.default\">\n\t\t\t\t<div class=\"elementor-widget-container\">\n\t\t\t\t\t\t\t\t<div><b data-olk-copy-source=\"MessageBody\">LA TERCERA\u00a0<br \/><\/b><a href=\"https:\/\/www.litoralpress.cl\/sitio\/Prensa_PaginaCompleta.cshtml?LPKey=ORETYYHZV4KQVQNMETUB76SNSXBEUSFTDPUOAIFT6L3M7AWXHO6Q\">Entornos que transforman la experiencia universitaria. Se refiere Karin Saavedra, directora general de Vinculaci\u00f3n con el Medio.\u00a0<\/a><b data-olk-copy-source=\"MessageBody\"><br \/><\/b><\/div><div>\u00a0<\/div><div><b>El MOSTRADOR\u00a0<br \/><\/b><a href=\"https:\/\/www.elmostrador.cl\/agenda-pais\/agenda-digital\/2024\/12\/20\/exitosa-alianza-impulso-la-modernizacion-de-municipios-de-la-region-del-maule\/\">Exitosa alianza impuls\u00f3 la modernizaci\u00f3n de municipios de la Regi\u00f3n del Maule. Se refiere Carlos Torres Fuchslocher, rector.\u00a0<\/a><b><br \/><\/b><\/div><div>\u00a0<\/div><div><b>PUBLIMICRO<\/b>\u00a0<br \/><a href=\"https:\/\/publimicro.cl\/exitosa-alianza-entre-la-universidad-de-talca-y-la-sgd-impulso-la-modernizacion-de-municipios-de-la-region-del-maule\">Exitosa alianza entre la Universidad de Talca y la SGD, impuls\u00f3 la modernizaci\u00f3n de municipios de la Regi\u00f3n del Maule. Se refiere Carlos Torres Fuchslocher, rector.<\/a> \u00a0<br \/><br \/><\/div><div><b>RADIO LAUTARO<\/b>\u00a0<br \/><a href=\"https:\/\/radiolautarotalca.cl\/utalca-y-gobierno-apoyan-a-los-municipios-en-transformacion-digital\/\">UTalca y Gobierno apoyan a los municipios en transformaci\u00f3n digital. Se refiere Carlos Torres Fuchslocher, rector.\u00a0<\/a><br \/><br \/><b>AD PRENSA<\/b>\u00a0<br \/><a href=\"https:\/\/www.adprensa.cl\/cronica\/exitosa-alianza-impulso-la-modernizacion-de-municipios-de-la-region-del-maule\/\">Exitosa alianza impuls\u00f3 la modernizaci\u00f3n de municipios de la Regi\u00f3n del Maule. Se refiere Carlos Torres Fuchslocher, rector. \u00a0<\/a><br \/><br \/><\/div><div><b>EL MERCURIO\u00a0<br \/><\/b><a href=\"https:\/\/www.litoralpress.cl\/sitio\/Prensa_PaginaCompleta.cshtml?LPKey=SCT3GP5ZX3FDW3WJIR334Q64OGWVK6EVUL5YB4OLGKL5HAJRT6RQ\">Incendios forestales: La realidad podr\u00eda superar las alarmas de Naciones Unidas. Se refiere Mauricio Quiroz, acad\u00e9mico Instituto de Ciencias Biol\u00f3gicas.\u00a0<\/a><\/div><div><b>\u00a0<\/b><\/div><div><b>RADIO BIOBIO VALPARA\u00cdSO<\/b>\u00a0<\/div><div><a href=\"https:\/\/www.litoralpress.cl\/sitio\/RadioTV_Detalles.cshtml?LPKey=7NG5N7ULDNVG3RHAHSBPABODKKLY2TKUYE3A2P2WTWB3S2M3A22AG557YET6MDOGDMVQ6YUJU6VZG\">Entrevista a Felipe Figueroa, psic\u00f3logo de la Unidad de Vinculaci\u00f3n con el Sistema Escolar (UVSE).\u00a0<\/a><br \/><br \/><\/div><div><b>EL MERCURIO\u00a0<br \/><\/b><a href=\"https:\/\/www.litoralpress.cl\/sitio\/Prensa_PaginaCompleta.cshtml?LPKey=EPZ6Y2SKTJQANCINBLOEEGOXGEEB2E3EMVZWD4OX257IQIPYWELQ\">El estr\u00e9s de fin de a\u00f1o y la presi\u00f3n por ser feliz pueden convertir a cualquiera en un Grinch. Se refiere Nadia Ramos, directora del Centro del Psicolog\u00eda Aplicada (CEPA).\u00a0<\/a><\/div><div>\u00a0<\/div><div><b>RADIO AGRICULTURA<\/b>\u00a0<br \/><a href=\"https:\/\/www.litoralpress.cl\/sitio\/RadioTV_Detalles.cshtml?LPKey=MW56NK5ZUD26NQNEYI4MBIVKMFQ6Q7RUSXEAQPDVPQN4WNIZLFHD3P5FLAPR3EEIJXRKDICT27ABS\">Entrevista a Nadia Ramos, directora del Centro del Psicolog\u00eda Aplicada (CEPA).\u00a0<\/a><br \/><br \/><\/div><div><b>DIARIO EL SUR<\/b>\u00a0<br \/><a href=\"https:\/\/www.litoralpress.cl\/sitio\/Prensa_PaginaCompleta.cshtml?LPKey=OGTBQY4V5YYGLLICCFXYFOT6H6JNWHSQ5KTNES6ECSOT65HJP3GA\">Explorando nuevas fronteras: dos especialistas explican c\u00f3mo la neurociencia y la IA transforman el aprendizaje y la creatividad en una era de constantes cambios. Se refiere Valeska Gatica, directora Centro Tecnol\u00f3gico de Telerrehabilitaci\u00f3n y Neurociencias en el Movimiento Humano (CTTN).\u00a0<\/a><br \/><br \/><\/div><div><b>LA ESTRELLA DE CONCEPCI\u00d3N\u00a0<br \/><\/b><a href=\"https:\/\/www.litoralpress.cl\/sitio\/Prensa_PaginaCompleta.cshtml?LPKey=WZ7BSE2ME3TB364SH6PX76SW7YGJ5WNXSOAGOEIEZHOARVIA7HJA\">Explorando nuevas fronteras: dos especialistas explican c\u00f3mo la neurociencia y la IA transforman el aprendizaje y la creatividad en una era de constantes cambios. Se refiere Valeska Gatica, directora Centro Tecnol\u00f3gico de Telerrehabilitaci\u00f3n y Neurociencias en el Movimiento Humano (CTTN).\u00a0<\/a><b><br \/><\/b><\/div><div>\u00a0<\/div><div><b>CR\u00d3NICA DE CHILL\u00c1N<\/b>\u00a0<br \/><a href=\"https:\/\/www.litoralpress.cl\/sitio\/Prensa_PaginaCompleta.cshtml?LPKey=ZOHF5KRRWM534CNHR6WPK32K5XEDDRHHITESLYJ3VRBLKFW3BWAA\">Explorando nuevas fronteras: dos especialistas explican c\u00f3mo la neurociencia y la IA transforman el aprendizaje y la creatividad en una era de constantes cambios. Se refiere Valeska Gatica, directora Centro Tecnol\u00f3gico de Telerrehabilitaci\u00f3n y Neurociencias en el Movimiento Humano (CTTN).\u00a0<\/a><br \/><br \/><\/div><div><b>DIARIO AUSTRAL<\/b>\u00a0<br \/><a href=\"https:\/\/www.litoralpress.cl\/sitio\/Prensa_PaginaCompleta.cshtml?LPKey=25MBGCBVWODZ34NM2P2GKN5X4FLXHX4AL5RNR2CO2WJNO3FBLEKA\">Explorando nuevas fronteras: dos especialistas explican c\u00f3mo la neurociencia y la IA transforman el aprendizaje y la creatividad en una era de constantes cambios. Se refiere Valeska Gatica, directora Centro Tecnol\u00f3gico de Telerrehabilitaci\u00f3n y Neurociencias en el Movimiento Humano (CTTN).\u00a0<\/a><br \/><br \/><\/div><div><b>LA TERCERA TV\u00a0<br \/><\/b><a href=\"https:\/\/www.litoralpress.cl\/sitio\/RadioTV_Detalles.cshtml?LPKey=5FBPEU3ZXCX265EXQYOJSHY3BDFPWOYX5ANUVWFWSYFVUYUWDCGPP62GKOHBEZG7ZYCFFLG2AIPFY\">Ola de calor e impacto en la agricultura. Entrevista a Patricio Gonz\u00e1lez Colville, agroclimat\u00f3logo y acad\u00e9mico del Centro de Investigaci\u00f3n y Transferencia en Riego y Agroclimatolog\u00eda (CITRA).\u202f\u00a0<\/a><b><br \/><\/b><\/div><div>\u00a0<\/div><div><b>LA TERCERA ONLINE<\/b>\u00a0<br \/><a href=\"https:\/\/www.latercera.com\/videopodcast\/redaccion\/experto-advierte-que-temperaturas-este-verano-podrian-sobrepasar-los-37c-en-algunas-zonas-del-pais\/\">Experto advierte que temperaturas este verano podr\u00edan sobrepasar los 37\u00b0C en algunas zonas del pa\u00eds. Se refiere Patricio Gonz\u00e1lez Colville, agroclimat\u00f3logo y acad\u00e9mico del Centro de Investigaci\u00f3n y Transferencia en Riego y Agroclimatolog\u00eda (CITRA).\u202f\u202f\u00a0<\/a><br \/>\u00a0<\/div><div><b>RADIO ADN<\/b>\u00a0<br \/><a href=\"https:\/\/www.litoralpress.cl\/sitio\/RadioTV_Detalles.cshtml?LPKey=23NKAOO7PSV3XWZBGE7QYKDIX2ITBI644MEXKIDOF3QVFJAVBJTAEZQQZ65XEYOF6TOLEJBTOLSEQ\">Sigue la preocupaci\u00f3n por ola de calor. Se refiere Patricio Gonz\u00e1lez Colville, agroclimat\u00f3logo y acad\u00e9mico del Centro de Investigaci\u00f3n y Transferencia en Riego y Agroclimatolog\u00eda (CITRA).\u202f\u202f\u00a0<\/a><br \/><br \/><\/div><div><b>RADIO BIOBIO VALPARA\u00cdSO <\/b>\u00a0<br \/><a href=\"https:\/\/www.litoralpress.cl\/sitio\/RadioTV_Detalles.cshtml?LPKey=ITRDU67RKHCGK3GMR5HGBMY4MJJ4NBPNSNZSRHR4XJ4R7GGA6HKNTHG3D6JDYSV5O5KUZ4KPRWBHC\">Senapred y Conaf extendieron la alerta temprana preventiva por las altas temperaturas de este fin de semana. Se refiere Patricio Gonz\u00e1lez Colville, agroclimat\u00f3logo y acad\u00e9mico del Centro de Investigaci\u00f3n y Transferencia en Riego y Agroclimatolog\u00eda (CITRA).\u202f\u202f\u00a0<\/a><br \/><br \/><\/div><div><b>RADIO AMIGA<\/b>\u00a0<br \/><a href=\"https:\/\/www.litoralpress.cl\/sitio\/RadioTV_Detalles.cshtml?LPKey=GQIGL6CTJEGYR2HGPSWRSYCOPJ2P5MH55DDYAGFFRZXLQQPRNIPOKL5EQWYFP2SBL4SWWXHMSAGRS\">Altas Temperaturas en la Regi\u00f3n del Maule para diciembre. Se refiere Patricio Gonz\u00e1lez Colville, agroclimat\u00f3logo y acad\u00e9mico del Centro de Investigaci\u00f3n y Transferencia en Riego y Agroclimatolog\u00eda (CITRA).\u202f\u202f\u00a0<\/a><br \/><br \/><\/div><div><b>EMOL<\/b>\u00a0<br \/><a href=\"https:\/\/www.emol.com\/noticias\/Nacional\/2024\/12\/20\/1151986\/aisen-etcheverry-vocera-subrogante.html\">Riesgos y oportunidades: An\u00e1lisis al &#8216;sorpresivo&#8217; nombramiento de Ais\u00e9n Etcheverry como vocera de Gobierno. Se refiere Mauricio Morales, director Centro de An\u00e1lisis Pol\u00edtico (CAP).\u00a0<\/a><br \/><br \/><\/div><div><b>EL MERCURIO\u00a0<br \/><\/b><a href=\"https:\/\/www.litoralpress.cl\/sitio\/Prensa_PaginaCompleta.cshtml?LPKey=5R55YT7YNSHF3DGX5IVYXMQ5VGVRT3BX4AFYF5HCFFHRTPAT7WKQ\">Las diferencias de las propuestas de sistema pol\u00edtico que marcar\u00e1n el debate de enero en el Congreso. Se refiere Mauricio Morales, director Centro de An\u00e1lisis Pol\u00edtico.\u00a0<\/a><\/div><div><b>\u00a0<\/b><\/div><div><b>G5 NOTICIAS\u00a0<br \/><\/b><a href=\"https:\/\/g5noticias.cl\/2024\/12\/21\/universidad-de-talca-es-la-primera-en-integrar-coalicion-internacional-para-la-igualdad-salarial\/\">Universidad de Talca es la primera en integrar coalici\u00f3n internacional para la igualdad salarial. Se refiere Carlos Torres Fuchslocher, rector y Andrea Bentancor, acad\u00e9mica de la Facultad de Econom\u00eda y Negocios<\/a><b>.\u00a0 \u00a0<\/b><b>\u00a0\u00a0<br \/>\u00a0<\/b><br \/><b>RADIO LAUTARO<\/b>\u00a0<br \/><a href=\"https:\/\/radiolautarotalca.cl\/universidad-de-talca-es-la-primera-en-integrar-coalicion-internacional-para-la-igualdad-salarial\/\">Universidad de Talca es la primera en integrar coalici\u00f3n internacional para la igualdad salarial. Se refiere Carlos Torres Fuchslocher, rector y Andrea Bentancor, acad\u00e9mica de la Facultad de Econom\u00eda y Negocios.\u00a0 \u00a0<\/a><\/div><div><b>\u00a0<\/b><\/div><div><b>MEDIABANCO<\/b>\u00a0<br \/><a href=\"https:\/\/www.mediabanco.com\/pace-utalca-celebra-una-decada-de-logros-y-reconoce-a-la-cuarta-generacion-de-titulados-del-programa\/\">PACE UTalca celebra una d\u00e9cada de logros y reconoce a la cuarta generaci\u00f3n de titulados del programa. Se refiere Carlos Torres Fuchslocher, rector.\u00a0<\/a><br \/><br \/><\/div><div><b>EL RESUMEN\u00a0<br \/><\/b><a href=\"https:\/\/www.elresumen.cl\/8583-mas-de-250-proyectos-comunitarios-desarrollaron-estudiantes-de-la-utalca\">M\u00e1s de 250 proyectos comunitarios desarrollaron estudiantes de la UTalca. Se refiere Marlene Guti\u00e9rrez, directora Programa de Formaci\u00f3n Fundamental (PFF).\u00a0<\/a><b><br \/><\/b><\/div><div><b>EL LECTOR<\/b>\u00a0<br \/><a href=\"https:\/\/www.litoralpress.cl\/sitio\/Prensa_PaginaCompleta.cshtml?LPKey=K4ZJ6YJTPWSKJPBTHYWFS2T422DPSSHJ34EVUZBXBDHLP7QLA7UA\">M\u00e1s de 250 proyectos comunitarios desarrollaron estudiantes de la UTalca. Se refiere Marlene Guti\u00e9rrez, directora Programa de Formaci\u00f3n Fundamental (PFF).\u00a0<\/a><br \/><u><a id=\"OWAcfc6d0b3-b484-bb6c-78af-c299be042353\" class=\"x_x_Hyperlink x_x_SCXW265636622 x_x_BCX0 x_x_OWAAutoLink\" title=\"https:\/\/www.litoralpress.cl\/sitio\/Prensa_PaginaCompleta.cshtml?LPKey=K4ZJ6YJTPWSKJPBTHYWFS2T422DPSSHJ34EVUZBXBDHLP7QLA7UA\" href=\"https:\/\/www.litoralpress.cl\/sitio\/Prensa_PaginaCompleta.cshtml?LPKey=K4ZJ6YJTPWSKJPBTHYWFS2T422DPSSHJ34EVUZBXBDHLP7QLA7UA\" target=\"_blank\" rel=\"noopener noreferrer\" data-auth=\"NotApplicable\" data-linkindex=\"23\"><\/a><\/u> \u00a0<\/div><div><b>EL LECTOR<\/b>\u00a0<br \/><a href=\"https:\/\/www.litoralpress.cl\/sitio\/Prensa_PaginaCompleta.cshtml?LPKey=QVSU7TDXMBSNKI3F5VL7MFQ33RSENOYBYK7XKBLGLDRI7KNO6TOQ\">M\u00e1s de 600 j\u00f3venes maulinos han participado en concurso de innovaci\u00f3n Savialab de FIA. Se refiere Marcela Gonz\u00e1lez, decana Facultad de Ingenier\u00eda.\u00a0<\/a><br \/><br \/><\/div><div><b>EL LIBERTADOR\u00a0<br \/><\/b><a href=\"https:\/\/www.periodicoellibertador.cl\/8601-mas-de-600-jovenes-maulinos-han-participado-en-el-concurso-de-innovacion-savialab-de-fia\">M\u00e1s de 600 j\u00f3venes maulinos han participado en el concurso de innovaci\u00f3n SaviaLab de FIA. Se refiere Marcela Gonz\u00e1lez, decana Facultad de Ingenier\u00eda.\u00a0<\/a><\/div><div>\u00a0<br \/><b>RADIO LAUTARO<\/b>\u00a0<br \/><a href=\"https:\/\/radiolautarotalca.cl\/mas-de-600-jovenes-maulinos-han-participado-en-concurso-de-innovacion-savialab-de-fia\/\">M\u00e1s de 600 j\u00f3venes maulinos han participado en el concurso de innovaci\u00f3n SaviaLab de FIA. Se refiere Marcela Gonz\u00e1lez, decana Facultad de Ingenier\u00eda.<\/a> \u00a0<br \/><b><br \/><\/b><\/div><div><b>DIARIOS EN RED\u00a0<br \/><\/b><a href=\"https:\/\/diariosenred.com\/regional\/entregan-consejos-para-prevenir-enfermedades-relacionadas-con-las-piscinas\">Entregan consejos para prevenir enfermedades relacionadas con las piscinas. Se refiere Claudia Zenteno C\u00e1ceres, directora del Departamento de Ciencias del Cuidado de la Escuela de Enfermer\u00eda. \u00a0<\/a><\/div><div>\u00a0<\/div><div><b>RED MAULE<\/b>\u00a0<br \/><a href=\"https:\/\/redmaule.com\/regional\/entregan-consejos-para-prevenir-enfermedades-relacionadas-con-las-piscinas\">Entregan consejos para prevenir enfermedades relacionadas con las piscinas. Se refiere Claudia Zenteno C\u00e1ceres, directora del Departamento de Ciencias del Cuidado de la Escuela de Enfermer\u00eda.\u00a0<\/a><br \/>\u00a0<\/div><div><b>RED BIOBIO<\/b>\u00a0<br \/><a href=\"https:\/\/redbiobio.com\/regional\/entregan-consejos-para-prevenir-enfermedades-relacionadas-con-las-piscinas\">Entregan consejos para prevenir enfermedades relacionadas con las piscinas. Se refiere Claudia Zenteno C\u00e1ceres, directora del Departamento de Ciencias del Cuidado de la Escuela de Enfermer\u00eda.\u00a0<\/a><br \/><br \/><\/div><div><b>RED VALPARA\u00cdSO<\/b>\u00a0<br \/><a href=\"https:\/\/redvalparaiso.com\/regional\/entregan-consejos-para-prevenir-enfermedades-relacionadas-con-las-piscinas\">Entregan consejos para prevenir enfermedades relacionadas con las piscinas. Se refiere Claudia Zenteno C\u00e1ceres, directora del Departamento de Ciencias del Cuidado de la Escuela de Enfermer\u00eda.\u00a0<\/a><br \/><br \/><\/div><div><b>MAULE HOY<\/b>\u00a0<br \/><a href=\"https:\/\/maulehoy.cl\/2024\/12\/19\/como-prevenir-enfermedades-relacionadas-con-las-piscinas\/\">C\u00f3mo prevenir enfermedades relacionadas con las piscinas. Se refiere Claudia Zenteno C\u00e1ceres, directora del Departamento de Ciencias del Cuidado de la Escuela de Enfermer\u00eda.<\/a> \u00a0<br \/><br \/><\/div><div><b>MAULE HOY<\/b>\u00a0<br \/><a href=\"https:\/\/maulehoy.cl\/2024\/12\/20\/tren-de-navidad-regalo-alegria-y-esperanza-en-el-ramal-talca-constitucion\/\">Tren de Navidad regal\u00f3 alegr\u00eda y esperanza en el ramal Talca \u2013 Constituci\u00f3n. Se refiere Marcela Albornoz Dachelet, directora de Extensi\u00f3n Cultural-Art\u00edstica.\u00a0<\/a><br \/><br \/><\/div><div><b>RADIO LAUTARO<\/b>\u00a0<br \/><a href=\"https:\/\/radiolautarotalca.cl\/como-afecta-el-cambio-climatico-al-vino-chileno\/\">\u00bfC\u00f3mo afecta el cambio clim\u00e1tico al vino chileno? Se refiere Yerko Moreno, director del Centro Tecnol\u00f3gico de la Vid y el Vino de la Facultad de Ciencias Agrarias. \u00a0<\/a><br \/>\u00a0<\/div><div><b>BIO NOTICIAS<\/b>\u00a0<br \/><a href=\"https:\/\/bionoticias.cl\/rehabilitacion-oral-una-oportunidad-para-mejorar-la-calidad-de-vida-de-personas-desdentadas\/\">Rehabilitaci\u00f3n oral: una oportunidad para mejorar la calidad de vida de personas desdentadas. Se refiere Teresa Az\u00f3car, acad\u00e9mica Facultad de Odontolog\u00eda.<\/a>\u00a0<br \/><br \/><\/div><div><b>EL MAULE INFORMA<\/b>\u00a0<br \/><a href=\"https:\/\/elmauleinforma.cl\/rehabilitacion-oral-una-oportunidad-para-mejorar-la-calidad-de-vida-de-personas-desdentadas\/\">Rehabilitaci\u00f3n oral: una oportunidad para mejorar la calidad de vida de personas desdentadas. Se refiere Teresa Az\u00f3car, acad\u00e9mica Facultad de Odontolog\u00eda.\u00a0<\/a><br \/><br \/><\/div><div><b>DIARIO CONSTITUCIONAL<\/b>\u00a0<br \/><a href=\"https:\/\/www.diarioconstitucional.cl\/cartas-al-director\/quien-es-responsable-de-la-seguridad\/\">\u00bfQui\u00e9n es responsable de la seguridad? Se refiere Diego Palomo, acad\u00e9mico Facultad de Ciencias Jur\u00eddicas y Sociales.\u00a0<\/a><br \/><br \/><\/div><div><b>EL MERCURIO<\/b>\u00a0<br \/><a href=\"https:\/\/www.litoralpress.cl\/sitio\/Prensa_PaginaCompleta.cshtml?LPKey=YFVUTUGZL5GESK7W3XRQCJFE2E2KT4DXEZXQUHU6P4Z56KJP374Q\">Las lecturas que marcaron. Se menciona la Universidad de Talca. \u00a0<\/a><br \/>\u00a0<\/div><div><b>LINARES EN L\u00cdNEA<\/b>\u00a0<br \/><a href=\"https:\/\/www.linaresenlinea.cl\/2024\/12\/20\/estudiantes-del-colegio-alborada-destacan-en-el-campeonato-nacional-de-matematica\/\">Estudiantes del Colegio Alborada destacan en el Campeonato Nacional de Matem\u00e1tica. Se menciona la Universidad de Talca. \u00a0<\/a><br \/><br \/><\/div><div><b>CANAL 2 LINARES<\/b>\u00a0<br \/><a href=\"https:\/\/www.canal2linares.cl\/2024\/12\/universidad-de-talca-estudiantes-del.html\">Estudiantes del Colegio Alborada destacan en el Campeonato Nacional de Matem\u00e1tica. Se menciona la Universidad de Talca.\u00a0 \u00a0<\/a><br \/><br \/><b>TV5 LINARES<\/b>\u00a0<br \/><a href=\"https:\/\/www.tv5.cl\/categoria\/local\/colegio-alborada-sobresale-campeonato-nacional-matematica\">Colegio Alborada sobresale en Campeonato Nacional de Matem\u00e1tica.<b> <\/b>Se menciona la Universidad de Talca.\u00a0 \u00a0<\/a><br \/>\u00a0<br \/><b>EL MAULE INFORMA<\/b>\u00a0<br \/><a href=\"https:\/\/elmauleinforma.cl\/alcalde-de-talca-se-reune-con-ministro-de-justicia-y-logra-avances-para-declarar-prescindencia-de-terrenos-de-la-actual-carcel\/\">Alcalde de Talca se re\u00fane con ministro de Justicia y logra avances para declarar prescindencia de terrenos de la actual c\u00e1rcel. Se menciona la Universidad de Talca.\u00a0<\/a> \u00a0<br \/>\u00a0<\/div><div><b>RED BIOBIO<\/b>\u00a0<br \/><a href=\"https:\/\/redbiobio.com\/regional\/alcalde-de-talca-se-reune-con-ministro-de-justicia-y-logra-avances-para\">Alcalde de Talca se re\u00fane con ministro de Justicia y logra avances para declarar prescindencia de terrenos de la actual c\u00e1rcel. Se menciona la Universidad de Talca.<\/a>\u00a0 \u00a0<br \/><br \/><\/div><div><b>EXTRA NOTICIAS<\/b>\u00a0<br \/><a href=\"https:\/\/www.extranoticias.cl\/la-creatividad-de-las-mujeres-agroinnovadoras-en-el-maule\/\">La creatividad de las Mujeres Agroinnovadoras en el Maule. Se menciona la Universidad de Talca.\u00a0 \u00a0<\/a><br \/><br \/><\/div><div><b>EL RESUMEN.CL<\/b>\u00a0<br \/><a href=\"https:\/\/www.elresumen.cl\/8599-mujeres-agroinnovadoras-en-el-maule-son-destacadas-por-la-agencia-fia\">Mujeres agroinnovadoras en el Maule son destacadas por la agencia FIA. Se menciona la Universidad de Talca.\u00a0 \u00a0<\/a><br \/><br \/><\/div><div><b>DIARIO EL SUR<\/b>\u00a0<br \/><a href=\"https:\/\/www.litoralpress.cl\/sitio\/Prensa_PaginaCompleta.cshtml?LPKey=GVALDDZZZCFOXMAQ2OIGXU2A45VKALBNCGOSM6SHQQSWAURWZOWA\">Medalla Rector Hilario Hern\u00e1ndez. Se menciona la Universidad de Talca.\u00a0 \u00a0<\/a><br \/><br \/><\/div><div><b>EL MAULE INFORMA<\/b>\u00a0<br \/><a href=\"https:\/\/elmauleinforma.cl\/veovidrio-una-exposicion-que-transforma-el-vidrio-en-arte-y-conciencia-ecologica-inicia-su-itinerancia-en-la-universidad-de-talca\/\">\u201cVeovidrio\u201d: una exposici\u00f3n que transforma el vidrio en arte y conciencia ecol\u00f3gica, inicia su itinerancia en la Universidad de Talca. Se menciona la Universidad de Talca.\u00a0 \u00a0<\/a><br \/><br \/><\/div><div><b>RADIO BEETHOVEN<\/b>\u00a0<br \/><a href=\"https:\/\/www.beethovenfm.cl\/evento\/gala-lirica-en-la-plaza-de-armas-de-san-javier\/\">Gala l\u00edrica en la Plaza de Armas de San Javier. Se menciona la Universidad de Talca.<\/a>\u00a0<br \/><br \/><\/div>\t\t\t\t\t\t<\/div>\n\t\t\t\t<\/div>\n\t\t\t\t\t<\/div>\n\t\t<\/div>\n\t\t\t\t\t\t\t<\/div>\n\t\t<\/section>\n\t\t\t\t\t\t<\/div>\n\t\t\t\t\t<\/div>\n\t\t","protected":false},"excerpt":{"rendered":"<p>LA TERCERA\u00a0Entornos que transforman la experiencia universitaria. Se refiere Karin Saavedra, directora general de Vinculaci\u00f3n con el Medio.\u00a0\u00a0El MOSTRADOR\u00a0Exitosa alianza impuls\u00f3 la modernizaci\u00f3n de municipios de la Regi\u00f3n del Maule. Se refiere Carlos Torres Fuchslocher, rector.\u00a0\u00a0PUBLIMICRO\u00a0Exitosa alianza entre la Universidad de Talca y la SGD, impuls\u00f3 la modernizaci\u00f3n de municipios de la Regi\u00f3n del Maule. &hellip;<\/p>\n<p class=\"read-more\"> <a class=\"\" href=\"https:\/\/www.reportedeprensa.utalca.cl\/?p=11201\"> <span class=\"screen-reader-text\">23 de diciembre 2024<\/span> Read More &raquo;<\/a><\/p>\n","protected":false},"author":1,"featured_media":0,"comment_status":"closed","ping_status":"open","sticky":false,"template":"","format":"standard","meta":{"_monsterinsights_skip_tracking":false,"_monsterinsights_sitenote_active":false,"_monsterinsights_sitenote_note":"","_monsterinsights_sitenote_category":0},"categories":[55],"tags":[],"_links":{"self":[{"href":"https:\/\/www.reportedeprensa.utalca.cl\/index.php?rest_route=\/wp\/v2\/posts\/11201"}],"collection":[{"href":"https:\/\/www.reportedeprensa.utalca.cl\/index.php?rest_route=\/wp\/v2\/posts"}],"about":[{"href":"https:\/\/www.reportedeprensa.utalca.cl\/index.php?rest_route=\/wp\/v2\/types\/post"}],"author":[{"embeddable":true,"href":"https:\/\/www.reportedeprensa.utalca.cl\/index.php?rest_route=\/wp\/v2\/users\/1"}],"replies":[{"embeddable":true,"href":"https:\/\/www.reportedeprensa.utalca.cl\/index.php?rest_route=%2Fwp%2Fv2%2Fcomments&post=11201"}],"version-history":[{"count":4,"href":"https:\/\/www.reportedeprensa.utalca.cl\/index.php?rest_route=\/wp\/v2\/posts\/11201\/revisions"}],"predecessor-version":[{"id":11209,"href":"https:\/\/www.reportedeprensa.utalca.cl\/index.php?rest_route=\/wp\/v2\/posts\/11201\/revisions\/11209"}],"wp:attachment":[{"href":"https:\/\/www.reportedeprensa.utalca.cl\/index.php?rest_route=%2Fwp%2Fv2%2Fmedia&parent=11201"}],"wp:term":[{"taxonomy":"category","embeddable":true,"href":"https:\/\/www.reportedeprensa.utalca.cl\/index.php?rest_route=%2Fwp%2Fv2%2Fcategories&post=11201"},{"taxonomy":"post_tag","embeddable":true,"href":"https:\/\/www.reportedeprensa.utalca.cl\/index.php?rest_route=%2Fwp%2Fv2%2Ftags&post=11201"}],"curies":[{"name":"wp","href":"https:\/\/api.w.org\/{rel}","templated":true}]}}