{"id":11212,"date":"2024-12-26T08:50:13","date_gmt":"2024-12-26T11:50:13","guid":{"rendered":"https:\/\/www.reportedeprensa.utalca.cl\/?p=11212"},"modified":"2024-12-26T08:53:58","modified_gmt":"2024-12-26T11:53:58","slug":"24-de-diciembre-2024","status":"publish","type":"post","link":"https:\/\/www.reportedeprensa.utalca.cl\/?p=11212","title":{"rendered":"24 de diciembre 2024"},"content":{"rendered":"\t\t<div data-elementor-type=\"wp-post\" data-elementor-id=\"11212\" class=\"elementor elementor-11212\" data-elementor-settings=\"[]\">\n\t\t\t\t\t\t\t<div class=\"elementor-section-wrap\">\n\t\t\t\t\t\t\t<section class=\"elementor-section elementor-top-section elementor-element elementor-element-bcea1a8 elementor-section-boxed elementor-section-height-default elementor-section-height-default\" data-id=\"bcea1a8\" data-element_type=\"section\">\n\t\t\t\t\t\t<div class=\"elementor-container elementor-column-gap-default\">\n\t\t\t\t\t<div class=\"elementor-column elementor-col-100 elementor-top-column elementor-element elementor-element-e7183bf\" data-id=\"e7183bf\" data-element_type=\"column\">\n\t\t\t<div class=\"elementor-widget-wrap elementor-element-populated\">\n\t\t\t\t\t\t\t\t<div class=\"elementor-element elementor-element-a5e2cda elementor-widget elementor-widget-text-editor\" data-id=\"a5e2cda\" data-element_type=\"widget\" data-widget_type=\"text-editor.default\">\n\t\t\t\t<div class=\"elementor-widget-container\">\n\t\t\t\t\t\t\t\t<div><b data-olk-copy-source=\"MessageBody\">DIARIO EL SUR <\/b>\u00a0<br \/><a href=\"https:\/\/www.litoralpress.cl\/sitio\/Prensa_PaginaCompleta.cshtml?LPKey=6JICAAIMK3WDS3YAUZAZNER3PXEKK4NCAQ2UHSD7E2FLBRGWS6LA\">Explorando nuevas fronteras: dos especialistas explican c\u00f3mo la neurociencia y la IA transforman el aprendizaje y la creatividad en una era de constantes cambios. Se refiere Valeska Gatica, directora Centro Tecnol\u00f3gico de Telerrehabilitaci\u00f3n y Neurociencias en el Movimiento Humano (CTTN). \u00a0<\/a><br \/><br \/><\/div><div><b>EL MOSTRADOR<\/b>\u00a0<br \/><a href=\"https:\/\/www.elmostrador.cl\/revista-jengibre\/gastronomia\/2024\/12\/23\/como-afecta-el-cambio-climatico-al-vino-chileno\/\">\u00bfC\u00f3mo afecta el cambio clim\u00e1tico al vino chileno? Se refiere Yerko Moreno, director del Centro Tecnol\u00f3gico de la Vid y el Vino de la Facultad de Ciencias Agrarias. \u00a0<\/a><br \/><u><a id=\"OWA13af6de3-1b0b-dd80-95d9-9e05a38f5c23\" class=\"x_Hyperlink x_SCXW7620215 x_BCX0 x_OWAAutoLink\" title=\"https:\/\/www.elmostrador.cl\/revista-jengibre\/gastronomia\/2024\/12\/23\/como-afecta-el-cambio-climatico-al-vino-chileno\/\" href=\"https:\/\/www.elmostrador.cl\/revista-jengibre\/gastronomia\/2024\/12\/23\/como-afecta-el-cambio-climatico-al-vino-chileno\/\" target=\"_blank\" rel=\"noreferrer noopener\" data-auth=\"NotApplicable\" data-linkindex=\"1\"><\/a><\/u><b><\/b><\/div><div>\u00a0<\/div><div><b>PORTAL AGRO<\/b>\u00a0<br \/><a href=\"https:\/\/www.portalagrochile.cl\/2024\/12\/23\/como-afecta-el-cambio-climatico-al-vino-chileno\/\">\u00bfC\u00f3mo afecta el cambio clim\u00e1tico al vino chileno? Se refiere Yerko Moreno, director del Centro Tecnol\u00f3gico de la Vid y el Vino de la Facultad de Ciencias Agrarias.\u00a0<\/a><br \/><br \/><\/div><div><b>LA TERCERA<\/b>\u00a0<br \/><a href=\"https:\/\/www.latercera.com\/lt-board\/noticia\/en-2024-17-universidades-del-pais-estan-acreditadas-con-nivel-de-excelencia\/LALTCWXX45EAFE5GLHHDUR74L4\/\">En 2024: 17 universidades del pa\u00eds est\u00e1n acreditadas con nivel de excelencia. Se menciona la Universidad de Talca.\u00a0<\/a><br \/><br \/><\/div><div><b>INOTICIAS<\/b>\u00a0<br \/><a href=\"https:\/\/www.inoticias.cl\/index.php\/en-2024--17-universidades-del-pais-estan-acreditad\">En 2024: 17 universidades del pa\u00eds est\u00e1n acreditadas con nivel de excelencia<b>. <\/b>Se menciona la Universidad de Talca.\u00a0<\/a><br \/><br \/><\/div><div><b>RADIO ADN <\/b>\u00a0<br \/><a href=\"https:\/\/www.litoralpress.cl\/sitio\/RadioTV_Detalles.cshtml?LPKey=CY634K3WL7YTJD4HDIGFATPBXHZGXR2VIC5HXFV6WEMMJ3MDWX6KEMNPJ4PTSMPSLKOLOJS4NWFZQ\">Preocupan los incendios forestales. Se refiere Patricio Gonz\u00e1lez Colville, agroclimat\u00f3logo y acad\u00e9mico del Centro de Investigaci\u00f3n y Transferencia en Riego y Agroclimatolog\u00eda (CITRA).\u202f\u202f \u00a0<\/a><br \/><br \/><\/div><div><b>PUBLIMICRO <\/b>\u00a0<br \/><a href=\"https:\/\/publimicro.cl\/pace-utalca-celebra-una-decada-de-logros-y-reconoce-a-la-cuarta-generacion-de-titulados-del-programa\/\">PACE UTalca celebra una d\u00e9cada de logros y reconoce a la cuarta generaci\u00f3n de titulados del programa. Se refiere Carlos Torres Fuchslocher, rector. \u00a0<\/a><br \/><br \/><\/div><div><b>DIARIO TALCA<\/b>\u00a0<br \/><a href=\"https:\/\/diariotalca.cl\/a-10-anos-del-pace-buscan-fortalecer-acceso-a-la-educacion-superior-en-el-maule\/\">A 10 a\u00f1os del PACE buscan fortalecer acceso a la educaci\u00f3n superior en el Maule. Se refiere Carlos Torres Fuchslocher, rector.\u00a0<\/a><br \/><br \/><\/div><div><b>PORTAL PRENSA SALUD<\/b>\u00a0<br \/><a href=\"https:\/\/portalprensasalud.cl\/2024\/12\/23\/entregan-consejos-para-prevenir-enfermedades-relacionadas-con-las-piscinas\/\">Entregan consejos para prevenir enfermedades relacionadas con las piscinas. Se refiere Claudia Zenteno C\u00e1ceres, directora del Departamento de Ciencias del Cuidado, Escuela de Enfermer\u00eda.\u00a0<\/a><br \/><br \/><\/div><div><b>PORTALEDUCA<\/b>\u00a0<br \/><a href=\"https:\/\/portaleduca.cl\/universidad-de-talca-es-la-primera-en-integrar-coalicion-internacional-para-la-igualdad-salarial\/\">Universidad de Talca es la primera en integrar coalici\u00f3n internacional para la igualdad salarial. Se refiere Carlos Torres Fuchslocher, rector y Andrea Bentancor, acad\u00e9mica de la Facultad de Econom\u00eda y Negocios.\u00a0<\/a><br \/><br \/><\/div><div><b>MEGANOTICIAS.CL <\/b>\u00a0<br \/><a href=\"https:\/\/www.meganoticias.cl\/nacional\/470560-columna-mauricio-morales-reforma-pensiones-gobierno-chile-vamos-republicanos-fds01-22-12-2024.html\">Columna: &#8220;Pensiones, el gol del honor&#8221;. Se refiere Mauricio Morales, director Centro de An\u00e1lisis Pol\u00edtico (CAP). \u00a0<\/a><br \/><br \/><\/div><div><b>EMOL <\/b>\u00a0<br \/><a href=\"https:\/\/www.emol.com\/noticias\/Nacional\/2024\/12\/22\/1152117\/biministros-aisen-gobiernos-boric-efectos.html\">&#8216;Reaparecen&#8217; los biministros: Expertos dicen que debe haber &#8216;denominadores comunes&#8217; pero valoran que &#8216;no suma burocracia&#8217;. Se refiere Mauricio Morales, director Centro de An\u00e1lisis Pol\u00edtico (CAP). \u00a0<\/a><br \/><br \/><\/div><div><b>EL MERCURIO<\/b>\u00a0<br \/><a href=\"https:\/\/www.litoralpress.cl\/sitio\/Prensa_PaginaCompleta.cshtml?LPKey=5R55YT7YNSHF3DGX5IVYXMQ5VGVRT3BX4AFYF5HCFFHRTPAT7WKQ\">Las diferencias de las propuestas de sistema pol\u00edtico que marcar\u00e1n el debate de enero en el Congreso. Se refiere Mauricio Morales, director Centro de An\u00e1lisis Pol\u00edtico (CAP). \u00a0<\/a><br \/><br \/><\/div><div><b>ELRESUMEN.CL<\/b>\u00a0<br \/><a href=\"https:\/\/www.elresumen.cl\/8683-recomendaciones-saludables-para-no-excederse-durante-las-celebraciones-de-fin-de-ano\">Recomendaciones saludables para no excederse durante las celebraciones de fin de a\u00f1o. Se refiere Mauricio Orellana, acad\u00e9mico Escuela de Nutrici\u00f3n.\u00a0<\/a><br \/><br \/><\/div><div><b>RADIO ANCOA<\/b>\u00a0<br \/><a href=\"https:\/\/www.radioancoa.cl\/categoria\/local\/recomendaciones-saludables-excederse-celebraciones-ano\">Recomendaciones saludables para no excederse durante las celebraciones de fin de a\u00f1o. Se refiere Mauricio Orellana, acad\u00e9mico Escuela de Nutrici\u00f3n.\u00a0<\/a><br \/><br \/><\/div><div><b>EL MAULE INFORMA<\/b>\u00a0<br \/><a href=\"https:\/\/elmauleinforma.cl\/recomendaciones-saludables-para-no-excederse-durante-las-celebraciones-de-fin-de-ano\/\">Recomendaciones saludables para no excederse durante las celebraciones de fin de a\u00f1o. Se refiere Mauricio Orellana, acad\u00e9mico Escuela de Nutrici\u00f3n.\u00a0<\/a><br \/><br \/><\/div><div><b>MEDIABANCO<\/b>\u00a0<br \/><a href=\"https:\/\/www.mediabanco.com\/recomendaciones-saludables-para-no-excederse-durante-las-celebraciones-de-fin-de-ano\/\">Recomendaciones saludables para no excederse durante las celebraciones de fin de a\u00f1o. Se refiere Mauricio Orellana, acad\u00e9mico Escuela de Nutrici\u00f3n.\u00a0<\/a><br \/><br \/><\/div><div><b>CAUQUENES.NET <\/b>\u00a0<br \/><a href=\"https:\/\/cauquenesnet.cl\/2024\/12\/20\/exitosa-alianza-impulso-la-modernizacion-de-municipios-de-la-region-del-maule\/\">Exitosa alianza impuls\u00f3 la modernizaci\u00f3n de municipios de la Regi\u00f3n del Maule. Se refiere Carlos Torres Fuchslocher, rector.\u00a0 \u00a0<\/a><br \/><br \/><\/div><div><b>PORTAL EDUCA<\/b>\u00a0<br \/><a href=\"https:\/\/portaleduca.cl\/mas-de-250-proyectos-comunitarios-desarrollaron-estudiantes-de-la-utalca\/\">M\u00e1s de 250 proyectos comunitarios desarrollaron estudiantes de la UTalca. Se refiere Marlene Guti\u00e9rrez, directora Programa de Formaci\u00f3n Fundamental (PFF).\u00a0<\/a><br \/>\u00a0<\/div><div><b>MEDIABANCO <\/b>\u00a0<br \/><a href=\"https:\/\/www.mediabanco.com\/mas-de-250-proyectos-comunitarios-desarrollaron-estudiantes-de-la-utalca\/\">M\u00e1s de 250 proyectos comunitarios desarrollaron estudiantes de la UTalca. Se refiere Marlene Guti\u00e9rrez, directora Programa de Formaci\u00f3n Fundamental (PFF).\u00a0<\/a><\/div><div>\u00a0<\/div><div><b>EL MAULE INFORMA<\/b>\u00a0<br \/><a href=\"https:\/\/elmauleinforma.cl\/mas-de-600-jovenes-maulinos-han-participado-en-concurso-de-innovacion-savialab-de-fia\/\">M\u00e1s de 600 J\u00f3venes maulinos han participado en concurso de innovaci\u00f3n SaviaLab de FIA. Se refiere Marcela Gonz\u00e1lez, decana Facultad de Ingenier\u00eda.\u00a0<\/a><br \/><br \/><\/div><div><b>DIARIO LA MA\u00d1ANA<\/b>\u00a0<br \/><a href=\"https:\/\/xn--diariolamaana-rkb.cl\/2024\/12\/23\/alcalde-de-talca-se-reune-con-ministro-de-justicia-y-logra-avances-para-declarar-prescindencia-de-terrenos-de-la-actual-carcel\/\">Alcalde de Talca se re\u00fane con ministro de Justicia y logra avances para declarar prescindencia de terrenos de la actual c\u00e1rcel. Se menciona la Universidad de Talca.\u00a0<\/a><br \/><br \/><\/div><div><b>DIARIO FRUT\u00cdCOLA<\/b>\u00a0<br \/><a href=\"https:\/\/www.diariofruticola.cl\/noticia\/ag-tips\/2024\/12\/articulo-uso-del-bioestimulante-retard-cherryr-para-retrasar-floracion-en-cerezos-dulces\">Art\u00edculo: Uso del bioestimulante Retard Cherry\u00ae para retrasar floraci\u00f3n en cerezos dulces. Se menciona la Universidad de Talca.\u00a0<\/a><br \/>\u00a0<\/div><div><b>INOTICIAS<\/b>\u00a0<br \/><a href=\"https:\/\/www.inoticias.cl\/index.php\/loreal-groupe-y-la-unesco-reconocen-a-dos-ganadora\">LOr\u00e9al Groupe y la UNESCO reconocen a dos ganadoras del premio For Women in Science Chile 2024. Se menciona la Universidad de Talca.\u00a0<\/a><br \/>\u00a0<br \/><b>LA TERCERA ONLINE<\/b>\u00a0<br \/><a href=\"https:\/\/www.latercera.com\/laboratoriodecontenidos\/noticia\/loreal-groupe-y-la-unesco-reconocen-a-dos-ganadoras-del-premio-for-women-in-science-chile-2024\/6XPWWSOL3JFOTMUXANUY2NZVSY\/\">LOr\u00e9al Groupe y la UNESCO reconocen a dos ganadoras del premio For Women in Science Chile 2024. Se menciona la Universidad de Talca.\u00a0<\/a><br \/><br \/><\/div><div><b>CONSORCIO DE UNIVERSIDADES DEL ESTADO DE CHILE<\/b>\u00a0<br \/><a href=\"https:\/\/noticias.uestatales.cl\/23-nuevas-carreras-uestatales-2025\">Estas son las 23 nuevas carreras de las #UEstatales para 2025. Se menciona la Universidad de Talca.\u00a0<\/a><br \/><br \/><\/div>\t\t\t\t\t\t<\/div>\n\t\t\t\t<\/div>\n\t\t\t\t\t<\/div>\n\t\t<\/div>\n\t\t\t\t\t\t\t<\/div>\n\t\t<\/section>\n\t\t\t\t\t\t<\/div>\n\t\t\t\t\t<\/div>\n\t\t","protected":false},"excerpt":{"rendered":"<p>DIARIO EL SUR \u00a0Explorando nuevas fronteras: dos especialistas explican c\u00f3mo la neurociencia y la IA transforman el aprendizaje y la creatividad en una era de constantes cambios. Se refiere Valeska Gatica, directora Centro Tecnol\u00f3gico de Telerrehabilitaci\u00f3n y Neurociencias en el Movimiento Humano (CTTN). \u00a0 EL MOSTRADOR\u00a0\u00bfC\u00f3mo afecta el cambio clim\u00e1tico al vino chileno? Se refiere &hellip;<\/p>\n<p class=\"read-more\"> <a class=\"\" href=\"https:\/\/www.reportedeprensa.utalca.cl\/?p=11212\"> <span class=\"screen-reader-text\">24 de diciembre 2024<\/span> Read More &raquo;<\/a><\/p>\n","protected":false},"author":1,"featured_media":0,"comment_status":"closed","ping_status":"open","sticky":false,"template":"","format":"standard","meta":{"_monsterinsights_skip_tracking":false,"_monsterinsights_sitenote_active":false,"_monsterinsights_sitenote_note":"","_monsterinsights_sitenote_category":0},"categories":[55],"tags":[],"_links":{"self":[{"href":"https:\/\/www.reportedeprensa.utalca.cl\/index.php?rest_route=\/wp\/v2\/posts\/11212"}],"collection":[{"href":"https:\/\/www.reportedeprensa.utalca.cl\/index.php?rest_route=\/wp\/v2\/posts"}],"about":[{"href":"https:\/\/www.reportedeprensa.utalca.cl\/index.php?rest_route=\/wp\/v2\/types\/post"}],"author":[{"embeddable":true,"href":"https:\/\/www.reportedeprensa.utalca.cl\/index.php?rest_route=\/wp\/v2\/users\/1"}],"replies":[{"embeddable":true,"href":"https:\/\/www.reportedeprensa.utalca.cl\/index.php?rest_route=%2Fwp%2Fv2%2Fcomments&post=11212"}],"version-history":[{"count":7,"href":"https:\/\/www.reportedeprensa.utalca.cl\/index.php?rest_route=\/wp\/v2\/posts\/11212\/revisions"}],"predecessor-version":[{"id":11219,"href":"https:\/\/www.reportedeprensa.utalca.cl\/index.php?rest_route=\/wp\/v2\/posts\/11212\/revisions\/11219"}],"wp:attachment":[{"href":"https:\/\/www.reportedeprensa.utalca.cl\/index.php?rest_route=%2Fwp%2Fv2%2Fmedia&parent=11212"}],"wp:term":[{"taxonomy":"category","embeddable":true,"href":"https:\/\/www.reportedeprensa.utalca.cl\/index.php?rest_route=%2Fwp%2Fv2%2Fcategories&post=11212"},{"taxonomy":"post_tag","embeddable":true,"href":"https:\/\/www.reportedeprensa.utalca.cl\/index.php?rest_route=%2Fwp%2Fv2%2Ftags&post=11212"}],"curies":[{"name":"wp","href":"https:\/\/api.w.org\/{rel}","templated":true}]}}