{"id":11229,"date":"2024-12-26T11:45:09","date_gmt":"2024-12-26T14:45:09","guid":{"rendered":"https:\/\/www.reportedeprensa.utalca.cl\/?p=11229"},"modified":"2024-12-26T11:49:46","modified_gmt":"2024-12-26T14:49:46","slug":"26-de-diciembre-2024","status":"publish","type":"post","link":"https:\/\/www.reportedeprensa.utalca.cl\/?p=11229","title":{"rendered":"26 de diciembre 2024"},"content":{"rendered":"\t\t<div data-elementor-type=\"wp-post\" data-elementor-id=\"11229\" class=\"elementor elementor-11229\" data-elementor-settings=\"[]\">\n\t\t\t\t\t\t\t<div class=\"elementor-section-wrap\">\n\t\t\t\t\t\t\t<section class=\"elementor-section elementor-top-section elementor-element elementor-element-bcea1a8 elementor-section-boxed elementor-section-height-default elementor-section-height-default\" data-id=\"bcea1a8\" data-element_type=\"section\">\n\t\t\t\t\t\t<div class=\"elementor-container elementor-column-gap-default\">\n\t\t\t\t\t<div class=\"elementor-column elementor-col-100 elementor-top-column elementor-element elementor-element-e7183bf\" data-id=\"e7183bf\" data-element_type=\"column\">\n\t\t\t<div class=\"elementor-widget-wrap elementor-element-populated\">\n\t\t\t\t\t\t\t\t<div class=\"elementor-element elementor-element-d1ee259 elementor-widget elementor-widget-text-editor\" data-id=\"d1ee259\" data-element_type=\"widget\" data-widget_type=\"text-editor.default\">\n\t\t\t\t<div class=\"elementor-widget-container\">\n\t\t\t\t\t\t\t\t<div><b data-olk-copy-source=\"MessageBody\">LA TERCERA\u202f\u00a0<br \/><\/b><a href=\"https:\/\/www.latercera.com\/lt-board\/noticia\/en-2024-17-universidades-del-pais-estan-acreditadas-con-nivel-de-excelencia\/LALTCWXX45EAFE5GLHHDUR74L4\/\">En 2024: 17 universidades del pa\u00eds est\u00e1n acreditadas con nivel de excelencia. Se refiere Eduardo \u00c1lvarez, director general de Aseguramiento de la Calidad y Planificaci\u00f3n.<\/a><b data-olk-copy-source=\"MessageBody\"><br \/><\/b><\/div><div>\u00a0<\/div><div><b>INOTICIAS<\/b>\u202f\u00a0<br \/><a href=\"https:\/\/www.inoticias.cl\/index.php\/en-2024--17-universidades-del-pais-estan-acreditad\">En 2024: 17 universidades del pa\u00eds est\u00e1n acreditadas con nivel de excelencia<b>. <\/b>Se refiere Eduardo \u00c1lvarez, director general de Aseguramiento de la Calidad y Planificaci\u00f3n.\u202f\u00a0<\/a><\/div><div>\u00a0<\/div><div><b>EL MOSTRADOR\u202f\u00a0<br \/><\/b><a href=\"https:\/\/www.elmostrador.cl\/revista-jengibre\/gastronomia\/2024\/12\/23\/como-afecta-el-cambio-climatico-al-vino-chileno\/\">\u00bfC\u00f3mo afecta el cambio clim\u00e1tico al vino chileno? Se refiere Yerko Moreno, director del Centro Tecnol\u00f3gico de la Vid y el Vino. \u202f<\/a><b><br \/><\/b><\/div><div><p>\u00a0<\/p><p><b>COOPERATIVA CIENCIA<\/b>\u00a0<br \/><a href=\"https:\/\/www.cooperativaciencia.cl\/tendencias\/2024\/12\/25\/el-cambio-climatico-esta-afectando-al-vino-chileno\/\">El cambio clim\u00e1tico est\u00e1 afectando al vino chileno. Se refiere Yerko Moreno, director del Centro Tecnol\u00f3gico de la Vid y el Vino. \u00a0<\/a><\/p><\/div><div>\u00a0<\/div><div><b>PORTAL AGRO<\/b>\u202f\u00a0<br \/><a href=\"https:\/\/www.portalagrochile.cl\/2024\/12\/23\/como-afecta-el-cambio-climatico-al-vino-chileno\/\">\u00bfC\u00f3mo afecta el cambio clim\u00e1tico al vino chileno? Se refiere Yerko Moreno, director del Centro Tecnol\u00f3gico de la Vid y el Vino.\u202f\u00a0<\/a><\/div><div class=\"x_elementToProof\"><b>\u00a0<\/b><\/div><div><b>LAS \u00daLTIMAS NOTICIAS\u00a0<br \/><\/b><a href=\"https:\/\/www.litoralpress.cl\/paginaconsultas\/Servicios_NClipSitio\/Get_Imagen_Nota.aspx?LPKey=CKNCMPPSFBNKAGJYOGWTIR4S65G3L6E7OPTHTNNRUAYCYQ6PHSDLQSKJ2OAEGHHL5QICKALD7Q25Q\">Un calor brutal se instalar\u00e1 entre Maule y Biob\u00edo: el responsable es un fen\u00f3meno llamado \u201cDorsal\u201d. Se refiere Patricio Gonz\u00e1lez Colville, agroclimat\u00f3logo y acad\u00e9mico del Centro de Investigaci\u00f3n y Transferencia en Riego y Agroclimatolog\u00eda (CITRA).\u202f\u202f\u202f\u00a0<\/a><\/div><div><p><b><br \/>RADIO ADN \u202f\u00a0<br \/><\/b><a href=\"https:\/\/www.litoralpress.cl\/sitio\/RadioTV_Detalles.cshtml?LPKey=CY634K3WL7YTJD4HDIGFATPBXHZGXR2VIC5HXFV6WEMMJ3MDWX6KEMNPJ4PTSMPSLKOLOJS4NWFZQ\">Preocupan los incendios forestales. Se refiere Patricio Gonz\u00e1lez Colville, agroclimat\u00f3logo y acad\u00e9mico del Centro de Investigaci\u00f3n y Transferencia en Riego y Agroclimatolog\u00eda (CITRA).\u202f\u202f \u202f\u00a0<\/a><\/p><\/div><div>\u00a0<\/div><div><b>CANAL TVN RED MAULE\u00a0<\/b><br \/><a href=\"https:\/\/www.litoralpress.cl\/sitio\/RadioTV_Detalles.cshtml?LPKey=FZJCDOSKQGNT2PH3CTOPNDFDR2OJVBJQEB2OIKFMPFDRFGAZTVINVNXBVUTKCNYSNNIQKDWGVIREK\">Ola de calor en el Maule llega a 37 grados y genera alerta amarilla en la regi\u00f3n Se refiere Patricio Gonz\u00e1lez Colville, agroclimat\u00f3logo y acad\u00e9mico del Centro de Investigaci\u00f3n y Transferencia en Riego y Agroclimatolog\u00eda (CITRA).\u202f\u202f\u202f\u00a0<\/a><\/div><div><b>\u00a0<\/b><\/div><div><b>LAS \u00daLTIMAS NOTICIAS\u00a0<br \/><\/b><a href=\"https:\/\/www.litoralpress.cl\/paginaconsultas\/Servicios_NClipSitio\/Get_Imagen_Nota.aspx?LPKey=NLPM6XZNFK2XFRDOZOF7YEQEASTB3VMLERGAWVAEKTQQH7R3AMTLNSXKHCZJCNEKI3GXTI536DTUQ\">Investigador gana premio internacional con esta espectacular foto de las c\u00e9lulas tumorales. Se refiere Bruno Cisterna, egresado de la Escuela de Tecnolog\u00eda M\u00e9dica.\u00a0<\/a><\/div><div><b>\u00a0<\/b><\/div><div><b>DIARIO EL SUR \u202f\u00a0<br \/><\/b><a href=\"https:\/\/www.litoralpress.cl\/sitio\/Prensa_PaginaCompleta.cshtml?LPKey=6JICAAIMK3WDS3YAUZAZNER3PXEKK4NCAQ2UHSD7E2FLBRGWS6LA\">Explorando nuevas fronteras: dos especialistas explican c\u00f3mo la neurociencia y la IA transforman el aprendizaje y la creatividad en una era de constantes cambios. Se refiere Valeska Gatica, directora Centro Tecnol\u00f3gico de Telerrehabilitaci\u00f3n y Neurociencias en el Movimiento Humano (CTTN). \u202f\u00a0<\/a><b><br \/><\/b><\/div><div>\u00a0<\/div><div><b>EL SUR.CL<\/b>\u00a0<br \/><a href=\"https:\/\/www.litoralpress.cl\/paginaconsultas\/Servicios_NClipSitio\/Get_Imagen_Nota.aspx?LPKey=XRIVVSRQZ2USHCYJYBMZFGX3X4JYRNUAO5HOK2U6DDQZBB4GGGABMGGRHHBATCYWZ6THWPYHR5XZS\">Explorando nuevas fronteras: dos especialistas explican c\u00f3mo la neurociencia y la IA transforman el aprendizaje y la creatividad en una era de constantes cambios. Se refiere Valeska Gatica, directora Centro Tecnol\u00f3gico de Telerrehabilitaci\u00f3n y Neurociencias en el Movimiento Humano (CTTN).\u202f\u00a0<\/a><\/div><div>\u00a0<\/div><div><b>LA TERCERA ONLINE\u00a0<br \/><\/b><a href=\"https:\/\/www.latercera.com\/culto\/2024\/12\/25\/mariana-enriquez-la-sustancia-no-me-parecio-fuerte-visualmente-pero-lo-que-no-me-gusto-fue-el-mensaje\/\">Mariana Enriquez: \u201c(La Sustancia) no me pareci\u00f3 fuerte visualmente. Pero lo que no me gust\u00f3 fue el mensaje\u201d. Se menciona la Universidad de Talca.\u00a0<\/a><b><br \/><\/b><\/div><div>\u00a0<\/div><div><b>INOTICIAS<\/b>\u00a0<br \/><a href=\"https:\/\/www.inoticias.cl\/index.php\/mariana-enriquez--la-sustancia-no-me-parecio-fuert#google_vignette\">Mariana Enriquez: \u201c(La Sustancia) no me pareci\u00f3 fuerte visualmente. Pero lo que no me gust\u00f3 fue el mensaje\u201d. Se menciona la Universidad de Talca.\u00a0<\/a><\/div><div>\u00a0<\/div><div><b>MEGANOTICIAS.CL <\/b>\u202f\u00a0<br \/><a href=\"https:\/\/www.meganoticias.cl\/nacional\/470560-columna-mauricio-morales-reforma-pensiones-gobierno-chile-vamos-republicanos-fds01-22-12-2024.html\">Columna: &#8220;Pensiones, el gol del honor&#8221;. Se refiere Mauricio Morales, director Centro de An\u00e1lisis Pol\u00edtico (CAP). \u202f\u00a0<\/a>\u00a0\u202f\u202f\u00a0<\/div><div>\u00a0<\/div><div><b>EMOL \u202f\u00a0<br \/><\/b><a href=\"https:\/\/www.emol.com\/noticias\/Nacional\/2024\/12\/22\/1152117\/biministros-aisen-gobiernos-boric-efectos.html\">&#8216;Reaparecen&#8217; los biministros: Expertos dicen que debe haber &#8216;denominadores comunes&#8217; pero valoran que &#8216;no suma burocracia&#8217;. Se refiere Mauricio Morales, director Centro de An\u00e1lisis Pol\u00edtico (CAP). \u202f<\/a><b><br \/><\/b><\/div><div>\u00a0<\/div><div><b>EL MERCURIO<\/b>\u202f\u00a0<br \/><a href=\"https:\/\/www.litoralpress.cl\/sitio\/Prensa_PaginaCompleta.cshtml?LPKey=5R55YT7YNSHF3DGX5IVYXMQ5VGVRT3BX4AFYF5HCFFHRTPAT7WKQ\">Las diferencias de las propuestas de sistema pol\u00edtico que marcar\u00e1n el debate de enero en el Congreso. Se refiere Mauricio Morales, director Centro de An\u00e1lisis Pol\u00edtico (CAP). \u202f\u00a0<\/a><br \/><u><a id=\"OWA554e7702-2379-8764-c517-e37d70c2e41c\" class=\"x_x_Hyperlink x_x_SCXW94231832 x_x_BCX0 x_x_OWAAutoLink\" title=\"https:\/\/www.litoralpress.cl\/sitio\/Prensa_PaginaCompleta.cshtml?LPKey=5R55YT7YNSHF3DGX5IVYXMQ5VGVRT3BX4AFYF5HCFFHRTPAT7WKQ\" href=\"https:\/\/www.litoralpress.cl\/sitio\/Prensa_PaginaCompleta.cshtml?LPKey=5R55YT7YNSHF3DGX5IVYXMQ5VGVRT3BX4AFYF5HCFFHRTPAT7WKQ\" target=\"_blank\" rel=\"noopener noreferrer\" data-auth=\"NotApplicable\" data-linkindex=\"15\"><\/a><\/u>\u00a0<\/div><div><b>PORTALEDUCA\u202f\u00a0<br \/><\/b><a href=\"https:\/\/portaleduca.cl\/universidad-de-talca-es-la-primera-en-integrar-coalicion-internacional-para-la-igualdad-salarial\/\">Universidad de Talca es la primera en integrar coalici\u00f3n internacional para la igualdad salarial. Se refiere Carlos Torres Fuchslocher, rector y Andrea Bentancor, acad\u00e9mica de la Facultad de Econom\u00eda y Negocios.\u202f<\/a><\/div><div><b>\u00a0<\/b><\/div><div><b>PUBLIMICRO <\/b>\u202f\u00a0<br \/><a href=\"https:\/\/publimicro.cl\/pace-utalca-celebra-una-decada-de-logros-y-reconoce-a-la-cuarta-generacion-de-titulados-del-programa\/\">PACE UTalca celebra una d\u00e9cada de logros y reconoce a la cuarta generaci\u00f3n de titulados del programa. Se refiere Carlos Torres Fuchslocher, rector. \u202f\u00a0<\/a><\/div><div><b>\u00a0<\/b><\/div><div><b>PORTAL PRENSA SALUD<\/b>\u202f\u00a0<br \/><a href=\"https:\/\/portalprensasalud.cl\/2024\/12\/23\/entregan-consejos-para-prevenir-enfermedades-relacionadas-con-las-piscinas\/\">Entregan consejos para prevenir enfermedades relacionadas con las piscinas. Se refiere Claudia Zenteno C\u00e1ceres, directora del Departamento de Ciencias del Cuidado, Escuela de Enfermer\u00eda.\u202f\u00a0<\/a><\/div><div><b>\u00a0<\/b><\/div><div><b>ELRESUMEN.CL\u202f\u00a0<br \/><\/b><a href=\"https:\/\/www.elresumen.cl\/8683-recomendaciones-saludables-para-no-excederse-durante-las-celebraciones-de-fin-de-ano\">Recomendaciones saludables para no excederse durante las celebraciones de fin de a\u00f1o. Se refiere Mauricio Orellana, acad\u00e9mico Escuela de Nutrici\u00f3n y Diet\u00e9tica.\u202f\u00a0<\/a><b><br \/><\/b><\/div><div><p>\u00a0<\/p><p><b>RADIO ANCOA<\/b>\u202f\u00a0<br \/><a href=\"https:\/\/www.radioancoa.cl\/categoria\/local\/recomendaciones-saludables-excederse-celebraciones-ano\">Recomendaciones saludables para no excederse durante las celebraciones de fin de a\u00f1o. Se refiere Mauricio Orellana, acad\u00e9mico Escuela de Nutrici\u00f3n y Diet\u00e9tica.\u202f\u00a0<\/a><\/p><\/div><div><p>\u00a0<\/p><p><b>EL MAULE INFORMA<\/b>\u202f\u00a0<br \/><a href=\"https:\/\/elmauleinforma.cl\/recomendaciones-saludables-para-no-excederse-durante-las-celebraciones-de-fin-de-ano\/\">Recomendaciones saludables para no excederse durante las celebraciones de fin de a\u00f1o. Se refiere Mauricio Orellana, acad\u00e9mico Escuela de Nutrici\u00f3n y Diet\u00e9tica.<\/a>\u202f\u00a0<\/p><\/div><div>\u00a0<\/div><div><b>SOMOS MAULE<\/b>\u00a0<br \/><a href=\"http:\/\/somosmaule.cl\/publico\/ficha\/ficha.aspx?i=86250\">Recomendaciones saludables para no excederse durante las celebraciones de fin de a\u00f1o. Se refiere Mauricio Orellana, acad\u00e9mico Escuela de Nutrici\u00f3n y Diet\u00e9tica.\u202f\u00a0<\/a><br \/><u><a id=\"OWA9fc8160e-b9b4-297b-6c7f-9f0aba664dad\" class=\"x_x_Hyperlink x_x_SCXW94231832 x_x_BCX0 x_x_OWAAutoLink\" title=\"http:\/\/somosmaule.cl\/publico\/ficha\/ficha.aspx?i=86250\" href=\"http:\/\/somosmaule.cl\/publico\/ficha\/ficha.aspx?i=86250\" target=\"_blank\" rel=\"noopener noreferrer\" data-auth=\"NotApplicable\" data-linkindex=\"22\"><\/a><\/u><\/div><div>\u00a0<\/div><div><p><b>MEDIABANCO<\/b>\u202f\u00a0<br \/><a href=\"https:\/\/www.mediabanco.com\/recomendaciones-saludables-para-no-excederse-durante-las-celebraciones-de-fin-de-ano\/\">Recomendaciones saludables para no excederse durante las celebraciones de fin de a\u00f1o. Se refiere Mauricio Orellana, acad\u00e9mico Escuela de Nutrici\u00f3n y Diet\u00e9tica.\u202f\u00a0<\/a><\/p><\/div><div><p>\u00a0<\/p><p><b>CAUQUENES.NET <\/b>\u202f\u00a0<br \/><a href=\"https:\/\/cauquenesnet.cl\/2024\/12\/20\/exitosa-alianza-impulso-la-modernizacion-de-municipios-de-la-region-del-maule\/\">Exitosa alianza impuls\u00f3 la modernizaci\u00f3n de municipios de la Regi\u00f3n del Maule. Se refiere Carlos Torres Fuchslocher, rector.\u202f \u202f\u00a0<\/a><\/p><\/div><div>\u00a0<\/div><div><b>PORTAL EDUCA\u202f\u00a0<br \/><\/b><a href=\"https:\/\/portaleduca.cl\/mas-de-250-proyectos-comunitarios-desarrollaron-estudiantes-de-la-utalca\/\">M\u00e1s de 250 proyectos comunitarios desarrollaron estudiantes de la UTalca. Se refiere Marlene Guti\u00e9rrez, directora Programa de Formaci\u00f3n Fundamental (PFF).\u202f\u00a0<\/a><b><br \/><\/b><\/div><div>\u00a0<\/div><div><b>MEDIABANCO <\/b>\u202f\u00a0<br \/><a href=\"https:\/\/www.mediabanco.com\/mas-de-250-proyectos-comunitarios-desarrollaron-estudiantes-de-la-utalca\/\">M\u00e1s de 250 proyectos comunitarios desarrollaron estudiantes de la UTalca. Se refiere Marlene Guti\u00e9rrez, directora Programa de Formaci\u00f3n Fundamental (PFF). <\/a><\/div><div>\u00a0<\/div><div><p><b>EL MAULE INFORMA<\/b>\u202f\u00a0<br \/><a href=\"https:\/\/elmauleinforma.cl\/mas-de-600-jovenes-maulinos-han-participado-en-concurso-de-innovacion-savialab-de-fia\/\">M\u00e1s de 600 J\u00f3venes maulinos han participado en concurso de innovaci\u00f3n SaviaLab de FIA. Se refiere Marcela Gonz\u00e1lez, decana Facultad de Ingenier\u00eda.\u202f\u00a0<\/a><\/p><\/div><div><p>\u00a0<\/p><p><b>SOMOS MAULE<\/b>\u00a0<br \/><a href=\"http:\/\/somosmaule.cl\/publico\/ficha\/ficha.aspx?i=86248\">M\u00e1s de 600 J\u00f3venes maulinos han participado en concurso de innovaci\u00f3n SaviaLab de FIA. Se refiere Marcela Gonz\u00e1lez, decana Facultad de Ingenier\u00eda.\u202f\u00a0<\/a><\/p><\/div><div><p>\u00a0<\/p><p><b>MALA ESPINA CHECK<\/b>\u00a0<br \/><a href=\"https:\/\/www.malaespinacheck.cl\/pais\/2024\/12\/23\/consejos-para-dormir-bien-a-pesar-del-calor\/\">Consejos para dormir bien a pesar del calor. Se refiere Emilio Moyano, acad\u00e9mico de la Facultad de Psicolog\u00eda.\u00a0<\/a><\/p><\/div><div><p>\u00a0<\/p><p><b>DIARIO EL CENTRO\u00a0<br \/><\/b><a href=\"https:\/\/www.diarioelcentro.cl\/2024\/12\/23\/rehabilitacion-oral-utalca-ofrece-tecnologia-avanzada-para-devolver-funcionalidad-y-autoestima-a-las-personas\/\">Rehabilitaci\u00f3n oral: Utalca ofrece tecnolog\u00eda avanzada para devolver funcionalidad y autoestima a las personas. Se refiere Teresa Az\u00f3car, acad\u00e9mica de la Facultad de Odontolog\u00eda.\u00a0<\/a><\/p><\/div><div><p>\u00a0<\/p><p><b>DIARIO LA MA\u00d1ANA<\/b>\u202f\u00a0<br \/><a href=\"https:\/\/xn--diariolamaana-rkb.cl\/2024\/12\/23\/alcalde-de-talca-se-reune-con-ministro-de-justicia-y-logra-avances-para-declarar-prescindencia-de-terrenos-de-la-actual-carcel\/\">Alcalde de Talca se re\u00fane con ministro de Justicia y logra avances para declarar prescindencia de terrenos de la actual c\u00e1rcel. Se menciona la Universidad de Talca.\u202f\u00a0<\/a><\/p><\/div><div><p>\u00a0<\/p><p><b>DIARIO FRUT\u00cdCOLA<\/b>\u202f\u00a0<br \/><a href=\"https:\/\/www.diariofruticola.cl\/noticia\/ag-tips\/2024\/12\/articulo-uso-del-bioestimulante-retard-cherryr-para-retrasar-floracion-en-cerezos-dulces\">Art\u00edculo: Uso del bioestimulante Retard Cherry\u00ae para retrasar floraci\u00f3n en cerezos dulces. Se menciona la Universidad de Talca.\u202f\u00a0<\/a><\/p><\/div><div><p>\u00a0<\/p><p><b>INOTICIAS<\/b>\u202f\u00a0<br \/><a href=\"https:\/\/www.inoticias.cl\/index.php\/loreal-groupe-y-la-unesco-reconocen-a-dos-ganadora\">LOr\u00e9al Groupe y la UNESCO reconocen a dos ganadoras del premio For Women in Science Chile 2024. Se menciona la Universidad de Talca.\u202f\u00a0<\/a><\/p><p>\u00a0<\/p><p><b>LA TERCERA ONLINE<\/b>\u202f\u00a0<br \/><a href=\"https:\/\/www.latercera.com\/laboratoriodecontenidos\/noticia\/loreal-groupe-y-la-unesco-reconocen-a-dos-ganadoras-del-premio-for-women-in-science-chile-2024\/6XPWWSOL3JFOTMUXANUY2NZVSY\/\">LOr\u00e9al Groupe y la UNESCO reconocen a dos ganadoras del premio For Women in Science Chile 2024. Se menciona la Universidad de Talca.\u202f\u00a0<\/a>\u00a0<\/p><\/div><div>\u00a0<\/div><div><b>CONSORCIO DE UNIVERSIDADES DEL ESTADO DE CHILE<\/b>\u202f\u00a0<br \/><a href=\"https:\/\/noticias.uestatales.cl\/23-nuevas-carreras-uestatales-2025\">Estas son las 23 nuevas carreras de las #UEstatales para 2025. Se menciona la Universidad de Talca.\u202f\u00a0<\/a><\/div><div>\u00a0<\/div><div><b>CANAL TVN RED MAULE<\/b>\u00a0<br \/><a href=\"https:\/\/www.litoralpress.cl\/sitio\/RadioTV_Detalles.cshtml?LPKey=OTZWMNEIC2RUPX6FAVP2JCSJKVU4F723B37PT2NJDCGLC77AS46XOPCTI7KY3QX37YJGYEHUIMOTI\">Muerte de lactante en Maule genera debate sobre tenencia responsable de perros peligrosos. Se refiere Emilio B\u00e9car, acad\u00e9mico de la Facultad de Ciencias Jur\u00eddicas y Sociales.<\/a><\/div><div>\u00a0<\/div><div><p><b>EL HERALDO<\/b>\u00a0<br \/><a href=\"https:\/\/www.litoralpress.cl\/sitio\/Prensa_Cortes.cshtml?LPKey=C2TZGS6HGIOO3VYJXLVK5GMRVJ6ZWJTIDDGP2WNT4ONLEIID42QA\">Recomendaciones saludables para no excederse durante las celebraciones de fin de a\u00f1o. Se refiere Mauricio Orellana, acad\u00e9mico Escuela de Nutrici\u00f3n y Diet\u00e9tica.\u202f\u00a0<\/a><\/p><\/div><div><p>\u00a0<\/p><p><b>EL LECTOR<\/b>\u00a0<br \/><a href=\"https:\/\/www.litoralpress.cl\/sitio\/Prensa_Cortes.cshtml?LPKey=DDIJ3JLZ36PKT5Q326UGFGJGGGFDNRA5NDJ5WO352QMXPKAHTO7Q\">Recomendaciones saludables para no excederse durante las celebraciones de fin de a\u00f1o. Se refiere Mauricio Orellana, acad\u00e9mico Escuela de Nutrici\u00f3n y Diet\u00e9tica.\u202f\u00a0<\/a><\/p><\/div><div>\u00a0<\/div><div><b>LA PRENSA DE CURIC\u00d3<\/b>\u00a0<br \/><a href=\"https:\/\/www.litoralpress.cl\/paginaconsultas\/Servicios_NClipSitio\/Get_Imagen_Nota.aspx?LPKey=HEPFT2NZCYOMJBJKJDZRQKFU4FAL3EM3PG4XWBQXCJEXFLUFRHQ73ELGMF4B5ILU4EW75RNKXU4BG\">Equilibrio nutricional es clave de cara a celebraciones de fin de a\u00f1o. Se refiere Mauricio Orellana, acad\u00e9mico Escuela de Nutrici\u00f3n y Diet\u00e9tica.\u202f<\/a>\u00a0<\/div><div><b>\u00a0<\/b><\/div><div><p><b>DIARIO EL HERALDO<\/b>\u00a0<br \/><a href=\"https:\/\/www.diarioelheraldo.cl\/noticia\/recomendaciones-saludables-para-no-excederse\">Recomendaciones saludables para no excederse. Se refiere Mauricio Orellana, acad\u00e9mico Escuela de Nutrici\u00f3n y Diet\u00e9tica.\u202f<\/a>\u00a0<\/p><\/div><div>\u00a0<\/div><div><b>PORTAL EDUCA<\/b>\u00a0<br \/><a href=\"https:\/\/www.diarioelheraldo.cl\/noticia\/recomendaciones-saludables-para-no-excederse\">Entregan consejos para prevenir enfermedades relacionadas con las piscinas. Se refiere Claudia Zenteno C\u00e1ceres, directora del Departamento de Ciencias del Cuidado\u00a0<\/a><\/div><div>\u00a0<\/div><div><p><b>PORTAL FRUT\u00cdCOLA<\/b>\u00a0<br \/><a href=\"https:\/\/www.portalfruticola.com\/noticias\/2024\/12\/24\/mejoras-geneticas-portainjertos-de-manzanas\/\">Mejoras gen\u00e9ticas en portainjertos de manzanas comienzan a mostrar resultados positivos en pruebas realizadas en Chile. Se refiere \u00c1lvaro Sep\u00falveda, investigador del Centro de Pom\u00e1ceas.\u00a0<\/a><\/p><\/div><div>\u00a0<\/div><div><b>DIARIO TALCA<\/b>\u00a0<br \/><a href=\"https:\/\/diariotalca.cl\/recomendaciones-para-no-excederse-durante-las-celebraciones-de-fin-de-ano\/\">Recomendaciones para no excederse durante las celebraciones de fin de a\u00f1o. Se refiere Mauricio Orellana, acad\u00e9mico Escuela de Nutrici\u00f3n y Diet\u00e9tica.\u202f\u00a0<\/a><\/div><div>\u00a0<\/div><div><b>G5 NOTICIAS<\/b>\u00a0<\/div><div><a href=\"https:\/\/g5noticias.cl\/2024\/12\/24\/recomendaciones-saludables-para-no-excederse-durante-las-celebraciones-de-fin-de-ano\/\">Recomendaciones saludables para no excederse durante las celebraciones de fin de a\u00f1o. Se refiere Mauricio Orellana, acad\u00e9mico Escuela de Nutrici\u00f3n y Diet\u00e9tica.\u202f\u00a0<\/a><\/div><div>\u00a0<\/div><div><p><b>TV5<\/b>\u00a0<br \/><a href=\"https:\/\/www.tv5.cl\/categoria\/local\/consejos-disfrutar-excesos-fiestas-ano\">Consejos para disfrutar sin excesos en las fiestas de fin de a\u00f1o. Se refiere Mauricio Orellana, acad\u00e9mico Escuela de Nutrici\u00f3n y Diet\u00e9tica.\u202f\u00a0<\/a><\/p><\/div><div><p>\u00a0<\/p><p><b>DIARIO LA PRENSA<\/b>\u00a0<br \/><a href=\"https:\/\/new.diariolaprensa.cl\/index.php\/2024\/12\/24\/equilibrio-nutricional-es-clave-de-cara-a-celebraciones-de-fin-de-ano\/\">Equilibrio nutricional es clave de cara a celebraciones de fin de a\u00f1o. Se refiere Mauricio Orellana, acad\u00e9mico Escuela de Nutrici\u00f3n y Diet\u00e9tica.\u202f\u00a0<\/a><\/p><\/div><div><p>\u00a0<\/p><p><b>DIARIO EL CENTRO<\/b>\u00a0<br \/><a href=\"https:\/\/www.diarioelcentro.cl\/2024\/12\/24\/responsabilidad-social-utalca-lidera-iniciativas-en-maule-y-otras-regiones-del-pais\/\">Responsabilidad social: UTalca lidera iniciativas en Maule y otras regiones del pa\u00eds. Se menciona la Universidad de Talca.\u00a0<\/a><\/p><\/div><div><p>\u00a0<\/p><p><b>TV5<\/b>\u00a0<br \/><a href=\"https:\/\/www.tv5.cl\/categoria\/local\/utalca-destaca-liderar-iniciativas-responsabilidad-social\">UTalca destaca por liderar iniciativas de responsabilidad social. Se menciona la Universidad de Talca.\u00a0<\/a><\/p><\/div><div><p>\u00a0<\/p><p><b>PORTAL RED SALUD<\/b>\u00a0<br \/><a href=\"https:\/\/portalredsalud.cl\/2024\/12\/23\/neumonia-por-mycoplasma-como-prevenir-contagio-de-esta-bacteria-que-prevalece-en-primavera-verano\/\">Neumon\u00eda por mycoplasma: \u00bfC\u00f3mo prevenir contagio de esta bacteria que prevalece en primavera-verano? Se refiere \u00c9rika Contreras, directora del Departamento de Salud P\u00fablica.\u00a0<\/a><\/p><\/div><div><p>\u00a0<\/p><p><b>PORTAL RED SALUD<\/b>\u00a0<br \/><a href=\"https:\/\/portalredsalud.cl\/2024\/12\/23\/rehabilitacion-oral-una-oportunidad-para-mejorar-la-calidad-de-vida-de-personas-desdentadas\/\">Rehabilitaci\u00f3n oral: una oportunidad para mejorar la calidad de vida de personas desdentadas. Se refiere Teresa Az\u00f3car, acad\u00e9mica de la Facultad de Odontolog\u00eda.\u00a0<\/a><\/p><\/div><div><p>\u00a0<\/p><p><b>PORTAL RED SALUD<\/b>\u00a0<br \/><a href=\"https:\/\/portalredsalud.cl\/2024\/12\/23\/entregan-consejos-para-prevenir-enfermedades-relacionadas-con-las-piscinas\/\">Entregan consejos para prevenir enfermedades relacionadas con las piscinas. Se refiere Claudia Zenteno C\u00e1ceres, directora del Departamento de Ciencias del Cuidado.\u00a0<\/a><\/p><\/div><div>\u00a0<\/div><div><b>DIARIO EL CENTRO<\/b>\u00a0<br \/><a href=\"https:\/\/www.diarioelcentro.cl\/2024\/12\/24\/carceles-otra-vez\/\">C\u00e1rceles, otra vez. Se refiere Diego Palomo, acad\u00e9mico de la Facultad de Ciencias Jur\u00eddicas y Sociales.\u00a0<\/a><\/div><div>\u00a0<\/div><div><b>DIARIO EL CENTRO<\/b>\u00a0<br \/><a href=\"https:\/\/www.diarioelcentro.cl\/2024\/12\/24\/acreditaciones-de-universidades-en-epoca-de-lavado-de-imagen\/\">Acreditaciones de Universidades en \u00e9poca de lavado de imagen. Se refiere Diego Palomo, acad\u00e9mico de la Facultad de Ciencias Jur\u00eddicas y Sociales.\u00a0<\/a><\/div><div>\u00a0<\/div><div><p><b>AD PRENSA<\/b>\u00a0<br \/><a href=\"https:\/\/www.adprensa.cl\/cronica\/invitan-a-participar-de-cursos-cientificos-de-verano-en-la-utalca\/\">Invitan a participar de cursos cient\u00edficos de verano en la UTalca. Se refiere C\u00e9sar Retamal, jefe de la Unidad de Divulgaci\u00f3n de la Direcci\u00f3n General de Vinculaci\u00f3n\u202fy Lorena Niedmann, acad\u00e9mica del Instituto de Ciencias Biol\u00f3gicas.\u00a0<\/a><\/p><\/div><div>\u00a0<\/div><div><b>DIARIO EL CENTRO<\/b>\u00a0<br \/><a href=\"https:\/\/www.diarioelcentro.cl\/2024\/12\/24\/disfruta-sin-culparecomendaciones-de-un-experto-para-disfrutar-sin-excesos-en-estas-fiestas\/\">\u00a1Disfruta sin culpa! Recomendaciones de un experto para disfrutar sin excesos en estas fiestas. Se refiere Mauricio Orellana, acad\u00e9mico Escuela de Nutrici\u00f3n y Diet\u00e9tica.\u202f\u00a0<\/a><\/div><div><b>\u00a0<\/b><\/div><div><b>MEDIABANCO<\/b>\u00a0<br \/><a href=\"https:\/\/www.mediabanco.com\/invitan-a-participar-de-cursos-cientificos-de-verano-en-la-utalca\/\">Invitan a participar de cursos cient\u00edficos de verano en la UTalca. Se refiere C\u00e9sar Retamal, jefe de la Unidad de Divulgaci\u00f3n de la Direcci\u00f3n General de Vinculaci\u00f3n con el Medio\u202fy Lorena Niedmann, acad\u00e9mica del Instituto de Ciencias Biol\u00f3gicas.<\/a>\u00a0<\/div><div><b>\u00a0<\/b><\/div><div><p><b>MAULE NEWS<\/b>\u00a0<br \/><a href=\"https:\/\/www.maulenews.com\/2024\/12\/invitan-participar-de-cursos.html\">Invitan a participar de cursos cient\u00edficos de verano en la UTalca. Se refiere C\u00e9sar Retamal, jefe de la Unidad de Divulgaci\u00f3n de la Direcci\u00f3n General de Vinculaci\u00f3n con el Medio\u202fy Lorena Niedmann, acad\u00e9mica del Instituto de Ciencias Biol\u00f3gicas.\u00a0<\/a><\/p><\/div><div>\u00a0<\/div><div><b>CNN CHILE<\/b>\u00a0<br \/><a href=\"https:\/\/www.cnnchile.com\/servicios\/vacaciones-jardines-y-parques-en-chile-para-escapar-de-las-altas-temperaturas-este-verano_20241224\/\">Vacaciones: Jardines y parques en Chile para escapar de las altas temperaturas este verano. Se menciona la Universidad de Talca.\u00a0<\/a><\/div><div>\u00a0<\/div><div><b>PUBLIMICRO<\/b>\u00a0<br \/><a href=\"https:\/\/publimicro.cl\/invitan-a-participar-de-cursos-cientificos-de-verano-en-la-universidad-de-talca\/\">Invitan a participar de cursos cient\u00edficos de verano en la Universidad de Talca. Se refiere Lorena Niedmann, acad\u00e9mica del Instituto de Ciencias Biol\u00f3gicas.<\/a>\u00a0<\/div><div><b>\u00a0<\/b><\/div><div><b>DIARIO EL CENTRO<\/b>\u00a0<br \/><a href=\"https:\/\/www.diarioelcentro.cl\/2024\/12\/25\/universidad-de-talca-impartira-cursos-de-biologia-y-quimica-durante-el-verano\/\">Universidad de Talca impartir\u00e1 cursos de biolog\u00eda y qu\u00edmica durante el verano. Se refiere Lorena Niedmann, acad\u00e9mica del Instituto de Ciencias Biol\u00f3gicas\u00a0<\/a><\/div><div>\u00a0<\/div><div><p><b>OSORNO EN LA RED<\/b>\u00a0<br \/><a href=\"http:\/\/osornoenlared.cl\/2024\/12\/25\/recomendaciones-saludables-para-no-excederse-durante-las-celebraciones-de-fin-de-ano\/\">Recomendaciones saludables para no excederse durante las celebraciones de fin de a\u00f1o. Se refiere Mauricio Orellana, acad\u00e9mico Escuela de Nutrici\u00f3n y Diet\u00e9tica.\u202f\u00a0<\/a><\/p><\/div><div><p>\u00a0<\/p><p><b>RADIO LAUTARO<\/b>\u00a0<br \/><a href=\"https:\/\/radiolautarotalca.cl\/experto-entrega-recomendaciones-para-celebraciones-de-fin-de-ano\/\">Experto entrega recomendaciones para celebraciones de fin de a\u00f1o. Se refiere Mauricio Orellana, acad\u00e9mico Escuela de Nutrici\u00f3n.\u202f\u00a0<\/a><\/p><\/div><div><p>\u00a0<\/p><p><b>G5 NOTICIA<\/b>\u00a0<br \/><a href=\"https:\/\/g5noticias.cl\/2024\/12\/25\/sindrome-del-tunel-carpiano-como-prevenir-esta-comun-enfermedad-de-las-manos\/\">S\u00edndrome del T\u00fanel Carpiano: \u00bfC\u00f3mo prevenir esta com\u00fan enfermedad de las manos? Se refiere Sibila Floriano Landim, acad\u00e9mica de la Escuela de Terapia Ocupacional\u202f\u00a0<\/a><\/p><\/div>\t\t\t\t\t\t<\/div>\n\t\t\t\t<\/div>\n\t\t\t\t\t<\/div>\n\t\t<\/div>\n\t\t\t\t\t\t\t<\/div>\n\t\t<\/section>\n\t\t\t\t\t\t<\/div>\n\t\t\t\t\t<\/div>\n\t\t","protected":false},"excerpt":{"rendered":"<p>LA TERCERA\u202f\u00a0En 2024: 17 universidades del pa\u00eds est\u00e1n acreditadas con nivel de excelencia. Se refiere Eduardo \u00c1lvarez, director general de Aseguramiento de la Calidad y Planificaci\u00f3n.\u00a0INOTICIAS\u202f\u00a0En 2024: 17 universidades del pa\u00eds est\u00e1n acreditadas con nivel de excelencia. Se refiere Eduardo \u00c1lvarez, director general de Aseguramiento de la Calidad y Planificaci\u00f3n.\u202f\u00a0\u00a0EL MOSTRADOR\u202f\u00a0\u00bfC\u00f3mo afecta el cambio clim\u00e1tico &hellip;<\/p>\n<p class=\"read-more\"> <a class=\"\" href=\"https:\/\/www.reportedeprensa.utalca.cl\/?p=11229\"> <span class=\"screen-reader-text\">26 de diciembre 2024<\/span> Read More &raquo;<\/a><\/p>\n","protected":false},"author":1,"featured_media":0,"comment_status":"closed","ping_status":"open","sticky":false,"template":"","format":"standard","meta":{"_monsterinsights_skip_tracking":false,"_monsterinsights_sitenote_active":false,"_monsterinsights_sitenote_note":"","_monsterinsights_sitenote_category":0},"categories":[55],"tags":[],"_links":{"self":[{"href":"https:\/\/www.reportedeprensa.utalca.cl\/index.php?rest_route=\/wp\/v2\/posts\/11229"}],"collection":[{"href":"https:\/\/www.reportedeprensa.utalca.cl\/index.php?rest_route=\/wp\/v2\/posts"}],"about":[{"href":"https:\/\/www.reportedeprensa.utalca.cl\/index.php?rest_route=\/wp\/v2\/types\/post"}],"author":[{"embeddable":true,"href":"https:\/\/www.reportedeprensa.utalca.cl\/index.php?rest_route=\/wp\/v2\/users\/1"}],"replies":[{"embeddable":true,"href":"https:\/\/www.reportedeprensa.utalca.cl\/index.php?rest_route=%2Fwp%2Fv2%2Fcomments&post=11229"}],"version-history":[{"count":4,"href":"https:\/\/www.reportedeprensa.utalca.cl\/index.php?rest_route=\/wp\/v2\/posts\/11229\/revisions"}],"predecessor-version":[{"id":11233,"href":"https:\/\/www.reportedeprensa.utalca.cl\/index.php?rest_route=\/wp\/v2\/posts\/11229\/revisions\/11233"}],"wp:attachment":[{"href":"https:\/\/www.reportedeprensa.utalca.cl\/index.php?rest_route=%2Fwp%2Fv2%2Fmedia&parent=11229"}],"wp:term":[{"taxonomy":"category","embeddable":true,"href":"https:\/\/www.reportedeprensa.utalca.cl\/index.php?rest_route=%2Fwp%2Fv2%2Fcategories&post=11229"},{"taxonomy":"post_tag","embeddable":true,"href":"https:\/\/www.reportedeprensa.utalca.cl\/index.php?rest_route=%2Fwp%2Fv2%2Ftags&post=11229"}],"curies":[{"name":"wp","href":"https:\/\/api.w.org\/{rel}","templated":true}]}}