{"id":1124,"date":"2021-06-03T09:36:44","date_gmt":"2021-06-03T12:36:44","guid":{"rendered":"https:\/\/www.reportedeprensa.utalca.cl\/?p=1124"},"modified":"2021-06-03T10:05:43","modified_gmt":"2021-06-03T13:05:43","slug":"03-de-junio-de-2021","status":"publish","type":"post","link":"https:\/\/www.reportedeprensa.utalca.cl\/?p=1124","title":{"rendered":"03 de junio de 2021"},"content":{"rendered":"\t\t<div data-elementor-type=\"wp-post\" data-elementor-id=\"1124\" class=\"elementor elementor-1124\" data-elementor-settings=\"[]\">\n\t\t\t\t\t\t\t<div class=\"elementor-section-wrap\">\n\t\t\t\t\t\t\t<section class=\"elementor-section elementor-top-section elementor-element elementor-element-a06ca45 elementor-section-boxed elementor-section-height-default elementor-section-height-default\" data-id=\"a06ca45\" data-element_type=\"section\">\n\t\t\t\t\t\t<div class=\"elementor-container elementor-column-gap-default\">\n\t\t\t\t\t<div class=\"elementor-column elementor-col-100 elementor-top-column elementor-element elementor-element-1486c35\" data-id=\"1486c35\" data-element_type=\"column\">\n\t\t\t<div class=\"elementor-widget-wrap elementor-element-populated\">\n\t\t\t\t\t\t\t\t<div class=\"elementor-element elementor-element-42b145e elementor-widget elementor-widget-text-editor\" data-id=\"42b145e\" data-element_type=\"widget\" data-widget_type=\"text-editor.default\">\n\t\t\t\t<div class=\"elementor-widget-container\">\n\t\t\t\t\t\t\t\t<p><b>CANAL CNN CHILE<\/b><\/p><p><a style=\"font-style: inherit; font-weight: inherit; background-color: #ffffff; font-family: -apple-system, BlinkMacSystemFont,;\" href=\"https:\/\/www.litoralpress.cl\/Archivos\/K76V6KXWTQSXAV62DL23HKJZHQ.mp4\" target=\"_blank\" rel=\"noopener\">Hoy es noticia. Estudio UTalca: 84,5% de los teletrabajadores cree que su carga aument\u00f3.<\/a><\/p><p>\u00a0<\/p><p><b>CANAL CNN CHILE<\/b><\/p><p><a style=\"font-style: inherit; font-weight: inherit; background-color: #ffffff; font-family: -apple-system, BlinkMacSystemFont,;\" href=\"https:\/\/www.litoralpress.cl\/Archivos\/K76V6KXWTQSXAV62DL23HKJZHQ.mp4\" target=\"_blank\" rel=\"noopener\">Estudio UTalca: 84,5% de los teletrabajadores cree que su carga aument\u00f3.<\/a><\/p><p>\u00a0<\/p><p><b>RADIO DUNA<\/b><\/p><p><a style=\"font-style: inherit; font-weight: inherit; background-color: #ffffff; font-family: -apple-system, BlinkMacSystemFont,;\" href=\"https:\/\/www.litoralpress.cl\/Archivos\/DMXT3QP7BZ64ZM6MVTWPRQ6ADE.mp3\" target=\"_blank\" rel=\"noopener\">Estudio de la UTalca sobre teletrabajo. Entrevista a periodista a Daniel P\u00e9rez.<\/a><\/p><p>\u00a0<\/p><p><b>DUNA.CL<\/b><\/p><p><a style=\"font-style: inherit; font-weight: inherit; background-color: #ffffff; font-family: -apple-system, BlinkMacSystemFont,;\" href=\"https:\/\/www.duna.cl\/programa\/ahora-en-duna\/2021\/06\/02\/daniel-perez-mas-del-62-de-los-consultados-manifestaron-que-les-gustaria-hacer-teletrabajo-en-el-futuro\/\" target=\"_blank\" rel=\"noopener\">Daniel P\u00e9rez: \u201cM\u00e1s del 62% de los consultados manifestaron que les gustar\u00eda hacer teletrabajo en el futuro\u201d.<\/a><\/p><p>\u00a0<\/p><p><b>RADIOIMAGINA.CL<\/b><\/p><p><a style=\"font-style: inherit; font-weight: inherit; background-color: #ffffff; font-family: -apple-system, BlinkMacSystemFont,;\" href=\"https:\/\/www.radioimagina.cl\/2021\/06\/teletrabajo-estudio-revela-sobrecarga-laboral-y-deterioro-mental\/\" target=\"_blank\" rel=\"noopener\">Teletrabajo: Estudio revela sobrecarga laboral y deterioro mental. Se refiere Felipe Arenas, director del MBA de Administraci\u00f3n de Empresas de la UTalca.<\/a><\/p><p>\u00a0<\/p><p><b>RADIO AMIGA<\/b><\/p><p><a style=\"font-style: inherit; font-weight: inherit; background-color: #ffffff; font-family: -apple-system, BlinkMacSystemFont,;\" href=\"https:\/\/www.litoralpress.cl\/Archivos\/BMTHWTHG73BOAQE2WXBRYFTONI.mp3\" target=\"_blank\" rel=\"noopener\">84,3% de los teletrabajadores creen que su carga laboral ha aumentado. Se refiere estudiante Mauricio Avenda\u00f1o.<\/a><\/p><p>\u00a0<\/p><p><b>ENLINEAMAULE.CL<\/b><\/p><p><a style=\"font-style: inherit; font-weight: inherit; background-color: #ffffff; font-family: -apple-system, BlinkMacSystemFont,;\" href=\"https:\/\/enlineamaule.cl\/archivo\/43781\" target=\"_blank\" rel=\"noopener\">Estudio realizado por la Universidad de Talca arroj\u00f3 que el 84,3% de los teletrabajadores por pandemia cree que su carga laboral ha aumentado.<\/a><\/p><p>\u00a0<\/p><p><b>ELMAULEINFORMA.CL<\/b><\/p><p><a style=\"font-style: inherit; font-weight: inherit; background-color: #ffffff; font-family: -apple-system, BlinkMacSystemFont,;\" href=\"https:\/\/elmauleinforma.cl\/estudio-utalca-843-de-teletrabajadores-por-pandemia-cree-que-su-carga-laboral-ha-aumentado\/\" target=\"_blank\" rel=\"noopener\">Estudio UTalca: 84,3% de teletrabajadores por pandemia cree que su carga laboral ha aumentado.<\/a><\/p><p>\u00a0<\/p><p><b>LINARESENLINEA.CL<\/b><\/p><p><a style=\"font-style: inherit; font-weight: inherit; background-color: #ffffff; font-family: -apple-system, BlinkMacSystemFont,;\" href=\"https:\/\/www.linaresenlinea.cl\/2021\/06\/02\/estudio-utalca-843-de-teletrabajadores-por-pandemia-cree-que-su-carga-laboral-ha-aumentado\/\" target=\"_blank\" rel=\"noopener\">Estudio UTalca: 84,3% de teletrabajadores por pandemia cree que su carga laboral ha aumentado.<\/a><\/p><p>\u00a0<\/p><p><b>CHILE.LADEVI.INFO<\/b><\/p><p><a style=\"font-style: inherit; font-weight: inherit; background-color: #ffffff; font-family: -apple-system, BlinkMacSystemFont,;\" href=\"https:\/\/chile.ladevi.info\/teletrabajo\/teletrabajo-chile-73-deterioro-salud-mental-n31168\" target=\"_blank\" rel=\"noopener\">Teletrabajo en Chile: 73% de deterioro en salud mental. Se menciona estudio de la UTalca.<\/a><\/p><p>\u00a0<\/p><p><b>EL HERALDO<\/b><\/p><p><a style=\"font-style: inherit; font-weight: inherit; background-color: #ffffff; font-family: -apple-system, BlinkMacSystemFont,;\" href=\"https:\/\/www.litoralpress.cl\/paginaconsultas\/Servicios_NClip\/Get_Imagen_Nota.aspx?LPKey=K4IAKDE5YJQHPAA7Q2AD4BMBMTFXZUKAWSMUH6RM777VPFMFBORXKJTT6WA7SVV36N2KTX4D7KPA4\" target=\"_blank\" rel=\"noopener\">CFT Estatal del Maule realiz\u00f3 ceremonia de \u201cPrimera Piedra\u201d de su edificio institucional. Se refiere Marco Molina, vicerrector acad\u00e9mico de la UTalca.<\/a><\/p><p>\u00a0<\/p><p><b>EL LECTOR<\/b><\/p><p><a style=\"font-style: inherit; font-weight: inherit; background-color: #ffffff; font-family: -apple-system, BlinkMacSystemFont,;\" href=\"https:\/\/www.litoralpress.cl\/paginaconsultas\/Servicios_NClip\/Get_Imagen_Nota.aspx?LPKey=IPW3YZ24DJNBQWNMH2H5DV63SWBUGOTV3XMTSDTFG5BZ7ZGC6IA5EPJTF5HHQWFL74DLBM7GUBZ2C\" target=\"_blank\" rel=\"noopener\">CFT Estatal del Maule realiz\u00f3 emotiva ceremonia le \u201cPrimera Piedra\u201d de su edificio Institucional. Se refiere Marco Molina, vicerrector acad\u00e9mico de la UTalca.<\/a><\/p><p>\u00a0<\/p><p><b>ADPRENSA.CL<\/b><\/p><p><a style=\"font-style: inherit; font-weight: inherit; background-color: #ffffff; font-family: -apple-system, BlinkMacSystemFont,;\" href=\"https:\/\/www.adprensa.cl\/actividades-academicas\/academico-utalca-microempresas-deben-perder-el-miedo-a-lo-digital-para-sobrevivir-en-el-mercado\/\" target=\"_blank\" rel=\"noopener\">Acad\u00e9mico UTalca: microempresas deben perder el miedo a lo digital para sobrevivir en el mercado.<\/a><\/p><p>\u00a0<\/p><p><b>REDMAULE.COM<\/b><\/p><p><a style=\"font-style: inherit; font-weight: inherit; background-color: #ffffff; font-family: -apple-system, BlinkMacSystemFont,;\" href=\"https:\/\/www.redmaule.com\/nacional\/microempresas-y-la-necesaria-incorporacion-al-mundo-digital-para\" target=\"_blank\" rel=\"noopener\">Microempresas y la necesaria incorporaci\u00f3n al mundo digital para sobrevivir en el mercado. Se refiere Yerko Cort\u00e9s, acad\u00e9mico de la Facultad de Econom\u00eda y Negocios (FEN) de la UTalca.<\/a><\/p><p>\u00a0<\/p><p><b>DIALOGOSUR.CL<\/b><\/p><p><a style=\"font-style: inherit; font-weight: inherit; background-color: #ffffff; font-family: -apple-system, BlinkMacSystemFont,;\" href=\"https:\/\/dialogosur.cl\/microempresas-deben-perder-el-miedo-a-lo-digital-para-sobrevivir-en-el-mercado\/\" target=\"_blank\" rel=\"noopener\">Microempresas deben perder el miedo a lo digital para sobrevivir en el mercado. Se refiere Yerko Cort\u00e9s, acad\u00e9mico de la Facultad de Econom\u00eda y Negocios (FEN) de la UTalca.<\/a><\/p><p>\u00a0<\/p><p><b>G5NOTICIAS.CL<\/b><\/p><p><a style=\"font-style: inherit; font-weight: inherit; background-color: #ffffff; font-family: -apple-system, BlinkMacSystemFont,;\" href=\"https:\/\/g5noticias.cl\/2021\/06\/03\/academico-utalca-microempresas-deben-perder-el-miedo-a-lo-digital-para-sobrevivir-en-el-mercado\/\" target=\"_blank\" rel=\"noopener\">Acad\u00e9mico UTalca: microempresas deben perder el miedo a lo digital para sobrevivir en el mercado.<\/a><\/p><p>\u00a0<\/p><p><b>RADIOPOLAR.COM<\/b><\/p><p><a style=\"font-style: inherit; font-weight: inherit; background-color: #ffffff; font-family: -apple-system, BlinkMacSystemFont,;\" href=\"http:\/\/radiopolar.com\/noticia_167295.html\" target=\"_blank\" rel=\"noopener\">Convenci\u00f3n Constitucional tendr\u00e1 la facultad de modificar los s\u00edmbolos patrios como la bandera, el himno o el escudo. Se refiere Mar\u00eda Ignacia Sandoval, acad\u00e9mica del Centro de Estudios Constitucionales de Chile (CECOCH) de la UTalca.<\/a><\/p><p>\u00a0<\/p><p><b>INNOVACIONCHILENA.CL<\/b><\/p><p><a style=\"font-style: inherit; font-weight: inherit; background-color: #ffffff; font-family: -apple-system, BlinkMacSystemFont,;\" href=\"https:\/\/innovacionchilena.cl\/fia-presenta-innovaciones-agricolas-para-afrontar-el-cambio-climatico\/\" target=\"_blank\" rel=\"noopener\">FIA presenta innovaciones agr\u00edcolas para afrontar el cambio clim\u00e1tico. Se menciona a la UTalca.<\/a><\/p><p>\u00a0<\/p><p><b>CANAL CNN CHILE<\/b><\/p><p><a style=\"font-style: inherit; font-weight: inherit; background-color: #ffffff; font-family: -apple-system, BlinkMacSystemFont,;\" href=\"https:\/\/www.litoralpress.cl\/Archivos\/5BRZBBI2A37J5B6KNC4IJDM4WY.mp4\" target=\"_blank\" rel=\"noopener\">Entrevista a Mauricio Morales, director del Centro de An\u00e1lisis Pol\u00edtico (CAP) de la UTalca.<\/a><\/p><p>\u00a0<\/p><p><b>CNNCHILE.COM<\/b><\/p><p><a style=\"font-style: inherit; font-weight: inherit; background-color: #ffffff; font-family: -apple-system, BlinkMacSystemFont,;\" href=\"https:\/\/www.cnnchile.com\/lodijeronencnn\/morales-cuenta-publica-pinera-derrotas_20210602\/\" target=\"_blank\" rel=\"noopener\">Morales por Cuenta P\u00fablica del Presidente Pi\u00f1era: \u201cFue un discurso que explica 5 derrotas de su administraci\u00f3n\u201d.<\/a><\/p><p>\u00a0<\/p><p><b>CANAL MEGA PLUS<\/b><\/p><p><a style=\"font-style: inherit; font-weight: inherit; background-color: #ffffff; font-family: -apple-system, BlinkMacSystemFont,;\" href=\"https:\/\/www.litoralpress.cl\/Archivos\/6PXUEMS5VA2NR5GM5UYIHNEEQU.mp4\" target=\"_blank\" rel=\"noopener\">\u00daltima cuenta p\u00fablica del Presidente Pi\u00f1era. Se refiere Mauricio Morales, director del Centro de An\u00e1lisis Pol\u00edtico (CAP) de la UTalca.<\/a><\/p><p>\u00a0<\/p><p><b>CANAL MEGA PLUS<\/b><\/p><p><a style=\"font-style: inherit; font-weight: inherit; background-color: #ffffff; font-family: -apple-system, BlinkMacSystemFont,;\" href=\"https:\/\/www.litoralpress.cl\/Archivos\/KU6NBZINWEI76MTCT6BLOO5O6E.mp4\" target=\"_blank\" rel=\"noopener\">Meganoticias Alerta: \u00daltima cuenta p\u00fablica del Presidente Pi\u00f1era. Se refiere Mauricio Morales, director del Centro de An\u00e1lisis Pol\u00edtico (CAP) de la UTalca.<\/a><\/p>\t\t\t\t\t\t<\/div>\n\t\t\t\t<\/div>\n\t\t\t\t\t<\/div>\n\t\t<\/div>\n\t\t\t\t\t\t\t<\/div>\n\t\t<\/section>\n\t\t\t\t\t\t<\/div>\n\t\t\t\t\t<\/div>\n\t\t","protected":false},"excerpt":{"rendered":"<p>CANAL CNN CHILE Hoy es noticia. Estudio UTalca: 84,5% de los teletrabajadores cree que su carga aument\u00f3. \u00a0 CANAL CNN CHILE Estudio UTalca: 84,5% de los teletrabajadores cree que su carga aument\u00f3. \u00a0 RADIO DUNA Estudio de la UTalca sobre teletrabajo. Entrevista a periodista a Daniel P\u00e9rez. \u00a0 DUNA.CL Daniel P\u00e9rez: \u201cM\u00e1s del 62% de &hellip;<\/p>\n<p class=\"read-more\"> <a class=\"\" href=\"https:\/\/www.reportedeprensa.utalca.cl\/?p=1124\"> <span class=\"screen-reader-text\">03 de junio de 2021<\/span> Read More &raquo;<\/a><\/p>\n","protected":false},"author":1,"featured_media":0,"comment_status":"closed","ping_status":"open","sticky":false,"template":"elementor_theme","format":"standard","meta":{"_monsterinsights_skip_tracking":false,"_monsterinsights_sitenote_active":false,"_monsterinsights_sitenote_note":"","_monsterinsights_sitenote_category":0},"categories":[9],"tags":[],"_links":{"self":[{"href":"https:\/\/www.reportedeprensa.utalca.cl\/index.php?rest_route=\/wp\/v2\/posts\/1124"}],"collection":[{"href":"https:\/\/www.reportedeprensa.utalca.cl\/index.php?rest_route=\/wp\/v2\/posts"}],"about":[{"href":"https:\/\/www.reportedeprensa.utalca.cl\/index.php?rest_route=\/wp\/v2\/types\/post"}],"author":[{"embeddable":true,"href":"https:\/\/www.reportedeprensa.utalca.cl\/index.php?rest_route=\/wp\/v2\/users\/1"}],"replies":[{"embeddable":true,"href":"https:\/\/www.reportedeprensa.utalca.cl\/index.php?rest_route=%2Fwp%2Fv2%2Fcomments&post=1124"}],"version-history":[{"count":4,"href":"https:\/\/www.reportedeprensa.utalca.cl\/index.php?rest_route=\/wp\/v2\/posts\/1124\/revisions"}],"predecessor-version":[{"id":1128,"href":"https:\/\/www.reportedeprensa.utalca.cl\/index.php?rest_route=\/wp\/v2\/posts\/1124\/revisions\/1128"}],"wp:attachment":[{"href":"https:\/\/www.reportedeprensa.utalca.cl\/index.php?rest_route=%2Fwp%2Fv2%2Fmedia&parent=1124"}],"wp:term":[{"taxonomy":"category","embeddable":true,"href":"https:\/\/www.reportedeprensa.utalca.cl\/index.php?rest_route=%2Fwp%2Fv2%2Fcategories&post=1124"},{"taxonomy":"post_tag","embeddable":true,"href":"https:\/\/www.reportedeprensa.utalca.cl\/index.php?rest_route=%2Fwp%2Fv2%2Ftags&post=1124"}],"curies":[{"name":"wp","href":"https:\/\/api.w.org\/{rel}","templated":true}]}}