{"id":11249,"date":"2024-12-30T11:10:25","date_gmt":"2024-12-30T14:10:25","guid":{"rendered":"https:\/\/www.reportedeprensa.utalca.cl\/?p=11249"},"modified":"2024-12-30T11:11:04","modified_gmt":"2024-12-30T14:11:04","slug":"30-de-diciembre-2024","status":"publish","type":"post","link":"https:\/\/www.reportedeprensa.utalca.cl\/?p=11249","title":{"rendered":"30 de diciembre 2024"},"content":{"rendered":"\t\t<div data-elementor-type=\"wp-post\" data-elementor-id=\"11249\" class=\"elementor elementor-11249\" data-elementor-settings=\"[]\">\n\t\t\t\t\t\t\t<div class=\"elementor-section-wrap\">\n\t\t\t\t\t\t\t<section class=\"elementor-section elementor-top-section elementor-element elementor-element-bcea1a8 elementor-section-boxed elementor-section-height-default elementor-section-height-default\" data-id=\"bcea1a8\" data-element_type=\"section\">\n\t\t\t\t\t\t<div class=\"elementor-container elementor-column-gap-default\">\n\t\t\t\t\t<div class=\"elementor-column elementor-col-100 elementor-top-column elementor-element elementor-element-e7183bf\" data-id=\"e7183bf\" data-element_type=\"column\">\n\t\t\t<div class=\"elementor-widget-wrap elementor-element-populated\">\n\t\t\t\t\t\t\t\t<div class=\"elementor-element elementor-element-02217b3 elementor-widget elementor-widget-text-editor\" data-id=\"02217b3\" data-element_type=\"widget\" data-widget_type=\"text-editor.default\">\n\t\t\t\t<div class=\"elementor-widget-container\">\n\t\t\t\t\t\t\t\t<div><b data-olk-copy-source=\"MessageBody\">PUBLIMETRO<\/b><\/div><div><a href=\"https:\/\/www.litoralpress.cl\/sitio\/Prensa_PaginaCompleta.cshtml?LPKey=PGRSFGNZKGB5JLIWX2KBWN2Z5PQ4MUM3DNOEPSDZEPP2XAIL3P6Q\">(Portada) Dos de cada tres mujeres no saben c\u00f3mo hacer una denuncia por acoso. Se refiere Jos\u00e9 Manuel C\u00e1rdenas, acad\u00e9mico de la Facultad de Psicolog\u00eda.<\/a><\/div><div><b>\u00a0<\/b><\/div><div><b>LAS \u00daLTIMAS NOTICIAS\u00a0<br \/><\/b><a href=\"https:\/\/www.litoralpress.cl\/sitio\/Prensa_PaginaCompleta.cshtml?LPKey=4T5Z2LP3JYZIVH54GXTLI3ZFTZVDD2AZGWBOH354TKS7OA2MW3VA\">Fotos<\/a><a href=\"https:\/\/www.litoralpress.cl\/sitio\/Prensa_PaginaCompleta.cshtml?LPKey=4T5Z2LP3JYZIVH54GXTLI3ZFTZVDD2AZGWBOH354TKS7OA2MW3VA\"> satelitales explican de d\u00f3nde sali\u00f3 tanta nubosidad este jueves en Santiago. Se refiere Patricio Gonz\u00e1lez Colville, agroclimat\u00f3logo y acad\u00e9mico del Centro de Investigaci\u00f3n y Transferencia en Riego y Agroclimatolog\u00eda (CITRA).\u00a0<\/a><b><br \/><\/b><\/div><div>\u00a0<\/div><div><b>CNN\u00a0CHILE<\/b><\/div><div><a href=\"https:\/\/www.litoralpress.cl\/sitio\/RadioTV_Detalles.cshtml?LPKey=QIW4QQNUEPKMTKNCSVZFY7VWUWQ4CDNHT22VWKB7FSMG4CKXMXA63JP43LM5FSCXULCF6SWH55BVE\">Altas temperaturas marcan el mes de diciembre con alertas rojas por incendios forestales. Se refiere Patricio Gonz\u00e1lez Colville, agroclimat\u00f3logo y acad\u00e9mico del Centro de Investigaci\u00f3n y Transferencia en Riego y Agroclimatolog\u00eda (CITRA).\u00a0<\/a><b><br \/><\/b><\/div><div>\u00a0<\/div><div><b>RADIO ADN<\/b>\u00a0<br \/><a href=\"https:\/\/www.litoralpress.cl\/sitio\/RadioTV_Detalles.cshtml?LPKey=4O6QMUABLKDJ4LJF2OQLFGH47GCYFXJARNU3ENKVVCAFA6YJRH7RIC5LKTSQX7NWKXSNUB2E4DEDI\">Entrevista a Patricio Gonz\u00e1lez Colville, agroclimat\u00f3logo y acad\u00e9mico del Centro de Investigaci\u00f3n y Transferencia en Riego y Agroclimatolog\u00eda (CITRA).\u00a0<\/a><br \/><br \/><\/div><div><b>ADNRADIO.CL<\/b>\u00a0<br \/><a href=\"https:\/\/www.adnradio.cl\/2024\/12\/26\/la-alarmante-proyeccion-de-agroclimatologo-sobre-el-calor-en-la-zona-centro-sur-de-chile-vamos-a-tener-rangos-entre-los-38-y-42-grados-facilmente\/\">La alarmante proyecci\u00f3n de agroclim\u00e1tologo sobre el calor en la zona centro-sur de Chile: \u201cVamos a tener rangos entre los 38 y 42 grados f\u00e1cilmente\u201d. Se refiere Patricio Gonz\u00e1lez Colville, agroclimat\u00f3logo y acad\u00e9mico del Centro de Investigaci\u00f3n y Transferencia en Riego y Agroclimatolog\u00eda (CITRA).\u00a0<\/a><br \/><br \/><\/div><div><b>EL DIARIO DE SANTIAGO<\/b>\u00a0<br \/><a href=\"https:\/\/eldiariodesantiago.cl\/2024\/12\/26\/alarmante-proyeccion-de-agroclimatologo-para-la-zona-centro-sur-vamos-a-tener-rangos-entre-los-38-y-42-grados-facilmente\/\">Alarmante proyecci\u00f3n de agroclimat\u00f3logo para la zona centro-sur: \u201cVamos a tener rangos entre los 38 y 42 grados f\u00e1cilmente\u201d. Se refiere Patricio Gonz\u00e1lez Colville, agroclimat\u00f3logo y acad\u00e9mico del Centro de Investigaci\u00f3n y Transferencia en Riego y Agroclimatolog\u00eda (CITRA).\u00a0<\/a><br \/><br \/><\/div><div><b>MSN CHILE<\/b> \u00a0<br \/><a href=\"https:\/\/www.msn.com\/es-cl\/noticias\/other\/la-alarmante-proyecci%C3%B3n-de-agroclim%C3%A1tologo-sobre-el-calor-en-la-zona-centro-sur-de-chile-vamos-a-tener-rangos-entre-los-38-y-42-grados-f%C3%A1cilmente\/ar-AA1ww5f5\">La alarmante proyecci\u00f3n de agroclimat\u00f3logo sobre el calor en la zona centro-sur de Chile: \u201cVamos a tener rangos entre los 38 y 42 grados f\u00e1cilmente\u201d. Se refiere Patricio Gonz\u00e1lez Colville, agroclimat\u00f3logo y acad\u00e9mico del Centro de Investigaci\u00f3n y Transferencia en Riego y Agroclimatolog\u00eda (CITRA).\u00a0<\/a><br \/><br \/><\/div><div><b>RADIO USACH<\/b>\u00a0<br \/><a href=\"https:\/\/www.litoralpress.cl\/sitio\/RadioTV_Detalles.cshtml?LPKey=S7HROUR7PPYPKJ4HMTHOZ2KNGKWBTRXDPWB5CE5WMB3YBLTQL7RAKDWBKVFQNDYI6NIXZ4BUTSSCQ\">Entrevista a Patricio Gonz\u00e1lez, agroclimat\u00f3logo y acad\u00e9mico del Centro de Investigaci\u00f3n y Transferencia en Riego y Agroclimatolog\u00eda (CITRA).\u00a0<\/a><\/div><div>\u00a0<\/div><div><b>EL MOSTRADOR\u00a0<br \/><\/b><a href=\"https:\/\/www.elmostrador.cl\/noticias\/2024\/12\/26\/diabetes-y-salud-periodontal-claves-para-una-vida-saludable\/\">Diabetes y salud periodontal: Claves para una vida saludable. Se refiere Claudia Descouvieres, acad\u00e9mica de la Escuela de Odontolog\u00eda.\u00a0<\/a><b><br \/><\/b><\/div><div><b>DIARIO EL CENTRO<\/b>\u00a0<br \/><a href=\"https:\/\/www.diarioelcentro.cl\/2024\/12\/27\/diabetes-y-salud-periodontal-claves-para-una-vida-sana\/\">Diabetes y salud periodontal: Claves para una vida sana. Se refiere Claudia Descouvieres, acad\u00e9mica de la Escuela de Odontolog\u00eda.\u00a0<\/a><br \/><br \/><\/div><div><b>DIARIO LA TRIBUNA<\/b>\u00a0<br \/><a href=\"https:\/\/www.latribuna.cl\/salud\/2024\/12\/26\/diabetes-y-salud-periodontal-claves-para-una-vida-saludable.html\">Diabetes y salud periodontal: Claves para una vida saludable. Se refiere Claudia Descouvieres, acad\u00e9mica de la Escuela de Odontolog\u00eda.\u00a0<\/a><\/div><div>\u00a0<\/div><div><b>RADIO INFINITA<\/b><\/div><div><a href=\"https:\/\/www.litoralpress.cl\/sitio\/RadioTV_Detalles.cshtml?LPKey=VNH7UX5E7RYOPJC6YJJMWYGC7UNPWPZWJJAMWMLTDTRU4HKXZ4O5FP3PHZVXNQS7UV5VHH43PFT2I\">Comentario de pol\u00edtica de Mauricio Morales Quiroga, director del Centro de An\u00e1lisis Pol\u00edtico (CAP). \u00a0\u00a0<\/a><\/div><div>\u00a0<\/div><div><b>MEGANOTICIAS.CL<\/b>\u00a0<\/div><div><a href=\"https:\/\/www.meganoticias.cl\/nacional\/471213-columna-mauricio-morales-ministra-orellana-cardenal-fernando-chomali-abordo-sin-causales-fds01-29-12-2024.html\">Columna de Mauricio Morales: &#8220;Orellanizados&#8221;, director del Centro de An\u00e1lisis Pol\u00edtico (CAP). \u00a0\u00a0<\/a><br \/><br \/><\/div><div><b>EMOL\u00a0<br \/><\/b><a href=\"https:\/\/www.emol.com\/noticias\/Nacional\/2024\/12\/29\/1152685\/etcheverry-segegob-voceria-neutral.html\">&#8216;Portavoz&#8217; y cambio de enfoque: El an\u00e1lisis a los primeros d\u00edas de Etcheverry como vocera (s). Se refiere Mario Herrera, acad\u00e9mico del Centro de An\u00e1lisis Pol\u00edtico (CAP)<\/a><\/div><div>\u00a0<\/div><div><b>EL RESUMEN.CL\u00a0<br \/><\/b><a href=\"https:\/\/www.elresumen.cl\/8736-el-fenomeno-de-la-cereza-chilena-en-china-un-mercado-en-auge\">El fen\u00f3meno de la cereza chilena en China: un mercado en auge. Se refiere \u00c1lvaro Sep\u00falveda, acad\u00e9mico del Centro de Pom\u00e1cea<\/a><b>s.\u00a0<\/b><\/div><div>\u00a0<\/div><div><b>DIARIO TALCA<\/b>\u00a0<br \/><a href=\"https:\/\/diariotalca.cl\/el-fenomeno-de-la-cereza-chilena-en-china-un-mercado-en-auge\/\">El fen\u00f3meno de la cereza chilena en China: un mercado en auge. Se refiere \u00c1lvaro Sep\u00falveda, acad\u00e9mico del Centro de Pom\u00e1ceas.\u00a0<\/a><\/div><div>\u00a0<\/div><div><b>PORTAL EDUCA\u00a0<br \/><\/b><a href=\"https:\/\/portaleduca.cl\/pace-utalca-celebra-una-decada-de-logros-y-reconoce-a-la-cuarta-generacion-de-titulados-del-programa\/\">PACE UTalca celebra una d\u00e9cada de logros y reconoce a la cuarta generaci\u00f3n de titulados del programa. Se refiere Carlos Torres Fuchslocher, rector; y Paola Morales, directora de la Direcci\u00f3n de Ciclo de Vida Estudiantil. \u00a0<\/a><b><br \/><\/b><\/div><div>\u00a0<\/div><div><b>EL LECTOR<\/b>\u00a0<br \/><a href=\"https:\/\/www.litoralpress.cl\/sitio\/Prensa_PaginaCompleta.cshtml?LPKey=BIBXU4BDYSKXPL5DXNVASW6WY7OJE6I6WDH3DXTXIU2GKKDHVDSQ\">PACE UTalca celebra una d\u00e9cada de logros y reconoce a la cuarta generaci\u00f3n de titulados del programa. Se refiere Carlos Torres Fuchslocher, rector y Paola Morales, directora de la Direcci\u00f3n de Ciclo de Vida Estudiantil. \u00a0<\/a><br \/><br \/><\/div><div><b>DIARIO TALCA\u00a0<\/b><\/div><div><a href=\"https:\/\/diariotalca.cl\/a-tu-hijo-o-hija-le-gusta-la-ciencia-utalca-invita-a-sus-cursos-cientificos-de-verano\/\">\u00bfA tu hijo o hija le gusta la ciencia? UTalca invita a sus cursos cient\u00edficos de verano. Se refiere Lorena Niedmann, acad\u00e9mica de Instituto de ciencias Biol\u00f3gicas.\u00a0<\/a><\/div><div>\u00a0<\/div><div><b>PORTAL EDUCA<\/b>\u00a0<br \/><a href=\"https:\/\/portaleduca.cl\/invitan-a-participar-de-cursos-cientificos-de-verano-en-la-utalca\/\">Invitan a participar de cursos cient\u00edficos de verano en la UTalca. Se refiere C\u00e9sar Retamal, jefe de la Unidad de Divulgaci\u00f3n de la Direcci\u00f3n General de Vinculaci\u00f3n con el Medio, Pedro Inostroza, coordinador del \u00c1rea de ingl\u00e9s del Programa de Idiomas y Lorena Niedmann, acad\u00e9mica de Instituto de ciencias Biol\u00f3gicas.\u00a0<\/a><b><\/b><\/div><div>\u00a0<\/div><div><b>RADIO CONDELL<\/b>\u00a0<br \/><a href=\"https:\/\/www.litoralpress.cl\/sitio\/RadioTV_Detalles.cshtml?LPKey=PXRFGBJCXT4NS4W7V3QXHGQDWUMVAHU7VVTFF7AKJADEGHZQ7K4UFBBHQUYR2VIHGIV3FVX2L7J4I\">Entrevista con Marcia Silva, directora de la carrera Plan Com\u00fan de Ingenier\u00eda Civil U Talca. \u00a0<\/a><br \/><br \/><\/div><div><b>RADIO ANCOA<\/b>\u00a0<br \/><a href=\"https:\/\/fb.watch\/wOkOkb96IB\/\">Entrevista a Lorena Alaluf, Jefa de Carrera Pedagog\u00eda en Educaci\u00f3n General B\u00e1sica Menci\u00f3n Ingl\u00e9s.\u00a0<\/a><br \/><br \/><\/div><div><b>TVN RED MAULE\u00a0<br \/><\/b><a href=\"https:\/\/www.litoralpress.cl\/sitio\/RadioTV_Detalles.cshtml?LPKey=JS5HFZMRQZLW4MYUZLR7WK6VVM7VMLQEKVWOMSHJAUTCNTJVAPSFI23MMC3BCAQA7LEDA4XGVZFAU\">Vecinos y Pymes se Oponen a Nuevo Cementerio. Se refiere Pamela Cuevas, acad\u00e9mica del Departamento de Salud P\u00fablica. \u00a0<\/a><\/div><div><b><u><a id=\"OWAac002246-40cc-59a5-1d88-e5967bab8514\" class=\"x_x_Hyperlink x_x_SCXW127249475 x_x_BCX0 x_x_OWAAutoLink\" title=\"https:\/\/www.litoralpress.cl\/sitio\/RadioTV_Detalles.cshtml?LPKey=JS5HFZMRQZLW4MYUZLR7WK6VVM7VMLQEKVWOMSHJAUTCNTJVAPSFI23MMC3BCAQA7LEDA4XGVZFAU\" href=\"https:\/\/www.litoralpress.cl\/sitio\/RadioTV_Detalles.cshtml?LPKey=JS5HFZMRQZLW4MYUZLR7WK6VVM7VMLQEKVWOMSHJAUTCNTJVAPSFI23MMC3BCAQA7LEDA4XGVZFAU\" target=\"_blank\" rel=\"noopener noreferrer\" data-auth=\"NotApplicable\" data-linkindex=\"22\"><\/a><\/u><\/b><b> \u00a0<\/b><\/div><div><b>MUNDO AGRO<\/b>\u00a0<br \/><a href=\"https:\/\/mundoagro.cl\/especial-mundoagro-segunda-parte-revisa-las-principales-noticias-que-marcaron-al-sector-este-2024\/\">Especial Mundoagro Segunda Parte: Revisa las principales noticias que marcaron al sector este 2024. Se refiere \u00c1lvaro Sep\u00falveda, acad\u00e9mico del Centro de Pom\u00e1ceas.\u00a0<\/a><br \/><br \/><\/div><div><b>CHILL\u00c1N ONLINE<\/b>\u00a0<br \/><a href=\"https:\/\/www.chillanonline.cl\/V7\/2024\/12\/26\/seminario-aborda-el-uso-de-la-biotecnologia-para-extender-la-vida-util-de-la-frutilla-en-postcosecha\/\">Seminario aborda el uso de la biotecnolog\u00eda para extender la vida \u00fatil de la frutilla en postcosecha. Se refiere Carlos Figueroa, acad\u00e9mico del Instituto de Ciencias Biol\u00f3gicas.\u00a0<\/a><br \/><br \/><\/div><div><b>EL INSULAR<\/b>\u00a0<br \/><a href=\"https:\/\/www.litoralpress.cl\/sitio\/Prensa_PaginaCompleta.cshtml?LPKey=GS5W2EN6IRN5FLOKYNXC4YFFVL4Z2EMKU3RSHA3CJO3B3CUPAP3Q\">Seminario aborda el uso de la biotecnolog\u00eda para extender la vida \u00fatil de la frutilla. Se refiere Carlos Figueroa, acad\u00e9mico del Instituto de Ciencias Biol\u00f3gicas.\u00a0<\/a><br \/><br \/><\/div><div><b>EL RESUMEN.CL<\/b>\u00a0<br \/><a href=\"https:\/\/www.elresumen.cl\/8745-huertas-colaborativas-utalca-ejecuta-proyecto-sustentable-para-su-comunidad\">Huertas colaborativas: UTalca ejecuta proyecto sustentable para su comunidad. Se refiere Karin L\u00f3pez, jefa del Departamento de Sustentabilidad y Loreto N\u00fa\u00f1ez, acad\u00e9mica Departamento de Salud P\u00fablica.\u00a0<\/a><br \/>\u00a0<br \/><b>EL MAULE INFORMA\u00a0<br \/><\/b><a href=\"https:\/\/www.elresumen.cl\/8745-huertas-colaborativas-utalca-ejecuta-proyecto-sustentable-para-su-comunidad\">Huertas colaborativas: UTalca ejecuta proyecto sustentable para su comunidad. Se refiere Karin L\u00f3pez, jefa del Departamento de Sustentabilidad y Loreto N\u00fa\u00f1ez, acad\u00e9mica Departamento de Salud P\u00fablica.\u00a0<\/a><b><br \/><\/b><\/div><div>\u00a0<\/div><div><b>PUBLIMICRO<\/b>\u00a0<br \/><a href=\"https:\/\/publimicro.cl\/huertas-colaborativas-universidad-de-talca-ejecuta-proyecto-sustentable-para-su-comunidad\/\">Huertas colaborativas: UTalca ejecuta proyecto sustentable para su comunidad. Se refiere Karin L\u00f3pez, jefa del Departamento de Sustentabilidad.\u00a0<\/a><\/div><div>\u00a0<\/div><div><b>MOSTOS Y DESTILADOS<\/b>\u00a0<br \/><a href=\"https:\/\/www.chillanonline.cl\/V7\/2024\/12\/29\/congreso-analizo-tendencias-en-costos-y-gestion-de-empresas\/\">Cambio clim\u00e1tico desaf\u00eda la producci\u00f3n de vino chileno. Se refiere Yerko Moreno, director del Centro Tecnol\u00f3gico de la Vid y el Vino.\u00a0<\/a><\/div><div>\u00a0<\/div><div><b>CHILL\u00c1N ONLINE<\/b>\u00a0<br \/><a href=\"https:\/\/www.chillanonline.cl\/V7\/2024\/12\/29\/congreso-analizo-tendencias-en-costos-y-gestion-de-empresas\/\">Congreso analiz\u00f3 tendencias en costos y gesti\u00f3n de empresas. Se refiere Arcadio Cerda, decano Facultad de Econom\u00eda y Negocios. \u00a0<\/a><br \/><br \/><\/div><div><b>DIARIO EL SUR<\/b>\u00a0<br \/><a href=\"https:\/\/www.litoralpress.cl\/sitio\/Prensa_PaginaCompleta.cshtml?LPKey=MKELCBQ7S56FGHRH7MJHW2BU4G3734TAXQNRVMDTWDYFQRUSEJ2A\">Matrimonio igualitario: m\u00e1s de 300 ceremonias y tres divorcios registra el Biob\u00edo. Se menciona la Universidad de Talca.\u00a0<\/a><\/div><div>\u00a0<\/div><div><b>LAS \u00daLTIMAS NOTICIAS<\/b>\u00a0<br \/><a href=\"https:\/\/www.litoralpress.cl\/sitio\/Prensa_PaginaCompleta.cshtml?LPKey=4BOUM4YUU3YFXEIBF2S4IRGQDEVQASNQJ6B3IY6NG7EWPTNUAIYA\">En\u00f3loga chilena ha hecho vino en cinco pa\u00edses: \u00bfqu\u00e9 aprendi\u00f3 en cada uno? Se menciona la Universidad de Talca.\u00a0<\/a><\/div><div>\u00a0<br \/><b>MINISTERIO DE LAS CULTURAS Y LAS ARTES Y EL PATRIMONIO<\/b>\u00a0<br \/><a href=\"https:\/\/www.cultura.gob.cl\/actualidad\/ministerio-de-las-culturas-anuncia-premios-presidente-de-la-republica-2024-a-la-musica-nacional-y-a-las-artes-escenicas\/\">Ministerio de las Culturas anuncia Premios Presidente de la Rep\u00fablica 2024 a la M\u00fasica Nacional y a las Artes Esc\u00e9nicas. Se menciona la Universidad de Talca.\u00a0<\/a><br \/><br \/><\/div><div><b>LA ESTRELLA DE ANTOFAGASTA<\/b>\u00a0<br \/><a href=\"https:\/\/www.litoralpress.cl\/sitio\/Prensa_PaginaCompleta.cshtml?LPKey=5QRGYVIK7UQZS42K43PSIBQIKNMMP6F6GBNB2PBVA5OZA63IZ2DQ\">Estudiantes fueron parte de Multimodal 2024. Se menciona la Universidad de Talca.\u00a0<\/a><br \/><br \/><\/div><div><b>CR\u00d3NICA DE CHILL\u00c1N<\/b>\u00a0<br \/><a href=\"https:\/\/www.litoralpress.cl\/paginaconsultas\/Servicios_NClipSitio\/Get_Imagen_Nota.aspx?LPKey=RNDDM34H5S5ZP3SWTKPRFQZ226CPQ67WQJ5FLOJUPGIAIR3Q2Z4DZUHIPJ2YV37JCDIP2XBHVOF52\">Alumna de Escuela Art\u00edstica gan\u00f3 Premio Municipal. Se menciona la Universidad de Talca.\u00a0<\/a><br \/><br \/><\/div><div><b>EL HERALDO<\/b>\u00a0<br \/><a href=\"https:\/\/www.litoralpress.cl\/paginaconsultas\/Servicios_NClipSitio\/Get_Imagen_Nota.aspx?LPKey=4S2L2QD6UJYH446XEFPXTOEDO52IDXGXRW76XTCDLFEPP25U5XYK5Z4RFKY4SLE6PFPNGSS7B4PPM\">Portada. Se menciona la Universidad de Talca.\u00a0<\/a><br \/><br \/><\/div><div><b>MINCIENCIA.GOB<\/b>\u00a0<br \/><a href=\"https:\/\/minciencia.gob.cl\/noticias\/mas-de-5-mil-millones-de-pesos-para-ciencia-escolar-programa-explora-del-minciencia-adjudica-18-nuevo-proyectos-asociativos-regionales\/\">M\u00e1s de 5 mil millones de pesos para ciencia escolar: programa EXPLORA del MinCiencia adjudica 18 nuevo Proyectos Asociativos Regionales. Sec menciona la Universidad de Talca.\u00a0<\/a><br \/><br \/><\/div><div><b>DIARIO EL CENTRO<\/b>\u00a0<br \/><a href=\"https:\/\/www.diarioelcentro.cl\/2024\/12\/26\/funcionarios-del-hospital-regional-de-talca-llevan-alegria-navidena-a-pacientes-y-personal\/\">Funcionarios del Hospital Regional de Talca llevan alegr\u00eda navide\u00f1a a pacientes y personal. Se menciona la Universidad de Talca.\u00a0<\/a><br \/><br \/><\/div>\t\t\t\t\t\t<\/div>\n\t\t\t\t<\/div>\n\t\t\t\t\t<\/div>\n\t\t<\/div>\n\t\t\t\t\t\t\t<\/div>\n\t\t<\/section>\n\t\t\t\t\t\t<\/div>\n\t\t\t\t\t<\/div>\n\t\t","protected":false},"excerpt":{"rendered":"<p>PUBLIMETRO(Portada) Dos de cada tres mujeres no saben c\u00f3mo hacer una denuncia por acoso. Se refiere Jos\u00e9 Manuel C\u00e1rdenas, acad\u00e9mico de la Facultad de Psicolog\u00eda.\u00a0LAS \u00daLTIMAS NOTICIAS\u00a0Fotos satelitales explican de d\u00f3nde sali\u00f3 tanta nubosidad este jueves en Santiago. Se refiere Patricio Gonz\u00e1lez Colville, agroclimat\u00f3logo y acad\u00e9mico del Centro de Investigaci\u00f3n y Transferencia en Riego y &hellip;<\/p>\n<p class=\"read-more\"> <a class=\"\" href=\"https:\/\/www.reportedeprensa.utalca.cl\/?p=11249\"> <span class=\"screen-reader-text\">30 de diciembre 2024<\/span> Read More &raquo;<\/a><\/p>\n","protected":false},"author":1,"featured_media":0,"comment_status":"closed","ping_status":"open","sticky":false,"template":"","format":"standard","meta":{"_monsterinsights_skip_tracking":false,"_monsterinsights_sitenote_active":false,"_monsterinsights_sitenote_note":"","_monsterinsights_sitenote_category":0},"categories":[55],"tags":[],"_links":{"self":[{"href":"https:\/\/www.reportedeprensa.utalca.cl\/index.php?rest_route=\/wp\/v2\/posts\/11249"}],"collection":[{"href":"https:\/\/www.reportedeprensa.utalca.cl\/index.php?rest_route=\/wp\/v2\/posts"}],"about":[{"href":"https:\/\/www.reportedeprensa.utalca.cl\/index.php?rest_route=\/wp\/v2\/types\/post"}],"author":[{"embeddable":true,"href":"https:\/\/www.reportedeprensa.utalca.cl\/index.php?rest_route=\/wp\/v2\/users\/1"}],"replies":[{"embeddable":true,"href":"https:\/\/www.reportedeprensa.utalca.cl\/index.php?rest_route=%2Fwp%2Fv2%2Fcomments&post=11249"}],"version-history":[{"count":4,"href":"https:\/\/www.reportedeprensa.utalca.cl\/index.php?rest_route=\/wp\/v2\/posts\/11249\/revisions"}],"predecessor-version":[{"id":11253,"href":"https:\/\/www.reportedeprensa.utalca.cl\/index.php?rest_route=\/wp\/v2\/posts\/11249\/revisions\/11253"}],"wp:attachment":[{"href":"https:\/\/www.reportedeprensa.utalca.cl\/index.php?rest_route=%2Fwp%2Fv2%2Fmedia&parent=11249"}],"wp:term":[{"taxonomy":"category","embeddable":true,"href":"https:\/\/www.reportedeprensa.utalca.cl\/index.php?rest_route=%2Fwp%2Fv2%2Fcategories&post=11249"},{"taxonomy":"post_tag","embeddable":true,"href":"https:\/\/www.reportedeprensa.utalca.cl\/index.php?rest_route=%2Fwp%2Fv2%2Ftags&post=11249"}],"curies":[{"name":"wp","href":"https:\/\/api.w.org\/{rel}","templated":true}]}}