{"id":11257,"date":"2025-01-02T09:28:48","date_gmt":"2025-01-02T12:28:48","guid":{"rendered":"https:\/\/www.reportedeprensa.utalca.cl\/?p=11257"},"modified":"2025-01-02T11:56:33","modified_gmt":"2025-01-02T14:56:33","slug":"02-de-enero-2025","status":"publish","type":"post","link":"https:\/\/www.reportedeprensa.utalca.cl\/?p=11257","title":{"rendered":"02 de enero 2025"},"content":{"rendered":"\t\t<div data-elementor-type=\"wp-post\" data-elementor-id=\"11257\" class=\"elementor elementor-11257\" data-elementor-settings=\"[]\">\n\t\t\t\t\t\t\t<div class=\"elementor-section-wrap\">\n\t\t\t\t\t\t\t<section class=\"elementor-section elementor-top-section elementor-element elementor-element-bcea1a8 elementor-section-boxed elementor-section-height-default elementor-section-height-default\" data-id=\"bcea1a8\" data-element_type=\"section\">\n\t\t\t\t\t\t<div class=\"elementor-container elementor-column-gap-default\">\n\t\t\t\t\t<div class=\"elementor-column elementor-col-100 elementor-top-column elementor-element elementor-element-e7183bf\" data-id=\"e7183bf\" data-element_type=\"column\">\n\t\t\t<div class=\"elementor-widget-wrap elementor-element-populated\">\n\t\t\t\t\t\t\t\t<div class=\"elementor-element elementor-element-ef19bea elementor-widget elementor-widget-text-editor\" data-id=\"ef19bea\" data-element_type=\"widget\" data-widget_type=\"text-editor.default\">\n\t\t\t\t<div class=\"elementor-widget-container\">\n\t\t\t\t\t\t\t\t<div><b data-olk-copy-source=\"MessageBody\">LA TERCERA ONLINE\u00a0<br \/><\/b><a href=\"https:\/\/www.latercera.com\/opinion\/noticia\/el-desafio-de-las-universidades-estatales-ante-incertidumbre-del-financiamiento-a-la-innovacion\/7KMBVF5335FW7PZLDS3P7HCOGA\/\">El desaf\u00edo de las universidades estatales ante incertidumbre del financiamiento a la innovaci\u00f3n. Se refiere Ariela Vergara, Directora de Innovaci\u00f3n y Transferencia\u00a0<\/a><b data-olk-copy-source=\"MessageBody\"><br \/><\/b><b><u><a id=\"OWA153a166a-98df-e153-402a-237fa2e37591\" title=\"https:\/\/www.latercera.com\/opinion\/noticia\/el-desafio-de-las-universidades-estatales-ante-incertidumbre-del-financiamiento-a-la-innovacion\/7KMBVF5335FW7PZLDS3P7HCOGA\/\" href=\"https:\/\/www.latercera.com\/opinion\/noticia\/el-desafio-de-las-universidades-estatales-ante-incertidumbre-del-financiamiento-a-la-innovacion\/7KMBVF5335FW7PZLDS3P7HCOGA\/\" target=\"_blank\" rel=\"noopener noreferrer\" data-auth=\"NotApplicable\" data-linkindex=\"0\"><\/a><\/u><\/b><b>\u00a0<\/b><\/div><div><b>INOTICIAS<\/b>\u00a0<br \/><a href=\"https:\/\/www.inoticias.cl\/index.php\/el-desafio-de-las-universidades-estatales-ante-inc\">El desaf\u00edo de las universidades estatales ante incertidumbre del financiamiento a la innovaci\u00f3n. Se refiere Ariela Vergara, Directora de Innovaci\u00f3n y Transferencia\u00a0<\/a><\/div><div>\u00a0<\/div><div><b>EL MERCURIO\u00a0<\/b><\/div><div><a href=\"https:\/\/www.litoralpress.cl\/paginaconsultas\/Servicios_NClipSitio\/Get_Imagen_Nota.aspx?LPKey=ZJU6VDEBPNRRPV5M5A6OXRPZLWE2Y3VKKRTDHJP5U2ECAPXD2Z6ZWVNS4SLLW7CXR76Q4GACVX22G\">\u00bfPor qu\u00e9 algunas personas prefieren lo dulce y otras lo salado? Se refiere Paula Contreras, acad\u00e9mica de la Escuela de Nutrici\u00f3n y Diet\u00e9tica.\u00a0<\/a><b><br \/><\/b><\/div><div>\u00a0<\/div><div><b>RADIO FUTURA<\/b>\u00a0<br \/><a href=\"https:\/\/www.litoralpress.cl\/sitio\/RadioTV_Detalles.cshtml?LPKey=FOVGWUUKYNE2YXZQDVTFLYRR76DWBCWUKDG7IWCGS5W5EBVYZZ6V6HMOXQ2DZDOIR5ORVTENZFGL4\">Entrevista a Tania Mascar\u00f3, jefa de admisi\u00f3n y acceso.\u00a0<\/a><br \/><br \/><\/div><div><b>ANCOA RADIO\u00a0<br \/><\/b><a href=\"https:\/\/www.litoralpress.cl\/sitio\/RadioTV_Detalles.cshtml?LPKey=MM656Y5VJN3L26THMHBNUL6LR5PGWXGQ3XXMQTW65AIGDU5OENGWVUQKT2DOPURO5QJS6NEJT7QNW\">Entrevista Lorena Alaluf,\u00a0 jefa de Carrera Pedagog\u00eda en Educaci\u00f3n General B\u00e1sica Menci\u00f3n Ingl\u00e9s.\u00a0<\/a><b><br \/><\/b><\/div><div>\u00a0<\/div><div><b>RADIO NUESTRA\u00a0<\/b><\/div><div><a href=\"https:\/\/www.litoralpress.cl\/sitio\/RadioTV_Detalles.cshtml?LPKey=NCAQAXLMWEJQTH6MU5BXYFGMV7KAPRR35HL274VUMH3E6E4S5ZJTW2T2756HIBMM2WSXGDYO4GAZ6\">Entrevista a Marcia Silva, directora de la carrera de Ingenier\u00eda Civil. \u00a0<\/a><\/div><div>\u00a0<\/div><div><b>RADIO BIOB\u00cdO\u00a0<\/b><\/div><div><a href=\"https:\/\/www.litoralpress.cl\/sitio\/RadioTV_Detalles.cshtml?LPKey=WUTTRJOUCYN3YPO6JMSVK35GXC27ZT7VILKGIFIZ62EZFTPRONPTQQNHYAVZAZ2XBSHJ2XIBYQ5OU\">Pese a que pasado casi un mes desde que finaliz\u00f3 el a\u00f1o escolar para la gran mayor\u00eda de los estudiantes de ense\u00f1anza b\u00e1sica y media, hay algunos que todav\u00eda siguen asistiendo a clases para cerrar el ciclo. Se refiere Nibaldo Benavides, acad\u00e9mico de la Facultad de Ciencias de la Educaci\u00f3n.\u00a0<\/a><b><br \/><\/b><\/div><div><b>PORTAL FRUT\u00cdCOLA\u00a0<\/b><\/div><div><a href=\"https:\/\/www.portalfruticola.com\/noticias\/2024\/12\/31\/tecnologia-y-ciencia-agro\/\">El mundo avanza y con ello la fruticultura: Tecnolog\u00eda y ciencia al servicio del agro. Se refiere Samuel Ortega Far\u00edas, director Centro de Investigaci\u00f3n y Transferencia en Riego y Agroclimatolog\u00eda (CITRA).<\/a><b><br \/><\/b><\/div><div><b>PUBLIMETRO.CL\u00a0<br \/><\/b><a href=\"https:\/\/www.publimetro.cl\/noticias\/2024\/12\/30\/dos-de-cada-tres-mujeres-no-saben-como-hacer-una-denuncia-por-acoso\/\">Dos de cada tres mujeres no saben c\u00f3mo hacer una denuncia por acoso.\u00a0 Se refiere Jos\u00e9 Manuel C\u00e1rdenas, acad\u00e9mico de la Facultad de Psicolog\u00eda.\u00a0<\/a><b><br \/><\/b><\/div><div><b>MSN CHILE<\/b>\u00a0<br \/><a href=\"https:\/\/www.msn.com\/es-cl\/noticias\/other\/dos-de-cada-tres-mujeres-no-saben-c%C3%B3mo-hacer-una-denuncia-por-acoso\/ar-AA1wI0ow\">Dos de cada tres mujeres no saben c\u00f3mo hacer una denuncia por acoso. Se refiere Jos\u00e9 Manuel C\u00e1rdenas, acad\u00e9mico de la Facultad de Psicolog\u00eda.\u00a0<\/a><br \/><br \/><\/div><div><b>EL MOSTRADOR\u00a0<br \/><\/b><a href=\"https:\/\/www.elmostrador.cl\/agenda-pais\/vida-en-linea\/2024\/12\/31\/como-evitar-el-estres-que-provoca-el-fin-de-ano\/\">\u00bfC\u00f3mo evitar el estr\u00e9s que provoca el fin de a\u00f1o? Se refiere Nadia Ramos, directora del Centro de Psicolog\u00eda Aplicada (CEPA).\u202f\u00a0<\/a><b><br \/><\/b><\/div><div>\u00a0<\/div><div><b>EL TIP\u00d3GRAFO<\/b>\u00a0<br \/><a href=\"https:\/\/eltipografo.cl\/2024\/12\/la-depresion-postfiestas-como-enfrentar-el-estres-y-la-nostalgia-de-fin-de-ano\">La \u201cdepresi\u00f3n postfiestas\u201d: C\u00f3mo enfrentar el estr\u00e9s y la nostalgia de fin de a\u00f1o. Se refiere Nadia Ramos, directora del Centro de Psicolog\u00eda Aplicada (CEPA).\u202f\u00a0<\/a><br \/><br \/><\/div><div><b>PORTAL RED SALUD<\/b>\u00a0<br \/><a href=\"https:\/\/portalredsalud.cl\/2024\/12\/30\/como-evitar-el-estres-que-provoca-el-fin-de-ano\/\">\u00bfC\u00f3mo evitar el estr\u00e9s que provoca el fin de a\u00f1o?. Se refiere Nadia Ramos, directora del Centro de Psicolog\u00eda Aplicada (CEPA).\u202f\u00a0<\/a><br \/><br \/><\/div><div><b>TU CASA TU RADIO<\/b>\u00a0<br \/><a href=\"https:\/\/tucasaturadio.cl\/como-evitar-el-estres-que-provoca-el-fin-de-ano\/\">\u00bfC\u00f3mo evitar el estr\u00e9s que provoca el fin de a\u00f1o? Se refiere Nadia Ramos, directora del Centro de Psicolog\u00eda Aplicada (CEPA).\u202f\u00a0<\/a><br \/><br \/><\/div><div><b>DIARIO EL CENTRO<\/b>\u00a0<br \/><a href=\"https:\/\/www.diarioelcentro.cl\/2024\/12\/30\/como-evitar-el-estres-que-provoca-el-fin-de-ano-experta-entrega-consejos-para-lidiar-con-la-presion-y-nostalgia\/\">\u00bfC\u00f3mo evitar el estr\u00e9s que provoca el fin de a\u00f1o? Experta entrega consejos para lidiar con la presi\u00f3n y nostalgia. Se refiere Nadia Ramos, directora del Centro de Psicolog\u00eda Aplicada (CEPA).\u202f\u00a0<\/a><br \/><br \/><\/div><div><b>G5 NOTICIA<\/b>\u00a0<br \/><a href=\"https:\/\/g5noticias.cl\/2024\/12\/30\/como-evitar-el-estres-que-provoca-el-fin-de-ano\/\">\u00bfC\u00f3mo evitar el estr\u00e9s que provoca el fin de a\u00f1o? Se refiere Nadia Ramos, directora del Centro de Psicolog\u00eda Aplicada (CEPA).\u202f\u00a0<\/a><br \/><br \/><\/div><div><b>RADIO ANCOA<\/b>\u00a0<br \/><a href=\"https:\/\/www.radioancoa.cl\/categoria\/local\/como-evitar-estres-ano-consejos-experta-utalca\">\u00bfC\u00f3mo evitar el estr\u00e9s del fin de a\u00f1o? Consejos de una experta de la UTalca. Se refiere Nadia Ramos, directora del Centro de Psicolog\u00eda Aplicada (CEPA).\u202f\u00a0<\/a><br \/><br \/><\/div><div><b>AD PRENSA<\/b>\u00a0<br \/><a href=\"https:\/\/www.adprensa.cl\/cronica\/como-evitar-el-estres-que-provoca-el-fin-de-ano\/\">\u00bfC\u00f3mo evitar el estr\u00e9s que provoca el fin de a\u00f1o? Se refiere Nadia Ramos, directora del Centro de Psicolog\u00eda Aplicada (CEPA).\u202f\u00a0<\/a><br \/><br \/><\/div><div><b>PORTAL PRENSA SALUD<\/b>\u00a0<br \/><a href=\"https:\/\/portalprensasalud.cl\/2024\/12\/30\/como-evitar-el-estres-que-provoca-el-fin-de-ano\/\">\u00bfC\u00f3mo evitar el estr\u00e9s que provoca el fin de a\u00f1o? Se refiere Nadia Ramos, directora del Centro de Psicolog\u00eda Aplicada (CEPA).\u202f\u00a0<\/a><br \/><br \/><\/div><div><b>LA NOTICIA<\/b>\u00a0<br \/><a href=\"https:\/\/lanoticia.cl\/como-evitar-el-estres-que-provoca-el-fin-de-ano\/\">\u00bfC\u00f3mo evitar el estr\u00e9s que provoca el fin de a\u00f1o? Se refiere Nadia Ramos, directora del Centro de Psicolog\u00eda Aplicada (CEPA).\u202f\u00a0<\/a><br \/><br \/><\/div><div><b>S\u00c9PTIMA REGI\u00d3N NOTICIAS<\/b>\u00a0<br \/><a href=\"https:\/\/www.septimapaginanoticias.cl\/como-evitar-el-estres-que-provoca-el-fin-de-ano\">\u00bfC\u00f3mo evitar el estr\u00e9s que provoca el fin de a\u00f1o? Se refiere Nadia Ramos, directora del Centro de Psicolog\u00eda Aplicada (CEPA).\u202f\u00a0<\/a><br \/><br \/><\/div><div><b>RADIO ANCOA<\/b>\u00a0<br \/><a href=\"https:\/\/www.radioancoa.cl\/categoria\/regional\/consejos-sobrellevar-estres-navideno\">Consejos para sobrellevar el estr\u00e9s navide\u00f1o. Se refiere Nadia Ramos, directora del Centro de Psicolog\u00eda Aplicada (CEPA).\u202f\u00a0<\/a><br \/><br \/><\/div><div><b>PRIMERA FUENTE NOTICIAS<\/b>\u00a0<br \/><a href=\"https:\/\/primerafuente.cl\/sociedad\/2024\/12\/31\/como-evitar-el-estres-que-provoca-el-fin-de-ano\/\">\u00bfC\u00f3mo evitar el estr\u00e9s que provoca el fin de a\u00f1o? Se refiere Nadia Ramos, directora del Centro de Psicolog\u00eda Aplicada (CEPA).\u202f\u00a0<\/a><br \/><br \/><\/div><div><b>EL HERALDO<\/b>\u00a0<br \/><a href=\"https:\/\/www.litoralpress.cl\/paginaconsultas\/Servicios_NClipSitio\/Get_Imagen_Nota.aspx?LPKey=S2UPXWQQ32QCF2FT7QLK4ILSJGQ23YCX6WECBL5B2SVUAFNXA75SP3RLDOKAHXSNIY2RE35WBQQEQ\">\u00bfC\u00f3mo evitar el estr\u00e9s que provoca el fin de a\u00f1o? Se refiere Nadia Ramos, directora del Centro de Psicolog\u00eda Aplicada (CEPA).\u202f\u00a0<\/a><br \/><br \/><\/div><div><b>DIARIO EL HERALDO<\/b>\u00a0<br \/><a href=\"https:\/\/www.diarioelheraldo.cl\/noticia\/como-evitar-el-estres-que-provoca-el-fin-de-ano\">\u00bfC\u00f3mo evitar el estr\u00e9s que provoca el fin de a\u00f1o? Se refiere Nadia Ramos, directora del Centro de Psicolog\u00eda Aplicada (CEPA).\u202f\u00a0<\/a><br \/><br \/><\/div><div><b>RADIO CRISTALINA<\/b>\u00a0<br \/><a href=\"https:\/\/radiocristalina.cl\/salud-y-economia-como-evitar-el-estres-que-provoca-el-fin-de-ano\/\">\u00bfC\u00f3mo evitar el estr\u00e9s que provoca el fin de a\u00f1o? Se refiere Nadia Ramos, directora del Centro de Psicolog\u00eda Aplicada (CEPA).\u202f\u00a0<\/a><br \/><br \/><\/div><div><b>RADIO LAUTARO<\/b>\u00a0<br \/><a href=\"https:\/\/radiolautarotalca.cl\/como-evitar-el-estres-que-provoca-el-fin-de-ano\/\">\u00bfC\u00f3mo evitar el estr\u00e9s que provoca el fin de a\u00f1o? Se refiere Nadia Ramos, directora del Centro de Psicolog\u00eda Aplicada (CEPA).\u202f\u00a0<\/a><br \/><br \/><\/div><div><b>EL MERCURIO\u00a0<br \/><\/b><a href=\"https:\/\/www.litoralpress.cl\/paginaconsultas\/Servicios_NClipSitio\/Get_Imagen_Nota.aspx?LPKey=JJ3WTCIFKD4JJYSVDDL47ZBTREIY76WBO6OHQSZLTOX7JYSOGB3VQBFNOLYCWBVXX334JBZXLWLT6\">PC vuelve a desmarcarse de La Moneda y congresistas se suman a cr\u00edtica de Jadue a reforma de pensiones. Se refiere Mauricio Morales Quiroga, director del Centro de An\u00e1lisis Pol\u00edtico (CAP-UTalca)\u00a0<\/a><b><br \/><\/b><\/div><div><b>RADIO INFINITA<\/b>\u00a0<br \/><a href=\"https:\/\/www.litoralpress.cl\/sitio\/RadioTV_Detalles.cshtml?LPKey=IH54YCFLP5QUN37SRXNUA6WFPITVVVATDSNWZLGTHEXKECLGOP6GUFU6BVTZGZOUPSVT4CRXHLFEQ\">Comentario de pol\u00edtica Mauricio Morales Quiroga, director del Centro de An\u00e1lisis Pol\u00edtico (CAP-UTalca). \u00a0<\/a><br \/><br \/><\/div><div><b>RADIO NOST\u00c1LGICA\u00a0<br \/><\/b><a href=\"https:\/\/www.nostalgica.cl\/portavoz-y-cambio-de-enfoque-asi-fue-la-primera-semana-de-etcheverry-como-vocera-s\/\">\u201cPortavoz\u201d y cambio de enfoque: as\u00ed fue la primera semana de Etcheverry como vocera (s). Se refiere Mario Herrera, acad\u00e9mico del Centro de An\u00e1lisis Pol\u00edtico (CAP-UTalca)\u00a0<\/a><\/div><div>\u00a0<\/div><div><b>TU CASA TU RADIO<\/b>\u00a0<br \/><a href=\"https:\/\/tucasaturadio.cl\/recomendaciones-saludables-para-no-excederse-durante-las-celebraciones-de-fin-de-ano\/\">Recomendaciones saludables para no excederse durante las celebraciones de fin de a\u00f1o. . Se refiere Mauricio Orellana, acad\u00e9mico Escuela de Nutrici\u00f3n y Diet\u00e9tica<\/a>.\u202f\u202f\u00a0<\/div><div>\u00a0<\/div><div><b>DIARIO TALCA<\/b>\u00a0<\/div><div><a href=\"https:\/\/diariotalca.cl\/academicos-analizan-tendencias-en-costos-y-gestion-de-empresas\/\">Acad\u00e9micos analizan tendencias en costos y gesti\u00f3n de empresas. Se refiere Arcadio Cerda, decano de la Facultad de econom\u00eda y Negocios y Valent\u00edn Santander, director de la Escuela de Auditor\u00eda y Control de Gesti\u00f3n.\u00a0<\/a><br \/><br \/><\/div><div><b>AD PRENSA<\/b>\u00a0<br \/><a href=\"https:\/\/www.adprensa.cl\/cronica\/congreso-analizo-tendencias-en-costos-y-gestion-de-empresas\/\">Congreso analiz\u00f3 tendencias en costos y gesti\u00f3n de empresas. Se menciona la Universidad de Talca. Se refiere Arcadio Cerda, decano de la Facultad de econom\u00eda y Negocios y Valent\u00edn Santander, director de la Escuela de Auditor\u00eda y Control de Gesti\u00f3n.\u00a0<\/a><br \/><br \/><\/div><div><b>PUBLIMICRO<\/b>\u00a0<br \/><a href=\"https:\/\/publimicro.cl\/congreso-realizado-y-liderado-por-la-universidad-de-talca-analizo-tendencias-en-costos-y-gestion-de-empresas\/\">Congreso realizado y liderado por la Universidad de Talca, analiz\u00f3 tendencias en costos y gesti\u00f3n de empresas. Se refiere Arcadio Cerda, decanos de la Facultad de econom\u00eda y Negocios y Valent\u00edn Santander, director de la Escuela de Auditor\u00eda y Control de Gesti\u00f3n.\u00a0<\/a><br \/><br \/><\/div><div><b>CANAL 2 LINARES<\/b>\u00a0<br \/><a href=\"https:\/\/www.canal2linares.cl\/2024\/12\/congreso-analizo-tendencias-en-costos-y.html\">Congreso analiz\u00f3 tendencias en costos y gesti\u00f3n de empresas. Se refiere Arcadio Cerda, decano de la Facultad de econom\u00eda y Negocios y Valent\u00edn Santander, director de la Escuela de Auditor\u00eda y Control de Gesti\u00f3n.\u00a0<\/a><br \/><br \/><\/div><div><b>TV5<\/b>\u00a0<\/div><div><a href=\"https:\/\/www.tv5.cl\/categoria\/local\/expertos-debaten-costos-gestion-empresarial\">Expertos debaten sobre costos y gesti\u00f3n empresarial. Se refiere Arcadio Cerda, decanos de la Facultad de econom\u00eda y Negocios y Valent\u00edn Santander, director de la Escuela de Auditor\u00eda y Control de Gesti\u00f3n.\u00a0<\/a><br \/><br \/><\/div><div><b>DIARIO LA MA\u00d1ANA<\/b>\u00a0<br \/><a href=\"https:\/\/diariolama\u00f1ana.cl\/2024\/12\/28\/u-talca-ejecuta-proyecto-sustentable-para-la-comunidad\/\">UTalca ejecuta proyecto sustentable para la comunidad. Se refiere Karin L\u00f3pez, jefa del Departamento de Sustentabilidad, Loreto N\u00fa\u00f1ez, acad\u00e9mica del departamento de Salud P\u00fablica, Misael Err\u00e1zuriz, funcionario del Jard\u00edn Bot\u00e1nico y Arboretum y Elizabeth Olivos, asistente acad\u00e9mica de Ingenier\u00eda en Desarrollo de Videojuegos y Realidad Virtual. \u00a0<\/a><br \/><br \/><\/div><div><b>LA PRENSA DE CURIC\u00d3<\/b>\u00a0<br \/><a href=\"https:\/\/www.litoralpress.cl\/paginaconsultas\/Servicios_NClipSitio\/Get_Imagen_Nota.aspx?LPKey=37C4NJY5LO4N4SWMVH6ARXMFQJYSGBXXIEZX6EF2KSVX273FMEUE2YPA76FAZSBI7FP6BI57B32CM\">Culmina la s\u00e9ptima versi\u00f3n de las Huertas Colaborativas. Se refiere Karin L\u00f3pez, jefa del Departamento de Sustentabilidad, Loreto N\u00fa\u00f1ez, acad\u00e9mica del departamento de Salud P\u00fablica, Misael Err\u00e1zuriz, funcionario del Jard\u00edn Bot\u00e1nico y Arboretum y Elizabeth Olivos, asistente acad\u00e9mica de Ingenier\u00eda en Desarrollo de Videojuegos y Realidad Virtual. \u00a0<\/a><br \/><br \/><\/div><div><b>DIARIO EL CENTRO<\/b>\u00a0<br \/><a href=\"https:\/\/www.diarioelcentro.cl\/2024\/12\/30\/cultivar-y-aprender-termino-la-septima-edicion-de-las-huertas-colaborativas-de-la-u-talca\/\">Cultivar y Aprender: Termin\u00f3 la s\u00e9ptima edici\u00f3n de las Huertas Colaborativas de la U. Talca. Se refiere Karin L\u00f3pez, jefa del Departamento de Sustentabilidad, Loreto N\u00fa\u00f1ez, acad\u00e9mica del departamento de Salud P\u00fablica, Misael Err\u00e1zuriz, funcionario del Jard\u00edn Bot\u00e1nico y Arboretum y Elizabeth Olivos, asistente acad\u00e9mica de Ingenier\u00eda en Desarrollo de Videojuegos y Realidad Virtual. \u00a0<\/a><br \/><br \/><\/div><div><b>TV5<\/b>\u00a0<br \/><a href=\"https:\/\/www.tv5.cl\/categoria\/local\/exito-septima-edicion-huertas-colaborativas-talca\">Huertas Colaborativas UTalca buscan crear espacios para la comunidad. Se refiere Karin L\u00f3pez, jefa del Departamento de Sustentabilidad, Loreto N\u00fa\u00f1ez, acad\u00e9mica del departamento de Salud P\u00fablica, Misael Err\u00e1zuriz, funcionario del Jard\u00edn Bot\u00e1nico y Arboretum y Elizabeth Olivos, asistente acad\u00e9mica de Ingenier\u00eda en Desarrollo de Videojuegos y Realidad Virtual.\u00a0<\/a><br \/><br \/><\/div><div><b>EL DIARIO SANTIAGO<\/b>\u00a0<br \/><a href=\"https:\/\/www.eldiariosantiago.cl\/2024\/12\/30\/huertas-colaborativas-utalca-ejecuta-proyecto-sustentable-para-su-comunidad\/\">Huertas Colaborativas UTalca buscan crear espacios para la comunidad. Se refiere Karin L\u00f3pez, jefa del Departamento de Sustentabilidad, Loreto N\u00fa\u00f1ez, acad\u00e9mica del departamento de Salud P\u00fablica, Misael Err\u00e1zuriz, funcionario del Jard\u00edn Bot\u00e1nico y Arboretum y Elizabeth Olivos, asistente acad\u00e9mica de Ingenier\u00eda en Desarrollo de Videojuegos y Realidad Virtual. \u00a0<\/a><br \/><br \/><\/div><div><b>DIARIO FRUT\u00cdCOLA<\/b>\u00a0<br \/><a href=\"https:\/\/www.diariofruticola.cl\/noticia\/noticias-agricolas\/2024\/12\/huertas-colaborativas-utalca-ejecuta-proyecto-sustentable-para-su-comunidad\">Huertas Colaborativas UTalca buscan crear espacios para la comunidad. Se refiere Karin L\u00f3pez, jefa del Departamento de Sustentabilidad, Loreto N\u00fa\u00f1ez, acad\u00e9mica del departamento de Salud P\u00fablica, Misael Err\u00e1zuriz, funcionario del Jard\u00edn Bot\u00e1nico y Arboretum y Elizabeth Olivos, asistente acad\u00e9mica de Ingenier\u00eda en Desarrollo de Videojuegos y Realidad Virtual. \u00a0<\/a><br \/><br \/><\/div><div><b>RADIO LAUTARO<\/b>\u00a0<br \/><a href=\"https:\/\/radiolautarotalca.cl\/huertas-colaborativas-utalca-buscan-crear-espacios-para-la-comunidad\/\">Huertas Colaborativas UTalca buscan crear espacios para la comunidad. Se refiere Karin L\u00f3pez, jefa del Departamento de Sustentabilidad, Loreto N\u00fa\u00f1ez, acad\u00e9mica del departamento de Salud P\u00fablica, Misael Err\u00e1zuriz, funcionario del Jard\u00edn Bot\u00e1nico y Arboretum y Elizabeth Olivos, asistente acad\u00e9mica de Ingenier\u00eda en Desarrollo de Videojuegos y Realidad Virtual. \u00a0<\/a><br \/><br \/><\/div><div><b>MEDIABANCO<\/b>\u00a0<br \/><a href=\"https:\/\/www.mediabanco.com\/disfagia-deteccion-temprana-puede-aminorar-efectos\/\">Disfagia: detecci\u00f3n temprana puede aminorar efectos. Se refiere Orietta San Mart\u00edn Rubilar, acad\u00e9mica de la Escuela de Fonoaudiolog\u00eda.\u00a0<\/a><br \/><br \/><\/div><div><b>EL CONQUISTADOR CONCEPCI\u00d3N<\/b>\u00a0<br \/><a href=\"https:\/\/www.elconquistadorconcepcion.cl\/2024\/12\/31\/disfagia-deteccion-temprana-puede-aminorar-efectos\/\">Disfagia: detecci\u00f3n temprana puede aminorar efectos. Se refiere Orietta San Mart\u00edn Rubilar, acad\u00e9mica de la Escuela de Fonoaudiolog\u00eda.\u00a0<\/a><br \/><br \/><\/div><div><b>EL MAULE INFORMA<\/b>\u00a0<br \/><a href=\"https:\/\/elmauleinforma.cl\/disfagia-deteccion-temprana-puede-aminorar-efectos\/\">Disfagia: detecci\u00f3n temprana puede aminorar efectos. Se refiere Orietta San Mart\u00edn Rubilar, acad\u00e9mica de la Escuela de Fonoaudiolog\u00eda.\u00a0<\/a><br \/>\u00a0<\/div><div><b>SOMOS MAULE<\/b>\u00a0<br \/><a href=\"http:\/\/somosmaule.cl\/publico\/ficha\/ficha.aspx?i=86315\">Disfagia: detecci\u00f3n temprana puede aminorar efectos. Se refiere Orietta San Mart\u00edn Rubilar, acad\u00e9mica de la Escuela de Fonoaudiolog\u00eda.\u00a0<\/a><br \/><br \/><\/div><div><b>G5 NOTICIA<\/b>\u00a0<br \/><a href=\"https:\/\/g5noticias.cl\/2024\/12\/31\/disfagia-deteccion-temprana-puede-aminorar-efectos\/\">Disfagia: detecci\u00f3n temprana puede aminorar efectos. Se refiere Orietta San Mart\u00edn Rubilar, acad\u00e9mica de la Escuela de Fonoaudiolog\u00eda.\u00a0<\/a><br \/><br \/><\/div><div><b>AD PRENSA<\/b>\u00a0<br \/><a href=\"https:\/\/www.adprensa.cl\/uncategorized\/disfagia-deteccion-temprana-puede-aminorar-efectos\/\">Disfagia: detecci\u00f3n temprana puede aminorar efectos. Se refiere Orietta San Mart\u00edn Rubilar, acad\u00e9mica de la Escuela de Fonoaudiolog\u00eda.\u00a0<\/a><br \/><br \/><\/div><div><b>TIERRA AMARILLANO<\/b>\u00a0<br \/><a href=\"https:\/\/tierramarillano.cl\/2024\/12\/29\/el-fenomeno-de-la-cereza-chilena-en-china-un-mercado-en-auge\/\">El fen\u00f3meno de la cereza chilena en China: un mercado en auge. Se refiere \u00c1lvaro Sep\u00falveda, acad\u00e9mico del Centro de Pom\u00e1ceas.\u202f\u00a0<\/a><br \/><u><a id=\"OWAd0e30add-7155-a0c1-e6f3-2dc4c0527001\" title=\"https:\/\/tierramarillano.cl\/2024\/12\/29\/el-fenomeno-de-la-cereza-chilena-en-china-un-mercado-en-auge\/\" href=\"https:\/\/tierramarillano.cl\/2024\/12\/29\/el-fenomeno-de-la-cereza-chilena-en-china-un-mercado-en-auge\/\" target=\"_blank\" rel=\"noopener noreferrer\" data-auth=\"NotApplicable\" data-linkindex=\"49\"><\/a><\/u><\/div><div><b>EL MAULE INFORMA<\/b>\u00a0<br \/><a href=\"https:\/\/elmauleinforma.cl\/el-fenomeno-de-la-cereza-chilena-en-china-un-mercado-en-auge\/\">El fen\u00f3meno de la cereza chilena en China: un mercado en auge. Se refiere \u00c1lvaro Sep\u00falveda, acad\u00e9mico del Centro de Pom\u00e1ceas.\u202f\u00a0<\/a><br \/><br \/><\/div><div><b>SOMOS MAULE<\/b>\u00a0<br \/><a href=\"http:\/\/somosmaule.cl\/publico\/ficha\/ficha.aspx?i=86301\">El fen\u00f3meno de la cereza chilena en China: un mercado en auge. Se refiere \u00c1lvaro Sep\u00falveda, acad\u00e9mico del Centro de Pom\u00e1ceas.\u202f\u00a0<\/a><br \/><br \/><\/div><div><b>RADIO AMIGA<\/b>\u00a0<br \/><a href=\"https:\/\/www.litoralpress.cl\/sitio\/RadioTV_Detalles.cshtml?LPKey=BKLYCMNEHB36C7AFMKITS2VBESXK6SLEEBSVKVLYCN5UQF3NZLNL24FGSTJKSG7R2ZM7P3XFAJ4PG\">Nuestro pa\u00eds export\u00f3 m\u00e1s de cuatrocientas diez mil toneladas de cerezas, cuatro veces m\u00e1s de lo vendido hace diez a\u00f1os, consolid\u00e1ndose un balance positivo en este mercado. Se refiere \u00c1lvaro Sep\u00falveda, acad\u00e9mico del Centro de Pom\u00e1ceas.\u202f\u00a0<\/a><br \/><br \/><\/div><div><b>EL OBSERVADOR VESPERTINO<\/b>\u00a0<\/div><div><a href=\"https:\/\/www.litoralpress.cl\/paginaconsultas\/Servicios_NClipSitio\/Get_Imagen_Nota.aspx?LPKey=UPFCXOP7VOJTD7PVRLY7DIKP3DAI5HRSLHIDIH26NDYUC7UPITKDQYOZMQ7HTLR4HPRGAYQ2BXQJY\">Seminario aborda el uso de la biotecnolog\u00eda para extender la vida \u00fatil de la frutilla en postcosecha. Se refiere Carlos Figueroa, acad\u00e9mico del Instituto de Ciencias Biol\u00f3gicas.\u202f\u00a0<\/a><br \/><br \/><\/div><div><b>BIO NOTICIAS<\/b>\u00a0<\/div><div><a href=\"https:\/\/bionoticias.cl\/recomendaciones-saludables-para-no-excederse-durante-las-celebraciones-de-fin-de-ano\/\">Recomendaciones saludables para no excederse durante las celebraciones de fin de a\u00f1o. Se refiere Mauricio Orellana, acad\u00e9mico Escuela de Nutrici\u00f3n y Diet\u00e9tica.\u202f\u202f\u00a0<\/a><br \/><br \/><\/div><div><b>LA PRENSA DE CURIC\u00d3<\/b>\u00a0<br \/><a href=\"https:\/\/www.litoralpress.cl\/paginaconsultas\/Servicios_NClipSitio\/Get_Imagen_Nota.aspx?LPKey=MPATBIOZZZDLDOS5LDVICT7W5PZ77G5LKFF6JDSHHRYO4NJJVHXABWQ2HNAGBDKW42XP4S4J3AKU4\">\u00bfQu\u00e9 fue de tu vida Jos\u00e9 \u201cCoto\u201d Acevedo? Se menciona a la Universidad de Talca\u00a0<\/a><\/div><div>\u00a0<\/div><div><b>TIERRA AMARILLANO<\/b>\u00a0<br \/><a href=\"https:\/\/tierramarillano.cl\/2024\/12\/31\/mas-de-5-mil-millones-de-pesos-para-ciencia-escolar-programa-explora-del-minciencia-adjudica-18-nuevos-proyectos-asociativos-regionales\/\">M\u00e1s de 5 mil millones de pesos para ciencia escolar: programa EXPLORA del MinCiencia adjudica 18 nuevos Proyectos Asociativos Regionales. Se menciona a la Universidad de Talca.\u00a0<\/a><\/div><div>\u00a0<\/div><div><b>RADIO ADN<\/b>\u00a0<br \/><a href=\"https:\/\/www.litoralpress.cl\/sitio\/RadioTV_Detalles.cshtml?LPKey=YZWUPWN6UQHLNIFVE2LVD4UKYF3737FGQL6SSI54PB3BIYLC3RAVAKNIZBUKLZM5NGXE7IVWD54OY\">Entrevista a Emiliano Arias, abogado y exfiscal regional de la regi\u00f3n de O\u2019Higgins. Se menciona a la Universidad de Talca.\u00a0<\/a><br \/><br \/><\/div><div><b>DIARIO CONSTITUCIONAL<\/b>\u00a0<br \/><a href=\"https:\/\/www.diarioconstitucional.cl\/2024\/12\/30\/control-de-constitucionalidad-y-control-de-convencionalidad-confusiones-desde-la-experiencia-peruana-por-gino-franco-gonzales-sangama\/\">Control de constitucionalidad y control de convencionalidad: confusiones desde la experiencia peruana, por Gino Franco Gonzales Sangama. Se menciona a la Universidad de Talca.\u00a0<\/a><br \/><br \/><\/div><div><b>DIARIO LA PRENSA<\/b>\u00a0<br \/><a href=\"https:\/\/new.diariolaprensa.cl\/index.php\/2024\/12\/30\/que-fue-de-tu-vida-jose-coto-acevedo\/\">\u00bfQu\u00e9 fue de tu vida Jos\u00e9 \u201cCoto\u201d Acevedo? Se menciona a la Universidad de Talca.<\/a>\u00a0<br \/><br \/><\/div><div><b>PODER Y LIDERAZGO<\/b>\u00a0<br \/><a href=\"https:\/\/www.poderyliderazgo.cl\/programa-explora-del-minciencia-adjudica-18-nuevos-proyectos-asociativos-regionales\/\">Programa EXPLORA del MinCiencia adjudica 18 nuevos Proyectos Asociativos Regionales. Se menciona a la Universidad de Talca.\u00a0<\/a><br \/><br \/><\/div><div><b>PORTAL EDUCA<\/b>\u00a0<br \/><a href=\"https:\/\/portaleduca.cl\/mas-de-5-mil-millones-de-pesos-para-ciencia-escolar-programa-explora-del-minciencia-adjudica-18-nuevo-proyectos-asociativos-regionales\/\">M\u00e1s de 5 mil millones de pesos para ciencia escolar: programa EXPLORA del MinCiencia adjudica 18 nuevo Proyectos Asociativos Regionales. Se menciona a la Universidad de Talca.\u00a0<\/a><br \/><br \/><\/div><div><b>MEDIO DIRECTO<\/b>\u00a0<br \/><a href=\"https:\/\/mediodirecto.cl\/2024\/12\/27\/anuncian-premios-presidente-de-la-republica-2024-a-la-musica-nacional-y-a-las-artes-escenicas\/\">Anuncian Premios Presidente de la Rep\u00fablica 2024 a la M\u00fasica Nacional y a las Artes Esc\u00e9nicas. Se menciona a la Universidad de Talca.\u00a0<\/a><br \/><br \/><\/div><div><b>FMPLUS<\/b>\u00a0<br \/><a href=\"https:\/\/www.fmplus.cl\/categoria\/nacional\/mujeres-desconocen-proceso-denuncia-acoso\">Mujeres desconocen proceso de denuncia por acoso. Se menciona a la Universidad de Talca.\u00a0<\/a><br \/><br \/><\/div><div><b>UNIVERSIDAD DE CHILE<\/b>\u00a0<br \/><a href=\"https:\/\/uchile.cl\/noticias\/224118\/uch-realiza-cierre-de-proyecto-de-internacionalizacion-universitaria0\">Concluye proyecto de internacionalizaci\u00f3n universitaria tras una d\u00e9cada de trabajo. Se menciona a la Universidad de Talca. \u00a0<\/a><br \/><br \/><\/div><div><b>DIARIO TALCA<\/b>\u00a0<br \/><a href=\"https:\/\/diariotalca.cl\/video-resumen-de-noticias-2024-de-diario-talca-y-radio-fm-mas-de-talca\/\">VIDEO Resumen de Noticias 2024 de Diario Talca y Radio FM M\u00e1s de Talca. Se menciona a la Universidad de Talca.\u00a0<\/a><br \/><br \/><\/div>\t\t\t\t\t\t<\/div>\n\t\t\t\t<\/div>\n\t\t\t\t\t<\/div>\n\t\t<\/div>\n\t\t\t\t\t\t\t<\/div>\n\t\t<\/section>\n\t\t\t\t\t\t<\/div>\n\t\t\t\t\t<\/div>\n\t\t","protected":false},"excerpt":{"rendered":"<p>LA TERCERA ONLINE\u00a0El desaf\u00edo de las universidades estatales ante incertidumbre del financiamiento a la innovaci\u00f3n. Se refiere Ariela Vergara, Directora de Innovaci\u00f3n y Transferencia\u00a0\u00a0INOTICIAS\u00a0El desaf\u00edo de las universidades estatales ante incertidumbre del financiamiento a la innovaci\u00f3n. Se refiere Ariela Vergara, Directora de Innovaci\u00f3n y Transferencia\u00a0\u00a0EL MERCURIO\u00a0\u00bfPor qu\u00e9 algunas personas prefieren lo dulce y otras lo &hellip;<\/p>\n<p class=\"read-more\"> <a class=\"\" href=\"https:\/\/www.reportedeprensa.utalca.cl\/?p=11257\"> <span class=\"screen-reader-text\">02 de enero 2025<\/span> Read More &raquo;<\/a><\/p>\n","protected":false},"author":1,"featured_media":0,"comment_status":"closed","ping_status":"open","sticky":false,"template":"","format":"standard","meta":{"_monsterinsights_skip_tracking":false,"_monsterinsights_sitenote_active":false,"_monsterinsights_sitenote_note":"","_monsterinsights_sitenote_category":0},"categories":[56],"tags":[],"_links":{"self":[{"href":"https:\/\/www.reportedeprensa.utalca.cl\/index.php?rest_route=\/wp\/v2\/posts\/11257"}],"collection":[{"href":"https:\/\/www.reportedeprensa.utalca.cl\/index.php?rest_route=\/wp\/v2\/posts"}],"about":[{"href":"https:\/\/www.reportedeprensa.utalca.cl\/index.php?rest_route=\/wp\/v2\/types\/post"}],"author":[{"embeddable":true,"href":"https:\/\/www.reportedeprensa.utalca.cl\/index.php?rest_route=\/wp\/v2\/users\/1"}],"replies":[{"embeddable":true,"href":"https:\/\/www.reportedeprensa.utalca.cl\/index.php?rest_route=%2Fwp%2Fv2%2Fcomments&post=11257"}],"version-history":[{"count":4,"href":"https:\/\/www.reportedeprensa.utalca.cl\/index.php?rest_route=\/wp\/v2\/posts\/11257\/revisions"}],"predecessor-version":[{"id":11265,"href":"https:\/\/www.reportedeprensa.utalca.cl\/index.php?rest_route=\/wp\/v2\/posts\/11257\/revisions\/11265"}],"wp:attachment":[{"href":"https:\/\/www.reportedeprensa.utalca.cl\/index.php?rest_route=%2Fwp%2Fv2%2Fmedia&parent=11257"}],"wp:term":[{"taxonomy":"category","embeddable":true,"href":"https:\/\/www.reportedeprensa.utalca.cl\/index.php?rest_route=%2Fwp%2Fv2%2Fcategories&post=11257"},{"taxonomy":"post_tag","embeddable":true,"href":"https:\/\/www.reportedeprensa.utalca.cl\/index.php?rest_route=%2Fwp%2Fv2%2Ftags&post=11257"}],"curies":[{"name":"wp","href":"https:\/\/api.w.org\/{rel}","templated":true}]}}