{"id":11275,"date":"2025-01-03T12:09:08","date_gmt":"2025-01-03T15:09:08","guid":{"rendered":"https:\/\/www.reportedeprensa.utalca.cl\/?p=11275"},"modified":"2025-01-06T12:15:30","modified_gmt":"2025-01-06T15:15:30","slug":"06-de-enero-2025","status":"publish","type":"post","link":"https:\/\/www.reportedeprensa.utalca.cl\/?p=11275","title":{"rendered":"03 de enero 2025"},"content":{"rendered":"\t\t<div data-elementor-type=\"wp-post\" data-elementor-id=\"11275\" class=\"elementor elementor-11275\" data-elementor-settings=\"[]\">\n\t\t\t\t\t\t\t<div class=\"elementor-section-wrap\">\n\t\t\t\t\t\t\t<section class=\"elementor-section elementor-top-section elementor-element elementor-element-bcea1a8 elementor-section-boxed elementor-section-height-default elementor-section-height-default\" data-id=\"bcea1a8\" data-element_type=\"section\">\n\t\t\t\t\t\t<div class=\"elementor-container elementor-column-gap-default\">\n\t\t\t\t\t<div class=\"elementor-column elementor-col-100 elementor-top-column elementor-element elementor-element-e7183bf\" data-id=\"e7183bf\" data-element_type=\"column\">\n\t\t\t<div class=\"elementor-widget-wrap elementor-element-populated\">\n\t\t\t\t\t\t\t\t<div class=\"elementor-element elementor-element-cb2ed19 elementor-widget elementor-widget-text-editor\" data-id=\"cb2ed19\" data-element_type=\"widget\" data-widget_type=\"text-editor.default\">\n\t\t\t\t<div class=\"elementor-widget-container\">\n\t\t\t\t\t\t\t\t<div><b data-olk-copy-source=\"MessageBody\">RADIO BIOBIO<\/b>\u00a0<br \/><a href=\"https:\/\/www.biobiochile.cl\/noticias\/opinion\/tu-voz\/2025\/01\/02\/incertidumbre-en-universidades-estatales-por-la-falta-de-financiamiento-para-innovacion.shtml\">Incertidumbre en universidades estatales por la falta de financiamiento para innovaci\u00f3n. Se refiere Ariela Vergara, Directora de Innovaci\u00f3n y Transferencia.\u00a0<\/a><br \/><br \/><\/div><div><b>REPORTE AGR\u00cdCOLA<\/b>\u00a0<br \/><a href=\"https:\/\/www.reporteagricola.cl\/noticia\/noticias\/2025\/01\/inia-desarrolla-proyecto-para-extender-vida-util-de-frutillas\">Inia desarrolla biotecnolog\u00eda para extender vida \u00fatil de las frutillas. Se refiere\u202fCarlos\u202fFigueroa, acad\u00e9mico del Instituto de Ciencias Biol\u00f3gicas.\u202f\u202f\u00a0<\/a><br \/><br \/><\/div><div><b>DIARIO TALCA<\/b>\u00a0<br \/><a href=\"https:\/\/diariotalca.cl\/abordan-uso-de-la-biotecnologia-para-extender-la-vida-util-de-la-frutilla-en-postcosecha\/\">Abordan uso de la biotecnolog\u00eda para extender la vida \u00fatil de la frutilla en postcosecha. \u202fSe refiere\u202fCarlos\u202fFigueroa, acad\u00e9mico del Instituto de Ciencias Biol\u00f3gicas.\u202f\u202f\u00a0<\/a><br \/><br \/><\/div><div><b>TV5<\/b>\u00a0<br \/><a href=\"https:\/\/www.tv5.cl\/categoria\/local\/expertos-buscan-prolongar-frescura-frutillas\">Expertos buscan prolongar frescura de frutillas. Se refiere\u202fCarlos\u202fFigueroa, acad\u00e9mico del Instituto de Ciencias Biol\u00f3gicas.\u202f\u202f\u00a0<\/a><br \/><br \/><\/div><div><b>PORTAL FRUT\u00cdCOLA<\/b>\u00a0<br \/><a href=\"https:\/\/www.portalfruticola.com\/noticias\/2025\/01\/02\/biotecnologia-vida-util-de-la-frutilla\/\">Biotecnolog\u00eda para extender la vida \u00fatil de la frutilla. Se refiere\u202fCarlos\u202fFigueroa, acad\u00e9mico del Instituto de Ciencias Biol\u00f3gicas.\u202f\u202f\u00a0<\/a><br \/><br \/><\/div><div><b>DIARIO RANCAGUA<\/b>\u00a0<br \/><a href=\"https:\/\/diariorancagua.cl\/seminario-aborda-el-uso-de-la-biotecnologia-para-extender-la-vida-util-de-la-frutilla-en-postcosecha\/\">Seminario aborda el uso de la biotecnolog\u00eda para extender la vida \u00fatil de la frutilla en postcosecha. Se refiere\u202fCarlos\u202fFigueroa, acad\u00e9mico del Instituto de Ciencias Biol\u00f3gicas.\u202f\u202f\u00a0<\/a><br \/><br \/><\/div><div><b>EL MERCURIO<\/b>\u00a0<br \/><a href=\"https:\/\/www.litoralpress.cl\/paginaconsultas\/Servicios_NClipSitio\/Get_Imagen_Nota.aspx?LPKey=KURPZK5PPFCWYJZ6CX42DWOE3OI5HEHSKRQGJRBFVOGFE4PLYE2IXV4V2TBXEQNL5YY4QIZL4TC5A\">Con m\u00e1s de 184 millones de votos emitidos cerrar\u00e1 en 2025 el extenuante ciclo electoral iniciado en 2020. Se refiere Mauricio Morales Quiroga, director de Centro de An\u00e1lisis Pol\u00edtico (CAP-UTalca).\u00a0<\/a><br \/><br \/><\/div><div><b>RADIO INFINITA<\/b>\u00a0<br \/><a href=\"https:\/\/www.litoralpress.cl\/sitio\/RadioTV_Detalles.cshtml?LPKey=E6UA5DAKNDV7ZATY7URREECVNUJAWGZXJU7PJ5KB5MV5NIJPWMVQ6L7HFGHFYUKWYAF2NGSS4WEIS\">Comentario de pol\u00edtica de Mauricio Morales Quiroga, director de Centro de An\u00e1lisis Pol\u00edtico (CAP-UTalca).\u00a0<\/a><br \/><br \/><\/div><div><b>EL RESUMEN<\/b>\u00a0<br \/><a href=\"https:\/\/www.elresumen.cl\/8754-utalca-apoyara-a-jovenes-en-el-proceso-de-postulacionl\">UTalca apoyar\u00e1 a j\u00f3venes en el proceso de postulaci\u00f3n. Se refiere Paola Morales Norambuena, directora de Ciclo de Vida Estudiantil de la UTalca.\u00a0<\/a><br \/><br \/><\/div><div><b>CHILL\u00c1N ONLINE<\/b>\u00a0<br \/><a href=\"https:\/\/www.chillanonline.cl\/V7\/2025\/01\/02\/utalca-apoyara-a-jovenes-en-el-proceso-de-postulacion\/\">UTalca apoyar\u00e1 a j\u00f3venes en el proceso de postulaci\u00f3n. Se refiere Paola Morales Norambuena, directora de Ciclo de Vida Estudiantil de la UTalca.\u00a0<\/a><br \/><br \/><\/div><div><b>MEDIABANCO<\/b>\u00a0<br \/><a href=\"https:\/\/www.mediabanco.com\/utalca-apoyara-a-jovenes-en-el-proceso-de-postulacion\/\">UTalca apoyar\u00e1 a j\u00f3venes en el proceso de postulaci\u00f3n. Se refiere Paola Morales Norambuena, directora de Ciclo de Vida Estudiantil de la UTalca.\u00a0<\/a><br \/><br \/><\/div><div><b>AD PRENSA<\/b>\u00a0<br \/><a href=\"https:\/\/www.adprensa.cl\/uncategorized\/utalca-apoyara-a-jovenes-en-el-proceso-de-postulacion\/\">UTalca apoyar\u00e1 a j\u00f3venes en el proceso de postulaci\u00f3n. Se refiere Paola Morales Norambuena, directora de Ciclo de Vida Estudiantil de la UTalca.\u00a0<\/a><br \/><br \/><\/div><div><b>EL MAULE INFORMA<\/b>\u00a0<br \/><a href=\"https:\/\/elmauleinforma.cl\/utalca-apoyara-a-jovenes-en-el-proceso-de-postulacion\/\">UTalca apoyar\u00e1 a j\u00f3venes en el proceso de postulaci\u00f3n. Se refiere Paola Morales Norambuena, directora de Ciclo de Vida Estudiantil de la UTalca.\u00a0<\/a><br \/><br \/><\/div><div><b>SOMOS MAULE<\/b>\u00a0<br \/><a href=\"http:\/\/somosmaule.cl\/publico\/ficha\/ficha.aspx?i=86328\">UTalca apoyar\u00e1 a j\u00f3venes en el proceso de postulaci\u00f3n. Se refiere Paola Morales Norambuena, directora de Ciclo de Vida Estudiantil de la UTalca.\u00a0<\/a><br \/><br \/><\/div><div><b>RADIO LAUTARO<\/b>\u00a0<br \/><a href=\"https:\/\/radiolautarotalca.cl\/utalca-dispondra-de-equipos-on-line-y-presencial-para-el-proceso-de-postulacion\/\">UTalca dispondr\u00e1 de equipos on line y presencial para el proceso de postulaci\u00f3n. Se refiere Paola Morales Norambuena, directora de Ciclo de Vida Estudiantil de la UTalca.\u00a0<\/a><br \/><br \/><\/div><div><b>DIARIO TALCA<\/b>\u00a0<br \/><a href=\"https:\/\/diariotalca.cl\/disfagia-deteccion-temprana-puede-aminorar-efectos\/\">Disfagia: detecci\u00f3n temprana puede aminorar efectos. Se refiere Orietta San Mart\u00edn Rubilar, acad\u00e9mica de la Escuela de Fonoaudiolog\u00eda.\u00a0<\/a><br \/><br \/><\/div><div><b>TV5<\/b>\u00a0<br \/><a href=\"https:\/\/www.tv5.cl\/categoria\/local\/alerta-disfagia-adultos-mayores\">Alerta: disfagia en adultos mayores. Se refiere Orietta San Mart\u00edn Rubilar, acad\u00e9mica de la Escuela de Fonoaudiolog\u00eda.\u00a0<\/a><br \/><br \/><\/div><div><b>RADIO LAUTARO<\/b>\u00a0<br \/><a href=\"https:\/\/radiolautarotalca.cl\/disfagia-deteccion-temprana-puede-aminorar-efectos\/\">Disfagia: detecci\u00f3n temprana puede aminorar efectos. Se refiere Orietta San Mart\u00edn Rubilar, acad\u00e9mica de la Escuela de Fonoaudiolog\u00eda.\u00a0<\/a><br \/><u><a id=\"OWA21d97c27-ee40-8681-98de-9e4e5c9f45cc\" title=\"https:\/\/radiolautarotalca.cl\/disfagia-deteccion-temprana-puede-aminorar-efectos\/\" href=\"https:\/\/radiolautarotalca.cl\/disfagia-deteccion-temprana-puede-aminorar-efectos\/\" target=\"_blank\" rel=\"noopener noreferrer\" data-auth=\"NotApplicable\" data-linkindex=\"17\"><\/a><\/u><\/div><div>\u00a0<\/div><div><b>EL RESUMEN<\/b>\u00a0<br \/><a href=\"https:\/\/www.elresumen.cl\/8766-disfagia-deteccion-temprana-puede-aminorar-efectos\">Disfagia: detecci\u00f3n temprana puede aminorar efectos. Se refiere Orietta San Mart\u00edn Rubilar, acad\u00e9mica de la Escuela de Fonoaudiolog\u00eda.\u00a0<\/a><br \/><br \/><\/div><div><b>CANAL 2 LINARES<\/b>\u00a0<br \/><a href=\"https:\/\/www.canal2linares.cl\/2025\/01\/disfagia-deteccion-temprana-puede.html\">Disfagia: detecci\u00f3n temprana puede aminorar efectos. Se refiere Orietta San Mart\u00edn Rubilar, acad\u00e9mica de la Escuela de Fonoaudiolog\u00eda.\u00a0<\/a><br \/><br \/><\/div><div><b>HORA NOTICIAS<\/b>\u00a0<br \/><a href=\"https:\/\/horadenoticias.cl\/salud\/disfagia-una-enfermedad-que-afecta-hasta-al-30-de-los-mayores-de-65-anios\">Disfagia, una enfermedad que afecta hasta al 30% de los mayores de 65 a\u00f1os. Se refiere Orietta San Mart\u00edn Rubilar, acad\u00e9mica de la Escuela de Fonoaudiolog\u00eda.\u00a0<\/a><br \/><br \/><\/div><div><b>TIERRA AMARILLANO<\/b>\u00a0<br \/><a href=\"https:\/\/tierramarillano.cl\/2025\/01\/02\/disfagia-deteccion-temprana-puede-aminorar-efectos\/\">Disfagia: detecci\u00f3n temprana puede aminorar efectos. Se refiere Orietta San Mart\u00edn Rubilar, acad\u00e9mica de la Escuela de Fonoaudiolog\u00eda.\u00a0<\/a><br \/><br \/><\/div><div><b>LA PRENSA DE CURIC\u00d3<\/b>\u00a0<br \/><a href=\"https:\/\/www.litoralpress.cl\/paginaconsultas\/Servicios_NClipSitio\/Get_Imagen_Nota.aspx?LPKey=RXV2R7THBVGNOCP7NU4BTZLHQUHR43HP35B2QSRL6H3FDNDSLKIONUU3SJKXISJ6K3XFP5L5VSB3Q\">Invitan a Talleres de Verano en el Centro de Extensi\u00f3n UTalca. Se refiere Judith Soto, asistente del Centro de Extensi\u00f3n (UTalca-Curic\u00f3)\u00a0<\/a><br \/><br \/><\/div><div><b>DIARIO LA PRENSA<\/b>\u00a0<br \/><a href=\"https:\/\/new.diariolaprensa.cl\/index.php\/2025\/01\/02\/invitan-a-talleres-de-verano-en-el-centro-de-extension-utalca\/\">Invitan a Talleres de Verano en el Centro de Extensi\u00f3n UTalca. Se refiere Judith Soto, asistente del Centro de Extensi\u00f3n (UTalca-Curic\u00f3)\u00a0<\/a><br \/><br \/><\/div><div><b>G5 NOTICIA<\/b>\u00a0<br \/><a href=\"https:\/\/g5noticias.cl\/2025\/01\/02\/huertas-colaborativas-utalca-ejecuta-proyecto-sustentable-para-su-comunidad\/\">Huertas colaborativas: UTalca ejecuta proyecto sustentable para su comunidad. Se refiere Karin L\u00f3pez, jefa del Departamento de Sustentabilidad, Loreto N\u00fa\u00f1ez, acad\u00e9mica del departamento de Salud P\u00fablica, Misael Err\u00e1zuriz, funcionario del Jard\u00edn Bot\u00e1nico y Arboretum y Elizabeth Olivos, asistente acad\u00e9mica de Ingenier\u00eda en Desarrollo de Videojuegos y Realidad Virtual. \u202f\u00a0<\/a><br \/><br \/><\/div><div><b>RADIO AMIGA<\/b>\u00a0<br \/><a href=\"https:\/\/www.litoralpress.cl\/sitio\/RadioTV_Detalles.cshtml?LPKey=XQ4YG7M6T4ODOWPCME6IL632PKNWUIPD3CA5LCQKNQ3XZABBFTIJ2C6RE3B3BHMSOLTFNDDGN5SKA\">Estr\u00e9s de fin de a\u00f1o. Nadia Ramos, directora del Centro de Psicolog\u00eda Aplicada de la Universidad de Talca.\u00a0<\/a><br \/><br \/><\/div><div><b>EL MAULE INFORMA<\/b>\u00a0<br \/><a href=\"https:\/\/elmauleinforma.cl\/comite-consultivo-de-la-estrategia-ctci-maule-inicia-trabajo-conjunto-para-impulsar-el-desarrollo-regional\/\">Comit\u00e9 Consultivo de la Estrategia CTCi Maule inicia trabajo conjunto para impulsar el desarrollo regional. Se refiere Iv\u00e1n Coyd\u00e1n, acad\u00e9mico de la Facultad de Econom\u00eda y Negocios.\u00a0<\/a><br \/><br \/><\/div><div><b>PORTAL EDUCA<\/b>\u00a0<br \/><a href=\"https:\/\/portaleduca.cl\/estudiantes-de-diversas-universidades-se-reunieron-en-la-ucn-en-el-1-workshop-de-aprendizaje-multimodal-2024\/\">Estudiantes de diversas universidades se reunieron en la UCN en el 1\u00b0 Workshop de Aprendizaje Multimodal 2024. Se menciona la Universidad de Talca.\u00a0<\/a><br \/><br \/><\/div><div><b>EL MOSTRADOR<\/b>\u00a0<br \/><a href=\"https:\/\/www.elmostrador.cl\/noticias\/opinion\/columnas\/2025\/01\/02\/a-la-memoria-de-beatriz-sarlo-la-primera-intelectual-del-siglo-xxi\/\">A la memoria de Beatriz Sarlo: La primera intelectual del siglo XXI. Se menciona la Universidad de Talca. \u00a0<\/a><br \/><br \/><\/div><div><b>UBIOBIO<\/b>\u00a0<br \/><a href=\"https:\/\/noticias.ubiobio.cl\/2024\/12\/22\/medalla-rector-hilario-hernandez\/\">Medalla Rector Hilario Hern\u00e1ndez. Se menciona la Universidad de Talca.\u00a0<\/a><br \/><br \/><\/div>\t\t\t\t\t\t<\/div>\n\t\t\t\t<\/div>\n\t\t\t\t\t<\/div>\n\t\t<\/div>\n\t\t\t\t\t\t\t<\/div>\n\t\t<\/section>\n\t\t\t\t\t\t<\/div>\n\t\t\t\t\t<\/div>\n\t\t","protected":false},"excerpt":{"rendered":"<p>RADIO BIOBIO\u00a0Incertidumbre en universidades estatales por la falta de financiamiento para innovaci\u00f3n. Se refiere Ariela Vergara, Directora de Innovaci\u00f3n y Transferencia.\u00a0 REPORTE AGR\u00cdCOLA\u00a0Inia desarrolla biotecnolog\u00eda para extender vida \u00fatil de las frutillas. Se refiere\u202fCarlos\u202fFigueroa, acad\u00e9mico del Instituto de Ciencias Biol\u00f3gicas.\u202f\u202f\u00a0 DIARIO TALCA\u00a0Abordan uso de la biotecnolog\u00eda para extender la vida \u00fatil de la frutilla en &hellip;<\/p>\n<p class=\"read-more\"> <a class=\"\" href=\"https:\/\/www.reportedeprensa.utalca.cl\/?p=11275\"> <span class=\"screen-reader-text\">03 de enero 2025<\/span> Read More &raquo;<\/a><\/p>\n","protected":false},"author":1,"featured_media":0,"comment_status":"closed","ping_status":"open","sticky":false,"template":"","format":"standard","meta":{"_monsterinsights_skip_tracking":false,"_monsterinsights_sitenote_active":false,"_monsterinsights_sitenote_note":"","_monsterinsights_sitenote_category":0},"categories":[56],"tags":[],"_links":{"self":[{"href":"https:\/\/www.reportedeprensa.utalca.cl\/index.php?rest_route=\/wp\/v2\/posts\/11275"}],"collection":[{"href":"https:\/\/www.reportedeprensa.utalca.cl\/index.php?rest_route=\/wp\/v2\/posts"}],"about":[{"href":"https:\/\/www.reportedeprensa.utalca.cl\/index.php?rest_route=\/wp\/v2\/types\/post"}],"author":[{"embeddable":true,"href":"https:\/\/www.reportedeprensa.utalca.cl\/index.php?rest_route=\/wp\/v2\/users\/1"}],"replies":[{"embeddable":true,"href":"https:\/\/www.reportedeprensa.utalca.cl\/index.php?rest_route=%2Fwp%2Fv2%2Fcomments&post=11275"}],"version-history":[{"count":8,"href":"https:\/\/www.reportedeprensa.utalca.cl\/index.php?rest_route=\/wp\/v2\/posts\/11275\/revisions"}],"predecessor-version":[{"id":11284,"href":"https:\/\/www.reportedeprensa.utalca.cl\/index.php?rest_route=\/wp\/v2\/posts\/11275\/revisions\/11284"}],"wp:attachment":[{"href":"https:\/\/www.reportedeprensa.utalca.cl\/index.php?rest_route=%2Fwp%2Fv2%2Fmedia&parent=11275"}],"wp:term":[{"taxonomy":"category","embeddable":true,"href":"https:\/\/www.reportedeprensa.utalca.cl\/index.php?rest_route=%2Fwp%2Fv2%2Fcategories&post=11275"},{"taxonomy":"post_tag","embeddable":true,"href":"https:\/\/www.reportedeprensa.utalca.cl\/index.php?rest_route=%2Fwp%2Fv2%2Ftags&post=11275"}],"curies":[{"name":"wp","href":"https:\/\/api.w.org\/{rel}","templated":true}]}}