{"id":11280,"date":"2025-01-06T12:11:24","date_gmt":"2025-01-06T15:11:24","guid":{"rendered":"https:\/\/www.reportedeprensa.utalca.cl\/?p=11280"},"modified":"2025-01-06T12:15:43","modified_gmt":"2025-01-06T15:15:43","slug":"06-de-enero-2025-2","status":"publish","type":"post","link":"https:\/\/www.reportedeprensa.utalca.cl\/?p=11280","title":{"rendered":"06 de enero 2025"},"content":{"rendered":"\t\t<div data-elementor-type=\"wp-post\" data-elementor-id=\"11280\" class=\"elementor elementor-11280\" data-elementor-settings=\"[]\">\n\t\t\t\t\t\t\t<div class=\"elementor-section-wrap\">\n\t\t\t\t\t\t\t<section class=\"elementor-section elementor-top-section elementor-element elementor-element-bcea1a8 elementor-section-boxed elementor-section-height-default elementor-section-height-default\" data-id=\"bcea1a8\" data-element_type=\"section\">\n\t\t\t\t\t\t<div class=\"elementor-container elementor-column-gap-default\">\n\t\t\t\t\t<div class=\"elementor-column elementor-col-100 elementor-top-column elementor-element elementor-element-e7183bf\" data-id=\"e7183bf\" data-element_type=\"column\">\n\t\t\t<div class=\"elementor-widget-wrap elementor-element-populated\">\n\t\t\t\t\t\t\t\t<div class=\"elementor-element elementor-element-6b06b7e elementor-widget elementor-widget-text-editor\" data-id=\"6b06b7e\" data-element_type=\"widget\" data-widget_type=\"text-editor.default\">\n\t\t\t\t<div class=\"elementor-widget-container\">\n\t\t\t\t\t\t\t\t<div><b data-olk-copy-source=\"MessageBody\">RADIO BIOB\u00cdO\u00a0<br \/><\/b><a href=\"https:\/\/www.litoralpress.cl\/sitio\/RadioTV_Detalles.cshtml?LPKey=UC5WMWUEYWWYBGOGFSX65B2T2YPZPP3SGIZVJNETAJ6VKDQAB7WRBLIKMEWGPK4BNPBZGO4QU4P2M\">Consejo de Rectores de las Universidades Chilenas se suma a los cuestionamientos al proyecto de ley que pone fin al CAE. Se refiere Carlos Torres Fuchslocher, rector.\u00a0<\/a><b data-olk-copy-source=\"MessageBody\"><br \/><\/b><b><u><a id=\"OWAb718ec1d-0d9a-71bd-3d3b-b1eac7c20ea2\" class=\"x_x_Hyperlink x_x_SCXW244872972 x_x_BCX0 x_x_OWAAutoLink\" title=\"https:\/\/www.litoralpress.cl\/sitio\/RadioTV_Detalles.cshtml?LPKey=UC5WMWUEYWWYBGOGFSX65B2T2YPZPP3SGIZVJNETAJ6VKDQAB7WRBLIKMEWGPK4BNPBZGO4QU4P2M\" href=\"https:\/\/www.litoralpress.cl\/sitio\/RadioTV_Detalles.cshtml?LPKey=UC5WMWUEYWWYBGOGFSX65B2T2YPZPP3SGIZVJNETAJ6VKDQAB7WRBLIKMEWGPK4BNPBZGO4QU4P2M\" target=\"_blank\" rel=\"noopener noreferrer\" data-auth=\"NotApplicable\" data-linkindex=\"0\"><\/a><\/u><\/b><b><\/b><\/div><div>\u00a0<\/div><div><b>LA TERCERA\u00a0<\/b><\/div><div><a href=\"https:\/\/www.litoralpress.cl\/sitio\/Prensa_PaginaCompleta.cshtml?LPKey=3MB2DWRQ375YSNPIKRA6P362YQNEBYN2MGL7VICI4WWTNDHC7EZA\">C\u00f3mo postular a la Educaci\u00f3n Superior y no morir en el intento. Se refiere Paola Morales, directora Ciclo de Vida Estudiantil (CIVE).\u00a0<\/a><\/div><div><b>\u00a0<\/b><\/div><div><b>CNN CHILE\u00a0<br \/><\/b><a href=\"https:\/\/www.litoralpress.cl\/sitio\/RadioTV_Detalles.cshtml?LPKey=6KDNSSGQGMMCT27YU2M4EBB3H4UT7WT5LOFSVHFI6PMBH6Y2ORVBEIKQAX5JVHYBF66PJXR5OLTNK\">Altas temperaturas y proyecciones. Entrevista a Patricio Gonz\u00e1lez Colville, agroclimat\u00f3logo y acad\u00e9mico del Centro de Investigaci\u00f3n y Transferencia en Riego y Agroclimatolog\u00eda (CITRA).\u202f\u202f\u00a0<\/a><b><br \/><\/b><\/div><div>\u00a0<\/div><div><b>RADIO ADN<\/b>\u00a0<br \/><a href=\"https:\/\/www.litoralpress.cl\/sitio\/RadioTV_Detalles.cshtml?LPKey=UH632JCTW2422SYAOVMCJYZS3H5PYQI33JKDJ7BYATM2N3HABOHAIHBQXRCOI5SNLY3EY77LDRRL6\">Anuncian altas temperaturas para la pr\u00f3xima semana: llaman a combatir el calor. Se refiere Patricio Gonz\u00e1lez Colville, agroclimat\u00f3logo y acad\u00e9mico del Centro de Investigaci\u00f3n y Transferencia en Riego y Agroclimatolog\u00eda (CITRA).\u202f\u202f\u00a0<\/a><\/div><div>\u00a0<\/div><div><b>CANAL MEGA\u00a0<br \/><\/b><a href=\"https:\/\/www.litoralpress.cl\/sitio\/RadioTV_Detalles.cshtml?LPKey=UIIYVF454VNDPF3G5PQ4ANBCKFE4HNBWPAFQ2I4WHADO4FQEE4UPCY33KPBLVCHWXWFFBICWFVU42\">Manuel Monsalve entregar\u00e1 este martes su primera declaraci\u00f3n ante los fiscales del caso. Se refiere Mauricio Morales Quiroga, director del Centro de An\u00e1lisis Pol\u00edtico (CAP).\u00a0<\/a><\/div><div>\u00a0<\/div><div><b>MEGANOTICIAS.CL<\/b>\u00a0<br \/><a href=\"https:\/\/www.meganoticias.cl\/nacional\/471874-columna-mauricio-morales-presidenciales-gabriel-boric-2029-fds01-05-01-2025.html\">Columna: &#8220;\u00bfBoric 2029?&#8221;. Se refiere Mauricio Morales Quiroga, director del Centro de An\u00e1lisis Pol\u00edtico (CAP).\u00a0<\/a><\/div><div>\u00a0<\/div><div><b>EMOL\u00a0<br \/><\/b><a href=\"https:\/\/www.emol.com\/noticias\/Nacional\/2025\/01\/04\/1153210\/casa-allende-expertos-boric.html\">&#8216;Desv\u00eda la atenci\u00f3n&#8217;: Expertos analizan el impacto de la fallida compra de la casa de Allende en el hist\u00f3rico viaje al Polo Sur. Se refiere Mario Herrera, acad\u00e9mico del Centro de An\u00e1lisis Pol\u00edtico (CAP).\u00a0<\/a><\/div><div>\u00a0<\/div><div><b>EL MOSTRADOR<\/b>\u00a0<br \/><a href=\"https:\/\/www.elmostrador.cl\/agenda-pais\/vida-en-linea\/2025\/01\/03\/disfagia-deteccion-temprana-puede-aminorar-efectos\/\">Disfagia: detecci\u00f3n temprana puede aminorar efectos.\u00a0 Se refiere Orietta San Mart\u00edn Rubilar, acad\u00e9mica de la Escuela de Fonoaudiolog\u00eda.\u00a0<\/a><br \/><br \/><\/div><div><b>DIARIO EL CENTRO<\/b>\u00a0<br \/><a href=\"https:\/\/www.diarioelcentro.cl\/2025\/01\/03\/disfagia-que-es-esta-condicion-que-afecta-la-alimentacion\/\">Disfagia: \u00bfQu\u00e9 es esta condici\u00f3n que afecta la alimentaci\u00f3n? Se refiere Orietta San Mart\u00edn Rubilar, acad\u00e9mica de la Escuela de Fonoaudiolog\u00eda.\u00a0<\/a><\/div><div><b>\u00a0<\/b><\/div><div><b>DIARIO TALCA\u00a0<br \/><\/b><a href=\"https:\/\/diariotalca.cl\/con-llamado-a-la-participacion-lanzan-nueva-edicion-del-congreso-futuro-en-el-maule\/\">Con llamado a la participaci\u00f3n lanzan nueva edici\u00f3n del Congreso Futuro en el Maule. Se refiere Carlos Torres Fuchslocher, rector.\u00a0<\/a><\/div><div>\u00a0<\/div><div><b>TVN RED MAULE<\/b>\u00a0<br \/><a href=\"https:\/\/www.litoralpress.cl\/sitio\/RadioTV_Detalles.cshtml?LPKey=VVWRX5CINTGYHUAW7CCOT6UDSMQFSSKP6VEB3FRGQCLBSBZN37VT2NQRLTJ3AL5BYQ4RLWDMNB6IE\">Acad\u00e9micos y parlamentarios se preparan para un nuevo Congreso del Futuro enfocado en el humanismo. Se menciona la Universidad de Talca.\u00a0<\/a><\/div><div>\u00a0<\/div><div><b>AD PRENSA<\/b>\u00a0<br \/><a href=\"https:\/\/www.adprensa.cl\/cronica\/el-evento-de-divulgacion-cientifica-mas-relevante-de-latinoamerica-llega-al-maule-para-hablar-sobre-tecnologias-y-su-impacto-en-la-humanidad\/\">El evento de divulgaci\u00f3n cient\u00edfica m\u00e1s relevante de Latinoam\u00e9rica llega al Maule para hablar sobre tecnolog\u00edas y su impacto en la humanidad. Se refiere Carlos Torres Fuchslocher, rector.\u00a0<\/a><br \/><br \/><\/div><div><b>EXTRA NOTICIAS\u00a0<br \/><\/b><a href=\"https:\/\/www.extranoticias.cl\/alianza-entre-sgd-y-u-de-talca-impulso-modernizacion-de-24-municipios-del-maule\/\">Alianza entre SGD y U. de Talca impuls\u00f3 modernizaci\u00f3n de 24 municipios del Maule. Se refiere Carlos Torres Fuchslocher, rector.\u00a0<\/a><\/div><div>\u00a0<\/div><div><b>TVN RED MAULE\u00a0<br \/><\/b><a href=\"https:\/\/www.litoralpress.cl\/sitio\/RadioTV_Detalles.cshtml?LPKey=BNRNKH3QNN2LSROZVTUUBEZOEPHP337VIWDOXB4NEUIXTX3JX6CZL2GLMMY4NMPZNFXLLID5NFTTM\">Malestar por video de sujeto donde sale junto a su hija manejando moto. Se refiere Isaac Ravetllat, acad\u00e9mico Facultad de Ciencias Jur\u00eddicas y Sociales.\u00a0<\/a><\/div><div><b>\u00a0<\/b><\/div><div><b>PUBLIMICRO<\/b>\u00a0<br \/><a href=\"https:\/\/publimicro.cl\/universidad-de-talca-abre-mesa-de-ayuda-para-apoyar-a-jovenes-en-el-proceso-de-postulacion\/\">Universidad de Talca, abre mesa de ayuda para apoyar a j\u00f3venes en el proceso de postulaci\u00f3n. Se refiere Paola Morales Norambuena, directora de Ciclo de Vida Estudiantil.\u00a0<\/a><br \/><br \/><\/div><div><b>DIARIO TALCA\u00a0<br \/><\/b><a href=\"https:\/\/diariotalca.cl\/utalca-anuncia-que-apoyara-a-jovenes-en-el-proceso-de-postulacion\/\">UTalca anuncia que apoyar\u00e1 a j\u00f3venes en el proceso de postulaci\u00f3n. Se refiere Paola Morales Norambuena, directora de Ciclo de Vida Estudiantil.\u00a0<\/a><b><br \/><\/b><\/div><div><b>G5 NOTICIA<\/b>\u00a0<br \/><a href=\"https:\/\/g5noticias.cl\/2025\/01\/03\/utalca-apoyara-a-jovenes-en-el-proceso-de-postulacion\/\">UTalca apoyar\u00e1 a j\u00f3venes en el proceso de postulaci\u00f3n. Se refiere Paola Morales Norambuena, directora de Ciclo de Vida Estudiantil.\u00a0<\/a><br \/><br \/><\/div><div><b>EL DIARIO SANTIAGO<\/b>\u00a0<br \/><a href=\"https:\/\/www.eldiariosantiago.cl\/2025\/01\/03\/utalca-apoyara-a-jovenes-en-el-proceso-de-postulacion\/\">UTalca apoyar\u00e1 a j\u00f3venes en el proceso de postulaci\u00f3n. Se refiere Paola Morales Norambuena, directora de Ciclo de Vida Estudiantil.\u00a0<\/a><br \/><br \/><\/div><div><b>LA PRENSA DE CURIC\u00d3<\/b>\u00a0<br \/><a href=\"https:\/\/www.litoralpress.cl\/paginaconsultas\/Servicios_NClipSitio\/Get_Imagen_Nota.aspx?LPKey=FF33XX4MZANNN2PZTW7KLYUNE23ROAH2T2BXT7X2IEYH2BMTQVF3G6MYHSO4GVZZOUQP7XILGCJQU\">UTalca apoyar\u00e1 a j\u00f3venes en el proceso de postulaci\u00f3n. Se refiere Paola Morales Norambuena, directora de Ciclo de Vida Estudiantil.\u00a0<\/a><br \/><br \/><\/div><div><b>EL LECTOR <\/b>\u00a0<br \/><a href=\"https:\/\/www.litoralpress.cl\/paginaconsultas\/Servicios_NClipSitio\/Get_Imagen_Nota.aspx?LPKey=NKGTBSAOTNV6XCMJLPMW53H6WUVDIZR7SYUZLQOR2JMYHPVNRWHWJT2K3DOKPBX3Z3LBGU2ARRVCC\">UTalca apoyar\u00e1 a j\u00f3venes en el proceso de postulaci\u00f3n. Se refiere Paola Morales Norambuena, directora de Ciclo de Vida Estudiantil de la UTalca.\u202f\u00a0<\/a><\/div><div><b>\u00a0<\/b><\/div><div><b>TVN RED MAULE \u00a0<br \/><\/b><a href=\"https:\/\/www.litoralpress.cl\/sitio\/RadioTV_Detalles.cshtml?LPKey=XTT5YH64ZSCGRRCJPBMVM6G2PLUPFRWBEO23OT3GZZU5NQLVKSCCS5RWHM57ETE6IYMVJSWXD75BK\">Ni\u00f1o de 5 A\u00f1os Fue Atacado por un Perro. Se refiere Emilio B\u00e9car, acad\u00e9mico de la Facultad de Ciencias Jur\u00eddicas y Sociales.\u00a0<\/a><\/div><div><b>\u00a0<\/b><\/div><div><b>EL MERCURIO LEGAL\u00a0<br \/><\/b><a href=\"https:\/\/www.litoralpress.cl\/paginaconsultas\/Documentos\/Get_Imagen.aspx?lpkey=UZEOX6ZK4MS7VYLYMEBGQHAGQJMWCX4DFD2YQCXNDJWBPPNQPEXNNR4KPPK7EOJUGGZABRJFYRBWI\">Evaluaci\u00f3n de ECOH: nada ha cambiado, pese a las buenas intenciones. Se refiere Sebasti\u00e1n Salinero Echeverr\u00eda, acad\u00e9mico de la Facultad de Ciencias Jur\u00eddicas y Sociales.\u00a0<\/a><\/div><div>\u00a0<\/div><div><b>MEGANOTICIAS.CL<\/b>\u00a0<br \/><a href=\"https:\/\/www.meganoticias.cl\/dato-util\/471755-cuanto-ganan-los-abogados-segun-universidad-brk-05-01-2025.html\">Admisi\u00f3n 2025: \u00bfCu\u00e1nto ganan los abogados, seg\u00fan la universidad en que estudiaron? Se menciona la Universidad de Talca.<\/a> \u00a0<br \/><br \/><\/div><div><b>MEDIABANCO <\/b>\u00a0<br \/><a href=\"https:\/\/www.mediabanco.com\/universidad-de-talca-presenta-click-experimenta-en-verano\/\">Universidad de Talca presenta \u201cCLICK: experimenta en verano\u201d.\u00a0 Se refiere Karin Saavedra, Directora General de Vinculaci\u00f3n con el Medio.\u00a0<\/a><br \/><br \/><\/div><div><b>CHILL\u00c1N ONLINE<\/b>\u00a0<br \/><a href=\"https:\/\/www.chillanonline.cl\/V7\/2025\/01\/04\/universidad-de-talca-presenta-click-experimenta-en-verano\/\">Universidad de Talca presenta \u201cCLICK: experimenta en verano. Se refiere Karin Saavedra, directora general de Vinculaci\u00f3n con el Medio.\u00a0<\/a><br \/><br \/><\/div><div><b>LA PRENSA DE CURIC\u00d3\u00a0<br \/><\/b><a href=\"https:\/\/www.litoralpress.cl\/sitio\/Prensa_PaginaCompleta.cshtml?LPKey=7JMO4SSZA7EGBRIOOVHVC6QZTKJLL5MMD7M3MD3SVQBDKV5MIRLA\">Universidad de Talca presenta \u201cCLICK: experimenta en verano. Se refiere Karin Saavedra, directora general de Vinculaci\u00f3n con el Medio.\u00a0<\/a><\/div><div>\u00a0<\/div><div><b>DIARIO EL HERALDO<\/b>\u00a0<br \/><a href=\"https:\/\/www.litoralpress.cl\/sitio\/Prensa_PaginaCompleta.cshtml?LPKey=3OFE6M7UTCL6DZYRNRNEBQOS4Q65I3GM6NP4KLHFSP7FLMYLRSZQ\">Universidad de Talca presenta \u201cCLICK: experimenta en verano. Se refiere Karin Saavedra, directora general de Vinculaci\u00f3n con el Medio.\u00a0<\/a><br \/><br \/><\/div><div><b>MEDIABANCO<\/b>\u00a0<br \/><a href=\"https:\/\/www.mediabanco.com\/lanzan-videojuego-para-reforzar-aprendizajes-en-matematicas\/\">Lanzan videojuego para reforzar aprendizajes en matem\u00e1ticas. Se refiere C\u00e9sar Retamal, docente de la Facultad de Ingenier\u00eda y jefe de la Unidad de Divulgaci\u00f3n.\u00a0<\/a><br \/><br \/><\/div><div><b>CHILL\u00c1N ONLINE<\/b>\u00a0<br \/><a href=\"https:\/\/www.chillanonline.cl\/V7\/2025\/01\/05\/lanzan-videojuego-para-reforzar-aprendizajes-en-matematicas\/\">Lanzan videojuego para reforzar aprendizajes en matem\u00e1ticas. Se refiere C\u00e9sar Retamal, docente de la Facultad de Ingenier\u00eda y jefe de la Unidad de Divulgaci\u00f3n. \u00a0<\/a><br \/><br \/><\/div><div><b>EL LECTOR<\/b>\u00a0<br \/><a href=\"https:\/\/www.litoralpress.cl\/paginaconsultas\/Servicios_NClipSitio\/Get_Imagen_Nota.aspx?LPKey=RV6QALUARGB42WJAAPOWY37BLI5QEKV7FK7JLJBDVY4ZKJDMCIX4UDPNX3XRZ6XKJTLQQSDOZTQJ4\">Carrera de pedagog\u00eda ofrece sueldos competitivos y casi el 100% de empleabilidad. Se refiere Claudia Molnar, directora General de la Escuela de Pedagog\u00eda en alem\u00e1n y Andrea von Schultzendorff, directora acad\u00e9mica de la mencionada unidad.\u00a0 \u00a0<\/a><br \/><br \/><\/div><div><b>RADIO ANCOA<\/b>\u00a0<br \/><a href=\"https:\/\/www.radioancoa.cl\/categoria\/local\/pedagogia-aleman-utalca-alta-empleabilidad-sueldos-competitivos-experiencia-internacional\">Pedagog\u00eda en Alem\u00e1n en UTalca: Alta empleabilidad, sueldos competitivos y experiencia internacional. Se refiere Claudia Molnar, directora General de la Escuela de Pedagog\u00eda en alem\u00e1n y Andrea von Schultzendorff, directora acad\u00e9mica de la mencionada unidad.\u00a0 \u00a0<\/a><br \/><br \/><\/div><div><b>MEDIABANCO<\/b>\u00a0<br \/><a href=\"https:\/\/www.mediabanco.com\/carrera-de-pedagogia-ofrece-sueldos-competitivos-y-casi-el-100-de-empleabilidad\/\">Carrera de pedagog\u00eda ofrece sueldos competitivos y casi el 100% de empleabilidad. Se refiere Claudia Molnar, directora General de la Escuela de Pedagog\u00eda en alem\u00e1n y Andrea von Schultzendorff, directora acad\u00e9mica de la mencionada unidad.\u00a0 \u00a0<\/a><br \/><br \/><\/div><div><b>G5 NOTICIAS\u00a0<\/b><\/div><div><a href=\"https:\/\/g5noticias.cl\/2025\/01\/03\/carrera-de-pedagogia-ofrece-sueldos-competitivos-y-casi-el-100-de-empleabilidad\/\">Carrera de pedagog\u00eda ofrece sueldos competitivos y casi el 100% de empleabilidad. Se refiere Claudia Molnar, directora General de la Escuela de Pedagog\u00eda en alem\u00e1n y Andrea von Schultzendorff, directora acad\u00e9mica de la mencionada unidad.\u00a0<\/a> \u00a0<br \/><br \/><\/div><div><b>DIARIO EL HERALDO<\/b>\u00a0<br \/><a href=\"https:\/\/www.diarioelheraldo.cl\/noticia\/carrera-de-pedagogia-ofrece-sueldos-competitivos-y-casi-el-100-de-empleabilidad\">Carrera de pedagog\u00eda ofrece sueldos competitivos y casi el 100% de empleabilidad. Se refiere Claudia Molnar, directora General de la Escuela de Pedagog\u00eda en alem\u00e1n y Andrea von Schultzendorff, directora acad\u00e9mica de la mencionada unidad.\u00a0\u00a0<\/a><\/div><div>\u00a0<\/div><div><b>EL HERALDO<\/b>\u00a0<br \/><a href=\"https:\/\/www.litoralpress.cl\/paginaconsultas\/Servicios_NClipSitio\/Get_Imagen_Nota.aspx?LPKey=NISO22GGJDRSDSSAQRDYMQOAKQK2DMWBARMSHWJ45Q56QQ2DSQKYJ44BH7HIC56C3ZLVOG7ZCL34U\">Carrera de pedagog\u00eda ofrece sueldos competitivos y casi el 100% de empleabilidad. Se refiere Claudia Molnar, directora General de la Escuela de Pedagog\u00eda en alem\u00e1n y Andrea von Schultzendorff, directora acad\u00e9mica de la mencionada unidad.<\/a>\u00a0 \u00a0<br \/><br \/><\/div><div><b>EL LECTOR<\/b>\u00a0<br \/><a href=\"https:\/\/www.litoralpress.cl\/sitio\/Prensa_Cortes.cshtml?LPKey=JXLZ3DYHBZZMURZ3OQ75AS6UM7AY6M2XGBPBAP6ELZE65PMDDBJA\">Carrera de pedagog\u00eda ofrece sueldos competitivos y casi el 100% de empleabilidad. Se refiere Claudia Molnar, directora General de la Escuela de Pedagog\u00eda en alem\u00e1n y Andrea von Schultzendorff, directora acad\u00e9mica de la mencionada unidad.\u00a0 \u00a0<\/a><br \/><br \/><\/div><div><b>EL LECTOR<\/b>\u00a0<br \/><a href=\"https:\/\/www.litoralpress.cl\/paginaconsultas\/Servicios_NClipSitio\/Get_Imagen_Nota.aspx?LPKey=XXFK3HEFROCDYIJAX4ZV44D6DB4TRWHNLU63IXPJPZO7YSHJJMMJUTCLCH4IB6YL3MDHW7WOEGMA4\">Carrera de pedagog\u00eda ofrece sueldos competitivos y casi el 100% de empleabilidad. Se refiere Claudia Molnar, directora General de la Escuela de Pedagog\u00eda en alem\u00e1n y Andrea von Schultzendorff, directora acad\u00e9mica de la mencionada unidad.\u00a0 \u00a0<\/a><br \/><br \/><\/div><div><b>AD PRENSA<\/b>\u00a0<br \/><a href=\"https:\/\/www.adprensa.cl\/cronica\/carrera-de-pedagogia-ofrece-sueldos-competitivos-y-casi-el-100-de-empleabilidad\/\">Carrera de pedagog\u00eda ofrece sueldos competitivos y casi el 100% de empleabilidad. Se refiere Claudia Molnar, directora General de la Escuela de Pedagog\u00eda en alem\u00e1n y Andrea von Schultzendorff, directora acad\u00e9mica de la mencionada unidad.\u00a0<\/a> \u00a0<\/div><div><b>\u00a0<\/b><\/div><div><b>RADIO AMIGA<\/b>\u00a0<br \/><a href=\"https:\/\/www.litoralpress.cl\/sitio\/RadioTV_Detalles.cshtml?LPKey=MAIE66UGOKBH7HELKXF2NOJDHURHAUDEZ2WOJTQZHLXTUOUXEJBDIO2SBNC6Q46MCSQEV2FCF2WJA\">Entre los d\u00edas seis, es decir, el pr\u00f3ximo lunes y hasta el 10 de enero, la Universidad de Talca va a realizar talleres de ciencia, te\u00f3ricos y pr\u00e1cticos. Se refiere C\u00e9sar Retamal, jefe de la Unidad de Divulgaci\u00f3n de la Direcci\u00f3n General de Vinculaci\u00f3n con el Medio y Lorena Niedmann, acad\u00e9mica de Instituto de Ciencias Biol\u00f3gicas.\u202f<\/a>\u00a0<\/div><div><b>\u00a0<\/b><\/div><div><b>RADIO GEMENIS<\/b>\u00a0<br \/><a href=\"https:\/\/www.litoralpress.cl\/sitio\/RadioTV_Detalles.cshtml?LPKey=HWMCEZ5ZDATHHCL7JYIF26YTFX4KFWTTOY47Y5IOIXQDTQZOZ34EUQP7GZHM65N6B5VYYSU45OMQW\">Entrevista a Carlos Contreras, responsable del \u00e1rea de Admisi\u00f3n.\u00a0<\/a><br \/><br \/><\/div><div><b>PORTAL FRUT\u00cdCOLA <\/b>\u00a0<br \/><a href=\"https:\/\/www.portalfruticola.com\/noticias\/2025\/01\/03\/cereza-chilena-china\/\">El fen\u00f3meno de la cereza chilena en China: un mercado en auge. Se refiere \u00c1lvaro Sep\u00falveda, investigador del Centro de Pom\u00e1ceas.\u00a0<\/a><br \/><br \/><\/div><div><b>TOUR INNOVACI\u00d3N<\/b>\u00a0<br \/><a href=\"https:\/\/www.tourinnovacion.cl\/agricultura\/seminario-aborda-el-uso-de-biotecnologia-para-extender-la-vida-util-de-la-frutilla-en-postcosecha\/\">Seminario aborda el uso de biotecnolog\u00eda para extender la vida \u00fatil de la frutilla en postcosecha. Se menciona la Universidad de Talca.\u00a0<\/a><br \/><br \/><\/div><div><b>CANAL 2 LINARES<\/b>\u00a0<br \/><a href=\"https:\/\/www.canal2linares.cl\/2025\/01\/comite-consultivo-de-la-estrategia-ctci.html\">Comit\u00e9 Consultivo de la Estrategia CTCi Maule inicia trabajo conjunto para impulsar el desarrollo regional. Se refiere Iv\u00e1n Coyd\u00e1n,\u00a0 acad\u00e9mico de la Facultad de Econom\u00eda y Negocios.\u00a0<\/a><br \/><br \/><\/div><div><b>RADIO LAUTARO<\/b>\u00a0<br \/><a href=\"https:\/\/radiolautarotalca.cl\/diabetes-y-salud-periodontal-su-manejo-adecuado-es-crucial-para-la-calidad-de-vida-de-los-pacientes\/\">Diabetes y salud periodontal su manejo adecuado es crucial para la calidad de vida de los pacientes. Se refiere Claudia Descouvieres, acad\u00e9mica de la Escuela de Odontolog\u00eda.\u00a0<\/a><\/div><div>\u00a0<\/div><div><b>RADIO LAUTARO<\/b>\u00a0<br \/><a href=\"https:\/\/radiolautarotalca.cl\/especialista-alerto-sobre-el-uso-prolongado-de-audifonos\/\">Especialista alert\u00f3 sobre el uso prolongado de aud\u00edfonos. Se refiere Gustavo Cubate, acad\u00e9mico de la Cl\u00ednica de Fonoaudiolog\u00eda.\u202f\u00a0<\/a><br \/><br \/><\/div><div><b>LA PRENSA DE CURIC\u00d3<\/b>\u00a0<br \/><a href=\"https:\/\/www.litoralpress.cl\/paginaconsultas\/Servicios_NClipSitio\/Get_Imagen_Nota.aspx?LPKey=IC3WPCHKX66OCVALRQOVDMO3KQY4R2DUR2SCA32VDDFQLYL2MTJUUZSSZ6EHYMAGGIOQWUYNGYWRM\">Sobre el documental \u201cCartas desde el Maule Cartas desde Buenos Aires\u201d. Se menciona la Universidad de Talca.\u00a0<\/a><br \/><br \/><\/div><div><b>EL MERCURIO LEGAL<\/b>\u00a0<br \/><a href=\"https:\/\/www.litoralpress.cl\/paginaconsultas\/Servicios_NClipSitio\/Get_Imagen_Nota.aspx?LPKey=SJS2OIOUJGPZYMH5X3B2QB4O3RT7BLEAZ2QRBQNHCPAB4USOMPVTNVABXOOVL5SGXJFBJRFUA4LXW\">Ni solo oral ni solo escrito: La nueva tendencia del examen de grado en Derecho. Se menciona la Universidad de Talca.\u00a0<\/a><br \/><br \/><\/div><div><b>EL ZORRO NORTINO<\/b>\u00a0<br \/><a href=\"https:\/\/www.elzorronortino.cl\/ciencias-y-tecnologia\/estudiantes-de-diversas-universidades-se-reunieron-en-la-ucn-en-el-1-workshop-de-aprendizaje-multimodal-2024\/\">Estudiantes de diversas universidades se reunieron en la UCN en el 1\u00b0 Workshop de Aprendizaje Multimodal 2024. Se menciona la Universidad de Talca.\u00a0<\/a><br \/><br \/><\/div><div><b>RADIO RUTA\u00a0 NORTE<\/b>\u00a0<br \/><a href=\"https:\/\/www.elzorronortino.cl\/ciencias-y-tecnologia\/estudiantes-de-diversas-universidades-se-reunieron-en-la-ucn-en-el-1-workshop-de-aprendizaje-multimodal-2024\/\">Estudiantes de diversas universidades se reunieron en la UCN en el 1\u00b0 Workshop de Aprendizaje Multimodal 2024 Se menciona la Universidad de Talca.\u00a0<\/a><\/div><div>\u00a0<\/div><div><b>EL MERCURIO<\/b>\u00a0<br \/><a href=\"https:\/\/www.litoralpress.cl\/paginaconsultas\/Servicios_NClipSitio\/Get_Imagen_Nota.aspx?LPKey=6N7CD3654WK46PV3DMKVX7FYG26EHVQ76Z7ASBC3QNJGH5UYADN53HFYYYNWNNVYWM7PVAVJXGJM4\">Los ministros del Tribunal Ambiental en Antofagasta que tiene en vilo al Gobierno con el fallo de Dominga. Se menciona la Universidad de Talca.\u00a0<\/a><br \/><br \/><\/div><div><b>LA PRENSA DE CURIC\u00d3<\/b>\u00a0<br \/><a href=\"https:\/\/www.litoralpress.cl\/paginaconsultas\/Servicios_NClipSitio\/Get_Imagen_Nota.aspx?LPKey=5X6OCFX3UJF6XDSWXZUDXQDFOWBANFX2ADBUPPMTGB2NYIFL3RGALTTHP23C42SWGUJAHFKU5SOVI\">\u201cAgroindustria Responsable\u201d y \u201cQui\u00e9n Decide\u201d en la democracia de la tecnolog\u00eda e informaci\u00f3n. Sed menciona la Universidad de Talca.\u00a0<\/a><br \/><br \/><\/div><div><b>DIARIO EL CENTRO<\/b>\u00a0<br \/><a href=\"https:\/\/www.diarioelcentro.cl\/2025\/01\/04\/el-congreso-futuro-2025-se-inauguro-oficialmente-en-la-region-del-maule\/\">El Congreso Futuro 2025 se inaugur\u00f3 oficialmente en la Regi\u00f3n del Maule. Se menciona la Universidad de Talca.\u00a0<\/a><br \/><br \/><\/div>\t\t\t\t\t\t<\/div>\n\t\t\t\t<\/div>\n\t\t\t\t\t<\/div>\n\t\t<\/div>\n\t\t\t\t\t\t\t<\/div>\n\t\t<\/section>\n\t\t\t\t\t\t<\/div>\n\t\t\t\t\t<\/div>\n\t\t","protected":false},"excerpt":{"rendered":"<p>RADIO BIOB\u00cdO\u00a0Consejo de Rectores de las Universidades Chilenas se suma a los cuestionamientos al proyecto de ley que pone fin al CAE. Se refiere Carlos Torres Fuchslocher, rector.\u00a0\u00a0LA TERCERA\u00a0C\u00f3mo postular a la Educaci\u00f3n Superior y no morir en el intento. Se refiere Paola Morales, directora Ciclo de Vida Estudiantil (CIVE).\u00a0\u00a0CNN CHILE\u00a0Altas temperaturas y proyecciones. Entrevista &hellip;<\/p>\n<p class=\"read-more\"> <a class=\"\" href=\"https:\/\/www.reportedeprensa.utalca.cl\/?p=11280\"> <span class=\"screen-reader-text\">06 de enero 2025<\/span> Read More &raquo;<\/a><\/p>\n","protected":false},"author":1,"featured_media":0,"comment_status":"closed","ping_status":"open","sticky":false,"template":"","format":"standard","meta":{"_monsterinsights_skip_tracking":false,"_monsterinsights_sitenote_active":false,"_monsterinsights_sitenote_note":"","_monsterinsights_sitenote_category":0},"categories":[56],"tags":[],"_links":{"self":[{"href":"https:\/\/www.reportedeprensa.utalca.cl\/index.php?rest_route=\/wp\/v2\/posts\/11280"}],"collection":[{"href":"https:\/\/www.reportedeprensa.utalca.cl\/index.php?rest_route=\/wp\/v2\/posts"}],"about":[{"href":"https:\/\/www.reportedeprensa.utalca.cl\/index.php?rest_route=\/wp\/v2\/types\/post"}],"author":[{"embeddable":true,"href":"https:\/\/www.reportedeprensa.utalca.cl\/index.php?rest_route=\/wp\/v2\/users\/1"}],"replies":[{"embeddable":true,"href":"https:\/\/www.reportedeprensa.utalca.cl\/index.php?rest_route=%2Fwp%2Fv2%2Fcomments&post=11280"}],"version-history":[{"count":4,"href":"https:\/\/www.reportedeprensa.utalca.cl\/index.php?rest_route=\/wp\/v2\/posts\/11280\/revisions"}],"predecessor-version":[{"id":11288,"href":"https:\/\/www.reportedeprensa.utalca.cl\/index.php?rest_route=\/wp\/v2\/posts\/11280\/revisions\/11288"}],"wp:attachment":[{"href":"https:\/\/www.reportedeprensa.utalca.cl\/index.php?rest_route=%2Fwp%2Fv2%2Fmedia&parent=11280"}],"wp:term":[{"taxonomy":"category","embeddable":true,"href":"https:\/\/www.reportedeprensa.utalca.cl\/index.php?rest_route=%2Fwp%2Fv2%2Fcategories&post=11280"},{"taxonomy":"post_tag","embeddable":true,"href":"https:\/\/www.reportedeprensa.utalca.cl\/index.php?rest_route=%2Fwp%2Fv2%2Ftags&post=11280"}],"curies":[{"name":"wp","href":"https:\/\/api.w.org\/{rel}","templated":true}]}}