{"id":11289,"date":"2025-01-08T09:16:45","date_gmt":"2025-01-08T12:16:45","guid":{"rendered":"https:\/\/www.reportedeprensa.utalca.cl\/?p=11289"},"modified":"2025-01-08T09:20:02","modified_gmt":"2025-01-08T12:20:02","slug":"07-de-enero-2025","status":"publish","type":"post","link":"https:\/\/www.reportedeprensa.utalca.cl\/?p=11289","title":{"rendered":"07 de enero 2025"},"content":{"rendered":"\t\t<div data-elementor-type=\"wp-post\" data-elementor-id=\"11289\" class=\"elementor elementor-11289\" data-elementor-settings=\"[]\">\n\t\t\t\t\t\t\t<div class=\"elementor-section-wrap\">\n\t\t\t\t\t\t\t<section class=\"elementor-section elementor-top-section elementor-element elementor-element-bcea1a8 elementor-section-boxed elementor-section-height-default elementor-section-height-default\" data-id=\"bcea1a8\" data-element_type=\"section\">\n\t\t\t\t\t\t<div class=\"elementor-container elementor-column-gap-default\">\n\t\t\t\t\t<div class=\"elementor-column elementor-col-100 elementor-top-column elementor-element elementor-element-e7183bf\" data-id=\"e7183bf\" data-element_type=\"column\">\n\t\t\t<div class=\"elementor-widget-wrap elementor-element-populated\">\n\t\t\t\t\t\t\t\t<div class=\"elementor-element elementor-element-6b06b7e elementor-widget elementor-widget-text-editor\" data-id=\"6b06b7e\" data-element_type=\"widget\" data-widget_type=\"text-editor.default\">\n\t\t\t\t<div class=\"elementor-widget-container\">\n\t\t\t\t\t\t\t\t<div><b data-olk-copy-source=\"MessageBody\">DIARIO TALCA<\/b>\u00a0<br \/><a href=\"https:\/\/diariotalca.cl\/rectores-de-universidades-regionales-llaman-a-jovenes-a-quedarse-a-estudiar-en-el-maule\/\">Rectores de universidades regionales llaman a j\u00f3venes a quedarse a estudiar en el Maule. Se refiere Carlos Torres Fuchslocher, rector.\u00a0<\/a><br \/><br \/><\/div><div><b>CHILEVISI\u00d3N NOTICIAS<\/b>\u00a0<br \/><a href=\"https:\/\/www.chilevision.cl\/noticias\/te-ayuda\/proceso-admision-2025-mas-de-20-universidades-presentan-nuevas-carreras\">Proceso admisi\u00f3n 2025: Revisa las nuevas carreras que ofrecen m\u00e1s de 20 universidades. Se menciona la Universidad de Talca.\u00a0<\/a><br \/><br \/><\/div><div><b>EL MERCURIO<\/b>\u00a0<br \/><a href=\"https:\/\/www.litoralpress.cl\/paginaconsultas\/Servicios_NClipSitio\/Get_Imagen_Nota.aspx?LPKey=OFVGSUEFSFTBUC7IHJQZHEMOWIDCSWCZHHIMXZ4WWDXONHB6WG6M5OPJKT6IHWLTWTHNAS5OQBREG\">&#8220;Me cost\u00f3 caer en cuenta de que era verdad&#8221;: J\u00f3venes que lograron puntaje nacional en la PAES. Se menciona la Universidad de Talca.\u00a0<\/a><br \/><br \/><\/div><div><b>LAS \u00daLTIMAS NOTICIAS<\/b>\u00a0<br \/><a href=\"https:\/\/www.litoralpress.cl\/paginaconsultas\/Servicios_NClipSitio\/Get_Imagen_Nota.aspx?LPKey=LPXT7CU467GJ7Q7UNMHSYAFRENDSXRFLJVCVFRUTEKNH4HZXNAQE6LLTTVXSUKQPC6UYZCIQAUXDM\">As\u00ed se viene el proceso de admisi\u00f3n 2025: d\u00f3nde y c\u00f3mo postular a una beca. Se menciona la Universidad de Talca.\u00a0<\/a><br \/><br \/><\/div><div><b>EMOL<\/b>\u00a0<br \/><a href=\"https:\/\/www.emol.com\/noticias\/Nacional\/2025\/01\/06\/1153280\/puntaje-nacional-paes-desayuno.html\">&#8216;Llam\u00e9 a mi mam\u00e1 y se puso a llorar&#8217;: J\u00f3venes que alcanzaron puntaje nacional en la PAES cuentan su experiencia. Se menciona la Universidad de Talca.\u00a0<\/a><br \/><br \/><\/div><div><b>PUBLIMETRO<\/b>\u00a0<br \/><a href=\"https:\/\/www.publimetro.cl\/noticias\/2025\/01\/06\/cuales-son-las-instituciones-de-educacion-superior-acreditadas-por-mineduc-a-las-que-se-puede-postular-tras-conocer-tu-puntaje-en-la-paes\/\">\u00bfCu\u00e1les son las instituciones de educaci\u00f3n superior acreditadas por Mineduc a las que se puede postular tras conocer tu puntaje en la PAES? Se menciona la Universidad de Talca.\u00a0<\/a><br \/><br \/><\/div><div><b>EL MOSTRADOR<\/b>\u00a0<br \/><a href=\"https:\/\/www.elmostrador.cl\/agenda-pais\/agenda-digital\/2025\/01\/06\/lanzan-videojuego-para-reforzar-aprendizajes-en-matematicas\/\">Lanzan videojuego para reforzar aprendizajes en matem\u00e1ticas. Se refiere C\u00e9sar Retamal, jefe de la Unidad de Divulgaci\u00f3n de la Direcci\u00f3n General de Vinculaci\u00f3n con el Medio.\u00a0<\/a><br \/><br \/><\/div><div><b>ENTREPRENERD<\/b>\u00a0<br \/><a href=\"https:\/\/www.entnerd.com\/lanzan-videojuego-para-reforzar-aprendizajes-en-matematicas\/\">Lanzan videojuego para reforzar aprendizajes en matem\u00e1ticas. Se refiere C\u00e9sar Retamal, jefe de la Unidad de Divulgaci\u00f3n de la Direcci\u00f3n General de Vinculaci\u00f3n con el Medio.\u00a0<\/a><br \/><br \/><\/div><div><b>TIERRA AMARILLANO<\/b>\u00a0<br \/><a href=\"https:\/\/tierramarillano.cl\/2025\/01\/05\/lanzan-videojuego-para-reforzar-aprendizajes-en-matematicas\/\">Lanzan videojuego para reforzar aprendizajes en matem\u00e1ticas. Se refiere C\u00e9sar Retamal, jefe de la Unidad de Divulgaci\u00f3n de la Direcci\u00f3n General de Vinculaci\u00f3n con el Medio.\u00a0<\/a><br \/><br \/><\/div><div><b>PUBLIMICRO<\/b>\u00a0<br \/><a href=\"https:\/\/publimicro.cl\/lanzan-videojuego-para-reforzar-aprendizajes-en-matematicas-el-objetivo-es-disminuir-las-brechas-de-genero-entre-ninas-y-ninos-en-la-materia\/\">Lanzan videojuego para reforzar aprendizajes en matem\u00e1ticas. El objetivo es disminuir las brechas de g\u00e9nero entre ni\u00f1as y ni\u00f1os en la materia. Se refiere C\u00e9sar Retamal, jefe de la Unidad de Divulgaci\u00f3n de la Direcci\u00f3n General de Vinculaci\u00f3n con el Medio. \u00a0<\/a><br \/><br \/><\/div><div><b>TV5<\/b>\u00a0<br \/><a href=\"https:\/\/www.tv5.cl\/categoria\/local\/lablox-videojuego-transforma-matematicas-diversion\">Lablox: el videojuego que transforma las matem\u00e1ticas en diversi\u00f3n. Se refiere C\u00e9sar Retamal, jefe de la Unidad de Divulgaci\u00f3n de la Direcci\u00f3n General de Vinculaci\u00f3n con el Medio.\u00a0<\/a><br \/><br \/><\/div><div><b>EL MAULE INFORMA<\/b>\u00a0<br \/><a href=\"https:\/\/elmauleinforma.cl\/lanzan-videojuego-para-reforzar-aprendizajes-en-matematicas\/\">Lanzan videojuego para reforzar aprendizajes en matem\u00e1ticas. Se refiere C\u00e9sar Retamal, jefe de la Unidad de Divulgaci\u00f3n de la Direcci\u00f3n General de Vinculaci\u00f3n con el Medio.\u00a0<\/a><br \/><br \/><\/div><div><b>DIARIOS EN RED<\/b>\u00a0<br \/><a href=\"https:\/\/diariosenred.com\/regional\/lanzan-videojuego-para-reforzar-aprendizajes-en-matematicas\">Lanzan videojuego para reforzar aprendizajes en matem\u00e1ticas. Se refiere C\u00e9sar Retamal, jefe de la Unidad de Divulgaci\u00f3n de la Direcci\u00f3n General de Vinculaci\u00f3n con el Medio.\u00a0<\/a><br \/><br \/><\/div><div><b>RED MAULE<\/b>\u00a0<br \/><a href=\"https:\/\/redmaule.com\/regional\/lanzan-videojuego-para-reforzar-aprendizajes-en-matematicas\">Lanzan videojuego para reforzar aprendizajes en matem\u00e1ticas. Se refiere C\u00e9sar Retamal, jefe de la Unidad de Divulgaci\u00f3n de la Direcci\u00f3n General de Vinculaci\u00f3n con el Medio.\u00a0<\/a><br \/><br \/><\/div><div><b>RED LOS LAGOS<\/b>\u00a0<br \/><a href=\"https:\/\/redloslagos.com\/regional\/lanzan-videojuego-para-reforzar-aprendizajes-en-matematicas\">Lanzan videojuego para reforzar aprendizajes en matem\u00e1ticas. Se refiere C\u00e9sar Retamal, jefe de la Unidad de Divulgaci\u00f3n de la Direcci\u00f3n General de Vinculaci\u00f3n con el Medio.\u00a0<\/a><br \/><br \/><\/div><div><b>RED VALPARA\u00cdSO<\/b>\u00a0<br \/><a href=\"https:\/\/redvalparaiso.com\/regional\/lanzan-videojuego-para-reforzar-aprendizajes-en-matematicas\">Lanzan videojuego para reforzar aprendizajes en matem\u00e1ticas. Se refiere C\u00e9sar Retamal, jefe de la Unidad de Divulgaci\u00f3n de la Direcci\u00f3n General de Vinculaci\u00f3n con el Medio.\u00a0<\/a><br \/><br \/><\/div><div><b>RED ARICA<\/b>\u00a0<br \/><a href=\"https:\/\/redarica.com\/regional\/lanzan-videojuego-para-reforzar-aprendizajes-en-matematicas\">Lanzan videojuego para reforzar aprendizajes en matem\u00e1ticas. Se refiere C\u00e9sar Retamal, jefe de la Unidad de Divulgaci\u00f3n de la Direcci\u00f3n General de Vinculaci\u00f3n con el Medio.\u00a0<\/a><br \/><br \/><\/div><div><b>SOMOS MAULE<\/b>\u00a0<br \/><a href=\"http:\/\/somosmaule.cl\/publico\/ficha\/ficha.aspx?i=86351\">Lanzan videojuego para reforzar aprendizajes en matem\u00e1ticas. Se refiere C\u00e9sar Retamal, jefe de la Unidad de Divulgaci\u00f3n de la Direcci\u00f3n General de Vinculaci\u00f3n con el Medio.\u00a0<\/a><br \/><br \/><\/div><div><b>RADIO ALLEN<\/b>\u00a0<br \/><a href=\"https:\/\/radioallen.cl\/educacion-lanzan-videojuego-para-reforzar-aprendizajes-en-matematicas\/\">Educaci\u00f3n: Lanzan videojuego para reforzar aprendizajes en matem\u00e1ticas. Se refiere C\u00e9sar Retamal, jefe de la Unidad de Divulgaci\u00f3n de la Direcci\u00f3n General de Vinculaci\u00f3n con el Medio.\u00a0<\/a><br \/><br \/><\/div><div><b>MAULE NEWS<\/b>\u00a0<br \/><a href=\"https:\/\/www.maulenews.com\/2025\/01\/lanzan-videojuego-para-reforzar.html\">Lanzan videojuego para reforzar aprendizajes en matem\u00e1ticas. Se refiere C\u00e9sar Retamal, jefe de la Unidad de Divulgaci\u00f3n de la Direcci\u00f3n General de Vinculaci\u00f3n con el Medio.\u00a0<\/a><br \/>\u00a0<br \/><b>DIARIO EL HERALDO<\/b>\u00a0<br \/><a href=\"https:\/\/www.diarioelheraldo.cl\/noticia\/lanzan-videojuego-para-reforzar-aprendizajes-en-matematicas\">Lanzan videojuego para reforzar aprendizajes en matem\u00e1ticas. Se refiere C\u00e9sar Retamal, jefe de la Unidad de Divulgaci\u00f3n de la Direcci\u00f3n General de Vinculaci\u00f3n con el Medio.\u00a0<\/a><br \/><br \/><\/div><div><b>PORTAL PRENSA SALUD<\/b>\u00a0<br \/><a href=\"https:\/\/portalprensasalud.cl\/2025\/01\/06\/universidad-de-talca-presenta-click-experimenta-en-verano\/\">Universidad de Talca presenta \u201cCLICK: experimenta en verano. Se refiere Karin Saavedra, Directora General de Vinculaci\u00f3n con el Medio.\u00a0<\/a><br \/><br \/><\/div><div><b>30 TV (SAN JAVIER)<\/b>\u00a0<br \/><a href=\"https:\/\/www.litoralpress.cl\/sitio\/RadioTV_Detalles.cshtml?LPKey=FVJTCKHZE5QYEZCVPFB5RPPJJZAKKJE4AAEZVDGOWIKSR2L6I7P3RXL2UAZELH2T2PRL7ZGJPHGGM\">Cerca de 250 actividades vinculantes a la comunidad llevaron a cabo estudiantes de la UTalca. Se refiere Marlene Guti\u00e9rrez, directora Programa de Formaci\u00f3n Fundamental.\u00a0<\/a><br \/><br \/><\/div><div><b>CANAL 30 MULTICOM<\/b>\u00a0<br \/><a href=\"https:\/\/www.litoralpress.cl\/sitio\/RadioTV_Detalles.cshtml?LPKey=Z4RJCEAZYDBXAH5GZMV2RY6WHEOMF2DEDQL6ZZE2HNC6UPXRWDEKO56F6ORZN5YAVCX7G245JASRE\">Apoyo en la postulaci\u00f3n a universidades. Se refiere Paola Morales Norambuena, directora de Ciclo de Vida Estudiantil de la UTalca.\u202f\u00a0<\/a><br \/><br \/><\/div><div><b>CANAL 30 MULTICOM<\/b>\u00a0<br \/><a href=\"https:\/\/www.litoralpress.cl\/sitio\/RadioTV_Detalles.cshtml?LPKey=GKMRHVXEMPLS525E5O7T2WUEMEBBZPRH6NAKFSXEENY2UVOJKYXIMJTOLO6RUKDJABMEDNM7MWWO6\">Curso cient\u00edfico de verano. Se refiere C\u00e9sar Retamal, jefe de la Unidad de Divulgaci\u00f3n de la Direcci\u00f3n General de Vinculaci\u00f3n con el Medio, Pedro Inostroza, coordinador del \u00c1rea de ingl\u00e9s del Programa de Idiomas y Lorena Niedmann, acad\u00e9mica de Instituto de Ciencias Biol\u00f3gicas.\u00a0<\/a><\/div><div>\u00a0<\/div><div><b>EL MOSTRADOR<\/b>\u00a0<br \/><a href=\"https:\/\/www.elmostrador.cl\/noticias\/opinion\/columnas\/2025\/01\/06\/restaurar-la-confianza-en-la-justicia-chilena\/\">Restaurar la confianza en la justicia chilena. Se refiere Ra\u00fal Carnevali, acad\u00e9mico de la Facultad de Ciencias Jur\u00eddicas y Sociales.\u00a0<\/a><br \/><br \/><\/div><div><b>ARAUCAN\u00cdA DIARIO<\/b>\u00a0<br \/><a href=\"https:\/\/araucaniadiario.cl\/contenido\/27143\/el-fenomeno-de-la-cereza-chilena-en-china-un-mercado-en-auge\">El fen\u00f3meno de la cereza chilena en China: un mercado en auge. Se refiere \u00c1lvaro Sep\u00falveda, acad\u00e9mico del Centro de Pom\u00e1ceas.\u202f\u00a0<\/a><br \/><br \/><\/div><div><b>RADIO LAUTARO<\/b>\u00a0<br \/><a href=\"https:\/\/radiolautarotalca.cl\/frotarse-los-ojos-es-perjudicial-para-la-vision\/\">Frotarse los ojos es perjudicial para la visi\u00f3n. Se refiere Nelsareth Campos, acad\u00e9mica Escuela de Medicina.\u00a0<\/a><br \/>\u00a0<br \/><b>MAULE NEWS<\/b>\u00a0<br \/><a href=\"https:\/\/www.maulenews.com\/2025\/01\/ideas-simples-y-creativas-para.html\">Ideas simples y creativas para estimular a ni\u00f1os durante vacaciones. Se refiere Pablo L\u00f3pez, Escuela de Terapia Ocupacional.\u00a0<\/a><br \/><br \/><\/div><div><b>TEXTUAL<\/b>\u00a0<br \/><a href=\"https:\/\/www.textual.cl\/medicina-mifuturo-cl-puntaje-corte-admision-2025-63\/\">\u00bfCu\u00e1les son los sueldos de los egresados de Medicina en Chile tras su titulaci\u00f3n? Se menciona la Universidad de Talca.\u00a0<\/a><br \/><br \/><\/div><div><b>PUBLIMICRO<\/b>\u00a0<br \/><a href=\"https:\/\/publimicro.cl\/todo-listo-para-dar-luz-verde-en-pocos-dias-mas-al-congreso-futuro-2025-en-el-teatro-regional-de-talca\/\">Todo listo para dar luz verde en pocos d\u00edas m\u00e1s, al Congreso Futuro 2025, en el Teatro Regional de Talca. Se menciona la Universidad de Talca.\u00a0<\/a><br \/><br \/><\/div><div><b>HOY NOTICIAS<\/b>\u00a0<br \/><a href=\"https:\/\/www.hoynoticias.cl\/dato-util\/paes-2024-medicina-puntaje-corte-admision-2025-14\/36170\/2025\/01\/06\/\">Resultados de la PAES 2024: \u00bfQu\u00e9 puntajes definir\u00e1n el ingreso a medicina? Se menciona la Universidad de Talca.\u00a0<\/a><br \/><br \/><\/div><div><b>EL CONTRASTE<\/b>\u00a0<br \/><a href=\"https:\/\/elcontraste.cl\/los_angeles\/2025\/01\/06\/de-negrete-a-los-angeles-malcolm-yeomans-logra-puntaje-nacional-en-matematicas-dedico-este-logro-a-mi-pareja-a-mis-padres\/\">De Negrete a Los \u00c1ngeles, Malcolm Yeomans, logra puntaje nacional en Matem\u00e1ticas: \u00abDedico este logro a mi pareja, a mis padres\u00bb Se menciona la Universidad de Talca.\u00a0<\/a><br \/><br \/><\/div><div><b>UNIVERSIDAD DE CHILE<\/b>\u00a0<br \/><a href=\"https:\/\/uchile.cl\/noticias\/224230\/centro-de-derecho-ambiental-publica-revista-de-derecho-ambiental-n22\">El Centro de Derecho Ambiental publica la Revista de Derecho Ambiental N\u00b022. Se menciona la Universidad de Talca.\u00a0<\/a><br \/><br \/><\/div><div><b>SOMOS MAULE<\/b>\u00a0<br \/><a href=\"http:\/\/somosmaule.cl\/publico\/ficha\/ficha.aspx?i=86353\">Universidad de Talca presenta talleres gratuitos \u201cCLICK: experimenta en verano\u201d Se menciona\u00a0<\/a><\/div><div>\u00a0<\/div><div><b>HOY NOTICIAS<\/b>\u00a0<br \/><a href=\"https:\/\/www.hoynoticias.cl\/dato-util\/admision-2025-nuevas-carreras-universidades-chilenas-educacion-superior-99\/36439\/2025\/01\/06\/\">Nuevas carreras universitarias para 2025: \u00bfQu\u00e9 opciones est\u00e1n surgiendo en el mercado laboral? Se menciona la Universidad de Talca. \u00a0<\/a><br \/><br \/><\/div>\t\t\t\t\t\t<\/div>\n\t\t\t\t<\/div>\n\t\t\t\t\t<\/div>\n\t\t<\/div>\n\t\t\t\t\t\t\t<\/div>\n\t\t<\/section>\n\t\t\t\t\t\t<\/div>\n\t\t\t\t\t<\/div>\n\t\t","protected":false},"excerpt":{"rendered":"<p>DIARIO TALCA\u00a0Rectores de universidades regionales llaman a j\u00f3venes a quedarse a estudiar en el Maule. Se refiere Carlos Torres Fuchslocher, rector.\u00a0 CHILEVISI\u00d3N NOTICIAS\u00a0Proceso admisi\u00f3n 2025: Revisa las nuevas carreras que ofrecen m\u00e1s de 20 universidades. Se menciona la Universidad de Talca.\u00a0 EL MERCURIO\u00a0&#8220;Me cost\u00f3 caer en cuenta de que era verdad&#8221;: J\u00f3venes que lograron puntaje &hellip;<\/p>\n<p class=\"read-more\"> <a class=\"\" href=\"https:\/\/www.reportedeprensa.utalca.cl\/?p=11289\"> <span class=\"screen-reader-text\">07 de enero 2025<\/span> Read More &raquo;<\/a><\/p>\n","protected":false},"author":1,"featured_media":0,"comment_status":"closed","ping_status":"open","sticky":false,"template":"","format":"standard","meta":{"_monsterinsights_skip_tracking":false,"_monsterinsights_sitenote_active":false,"_monsterinsights_sitenote_note":"","_monsterinsights_sitenote_category":0},"categories":[56],"tags":[],"_links":{"self":[{"href":"https:\/\/www.reportedeprensa.utalca.cl\/index.php?rest_route=\/wp\/v2\/posts\/11289"}],"collection":[{"href":"https:\/\/www.reportedeprensa.utalca.cl\/index.php?rest_route=\/wp\/v2\/posts"}],"about":[{"href":"https:\/\/www.reportedeprensa.utalca.cl\/index.php?rest_route=\/wp\/v2\/types\/post"}],"author":[{"embeddable":true,"href":"https:\/\/www.reportedeprensa.utalca.cl\/index.php?rest_route=\/wp\/v2\/users\/1"}],"replies":[{"embeddable":true,"href":"https:\/\/www.reportedeprensa.utalca.cl\/index.php?rest_route=%2Fwp%2Fv2%2Fcomments&post=11289"}],"version-history":[{"count":4,"href":"https:\/\/www.reportedeprensa.utalca.cl\/index.php?rest_route=\/wp\/v2\/posts\/11289\/revisions"}],"predecessor-version":[{"id":11293,"href":"https:\/\/www.reportedeprensa.utalca.cl\/index.php?rest_route=\/wp\/v2\/posts\/11289\/revisions\/11293"}],"wp:attachment":[{"href":"https:\/\/www.reportedeprensa.utalca.cl\/index.php?rest_route=%2Fwp%2Fv2%2Fmedia&parent=11289"}],"wp:term":[{"taxonomy":"category","embeddable":true,"href":"https:\/\/www.reportedeprensa.utalca.cl\/index.php?rest_route=%2Fwp%2Fv2%2Fcategories&post=11289"},{"taxonomy":"post_tag","embeddable":true,"href":"https:\/\/www.reportedeprensa.utalca.cl\/index.php?rest_route=%2Fwp%2Fv2%2Ftags&post=11289"}],"curies":[{"name":"wp","href":"https:\/\/api.w.org\/{rel}","templated":true}]}}