{"id":11295,"date":"2025-01-08T13:32:54","date_gmt":"2025-01-08T16:32:54","guid":{"rendered":"https:\/\/www.reportedeprensa.utalca.cl\/?p=11295"},"modified":"2025-01-08T13:33:53","modified_gmt":"2025-01-08T16:33:53","slug":"08-de-enero-2025","status":"publish","type":"post","link":"https:\/\/www.reportedeprensa.utalca.cl\/?p=11295","title":{"rendered":"08 de enero 2025"},"content":{"rendered":"\t\t<div data-elementor-type=\"wp-post\" data-elementor-id=\"11295\" class=\"elementor elementor-11295\" data-elementor-settings=\"[]\">\n\t\t\t\t\t\t\t<div class=\"elementor-section-wrap\">\n\t\t\t\t\t\t\t<section class=\"elementor-section elementor-top-section elementor-element elementor-element-bcea1a8 elementor-section-boxed elementor-section-height-default elementor-section-height-default\" data-id=\"bcea1a8\" data-element_type=\"section\">\n\t\t\t\t\t\t<div class=\"elementor-container elementor-column-gap-default\">\n\t\t\t\t\t<div class=\"elementor-column elementor-col-100 elementor-top-column elementor-element elementor-element-e7183bf\" data-id=\"e7183bf\" data-element_type=\"column\">\n\t\t\t<div class=\"elementor-widget-wrap elementor-element-populated\">\n\t\t\t\t\t\t\t\t<div class=\"elementor-element elementor-element-ae6fa9f elementor-widget elementor-widget-text-editor\" data-id=\"ae6fa9f\" data-element_type=\"widget\" data-widget_type=\"text-editor.default\">\n\t\t\t\t<div class=\"elementor-widget-container\">\n\t\t\t\t\t\t\t\t<div><b data-olk-copy-source=\"MessageBody\">EL MOSTRADOR\u00a0<br \/><\/b><a href=\"https:\/\/www.elmostrador.cl\/agenda-pais\/vida-en-linea\/2025\/01\/03\/disfagia-deteccion-temprana-puede-aminorar-efectos\/\">Disfagia: detecci\u00f3n temprana puede aminorar efectos.\u00a0 Se refiere Orietta San Mart\u00edn Rubilar, acad\u00e9mica de la Escuela de Fonoaudiolog\u00eda.\u00a0<\/a><\/div><div><b>\u00a0<\/b><\/div><div><b>CGTN EN ESPA\u00d1OL (CHINA)<\/b><\/div><div><a href=\"https:\/\/espanol.cgtn.com\/news\/2025-01-01\/1874279091701612545\/index.html\">Construyendo un futuro pr\u00f3spero: Perspectivas econ\u00f3micas de Chile en 2024 frente a desaf\u00edos y oportunidades globales. Se refiere Jorge Navarrete, acad\u00e9mico de la Facultad de Econom\u00eda y negocios. \u00a0<\/a><\/div><div><b>\u00a0<\/b><\/div><div><b>CNN CHILE\u00a0<\/b><\/div><div><a href=\"https:\/\/www.litoralpress.cl\/sitio\/RadioTV_Detalles.cshtml?LPKey=6KDNSSGQGMMCT27YU2M4EBB3H4UT7WT5LOFSVHFI6PMBH6Y2ORVBEIKQAX5JVHYBF66PJXR5OLTNK\">Altas temperaturas &#8211; proyecciones del verano. Entrevista a Patricio Gonz\u00e1lez Colville, agroclimat\u00f3logo y acad\u00e9mico del Centro de Investigaci\u00f3n y Transferencia en Riego y Agroclimatolog\u00eda (CITRA).\u202f<\/a><\/div><div>\u00a0<\/div><div><b>EL MERCURIO\u00a0<br \/><\/b><a href=\"https:\/\/www.litoralpress.cl\/paginaconsultas\/Servicios_NClipSitio\/Get_Imagen_Nota.aspx?LPKey=AIEYQHFH75XFWF3U7D467EJBYGRP7L3QOSXRIFRCL77TS2FTBEXGHUXIWNM7XD6UNO6CUDNQANDC6\">Consejo de Decanos de Agronom\u00eda del CRUCH reafirma su compromiso con \u201cAgroalimentos y Bienestar 2050\u201d. Se menciona la Universidad de Talca.\u00a0<\/a><\/div><div><b>\u00a0<\/b><\/div><div><b>PORTAL FRUT\u00cdCOLA \u00a0<br \/><\/b><a href=\"https:\/\/www.portalfruticola.com\/noticias\/2025\/01\/03\/cereza-chilena-china\/\">El fen\u00f3meno de la cereza chilena en China: un mercado en auge. Se refiere \u00c1lvaro Sep\u00falveda, investigador del Centro de Pom\u00e1ceas.\u00a0<\/a><\/div><div><b>\u00a0<\/b><\/div><div><b>LAS \u00daLTIMAS NOTICIAS<\/b>\u00a0<br \/><a href=\"https:\/\/www.litoralpress.cl\/paginaconsultas\/Servicios_NClipSitio\/Get_Imagen_Nota.aspx?LPKey=B35Z4K3NRU3HLXCQ52ZFCRBCG5QVZFV3UIGH4RDRNCVDKDJZ6QKBHRDKNOFTMFRB3B4JN5DJCNTQW\">Panorama total de la acreditaci\u00f3n universitaria 2025. Se menciona la Universidad de Talca.\u00a0<\/a><\/div><div>\u00a0<\/div><div><b>DIARIO TALCA\u00a0<br \/><\/b><a href=\"https:\/\/diariotalca.cl\/utalca-anuncia-que-apoyara-a-jovenes-en-el-proceso-de-postulacion\/\">UTalca anuncia que apoyar\u00e1 a j\u00f3venes en el proceso de postulaci\u00f3n. Se refiere Paola Morales Norambuena, directora de Ciclo de Vida Estudiantil.\u00a0<\/a><b><br \/><\/b><b><u><a id=\"OWAe5e2cd79-c125-04e9-481d-1bf0fe0f2cab\" class=\"x_x_Hyperlink x_x_SCXW244872972 x_x_BCX0 x_x_OWAAutoLink\" title=\"https:\/\/diariotalca.cl\/utalca-anuncia-que-apoyara-a-jovenes-en-el-proceso-de-postulacion\/\" href=\"https:\/\/diariotalca.cl\/utalca-anuncia-que-apoyara-a-jovenes-en-el-proceso-de-postulacion\/\" target=\"_blank\" rel=\"noopener noreferrer\" data-auth=\"NotApplicable\" data-linkindex=\"6\"><\/a><\/u><\/b><\/div><div>\u00a0<\/div><div><b>EL HERALDO<\/b>\u00a0<br \/><a href=\"https:\/\/www.litoralpress.cl\/paginaconsultas\/Servicios_NClipSitio\/Get_Imagen_Nota.aspx?LPKey=ZBFMK2TD5CVGKBZOJXJ6454U2OKO3MPOMM5MTDVXFVSGVI4DOMYEJIXUOIOCS34KFDQRRV3SGOY62\">Lanzan videojuego para reforzar aprendizajes en matem\u00e1ticas. Se refiere C\u00e9sar Retamal, jefe de la Unidad de Divulgaci\u00f3n de la Direcci\u00f3n General de Vinculaci\u00f3n con el Medio.\u202f\u00a0<\/a><br \/><br \/><\/div><div><b>DIARIO EL HERALDO<\/b>\u00a0<br \/><a href=\"https:\/\/www.diarioelheraldo.cl\/noticia\/lanzan-videojuego-para-reforzar-aprendizajes-en-matematicas\">Lanzan videojuego para reforzar aprendizajes en matem\u00e1ticas. Se refiere C\u00e9sar Retamal, jefe de la Unidad de Divulgaci\u00f3n de la Direcci\u00f3n General de Vinculaci\u00f3n con el Medio.\u202f\u00a0<\/a><br \/><br \/><\/div><div><b>G5 NOTICIA\u00a0<br \/><\/b><a href=\"https:\/\/g5noticias.cl\/2025\/01\/07\/ideas-simples-y-creativas-para-estimular-a-ninos-durante-vacaciones\/\">Lanzan videojuego para reforzar aprendizajes en matem\u00e1ticas. Se refiere Pablo L\u00f3pez, acad\u00e9mico de la Escuela de Terapia Ocupacional.\u00a0<\/a><b><br \/><\/b><\/div><div><b>AD PRENSA<\/b>\u00a0<br \/><a href=\"https:\/\/www.adprensa.cl\/cronica\/lanzan-videojuego-para-reforzar-aprendizajes-en-matematicas\/\">Lanzan videojuego para reforzar aprendizajes en matem\u00e1ticas. Se refiere C\u00e9sar Retamal, jefe de la Unidad de Divulgaci\u00f3n de la Direcci\u00f3n General de Vinculaci\u00f3n con el Medio.\u202f\u00a0<\/a><br \/><u><a id=\"OWA10e65601-2de3-7c38-8948-2e2e252e3d47\" class=\"x_x_Hyperlink x_x_SCXW128129254 x_x_BCX0 x_x_OWAAutoLink\" title=\"https:\/\/www.adprensa.cl\/cronica\/lanzan-videojuego-para-reforzar-aprendizajes-en-matematicas\/\" href=\"https:\/\/www.adprensa.cl\/cronica\/lanzan-videojuego-para-reforzar-aprendizajes-en-matematicas\/\" target=\"_blank\" rel=\"noopener noreferrer\" data-auth=\"NotApplicable\" data-linkindex=\"10\"><\/a><\/u><\/div><div>\u00a0<\/div><div><b>RADIO LAUTARO<\/b>\u00a0<br \/><a href=\"https:\/\/radiolautarotalca.cl\/click-experimenta-en-verano-actividades-para-aprender-y-disfrutar-de-la-ciencia-durante-las-vacaciones\/\">\u201cCLICK: experimenta en verano\u201d: actividades para aprender y disfrutar de la ciencia durante las vacaciones. Se refiere Karin Saavedra, Directora General de Vinculaci\u00f3n con el Medio.\u00a0<\/a><\/div><div>\u00a0<\/div><div><b>PORTAL RED SALUD\u00a0<br \/><\/b><a href=\"https:\/\/portalredsalud.cl\/2025\/01\/06\/universidad-de-talca-presenta-click-experimenta-en-verano\/\">Universidad de Talca presenta \u201cCLICK: experimenta en verano. Se refiere Karin Saavedra, Directora General de Vinculaci\u00f3n con el Medio. Se refiere Karin Saavedra, Directora General de Vinculaci\u00f3n con el Medio.\u00a0<\/a><b><br \/><\/b><\/div><div><b>RADIO OLEAJES<\/b>\u00a0<br \/><a href=\"https:\/\/www.litoralpress.cl\/sitio\/RadioTV_Detalles.cshtml?LPKey=DNY2RWM6KVQQFEREWZABFGDVDICTPA45GTYVJZAO633NGHVPG6CRMBFO44KBEMJSZEXT44W4MU3NC\">Entrevista a Paola Morales, directora del ciclo vida estudiantil.\u00a0<\/a><br \/><br \/><\/div><div><b>RADIO ALBORADA<\/b>\u00a0<br \/><a href=\"https:\/\/www.litoralpress.cl\/sitio\/RadioTV_Detalles.cshtml?LPKey=S7TSEUVMOZTVFMJVTBXE2WO6QE4QMNAAYMY7MKHWTKNSZIV45KGCKX52GP7GCGNFXSUR4DISWA3T2\">Entrevista a Tania Mascar\u00f3, Jefa de Admisi\u00f3n y Acceso.\u00a0<\/a><br \/><br \/><\/div><div><b>GUAYAC\u00c1N RADIO<\/b>\u00a0<br \/><a href=\"https:\/\/www.litoralpress.cl\/sitio\/RadioTV_Detalles.cshtml?LPKey=3K6BMOSJ6GYU42BWN2MR73STKYSA74TRLJM53L7RZZCNUKSR4FS5CUQILRBEMGIHCIO7PHMCJCNHC\">Entrevista a Jos\u00e9 Ignacio Marchant, acad\u00e9mico de la carrera de Terapia Ocupacional.<\/a><\/div><div>\u00a0<\/div><div><b>DIARIO EL CENTRO\u00a0<br \/><\/b><a href=\"https:\/\/www.diarioelcentro.cl\/2025\/01\/07\/terapeuta-ocupacional-de-la-utalca-ofrece-ideas-creativas-para-estimular-a-ninos-durante-las-vacaciones\/\">Terapeuta ocupacional de la UTalca ofrece ideas creativas para estimular a ni\u00f1os durante las vacaciones. Se refiere Pablo L\u00f3pez, acad\u00e9mico de la Escuela de Terapia Ocupacional.\u00a0<\/a><b><br \/><\/b><\/div><div><b>EL LECTOR<\/b>\u00a0<br \/><a href=\"https:\/\/www.litoralpress.cl\/paginaconsultas\/Servicios_NClipSitio\/Get_Imagen_Nota.aspx?LPKey=XBMNQL7523NH23JC26LNCDL4ZN6LWVL2FNNQ3T4KE26TTCXOX5XK4RE2XGHJVEEX7CAMRJQJUOB5Y\">Ideas simples y creativas para estimular a ni\u00f1os durante vacaciones. Se refiere Pablo L\u00f3pez, acad\u00e9mico de la Escuela de Terapia Ocupacional.\u00a0<\/a><br \/><br \/><\/div><div><b>G5 NOTICIA<\/b>\u00a0<br \/><a href=\"https:\/\/g5noticias.cl\/2025\/01\/07\/ideas-simples-y-creativas-para-estimular-a-ninos-durante-vacaciones\/\">Ideas simples y creativas para estimular a ni\u00f1os durante vacaciones. Se refiere Pablo L\u00f3pez, acad\u00e9mico de la Escuela de Terapia Ocupacional.\u00a0<\/a><br \/><br \/><\/div><div><b>AD PRENSA<\/b>\u00a0<br \/><a href=\"https:\/\/www.adprensa.cl\/cronica\/ideas-simples-y-creativas-para-estimular-a-ninos-durante-vacaciones\/\">Ideas simples y creativas para estimular a ni\u00f1os durante vacaciones. Se refiere Pablo L\u00f3pez, acad\u00e9mico de la Escuela de Terapia Ocupacional.\u00a0<\/a><br \/><br \/><\/div><div><b>EL MAULE INFORMA<\/b>\u00a0<br \/><a href=\"https:\/\/elmauleinforma.cl\/ideas-simples-y-creativas-para-estimular-a-ninos-durante-vacaciones\/\">Ideas simples y creativas para estimular a ni\u00f1os durante vacaciones. Se refiere Pablo L\u00f3pez, acad\u00e9mico de la Escuela de Terapia Ocupacional.\u00a0<\/a><br \/><br \/><\/div><div><b>RADIO LAUTARO<\/b>\u00a0<br \/><a href=\"https:\/\/radiolautarotalca.cl\/ideas-simples-y-creativas-para-estimular-a-ninos-durante-vacaciones\/\">Ideas simples y creativas para estimular a ni\u00f1os durante vacaciones. Se refiere Pablo L\u00f3pez, acad\u00e9mico de la Escuela de Terapia Ocupacional.\u00a0<\/a><br \/>\u00a0<\/div><div><b>G5 NOTICIA<\/b>\u00a0<br \/><a href=\"https:\/\/g5noticias.cl\/2025\/01\/07\/utalca-amplia-su-oferta-academica-con-nuevo-plan-comun-en-ingenieria-civil\/\">UTalca ampl\u00eda su oferta acad\u00e9mica con nuevo plan com\u00fan en ingenier\u00eda civil. Se refiere Marcia Silva, directora de la carrera de Ingenier\u00eda Civil plan com\u00fan. \u00a0<\/a><br \/><br \/><\/div><div><b>AD PRENSA \u00a0<br \/><\/b><a href=\"https:\/\/www.litoralpress.cl\/sitio\/MediosOnline_Detalles.cshtml?LPKey=6EMUDL7F645DVYEFGWHVN3CJCGEXX2TCK2QZHQJTSO7S3XY6LZHBYIEWIMQAGBXCLFWOSHSRPJBCC\">UTalca ampl\u00eda su oferta acad\u00e9mica con nuevo plan com\u00fan en ingenier\u00eda civil. Se refiere Marcia Silva, directora de la carrera de Ingenier\u00eda Civil plan com\u00fan. \u00a0<\/a><b><br \/><\/b><\/div><div><b>EL RESUMEN<\/b>\u00a0<br \/><a href=\"https:\/\/www.elresumen.cl\/8835-utalca-amplia-su-oferta-academica-con-nuevo-plan-comun-en-ingenieria-civil\">UTalca ampl\u00eda su oferta acad\u00e9mica con nuevo plan com\u00fan en ingenier\u00eda civil. Se refiere Marcia Silva, directora de la carrera de Ingenier\u00eda Civil plan com\u00fan.\u00a0<\/a><br \/><br \/><\/div><div><b>EL HERALDO<\/b>\u00a0<br \/><a href=\"https:\/\/www.litoralpress.cl\/paginaconsultas\/Servicios_NClipSitio\/Get_Imagen_Nota.aspx?LPKey=ZBFMK2TD5CVGKBZOJXJ6454U2OKO3MPOMM5MTDVXFVSGVI4DOMYEJIXUOIOCS34KFDQRRV3SGOY62\">Lanzan videojuego para reforzar aprendizajes en matem\u00e1ticas. Se refiere C\u00e9sar Retamal, jefe de la Unidad de Divulgaci\u00f3n de la Direcci\u00f3n General de Vinculaci\u00f3n con el Medio.\u202f\u00a0<\/a><br \/><br \/><\/div><div><b>DIARIO EL HERALDO<\/b>\u00a0<br \/><a href=\"https:\/\/www.diarioelheraldo.cl\/noticia\/lanzan-videojuego-para-reforzar-aprendizajes-en-matematicas\">Lanzan videojuego para reforzar aprendizajes en matem\u00e1ticas. Se refiere C\u00e9sar Retamal, jefe de la Unidad de Divulgaci\u00f3n de la Direcci\u00f3n General de Vinculaci\u00f3n con el Medio.\u202f\u00a0<\/a><br \/><br \/><\/div><div><b>G5 NOTICIA<\/b>\u00a0<br \/><a href=\"https:\/\/g5noticias.cl\/2025\/01\/07\/ideas-simples-y-creativas-para-estimular-a-ninos-durante-vacaciones\/\">Lanzan videojuego para reforzar aprendizajes en matem\u00e1ticas. Se refiere Pablo L\u00f3pez, acad\u00e9mico de la Escuela de Terapia Ocupacional.\u00a0<\/a><br \/><br \/><\/div><div><b>AD PRENSA<\/b>\u00a0<br \/><a href=\"https:\/\/www.adprensa.cl\/cronica\/lanzan-videojuego-para-reforzar-aprendizajes-en-matematicas\/\">Lanzan videojuego para reforzar aprendizajes en matem\u00e1ticas. Se refiere C\u00e9sar Retamal, jefe de la Unidad de Divulgaci\u00f3n de la Direcci\u00f3n General de Vinculaci\u00f3n con el Medio.\u202f\u00a0<\/a><br \/><br \/><\/div><div><b>DIARIO FINANCIERO<\/b>\u00a0<br \/><a href=\"https:\/\/www.litoralpress.cl\/paginaconsultas\/Servicios_NClipSitio\/Get_Imagen_Nota.aspx?LPKey=AVUQDULDSAMGWCJR22ERH7WKFPPNYSBZ5SYHIFJM5DBSGAXCC5MQJE2LALHQZHLW6G7NOM5BVYU3Q\">La trastienda de c\u00f3mo el Gobierno dej\u00f3 caer a la ministra Sandoval por la suspendida compra de la casa de Allende. Se refiere Mauricio Morales Quiroga, director del Centro de An\u00e1lisis Pol\u00edtica (CAP).\u00a0<\/a><br \/><br \/><\/div><div><b>EMOL<\/b>\u00a0<br \/><a href=\"https:\/\/www.emol.com\/noticias\/Nacional\/2025\/01\/07\/1153343\/bienes-nacionales-efectos-gobierno-boric.html\">&#8216;Golpe al FA&#8217;, un viaje &#8216;manchado&#8217; al Polo Sur y dudas por Fern\u00e1ndez: Los costos que no &#8216;fren\u00f3&#8217; la salida de Sandoval. Se refiere Mauricio Morales Quiroga, director del Centro de An\u00e1lisis Pol\u00edtica (CAP).\u00a0<\/a><br \/><br \/><\/div><div><b>RADIO NOST\u00c1LGICA<\/b>\u00a0<br \/><a href=\"https:\/\/www.nostalgica.cl\/pese-a-la-salida-de-ministra-sandoval-continuan-las-tensiones-por-la-fallida-compra-de-la-casa-del-ex-presidente-allende\/\">Pese a la salida de Ministra Sandoval: contin\u00faan las tensiones por la fallida compra de la casa del ex Presidente Allende. Se refiere Mauricio Morales Quiroga, director del Centro de An\u00e1lisis Pol\u00edtica (CAP).\u00a0<\/a><\/div><div>\u00a0<\/div><div><b>EL MERCURIO LEGAL<\/b>\u00a0<br \/><a href=\"https:\/\/www.elmercurio.com\/Legal\/Noticias\/Opinion\/2025\/01\/07\/914615\/pago-deuda-alimentos.aspx\">El incidente de pago de deuda de alimentos a la luz de los derechos del padre\/madre custodio en virtud de las reformas introducidas por las leyes 21.389 y 21.484. Se menciona la Universidad de Talca.\u00a0<\/a><br \/><br \/><\/div><div><b>DIARIO TALCA<\/b>\u00a0<br \/><a href=\"https:\/\/diariotalca.cl\/diputado-revelo-que-gobierno-a-nivel-central-no-deja-hacer-cambios-en-su-gabinete-al-delegado-presidencial-regional\/\">Diputado revel\u00f3 que Gobierno a nivel central no deja hacer cambios en su gabinete al Delegado Presidencial Regional. Se menciona la Universidad de Talca.\u00a0<\/a><br \/><br \/><\/div>\t\t\t\t\t\t<\/div>\n\t\t\t\t<\/div>\n\t\t\t\t\t<\/div>\n\t\t<\/div>\n\t\t\t\t\t\t\t<\/div>\n\t\t<\/section>\n\t\t\t\t\t\t<\/div>\n\t\t\t\t\t<\/div>\n\t\t","protected":false},"excerpt":{"rendered":"<p>EL MOSTRADOR\u00a0Disfagia: detecci\u00f3n temprana puede aminorar efectos.\u00a0 Se refiere Orietta San Mart\u00edn Rubilar, acad\u00e9mica de la Escuela de Fonoaudiolog\u00eda.\u00a0\u00a0CGTN EN ESPA\u00d1OL (CHINA)Construyendo un futuro pr\u00f3spero: Perspectivas econ\u00f3micas de Chile en 2024 frente a desaf\u00edos y oportunidades globales. Se refiere Jorge Navarrete, acad\u00e9mico de la Facultad de Econom\u00eda y negocios. \u00a0\u00a0CNN CHILE\u00a0Altas temperaturas &#8211; proyecciones del &hellip;<\/p>\n<p class=\"read-more\"> <a class=\"\" href=\"https:\/\/www.reportedeprensa.utalca.cl\/?p=11295\"> <span class=\"screen-reader-text\">08 de enero 2025<\/span> Read More &raquo;<\/a><\/p>\n","protected":false},"author":1,"featured_media":0,"comment_status":"closed","ping_status":"open","sticky":false,"template":"","format":"standard","meta":{"_monsterinsights_skip_tracking":false,"_monsterinsights_sitenote_active":false,"_monsterinsights_sitenote_note":"","_monsterinsights_sitenote_category":0},"categories":[56],"tags":[],"_links":{"self":[{"href":"https:\/\/www.reportedeprensa.utalca.cl\/index.php?rest_route=\/wp\/v2\/posts\/11295"}],"collection":[{"href":"https:\/\/www.reportedeprensa.utalca.cl\/index.php?rest_route=\/wp\/v2\/posts"}],"about":[{"href":"https:\/\/www.reportedeprensa.utalca.cl\/index.php?rest_route=\/wp\/v2\/types\/post"}],"author":[{"embeddable":true,"href":"https:\/\/www.reportedeprensa.utalca.cl\/index.php?rest_route=\/wp\/v2\/users\/1"}],"replies":[{"embeddable":true,"href":"https:\/\/www.reportedeprensa.utalca.cl\/index.php?rest_route=%2Fwp%2Fv2%2Fcomments&post=11295"}],"version-history":[{"count":4,"href":"https:\/\/www.reportedeprensa.utalca.cl\/index.php?rest_route=\/wp\/v2\/posts\/11295\/revisions"}],"predecessor-version":[{"id":11302,"href":"https:\/\/www.reportedeprensa.utalca.cl\/index.php?rest_route=\/wp\/v2\/posts\/11295\/revisions\/11302"}],"wp:attachment":[{"href":"https:\/\/www.reportedeprensa.utalca.cl\/index.php?rest_route=%2Fwp%2Fv2%2Fmedia&parent=11295"}],"wp:term":[{"taxonomy":"category","embeddable":true,"href":"https:\/\/www.reportedeprensa.utalca.cl\/index.php?rest_route=%2Fwp%2Fv2%2Fcategories&post=11295"},{"taxonomy":"post_tag","embeddable":true,"href":"https:\/\/www.reportedeprensa.utalca.cl\/index.php?rest_route=%2Fwp%2Fv2%2Ftags&post=11295"}],"curies":[{"name":"wp","href":"https:\/\/api.w.org\/{rel}","templated":true}]}}