{"id":11303,"date":"2025-01-09T09:23:49","date_gmt":"2025-01-09T12:23:49","guid":{"rendered":"https:\/\/www.reportedeprensa.utalca.cl\/?p=11303"},"modified":"2025-01-10T09:18:45","modified_gmt":"2025-01-10T12:18:45","slug":"09-de-enero-2025","status":"publish","type":"post","link":"https:\/\/www.reportedeprensa.utalca.cl\/?p=11303","title":{"rendered":"09 de enero 2025"},"content":{"rendered":"\t\t<div data-elementor-type=\"wp-post\" data-elementor-id=\"11303\" class=\"elementor elementor-11303\" data-elementor-settings=\"[]\">\n\t\t\t\t\t\t\t<div class=\"elementor-section-wrap\">\n\t\t\t\t\t\t\t<section class=\"elementor-section elementor-top-section elementor-element elementor-element-bcea1a8 elementor-section-boxed elementor-section-height-default elementor-section-height-default\" data-id=\"bcea1a8\" data-element_type=\"section\">\n\t\t\t\t\t\t<div class=\"elementor-container elementor-column-gap-default\">\n\t\t\t\t\t<div class=\"elementor-column elementor-col-100 elementor-top-column elementor-element elementor-element-e7183bf\" data-id=\"e7183bf\" data-element_type=\"column\">\n\t\t\t<div class=\"elementor-widget-wrap elementor-element-populated\">\n\t\t\t\t\t\t\t\t<div class=\"elementor-element elementor-element-ae6fa9f elementor-widget elementor-widget-text-editor\" data-id=\"ae6fa9f\" data-element_type=\"widget\" data-widget_type=\"text-editor.default\">\n\t\t\t\t<div class=\"elementor-widget-container\">\n\t\t\t\t\t\t\t\t<div><b data-olk-copy-source=\"MessageBody\">TOUR INNOVACI\u00d3N<\/b>\u00a0<\/div><div><a href=\"https:\/\/www.tourinnovacion.cl\/eventos\/el-evento-de-divulgaclon-cientifica-mas-relevante-de-latinoamerica-llega-al-maule-para-hablar-sobre-tecnologias-y-su-impacto-en-la-humanidad\/\">El evento de divulgaci\u00f3n cient\u00edfica m\u00e1s relevante de Latinoam\u00e9rica llega al Maule para hablar sobre tecnolog\u00edas y su impacto en la humanidad. Se refiere Carlos Torres Fuchslocher, rector.\u00a0<\/a><br \/><br \/><\/div><div><b>COOPERATIVA CIENCIA<\/b>\u00a0<br \/><a href=\"https:\/\/www.cooperativaciencia.cl\/tecnologia\/2025\/01\/08\/docentes-y-universitarios-chilenos-desarrollan-videojuego-para-aprender-matematicas\/\">Docentes y universitarios chilenos desarrollan videojuego para aprender matem\u00e1ticas. Se refiere C\u00e9sar Retamal, jefe de la Unidad de Divulgaci\u00f3n de la Direcci\u00f3n General de Vinculaci\u00f3n con el Medio.\u00a0<\/a><br \/><br \/><\/div><div><b>EXTRA NOTICIAS<\/b>\u00a0<br \/><a href=\"https:\/\/www.extranoticias.cl\/lanzan-videojuego-para-reforzar-aprendizajes-en-matematicas\/\">Lanzan videojuego para reforzar aprendizajes en matem\u00e1ticas.Se refiere C\u00e9sar Retamal, jefe de la Unidad de Divulgaci\u00f3n de la Direcci\u00f3n General de Vinculaci\u00f3n con el Medio.\u00a0<\/a><br \/><br \/><\/div><div><b>PORTAL EDUCA<\/b>\u00a0<br \/><a href=\"https:\/\/portaleduca.cl\/lanzan-videojuego-para-reforzar-aprendizajes-en-matematicas\/\">Lanzan videojuego para reforzar aprendizajes en matem\u00e1ticas. Se refiere C\u00e9sar Retamal, jefe de la Unidad de Divulgaci\u00f3n de la Direcci\u00f3n General de Vinculaci\u00f3n con el Medio.\u00a0<\/a><br \/><br \/><\/div><div><b>PUBLIMICRO<\/b>\u00a0<br \/><a href=\"https:\/\/publimicro.cl\/universidad-de-talca-amplia-su-oferta-academica-con-nuevo-plan-comun-en-ingenieria-civil\/\">Universidad de Talca ampl\u00eda su oferta acad\u00e9mica con nuevo plan com\u00fan en ingenier\u00eda civil. Se refiere Marcia Silva, directora de la carrera de Ingenier\u00eda Civil plan com\u00fan.\u00a0<\/a><br \/><br \/><\/div><div><b>EL LECTOR<\/b>\u00a0<br \/><a href=\"https:\/\/www.litoralpress.cl\/paginaconsultas\/Servicios_NClipSitio\/Get_Imagen_Nota.aspx?LPKey=XIUNEP2IZRWGZNDAOYBOL6VEQPKTWSZY3SN25LKIZE33ZW5GEWQIF2A6BXYJLB752PP7YQA4YPRMK\">UTalca ampl\u00eda su oferta acad\u00e9mica con nuevo plan com\u00fan en ingenier\u00eda civil. Se refiere Marcia Silva, directora de la carrera de Ingenier\u00eda Civil plan com\u00fan.\u00a0<\/a><br \/>\u00a0<br \/><b>RADIO ALLEN<\/b>\u00a0<br \/><a href=\"https:\/\/radioallen.cl\/educacion-utalca-amplia-su-oferta-academica-con-nuevo-plan-comun-en-ingenieria-civil\/\">Educaci\u00f3n: UTalca ampl\u00eda su oferta acad\u00e9mica con nuevo plan com\u00fan en ingenier\u00eda civil. Se refiere Marcia Silva, directora de la carrera de Ingenier\u00eda Civil plan com\u00fan.<\/a>\u00a0<br \/><br \/><\/div><div><b>PORTAL EDUCA<\/b>\u00a0<br \/><a href=\"https:\/\/portaleduca.cl\/utalca-amplia-su-oferta-academica-con-nuevo-plan-comun-en-ingenieria-civil\/\">UTalca ampl\u00eda su oferta acad\u00e9mica con nuevo plan com\u00fan en ingenier\u00eda civil. Se refiere Marcia Silva, directora de la carrera de Ingenier\u00eda Civil plan com\u00fan.\u00a0<\/a><br \/><br \/><\/div><div><b>RADIO LAUTARO<\/b>\u00a0<br \/><a href=\"https:\/\/radiolautarotalca.cl\/utalca-amplia-su-oferta-academica-con-nuevo-plan-comun-en-ingenieria-civil\/\">UTalca ampl\u00eda su oferta acad\u00e9mica con nuevo plan com\u00fan en ingenier\u00eda civil. Se refiere Marcia Silva, directora de la carrera de Ingenier\u00eda Civil plan com\u00fan.\u00a0<\/a><br \/><br \/><\/div><div><b>DIARIO TALCA<\/b>\u00a0<br \/><a href=\"https:\/\/diariotalca.cl\/ideas-simples-y-creativas-para-estimular-a-ninos-durante-vacaciones\/\">Ideas simples y creativas para estimular a ni\u00f1os durante vacaciones. Se refiere Pablo L\u00f3pez, acad\u00e9mico de la Escuela de Terapia Ocupacional. \u00a0<\/a><br \/><br \/><\/div><div><b>SOMOS MAULE<\/b>\u00a0<br \/>Ideas simples y creativas para estimular a ni\u00f1os durante vacaciones. Se refiere Pablo L\u00f3pez, acad\u00e9mico de la Escuela de Terapia Ocupacional.\u00a0<br \/><br \/><\/div><div><b>PORTAL EDUCA<\/b>\u00a0<br \/><a href=\"https:\/\/portaleduca.cl\/ideas-simples-y-creativas-para-estimular-a-ninos-durante-vacaciones\/\">Ideas simples y creativas para estimular a ni\u00f1os durante vacaciones. . Se refiere Pablo L\u00f3pez, acad\u00e9mico de la Escuela de Terapia Ocupacional.\u00a0<\/a><br \/><br \/><\/div><div><b>PORTAL EDUCA<\/b>\u00a0<br \/><a href=\"https:\/\/portaleduca.cl\/carrera-de-pedagogia-ofrece-sueldos-competitivos-y-casi-el-100-de-empleabilidad\/\">Carrera de pedagog\u00eda ofrece sueldos competitivos y casi el 100% de empleabilidad. Se refiere Claudia Molnar, directora General de la Escuela de Pedagog\u00eda en alem\u00e1n y Andrea von Schultzendorff, directora acad\u00e9mica de la mencionada unidad.\u202f \u202f\u00a0<\/a><br \/><br \/><\/div><div><b>RADIO INFINITA<\/b>\u00a0<br \/><a href=\"https:\/\/www.litoralpress.cl\/sitio\/RadioTV_Detalles.cshtml?LPKey=ELSCCB7D27L5RM6CWN7JOUDM5KVBO7NAMSP4YNOBDMBN3PQ25QMPADAFUHKHIFY6NPZRPIWQKHL2K\">Comentario de pol\u00edtica de Mauricio Morales Quiroga, director del Centro de An\u00e1lisis Pol\u00edtico (CAP-UTalca).\u00a0<\/a><br \/><br \/><\/div><div><b>MEDIABANCO <\/b>\u00a0<br \/><a href=\"https:\/\/www.mediabanco.com\/estudio-permitio-mejorar-atencion-de-pacientes-con-sintomas-de-depresion\/\">Estudio permiti\u00f3 mejorar atenci\u00f3n de pacientes con s\u00edntomas de depresi\u00f3n. Se refiere Ver\u00f3nica Vitriol, acad\u00e9mica de la Facultad de Medicina.\u00a0<\/a><br \/>\u00a0<br \/><b>DIARIO LA PRENSA<\/b>\u00a0<br \/><a href=\"https:\/\/new.diariolaprensa.cl\/index.php\/2025\/01\/07\/dos-postulantes-de-la-region-del-maule-fueron-puntaje-nacional\/\">Dos postulantes de la Regi\u00f3n del Maule fueron puntaje nacional. Se menciona la Universidad de Talca.\u00a0<\/a><br \/><br \/><\/div><div><b>RADIO LAUTARO<\/b>\u00a0<br \/><a href=\"https:\/\/radiolautarotalca.cl\/autoridades-se-reunieron-con-estudiantes-destacados-con-puntaje-paes-en-el-maule\/\">Autoridades se reunieron con estudiantes destacados con puntaje PAES en el Maule. Se menciona la Universidad de Talca.\u00a0<\/a><br \/><br \/><\/div><div><b>LAS \u00daLTIMAS NOTICIAS<\/b>\u00a0<br \/><a href=\"https:\/\/www.litoralpress.cl\/paginaconsultas\/Servicios_NClipSitio\/Get_Imagen_Nota.aspx?LPKey=B35Z4K3NRU3HLXCQ52ZFCRBCG5QVZFV3UIGH4RDRNCVDKDJZ6QKBHRDKNOFTMFRB3B4JN5DJCNTQW\">Panorama total de la acreditaci\u00f3n universitaria 2025. Se menciona la Universidad de Talca.\u00a0<\/a><br \/><br \/><\/div><div><b>LA PRENSA DE CURIC\u00d3<\/b>\u00a0<br \/><a href=\"https:\/\/www.litoralpress.cl\/paginaconsultas\/Servicios_NClipSitio\/Get_Imagen_Nota.aspx?LPKey=ZQIU4SL5WCI6DL6SO6Q2HCDCMTIXNYVAT5TQWB5B7NRLHCDDCHPI7FJUAUNIZXMQ4FA2CFTTIR6YO\">Compositor e int\u00e9rprete Pablo Rojas este viernes en la UTalca. Se menciona la Universidad de Talca.\u00a0<\/a><br \/><br \/><\/div><div><b>PURA NOTICIA<\/b>\u00a0<br \/><a href=\"https:\/\/www.litoralpress.cl\/paginaconsultas\/Servicios_NClipSitio\/Get_Imagen_Nota.aspx?LPKey=2CSOCQ56EDDUQGLXUL2NQI7X5UQH2FOMOS3M2OIMSRLWHBMXPUJY6O54HFK4HFISHZXCSTYP2EFSG\">Roberto Celed\u00f3n asume como por la Regi\u00f3n del Maule en reemplazo de su fallecida esposa. Se menciona la Universidad de Talca.\u00a0<\/a><br \/><br \/><\/div><div><b>CNN CHILE<\/b>\u00a0<br \/><a href=\"https:\/\/www.cnnchile.com\/pais\/estado-acreditacion-universitaria-chile-2025_20250108\/\">El estado de la acreditaci\u00f3n universitaria en Chile para 2025. Se menciona la Universidad de Talca.\u00a0<\/a><br \/><br \/><\/div><div><b>DIARIO LA PRENSA <\/b>\u00a0<br \/><a href=\"https:\/\/new.diariolaprensa.cl\/index.php\/2025\/01\/08\/seis-establecimientos-educacionales-del-maule-entre-los-100-mejores-colegios-del-pais-en-resultados-paes\/\">Seis establecimientos educacionales del Maule entre los 100 mejores colegios del pa\u00eds en resultados PAES. Se menciona la Universidad de Talca.\u00a0<\/a><br \/><br \/><\/div><div><b>LWYR<\/b>\u00a0<br \/><a href=\"https:\/\/www.lwyr.cl\/opinion\/modelo-de-prevencion-de-delitos-y-proveedores-donde-poner-el-foco\/\">Modelo de prevenci\u00f3n de delitos y proveedores: \u00bfD\u00f3nde poner el foco? Se menciona la Universidad de Talca.\u00a0<\/a><br \/><br \/><\/div><div><b>PORTAL PRENSA SALUD<\/b>\u00a0<br \/><a href=\"https:\/\/portalprensasalud.cl\/2025\/01\/08\/conectados-por-la-innovacion-en-salud-2025-un-encuentro-clave-para-el-futuro-del-sector\/\">\u201cConectados por la Innovaci\u00f3n en Salud 2025\u201d: un encuentro clave para el futuro del sector. Se menciona la Universidad de Talca.\u00a0<\/a><br \/><br \/><\/div><div><b>EST\u00c1 PASANDO<\/b>\u00a0<br \/><a href=\"https:\/\/estapasando.cl\/politica\/roberto-celedon-debuta-como-diputado-en-el-congreso-tras-la-muerte-de-su-esposa\/\">Roberto Celed\u00f3n debuta como diputado en el Congreso tras la muerte de su esposa. Se menciona la Universidad de Talca.\u00a0<\/a><br \/><br \/><\/div><div><b>EL MERCURIO INVERSIONES<\/b>\u00a0<br \/><a href=\"https:\/\/www.elmercurio.com\/Inversiones\/Noticias\/Noticias\/2025\/01\/08\/1049373\/Roberto-Celedon-IndFA-asume-como-diputado-en-reemplazo-de-su-fallecida-esposa-Mercedes-Bulnes.aspx\">Roberto Celed\u00f3n (Ind-FA) asume como diputado en reemplazo de su fallecida esposa Mercedes Bulnes. Se menciona la Universidad de Talca.\u00a0<\/a><br \/><br \/><\/div><div><b>PORTAL RED SALUD<\/b>\u00a0<br \/><a href=\"https:\/\/portalredsalud.cl\/2025\/01\/08\/conectados-por-la-innovacion-en-salud-2025-un-encuentro-clave-para-el-futuro-del-sector\/\">\u201cConectados por la Innovaci\u00f3n en Salud 2025\u201d: un encuentro clave para el futuro del sector. Se menciona la Universidad de Talca.\u00a0<\/a><br \/><br \/><\/div><div><b>MARGA MARGA ONLINE<\/b>\u00a0<br \/><a href=\"https:\/\/margamargaonline.cl\/2025\/01\/08\/en-la-camara-de-diputadas-y-diputadosasume-diputado-roberto-celedon-fernandez\/\">Roberto Celed\u00f3n asume como nuevo diputado por la Regi\u00f3n del Maule: \u201cSer\u00e9 la continuaci\u00f3n del trabajo de Mercedes Bulnes en la C\u00e1mara y en la regi\u00f3n\u201d. Se menciona la Universidad de Talca.\u00a0<\/a><br \/><br \/><\/div><div><b>G5 NOTICIA<\/b>\u00a0<br \/><a href=\"https:\/\/g5noticias.cl\/2025\/01\/08\/roberto-celedon-asume-como-nuevo-diputado-por-la-region-del-maule-sere-la-continuacion-del-trabajo-de-mercedes-bulnes-en-la-camara-y-en-la-region\/\">Roberto Celed\u00f3n asume como nuevo diputado por la Regi\u00f3n del Maule: \u201cSer\u00e9 la continuaci\u00f3n del trabajo de Mercedes Bulnes en la C\u00e1mara y en la regi\u00f3n\u201d. Se menciona la Universidad de Talca.\u00a0<\/a><br \/><br \/><\/div><div><b>AD PRENSA<\/b>\u00a0<br \/><a href=\"https:\/\/www.adprensa.cl\/congreso\/asume-diputado-roberto-celedon-fernandez\/\">Asume diputado Roberto Celed\u00f3n Fern\u00e1ndez. Se menciona la Universidad de Talca.<\/a>\u00a0<br \/><br \/><\/div><div><b>MALA ESPINA CHECK<\/b>\u00a0<br \/><a href=\"https:\/\/www.malaespinacheck.cl\/pais\/2025\/01\/08\/ministros-del-tribunal-constitucional\/\">Qui\u00e9nes son los ministros del Tribunal Constitucional que podr\u00edan ver el caso de la casa de Allende. Se menciona la Universidad de Talca.\u00a0<\/a><br \/><br \/><\/div><div><b>EL MAULE INFORMA<\/b>\u00a0<br \/><a href=\"https:\/\/elmauleinforma.cl\/roberto-celedon-asume-como-nuevo-diputado-por-la-region-del-maule-sere-la-continuacion-del-trabajo-de-mercedes-bulnes\/\">Roberto Celed\u00f3n asume como nuevo diputado por la Regi\u00f3n del Maule: \u201cSer\u00e9 la continuaci\u00f3n del trabajo de Mercedes Bulnes\u201d. Se menciona la Universidad de Talca.\u00a0<\/a><br \/><br \/><\/div><div><b>EL MAULE INFORMA<\/b>\u00a0<br \/><a href=\"https:\/\/elmauleinforma.cl\/vasta-labor-social-y-cultural-realizo-rotary-club-talca-en-2024\/\">Vasta labor social y cultural realiz\u00f3 Rotary Club Talca en 2024. Se menciona la Universidad de Talca.\u00a0<\/a><br \/><br \/><\/div><div aria-hidden=\"true\">\u00a0<\/div><div>\u00a0<\/div>\t\t\t\t\t\t<\/div>\n\t\t\t\t<\/div>\n\t\t\t\t\t<\/div>\n\t\t<\/div>\n\t\t\t\t\t\t\t<\/div>\n\t\t<\/section>\n\t\t\t\t\t\t<\/div>\n\t\t\t\t\t<\/div>\n\t\t","protected":false},"excerpt":{"rendered":"<p>TOUR INNOVACI\u00d3N\u00a0El evento de divulgaci\u00f3n cient\u00edfica m\u00e1s relevante de Latinoam\u00e9rica llega al Maule para hablar sobre tecnolog\u00edas y su impacto en la humanidad. Se refiere Carlos Torres Fuchslocher, rector.\u00a0 COOPERATIVA CIENCIA\u00a0Docentes y universitarios chilenos desarrollan videojuego para aprender matem\u00e1ticas. Se refiere C\u00e9sar Retamal, jefe de la Unidad de Divulgaci\u00f3n de la Direcci\u00f3n General de Vinculaci\u00f3n &hellip;<\/p>\n<p class=\"read-more\"> <a class=\"\" href=\"https:\/\/www.reportedeprensa.utalca.cl\/?p=11303\"> <span class=\"screen-reader-text\">09 de enero 2025<\/span> Read More &raquo;<\/a><\/p>\n","protected":false},"author":1,"featured_media":0,"comment_status":"closed","ping_status":"open","sticky":false,"template":"","format":"standard","meta":{"_monsterinsights_skip_tracking":false,"_monsterinsights_sitenote_active":false,"_monsterinsights_sitenote_note":"","_monsterinsights_sitenote_category":0},"categories":[56],"tags":[],"_links":{"self":[{"href":"https:\/\/www.reportedeprensa.utalca.cl\/index.php?rest_route=\/wp\/v2\/posts\/11303"}],"collection":[{"href":"https:\/\/www.reportedeprensa.utalca.cl\/index.php?rest_route=\/wp\/v2\/posts"}],"about":[{"href":"https:\/\/www.reportedeprensa.utalca.cl\/index.php?rest_route=\/wp\/v2\/types\/post"}],"author":[{"embeddable":true,"href":"https:\/\/www.reportedeprensa.utalca.cl\/index.php?rest_route=\/wp\/v2\/users\/1"}],"replies":[{"embeddable":true,"href":"https:\/\/www.reportedeprensa.utalca.cl\/index.php?rest_route=%2Fwp%2Fv2%2Fcomments&post=11303"}],"version-history":[{"count":4,"href":"https:\/\/www.reportedeprensa.utalca.cl\/index.php?rest_route=\/wp\/v2\/posts\/11303\/revisions"}],"predecessor-version":[{"id":11308,"href":"https:\/\/www.reportedeprensa.utalca.cl\/index.php?rest_route=\/wp\/v2\/posts\/11303\/revisions\/11308"}],"wp:attachment":[{"href":"https:\/\/www.reportedeprensa.utalca.cl\/index.php?rest_route=%2Fwp%2Fv2%2Fmedia&parent=11303"}],"wp:term":[{"taxonomy":"category","embeddable":true,"href":"https:\/\/www.reportedeprensa.utalca.cl\/index.php?rest_route=%2Fwp%2Fv2%2Fcategories&post=11303"},{"taxonomy":"post_tag","embeddable":true,"href":"https:\/\/www.reportedeprensa.utalca.cl\/index.php?rest_route=%2Fwp%2Fv2%2Ftags&post=11303"}],"curies":[{"name":"wp","href":"https:\/\/api.w.org\/{rel}","templated":true}]}}