{"id":11309,"date":"2025-01-10T11:49:04","date_gmt":"2025-01-10T14:49:04","guid":{"rendered":"https:\/\/www.reportedeprensa.utalca.cl\/?p=11309"},"modified":"2025-01-10T11:58:33","modified_gmt":"2025-01-10T14:58:33","slug":"10-de-enero-2025","status":"publish","type":"post","link":"https:\/\/www.reportedeprensa.utalca.cl\/?p=11309","title":{"rendered":"10 de enero 2025"},"content":{"rendered":"\t\t<div data-elementor-type=\"wp-post\" data-elementor-id=\"11309\" class=\"elementor elementor-11309\" data-elementor-settings=\"[]\">\n\t\t\t\t\t\t\t<div class=\"elementor-section-wrap\">\n\t\t\t\t\t\t\t<section class=\"elementor-section elementor-top-section elementor-element elementor-element-bcea1a8 elementor-section-boxed elementor-section-height-default elementor-section-height-default\" data-id=\"bcea1a8\" data-element_type=\"section\">\n\t\t\t\t\t\t<div class=\"elementor-container elementor-column-gap-default\">\n\t\t\t\t\t<div class=\"elementor-column elementor-col-100 elementor-top-column elementor-element elementor-element-e7183bf\" data-id=\"e7183bf\" data-element_type=\"column\">\n\t\t\t<div class=\"elementor-widget-wrap elementor-element-populated\">\n\t\t\t\t\t\t\t\t<div class=\"elementor-element elementor-element-a14da47 elementor-widget elementor-widget-text-editor\" data-id=\"a14da47\" data-element_type=\"widget\" data-widget_type=\"text-editor.default\">\n\t\t\t\t<div class=\"elementor-widget-container\">\n\t\t\t\t\t\t\t\t<div><b>EL MOSTRADOR<br \/><\/b><a href=\"https:\/\/www.elmostrador.cl\/agenda-pais\/vida-en-linea\/2025\/01\/09\/estudio-permitio-mejorar-atencion-de-pacientes-con-sintomas-de-depresion\/\">Estudio permiti\u00f3 mejorar atenci\u00f3n de pacientes con s\u00edntomas de depresi\u00f3n. Se refiere Ver\u00f3nica Vitriol, acad\u00e9mica de la Facultad de Medicina.\u00a0<\/a><b><br \/><\/b><b><br \/><\/b><\/div><div><b>EL HERALDO<\/b><br \/><a href=\"https:\/\/www.litoralpress.cl\/paginaconsultas\/Servicios_NClipSitio\/Get_Imagen_Nota.aspx?LPKey=ZE6UFH6UE7E3FOU2BJMS4JFFQUGGBA7V54IDDQ4RYU7AW5HMBZ6JXVF73KUVXV2SHRYOJ6TTGY5SE\">Estudio permiti\u00f3 mejorar atenci\u00f3n de pacientes con s\u00edntomas de depresi\u00f3n. Se refiere Ver\u00f3nica Vitriol, acad\u00e9mica de la Facultad de Medicina.\u00a0<\/a><br \/><br \/><\/div><div><b>EL LECTOR<\/b><br \/><a href=\"https:\/\/www.litoralpress.cl\/paginaconsultas\/Servicios_NClipSitio\/Get_Imagen_Nota.aspx?LPKey=W6PHJFC77JKG6S3VVZNQPIX4VITGNNWLYDDZ6CLBTUJ2KSKTTZF2HQ6KGLRZAAWLJ5Q5TBTLS3F6G\">Estudio permiti\u00f3 mejorar atenci\u00f3n de pacientes con s\u00edntomas de depresi\u00f3n. Se refiere Ver\u00f3nica Vitriol, acad\u00e9mica de la Facultad de Medicina.\u00a0<\/a><br \/><br \/><\/div><div><b>OSORNO EN RED<\/b><br \/><a href=\"http:\/\/osornoenlared.cl\/2025\/01\/09\/estudio-permitio-mejorar-atencion-de-pacientes-con-sintomas-de-depresion\/\">Estudio permiti\u00f3 mejorar atenci\u00f3n de pacientes con s\u00edntomas de depresi\u00f3n. Se refiere Ver\u00f3nica Vitriol, acad\u00e9mica de la Facultad de Medicina.\u00a0<\/a><br \/><br \/><\/div><div><b>DIARIO EL HERALDO<\/b><br \/><a href=\"https:\/\/www.diarioelheraldo.cl\/noticia\/estudio-permitio-mejorar-atencion-de-pacientes-con-sintomas-de-depresion\">Estudio permiti\u00f3 mejorar atenci\u00f3n de pacientes con s\u00edntomas de depresi\u00f3n. Se refiere Ver\u00f3nica Vitriol, acad\u00e9mica de la Facultad de Medicina.\u00a0<\/a><br \/><br \/><\/div><div><b>AD PRENSA<\/b><br \/><a href=\"https:\/\/www.adprensa.cl\/cronica\/estudio-permitio-mejorar-atencion-de-pacientes-con-sintomas-de-depresion\/\">Estudio permiti\u00f3 mejorar atenci\u00f3n de pacientes con s\u00edntomas de depresi\u00f3n. Se refiere Ver\u00f3nica Vitriol, acad\u00e9mica de la Facultad de Medicina.\u00a0<\/a><br \/><br \/><\/div><div><b>RADIO LAUTARO<\/b><br \/><a href=\"https:\/\/radiolautarotalca.cl\/estudio-permitio-mejorar-atencion-de-pacientes-con-sintomas-de-depresion\/\">Estudio permiti\u00f3 mejorar atenci\u00f3n de pacientes con s\u00edntomas de depresi\u00f3n. Se refiere Ver\u00f3nica Vitriol, acad\u00e9mica de la Facultad de Medicina.\u00a0<\/a><\/div><div><b>\u00a0<\/b><\/div><div><b>COOPERATIVA CIENCIA\u00a0<br \/><\/b><a href=\"https:\/\/www.cooperativaciencia.cl\/tecnologia\/2025\/01\/08\/docentes-y-universitarios-chilenos-desarrollan-videojuego-para-aprender-matematicas\/\">Docentes y universitarios chilenos desarrollan videojuego para aprender matem\u00e1ticas. Se refiere C\u00e9sar Retamal, jefe de la Unidad de Divulgaci\u00f3n de la Direcci\u00f3n General de Vinculaci\u00f3n con el Medio.\u00a0<\/a><b><br \/><\/b><\/div><div><b>LAS \u00daLTIMAS NOTICIAS\u00a0<br \/><\/b><a href=\"https:\/\/www.litoralpress.cl\/paginaconsultas\/Servicios_NClipSitio\/Get_Imagen_Nota.aspx?LPKey=B35Z4K3NRU3HLXCQ52ZFCRBCG5QVZFV3UIGH4RDRNCVDKDJZ6QKBHRDKNOFTMFRB3B4JN5DJCNTQW\">Panorama total de la acreditaci\u00f3n universitaria 2025. Se menciona la Universidad de Talca.\u00a0<\/a><b><br \/><\/b><b><u><a id=\"m_2594401506696380959m_94196221075990584gmail-OWAd3e7a810-c2f5-f8a8-c4fa-7399949750fc\" title=\"https:\/\/www.litoralpress.cl\/paginaconsultas\/Servicios_NClipSitio\/Get_Imagen_Nota.aspx?LPKey=B35Z4K3NRU3HLXCQ52ZFCRBCG5QVZFV3UIGH4RDRNCVDKDJZ6QKBHRDKNOFTMFRB3B4JN5DJCNTQW\" href=\"https:\/\/www.litoralpress.cl\/paginaconsultas\/Servicios_NClipSitio\/Get_Imagen_Nota.aspx?LPKey=B35Z4K3NRU3HLXCQ52ZFCRBCG5QVZFV3UIGH4RDRNCVDKDJZ6QKBHRDKNOFTMFRB3B4JN5DJCNTQW\" target=\"_blank\" rel=\"noopener noreferrer\" data-saferedirecturl=\"https:\/\/www.google.com\/url?q=https:\/\/www.litoralpress.cl\/paginaconsultas\/Servicios_NClipSitio\/Get_Imagen_Nota.aspx?LPKey%3DB35Z4K3NRU3HLXCQ52ZFCRBCG5QVZFV3UIGH4RDRNCVDKDJZ6QKBHRDKNOFTMFRB3B4JN5DJCNTQW&amp;source=gmail&amp;ust=1736607094282000&amp;usg=AOvVaw18U5yAABT5mQ4_ps3kr9oa\"><\/a><\/u><\/b><b><\/b><\/div><div>\u00a0<\/div><div><b>G5 NOTICIAS<br \/><\/b><a href=\"https:\/\/g5noticias.cl\/2025\/01\/09\/analizan-situacion-financiera-de-las-universidades-chilenas\/\">Analizan situaci\u00f3n financiera de las universidades chilenas. Se refiere Carlos Torres Fuchslocher, rector.<\/a><b><br \/><\/b><b><br \/><\/b><\/div><div><b>MEDIABANCO<\/b><br \/><a href=\"https:\/\/www.mediabanco.com\/analizan-situacion-financiera-de-las-universidades-chilenas\/\">Analizan situaci\u00f3n financiera de las universidades chilenas. Se refiere Carlos Torres Fuchslocher, rector.<\/a><br \/><br \/><\/div><div><b>DIARIO TALCA<\/b><br \/><a href=\"https:\/\/diariotalca.cl\/en-talca-expertos-analizan-situacion-financiera-de-las-universidades-chilenas\/\">En Talca expertos analizan situaci\u00f3n financiera de las universidades chilenas. Se refiere Carlos Torres Fuchslocher, rector.<\/a><br \/><br \/><\/div><div><b>TV5<\/b><br \/><a href=\"https:\/\/www.tv5.cl\/categoria\/local\/expertos-talca-analizan-crisis-financiera-universidades-chilenas\">Expertos en Talca analizan crisis financiera de universidades chilenas. Se refiere Carlos Torres Fuchslocher, rector.<\/a><br \/><br \/><\/div><div><b>SEMANARIO LOCAL<\/b><br \/><a href=\"https:\/\/www.semanariolocal.cl\/?p=26027\">Analizan situaci\u00f3n financiera de las universidades chilenas. Se refiere Carlos Torres Fuchslocher, rector.<\/a><\/div><div>\u00a0<\/div><div><b>RED AGR\u00cdCOLA<br \/><\/b><a href=\"https:\/\/redagricola.com\/ola-de-calor-tendra-peak-de-temperaturas-extremas-este-fin-de-semana-sera-solo-la-primera-de-varias-en-2025\/\">Ola de calor tendr\u00e1 peak de temperaturas extremas este fin de semana: ser\u00e1 solo la primera de varias en 2025. Se refiere Patricio Gonz\u00e1lez Colville, agroclimat\u00f3logo y acad\u00e9mico del Centro de Investigaci\u00f3n y Transferencia en Riego y Agroclimatolog\u00eda (CITRA).<\/a><b><br \/><\/b><b><u><a id=\"m_2594401506696380959m_94196221075990584gmail-OWA37762441-bae0-9556-7f3a-f7764a9be2bb\" title=\"https:\/\/redagricola.com\/ola-de-calor-tendra-peak-de-temperaturas-extremas-este-fin-de-semana-sera-solo-la-primera-de-varias-en-2025\/\" href=\"https:\/\/redagricola.com\/ola-de-calor-tendra-peak-de-temperaturas-extremas-este-fin-de-semana-sera-solo-la-primera-de-varias-en-2025\/\" target=\"_blank\" rel=\"noopener noreferrer\" data-saferedirecturl=\"https:\/\/www.google.com\/url?q=https:\/\/redagricola.com\/ola-de-calor-tendra-peak-de-temperaturas-extremas-este-fin-de-semana-sera-solo-la-primera-de-varias-en-2025\/&amp;source=gmail&amp;ust=1736607094283000&amp;usg=AOvVaw1uEdDbS-Yotx5I6-ICHwqi\"><\/a><\/u><\/b><\/div><div>\u00a0<\/div><div><b>S\u00c9PTIMA REGI\u00d3N NOTICIAS<\/b><br \/><a href=\"https:\/\/www.septimapaginanoticias.cl\/ola-de-calor-se-espera-primer-peak-de-temperaturas-extremas-de-2025\">Ola de calor: se espera primer peak de temperaturas extremas de 2025. Se refiere Patricio Gonz\u00e1lez Colville, agroclimat\u00f3logo y acad\u00e9mico del Centro de Investigaci\u00f3n y Transferencia en Riego y Agroclimatolog\u00eda (CITRA).<\/a><br \/><br \/><\/div><div><b>TV5<\/b><br \/><a href=\"https:\/\/www.tv5.cl\/categoria\/local\/alerta-ola-calor-chile-temperaturas-llegar-grados-semana\">Ola de calor: se espera primer peak de temperaturas extremas de 2025. Se refiere Patricio Gonz\u00e1lez Colville, agroclimat\u00f3logo y acad\u00e9mico del Centro de Investigaci\u00f3n y Transferencia en Riego y Agroclimatolog\u00eda (CITRA).<\/a><br \/><br \/><\/div><div><b>TU CASA TU RADIO<\/b><br \/><a href=\"https:\/\/tucasaturadio.cl\/ola-de-calor-se-espera-primer-peak-de-temperaturas-extremas-de-2025\/\">Ola de calor: se espera primer peak de temperaturas extremas de 2025. Se refiere Patricio Gonz\u00e1lez Colville, agroclimat\u00f3logo y acad\u00e9mico del Centro de Investigaci\u00f3n y Transferencia en Riego y Agroclimatolog\u00eda (CITRA).<\/a><br \/><br \/><\/div><div><b>SEMANARIO LOCAL<\/b><br \/><a href=\"https:\/\/www.semanariolocal.cl\/?p=26022\">Ola de calor: se espera primer peak de temperaturas extremas de 2025. Se refiere Patricio Gonz\u00e1lez Colville, agroclimat\u00f3logo y acad\u00e9mico del Centro de Investigaci\u00f3n y Transferencia en Riego y Agroclimatolog\u00eda (CITRA).<\/a><br \/><br \/><\/div><div><b>MEDIABANCO<\/b><br \/><a href=\"https:\/\/www.mediabanco.com\/ola-de-calor-se-espera-primer-peak-de-temperaturas-extremas-de-2025\/\">Ola de calor: se espera primer peak de temperaturas extremas de 2025. Se refiere Patricio Gonz\u00e1lez Colville, agroclimat\u00f3logo y acad\u00e9mico del Centro de Investigaci\u00f3n y Transferencia en Riego y Agroclimatolog\u00eda (CITRA).<\/a><\/div><div aria-hidden=\"true\">\u00a0<\/div><div><b>LA SEGUNDA<br \/><\/b><a href=\"https:\/\/www.litoralpress.cl\/paginaconsultas\/Servicios_NClipSitio\/Get_Imagen_Nota.aspx?LPKey=XQHYPRMDR73VP5LSK65FZEPKTRR7W4WH35TZPY47KSNRCVG5V4UJWIDTT7X4AI2NBLA6VWNPWPU5Q\">Ocho excandidatos que perdieron y encontraron trabajo en el Ejecutivo. Se refiere Mauricio Morales Quiroga, director del Centro de An\u00e1lisis Pol\u00edtico (CAP-UTalca)<\/a><b><br \/><\/b><b><br \/><\/b><\/div><div><b>RADIO ADN<br \/><\/b><a href=\"https:\/\/www.litoralpress.cl\/sitio\/RadioTV_Detalles.cshtml?LPKey=STL34XNBXSO77AR3QLLEKZCYAGT662KPJHN36LU55JXJLRQQYJTJS3GRUWLXAQLFI2RRLIY2UBF44\">Siguen las reacciones tras las declaraciones del expresidente Eduardo Frei ante empresarios por su evaluaci\u00f3n del crecimiento econ\u00f3mico. Se refiere Mario Herrera Mu\u00f1oz, acad\u00e9mico del Centro de An\u00e1lisis Pol\u00edtico (CAP-UTalca)<\/a><b><br \/><\/b><b><u><a id=\"m_2594401506696380959m_94196221075990584gmail-OWA4545dd04-f922-8d5b-0fbe-388734c55b87\" title=\"https:\/\/www.litoralpress.cl\/sitio\/RadioTV_Detalles.cshtml?LPKey=STL34XNBXSO77AR3QLLEKZCYAGT662KPJHN36LU55JXJLRQQYJTJS3GRUWLXAQLFI2RRLIY2UBF44\" href=\"https:\/\/www.litoralpress.cl\/sitio\/RadioTV_Detalles.cshtml?LPKey=STL34XNBXSO77AR3QLLEKZCYAGT662KPJHN36LU55JXJLRQQYJTJS3GRUWLXAQLFI2RRLIY2UBF44\" target=\"_blank\" rel=\"noopener noreferrer\" data-saferedirecturl=\"https:\/\/www.google.com\/url?q=https:\/\/www.litoralpress.cl\/sitio\/RadioTV_Detalles.cshtml?LPKey%3DSTL34XNBXSO77AR3QLLEKZCYAGT662KPJHN36LU55JXJLRQQYJTJS3GRUWLXAQLFI2RRLIY2UBF44&amp;source=gmail&amp;ust=1736607094283000&amp;usg=AOvVaw2l_Aupb7X66_QHFu-xcQcp\"><\/a><\/u><\/b><\/div><div>\u00a0<\/div><div><b>RADIO GUAYAC\u00c1N<br \/><\/b><a href=\"https:\/\/www.litoralpress.cl\/sitio\/RadioTV_Detalles.cshtml?LPKey=S2XO2OXFREEA3MYPHJCTSIPCXKF2W3ARPXP7RF7HPUMBPZPIOXAXVN5HJMUVC5S4YAEK52V23FP2A\">An\u00e1lisis a crisis pol\u00edtica y social en Venezuela. Entrevista a Alejandra M\u00e1rquez, acad\u00e9mica de la Facultad de Ciencias Jur\u00eddicas y Sociales.<\/a><b><br \/><\/b><b><br \/><\/b><\/div><div><b>TODO VINOS<br \/><\/b><a href=\"https:\/\/www.todovinos.cl\/wp2\/2025\/01\/09\/vinos-chile-adaptacion-al-cambio-climatico-debe-realizarse-en-fases\/\">Vinos Chile: Adaptaci\u00f3n al cambio clim\u00e1tico debe realizarse en fases. Se refiere Yerko Moreno, <\/a><a href=\"https:\/\/www.todovinos.cl\/wp2\/2025\/01\/09\/vinos-chile-adaptacion-al-cambio-climatico-debe-realizarse-en-fases\/\">director del Centro Tecnol\u00f3gico de la Vid y el Vino (CTVV).<\/a><b><br \/><\/b><\/div><div>\u00a0<\/div><div><b>PORTAL EDUCA\u00a0<br \/><\/b><a href=\"https:\/\/portaleduca.cl\/utalca-amplia-su-oferta-academica-con-nuevo-plan-comun-en-ingenieria-civil\/\">UTalca ampl\u00eda su oferta acad\u00e9mica con nuevo plan com\u00fan en ingenier\u00eda civil. Se refiere Marcia Silva, directora de la carrera de Ingenier\u00eda Civil plan com\u00fan.\u00a0<\/a><\/div><div><b>\u00a0<\/b><\/div><div><b>EL MERCURIO<\/b><br \/><a href=\"https:\/\/www.litoralpress.cl\/paginaconsultas\/Servicios_NClipSitio\/Get_Imagen_Nota.aspx?LPKey=ENIQ3BTUQ7Z7KIKGORVMGUYWXCJEBEY5OBYLZIGZRVKXJM263JMXS5QKLJALMTPDTZ5ZRAP6MTTTE\">Roberto Celed\u00f3n jura como diputado por el Maule en la bancada del Frente Amplio. Se menciona la Universidad de Talca.<\/a><br \/><br \/><\/div><div><b>PURA NOTICIA<\/b><br \/><a href=\"https:\/\/www.litoralpress.cl\/paginaconsultas\/Servicios_NClipSitio\/Get_Imagen_Nota.aspx?LPKey=2CSOCQ56EDDUQGLXUL2NQI7X5UQH2FOMOS3M2OIMSRLWHBMXPUJY6O54HFK4HFISHZXCSTYP2EFSG\">Roberto Celed\u00f3n asume como por la Regi\u00f3n del Maule en reemplazo de su fallecida esposa. Se menciona la Universidad de Talca.<\/a><br \/><br \/><\/div><div><b>EL PERIODISTA<\/b><br \/><a href=\"https:\/\/www.elperiodista.cl\/2025\/01\/asume-diputado-roberto-celedon\/\">Asume diputado Roberto Celed\u00f3n. Se menciona la Universidad de Talca.<\/a><br \/><br \/><\/div><div><b>CAUQUENES.NET<\/b><br \/><a href=\"https:\/\/cauquenesnet.cl\/2025\/01\/09\/autoridades-regionales-reconocieron-a-jovenes-con-trayectorias-educativas-destacadas\/\">Autoridades regionales reconocieron a j\u00f3venes con Trayectorias Educativas Destacadas. Se menciona la Universidad de Talca.<\/a><br \/><br \/><\/div><div><b>AM NOTICIAS<\/b><br \/><a href=\"https:\/\/amnoticias.cl\/autoridades-regionales-reconocieron-a-jovenes-con-trayectorias-educativas-destacadas\/\">Autoridades regionales reconocieron a j\u00f3venes con Trayectorias Educativas Destacadas Se menciona la Universidad de Talca.\u00a0\u00a0\u00a0\u00a0\u00a0<\/a><br \/><br \/><\/div><div><b>DIARIO LA MA\u00d1ANA<\/b><br \/><a href=\"https:\/\/diariolama\u00f1ana.cl\/2025\/01\/09\/autoridades-regionales-reconocieron-a-jovenes-con-trayectorias-educativas-destacadas\/\">Autoridades regionales reconocieron a j\u00f3venes con Trayectorias Educativas Destacadas. Se menciona la Universidad de Talca.\u00a0\u00a0\u00a0\u00a0<\/a><br \/><br \/><\/div>\t\t\t\t\t\t<\/div>\n\t\t\t\t<\/div>\n\t\t\t\t\t<\/div>\n\t\t<\/div>\n\t\t\t\t\t\t\t<\/div>\n\t\t<\/section>\n\t\t\t\t\t\t<\/div>\n\t\t\t\t\t<\/div>\n\t\t","protected":false},"excerpt":{"rendered":"<p>EL MOSTRADOREstudio permiti\u00f3 mejorar atenci\u00f3n de pacientes con s\u00edntomas de depresi\u00f3n. Se refiere Ver\u00f3nica Vitriol, acad\u00e9mica de la Facultad de Medicina.\u00a0EL HERALDOEstudio permiti\u00f3 mejorar atenci\u00f3n de pacientes con s\u00edntomas de depresi\u00f3n. Se refiere Ver\u00f3nica Vitriol, acad\u00e9mica de la Facultad de Medicina.\u00a0 EL LECTOREstudio permiti\u00f3 mejorar atenci\u00f3n de pacientes con s\u00edntomas de depresi\u00f3n. Se refiere Ver\u00f3nica &hellip;<\/p>\n<p class=\"read-more\"> <a class=\"\" href=\"https:\/\/www.reportedeprensa.utalca.cl\/?p=11309\"> <span class=\"screen-reader-text\">10 de enero 2025<\/span> Read More &raquo;<\/a><\/p>\n","protected":false},"author":1,"featured_media":0,"comment_status":"closed","ping_status":"open","sticky":false,"template":"","format":"standard","meta":{"_monsterinsights_skip_tracking":false,"_monsterinsights_sitenote_active":false,"_monsterinsights_sitenote_note":"","_monsterinsights_sitenote_category":0},"categories":[56],"tags":[],"_links":{"self":[{"href":"https:\/\/www.reportedeprensa.utalca.cl\/index.php?rest_route=\/wp\/v2\/posts\/11309"}],"collection":[{"href":"https:\/\/www.reportedeprensa.utalca.cl\/index.php?rest_route=\/wp\/v2\/posts"}],"about":[{"href":"https:\/\/www.reportedeprensa.utalca.cl\/index.php?rest_route=\/wp\/v2\/types\/post"}],"author":[{"embeddable":true,"href":"https:\/\/www.reportedeprensa.utalca.cl\/index.php?rest_route=\/wp\/v2\/users\/1"}],"replies":[{"embeddable":true,"href":"https:\/\/www.reportedeprensa.utalca.cl\/index.php?rest_route=%2Fwp%2Fv2%2Fcomments&post=11309"}],"version-history":[{"count":4,"href":"https:\/\/www.reportedeprensa.utalca.cl\/index.php?rest_route=\/wp\/v2\/posts\/11309\/revisions"}],"predecessor-version":[{"id":11316,"href":"https:\/\/www.reportedeprensa.utalca.cl\/index.php?rest_route=\/wp\/v2\/posts\/11309\/revisions\/11316"}],"wp:attachment":[{"href":"https:\/\/www.reportedeprensa.utalca.cl\/index.php?rest_route=%2Fwp%2Fv2%2Fmedia&parent=11309"}],"wp:term":[{"taxonomy":"category","embeddable":true,"href":"https:\/\/www.reportedeprensa.utalca.cl\/index.php?rest_route=%2Fwp%2Fv2%2Fcategories&post=11309"},{"taxonomy":"post_tag","embeddable":true,"href":"https:\/\/www.reportedeprensa.utalca.cl\/index.php?rest_route=%2Fwp%2Fv2%2Ftags&post=11309"}],"curies":[{"name":"wp","href":"https:\/\/api.w.org\/{rel}","templated":true}]}}