{"id":11318,"date":"2025-01-13T09:45:57","date_gmt":"2025-01-13T12:45:57","guid":{"rendered":"https:\/\/www.reportedeprensa.utalca.cl\/?p=11318"},"modified":"2025-01-13T12:05:53","modified_gmt":"2025-01-13T15:05:53","slug":"13-de-enero-2025","status":"publish","type":"post","link":"https:\/\/www.reportedeprensa.utalca.cl\/?p=11318","title":{"rendered":"13 de enero 2025"},"content":{"rendered":"\t\t<div data-elementor-type=\"wp-post\" data-elementor-id=\"11318\" class=\"elementor elementor-11318\" data-elementor-settings=\"[]\">\n\t\t\t\t\t\t\t<div class=\"elementor-section-wrap\">\n\t\t\t\t\t\t\t<section class=\"elementor-section elementor-top-section elementor-element elementor-element-bcea1a8 elementor-section-boxed elementor-section-height-default elementor-section-height-default\" data-id=\"bcea1a8\" data-element_type=\"section\">\n\t\t\t\t\t\t<div class=\"elementor-container elementor-column-gap-default\">\n\t\t\t\t\t<div class=\"elementor-column elementor-col-100 elementor-top-column elementor-element elementor-element-e7183bf\" data-id=\"e7183bf\" data-element_type=\"column\">\n\t\t\t<div class=\"elementor-widget-wrap elementor-element-populated\">\n\t\t\t\t\t\t\t\t<div class=\"elementor-element elementor-element-a14da47 elementor-widget elementor-widget-text-editor\" data-id=\"a14da47\" data-element_type=\"widget\" data-widget_type=\"text-editor.default\">\n\t\t\t\t<div class=\"elementor-widget-container\">\n\t\t\t\t\t\t\t\t<div><b data-olk-copy-source=\"MessageBody\">CANAL CNN\u00a0CHILE<br \/><\/b><a href=\"https:\/\/www.litoralpress.cl\/sitio\/RadioTV_Detalles.cshtml?LPKey=TNB5KUODSQPTC5VMMVPUAEWDBLBLQJVMN6DLIOCB2FDC6MQW7UIPRR2EOEARE4ZKJOHXWEYYWFY4G\">La importancia de la detecci\u00f3n temprana de la disfagia. Entrevista a Orietta San Mart\u00edn Rubilar, acad\u00e9mica de la Escuela de Fonoaudiolog\u00eda.\u202f<\/a><\/div><div><b><br \/>EL MOSTRADOR<br \/><\/b><a href=\"https:\/\/www.elmostrador.cl\/agenda-pais\/vida-en-linea\/2025\/01\/09\/estudio-permitio-mejorar-atencion-de-pacientes-con-sintomas-de-depresion\/\">Estudio permiti\u00f3 mejorar atenci\u00f3n de pacientes con s\u00edntomas de depresi\u00f3n. Se refiere Ver\u00f3nica Vitriol, acad\u00e9mica de la Facultad de Medicina.\u00a0<\/a><b><br \/><\/b><b><u><a id=\"OWA093bb4cb-74c5-b4f6-0943-fb316362cad0\" class=\"x_x_OWAAutoLink\" title=\"https:\/\/www.elmostrador.cl\/agenda-pais\/vida-en-linea\/2025\/01\/09\/estudio-permitio-mejorar-atencion-de-pacientes-con-sintomas-de-depresion\/\" href=\"https:\/\/www.elmostrador.cl\/agenda-pais\/vida-en-linea\/2025\/01\/09\/estudio-permitio-mejorar-atencion-de-pacientes-con-sintomas-de-depresion\/\" target=\"_blank\" rel=\"noopener noreferrer\" data-auth=\"NotApplicable\" data-linkindex=\"1\"><\/a><\/u><\/b><b><\/b><\/div><div><b>COOPERATIVA CIENCIA\u00a0<br \/><\/b><a href=\"https:\/\/www.cooperativaciencia.cl\/tecnologia\/2025\/01\/08\/docentes-y-universitarios-chilenos-desarrollan-videojuego-para-aprender-matematicas\/\">Docentes y universitarios chilenos desarrollan videojuego para aprender matem\u00e1ticas. Se refiere C\u00e9sar Retamal, jefe de la Unidad de Divulgaci\u00f3n de la Direcci\u00f3n General de Vinculaci\u00f3n con el Medio.<\/a><\/div><div><b>\u00a0<\/b><\/div><div><b>RADIO BIOB\u00cdO\u00a0<br \/><\/b><a href=\"https:\/\/www.litoralpress.cl\/sitio\/RadioTV_Detalles.cshtml?LPKey=JTIIYQ7GGPXTRQHP7B67TRAWRQTUCEIY3PEFOJEJHNE5OQZ3G5P2WQNS4RQGD6CEXPBASRIBJR636\">Tensi\u00f3n por migraci\u00f3n de delitos a zonas rurales. Se refiere Ra\u00fal Carnevali, acad\u00e9mico de la Facultad de Ciencias Jur\u00eddicas y Sociales.\u00a0<\/a><b><br \/><\/b><\/div><div><b>BIOB\u00cdOCHILE.CL<\/b>\u00a0<br \/><a href=\"https:\/\/www.biobiochile.cl\/noticias\/nacional\/chile\/2025\/01\/10\/autoridades-y-expertos-advierten-por-migracion-de-delitos-violentos-a-zonas-rurales.shtml\">Autoridades y expertos advierten por migraci\u00f3n de delitos violentos a zonas rurales. Se refiere Ra\u00fal Carnevali, acad\u00e9mico de la Facultad de Ciencias Jur\u00eddicas y Sociales.\u00a0<\/a><br \/><br \/><\/div><div><b>DIARIO ANGAMOS<\/b>\u00a0<br \/><a href=\"https:\/\/diarioangamos.com\/nacional\/autoridades-alertan-sobre-el-aumento-de-delitos-violentos-en-zonas-rurales-de-chile\/\">Autoridades alertan sobre el aumento de delitos violentos en zonas rurales de Chile. Se refiere Ra\u00fal Carnevali, acad\u00e9mico de la Facultad de Ciencias Jur\u00eddicas y Sociales.<\/a>\u00a0<br \/><br \/><\/div><div><b>VILAS RADIO<\/b>\u00a0<br \/><a href=\"https:\/\/vilasradio.cl\/expertos-advierten-aumento-de-delitos-violentos-en-zonas-rurales\/\">Expertos advierten aumento de delitos violentos en zonas rurales. Se refiere Ra\u00fal Carnevali, acad\u00e9mico de la Facultad de Ciencias Jur\u00eddicas y Sociales.\u00a0<\/a><\/div><div><b>\u00a0<\/b><\/div><div><b>RADIO BIOB\u00cdO\u00a0<br \/><\/b><a href=\"https:\/\/www.litoralpress.cl\/sitio\/RadioTV_Detalles.cshtml?LPKey=ZVWNOTME7HAHDZYBUOCBFADREPXB4OOBOAUWXP7EBLZTEMLAQ7W6RMNG6OKJPJ6AOEKFFRLTSQZO2\">Por las altas temperaturas Senapred declar\u00f3 alerta roja para cuatro regiones del pa\u00eds y cinco provincias. Se refiere Patricio Gonz\u00e1lez Colville, agroclimat\u00f3logo y acad\u00e9mico del Centro de Investigaci\u00f3n y Transferencia en Riego y Agroclimatolog\u00eda (CITRA).\u00a0<\/a><br \/><br \/><\/div><div><b>RADIO\u00a0ADN<\/b><\/div><div><a href=\"https:\/\/www.litoralpress.cl\/sitio\/RadioTV_Detalles.cshtml?LPKey=RAC3M2VUQKGLWQXZ7PFIKUDCQEF4AGXK5HDOZGJ4PHFMAAMEBK3HCKI5ALUWJPXFUFB7JKSD3V3BQ\">Ola de calor y proyecciones de altas temperaturas. Entrevista a Patricio Gonz\u00e1lez, agroclimat\u00f3logo y acad\u00e9mico del Centro de Investigaci\u00f3n y Transferencia en Riego y Agroclimatolog\u00eda (CITRA).\u00a0<\/a><\/div><div>\u00a0<\/div><div><b>TVN RED MAULE<\/b>\u00a0<br \/><a href=\"https:\/\/www.litoralpress.cl\/sitio\/RadioTV_Detalles.cshtml?LPKey=NVUCCTLT4FD3SHVVMSUOTP2JRJNY3T2WWBJZ46MCLLKU7TQXGQP3KIFM75SYXR5HUJRWJXEQBE2EK\">Parte ola de calor en la zona. Se refiere Patricio Gonz\u00e1lez Colville, agroclimat\u00f3logo y acad\u00e9mico del Centro de Investigaci\u00f3n y Transferencia en Riego y Agroclimatolog\u00eda (CITRA).\u00a0<\/a><br \/><br \/><\/div><div><b>TIERRA AMARILLANO<\/b>\u00a0<br \/><a href=\"https:\/\/tierramarillano.cl\/2025\/01\/09\/ola-de-calor-se-espera-primer-peak-de-temperaturas-extremas-de-2025\/\">Ola de calor: Se espera primer peak de temperaturas extremas de 2025. Se refiere Patricio Gonz\u00e1lez Colville, agroclimat\u00f3logo y acad\u00e9mico del Centro de Investigaci\u00f3n y Transferencia en Riego y Agroclimatolog\u00eda (CITRA).\u00a0<\/a><br \/><br \/><\/div><div><b>EL RESUMEN<\/b>\u00a0<br \/><a href=\"https:\/\/www.elresumen.cl\/8841-ola-de-calor-se-espera-primer-peak-de-temperaturas-extremas-de-2025\">Ola de calor: Se espera primer peak de temperaturas extremas de 2025. Se refiere Patricio Gonz\u00e1lez Colville, agroclimat\u00f3logo y acad\u00e9mico del Centro de Investigaci\u00f3n y Transferencia en Riego y Agroclimatolog\u00eda (CITRA).\u00a0<\/a><br \/><br \/><\/div><div><b>DIARIO TALCA\u00a0<br \/><\/b><a href=\"https:\/\/diariotalca.cl\/ola-de-calor-en-el-maule-se-espera-primer-peak-de-temperaturas-extremas-de-2025\/\">Ola de calor en el Maule: se espera primer peak de temperaturas extremas de 2025. Se refiere Patricio Gonz\u00e1lez Colville, agroclimat\u00f3logo y acad\u00e9mico del Centro de Investigaci\u00f3n y Transferencia en Riego y Agroclimatolog\u00eda (CITRA).\u00a0<\/a><b><br \/><\/b><\/div><div><b>EL HERALDO<\/b>\u00a0<br \/><a href=\"https:\/\/www.litoralpress.cl\/paginaconsultas\/Servicios_NClipSitio\/Get_Imagen_Nota.aspx?LPKey=7EPNH2OPF76D3BQU4FLJ34E3WRXMKBZKUXMQ2DTJEHQ3PQETXWDQZ4AEAPTU36C6HQSPPB5GPIPK4\">Ola de calor en el Maule: se espera primer peak de temperaturas extremas de 2025. Se refiere Patricio Gonz\u00e1lez Colville, agroclimat\u00f3logo y acad\u00e9mico del Centro de Investigaci\u00f3n y Transferencia en Riego y Agroclimatolog\u00eda (CITRA).\u00a0<\/a><br \/><br \/><\/div><div><b>EL LECTOR<\/b>\u00a0<br \/><a href=\"https:\/\/www.litoralpress.cl\/paginaconsultas\/Servicios_NClipSitio\/Get_Imagen_Nota.aspx?LPKey=HPAECE7FB6VNAEE7JRXLDZHIUEITQ5ZL2UAXFVNGKLVOEYHJX2AXAT2WLD7C2PL4DRF234YGPSJUC\">Ola de calor en el Maule: se espera primer peak de temperaturas extremas de 2025. Se refiere Patricio Gonz\u00e1lez Colville, agroclimat\u00f3logo y acad\u00e9mico del Centro de Investigaci\u00f3n y Transferencia en Riego y Agroclimatolog\u00eda (CITRA).\u00a0<\/a><br \/><br \/><\/div><div><b>EL AMAULE<\/b>\u00a0<br \/><a href=\"https:\/\/www.elamaule.cl\/noticia\/sociedad\/especial-enfasis-en-el-maule-nuble-y-biobio-como-sera-la-ola-de-calor-este-fin-de-s\">Especial \u00e9nfasis en El Maule, \u00d1uble y Biob\u00edo: \u00bfC\u00f3mo ser\u00e1 la ola de calor este fin de semana en Chile? Se refiere Patricio Gonz\u00e1lez Colville, agroclimat\u00f3logo y acad\u00e9mico del Centro de Investigaci\u00f3n y Transferencia en Riego y Agroclimatolog\u00eda (CITRA).\u00a0<\/a><br \/><br \/><\/div><div><b>CAUQUENES.NET<\/b>\u00a0<br \/><a href=\"https:\/\/cauquenesnet.cl\/2025\/01\/10\/ola-de-calor-se-espera-primer-peak-de-temperaturas-extremas-de-2025\/\">Ola de calor: Se espera primer peak de temperaturas extremas de 2025. Se refiere Patricio Gonz\u00e1lez Colville, agroclimat\u00f3logo y acad\u00e9mico del Centro de Investigaci\u00f3n y Transferencia en Riego y Agroclimatolog\u00eda (CITRA).\u00a0<\/a><br \/><br \/><\/div><div><b>EL MAULE INFORMA<\/b>\u00a0<br \/><a href=\"https:\/\/elmauleinforma.cl\/ola-de-calor-se-espera-primer-peak-de-temperaturas-extremas-de-2025\/\">Ola de calor: Se espera primer peak de temperaturas extremas de 2025. Se refiere Patricio Gonz\u00e1lez Colville, agroclimat\u00f3logo y acad\u00e9mico del Centro de Investigaci\u00f3n y Transferencia en Riego y Agroclimatolog\u00eda (CITRA).\u00a0<\/a><br \/><br \/><\/div><div><b>RADIO NUEVO MUNDO<\/b>\u00a0<br \/><a href=\"https:\/\/radionuevomundo.cl\/2025\/01\/10\/ola-de-calor-se-espera-primer-peak-de-temperaturas-extremas-de-2025\/\">Ola de calor: Se espera primer peak de temperaturas extremas de 2025. Se refiere Patricio Gonz\u00e1lez Colville, agroclimat\u00f3logo y acad\u00e9mico del Centro de Investigaci\u00f3n y Transferencia en Riego y Agroclimatolog\u00eda (CITRA).\u00a0<\/a><br \/><br \/><\/div><div><b>AD PRENSA <\/b>\u00a0<br \/><a href=\"https:\/\/www.adprensa.cl\/cronica\/ola-de-calor-se-espera-primer-peak-de-temperaturas-extremas-de-2025\/\">Ola de calor: Se espera primer peak de temperaturas extremas de 2025. Se refiere Patricio Gonz\u00e1lez Colville, agroclimat\u00f3logo y acad\u00e9mico del Centro de Investigaci\u00f3n y Transferencia en Riego y Agroclimatolog\u00eda (CITRA).\u00a0<\/a><br \/><br \/><\/div><div><b>ELREWORK<\/b>\u00a0<br \/><a href=\"https:\/\/elrework.com\/actualidad\/nacional\/2025\/01\/10\/ola-de-calor-extrema-amenaza-el-centro-sur-de-chile-con-temperaturas-record\/\">Ola de calor extrema amenaza el centro-sur de Chile con temperaturas r\u00e9cord. Se refiere Patricio Gonz\u00e1lez Colville, agroclimat\u00f3logo y acad\u00e9mico del Centro de Investigaci\u00f3n y Transferencia en Riego y Agroclimatolog\u00eda (CITRA).\u00a0<\/a><br \/><br \/><\/div><div><b>REVISTA ECOCIENCIAS<\/b>\u00a0<br \/><a href=\"https:\/\/revistaecociencias.cl\/2025\/01\/10\/primera-ola-de-calor-del-ano-en-la-zona-central-de-chile-y-sus-implicancias-en-la-agricultura-y-la-salud-publica\/\">Primera ola de calor del a\u00f1o en la zona central de Chile y sus implicancias en la agricultura y la salud p\u00fablica. Se refiere Patricio Gonz\u00e1lez Colville, agroclimat\u00f3logo y acad\u00e9mico del Centro de Investigaci\u00f3n y Transferencia en Riego y Agroclimatolog\u00eda (CITRA).\u00a0<\/a><br \/><br \/><\/div><div><b>RADIO ANCOA<\/b>\u00a0<br \/><a href=\"https:\/\/www.radioancoa.cl\/categoria\/regional\/alerta-ola-calor-chile-temperaturas-alcanzaran-grados\">Alerta por ola de calor en Chile: Temperaturas alcanzar\u00e1n los 40 grados. Se refiere Patricio Gonz\u00e1lez Colville, agroclimat\u00f3logo y acad\u00e9mico del Centro de Investigaci\u00f3n y Transferencia en Riego y Agroclimatolog\u00eda (CITRA).\u00a0<\/a><br \/><br \/><\/div><div><b>G5 NOTICIAS<\/b>\u00a0<br \/><a href=\"https:\/\/g5noticias.cl\/2025\/01\/10\/ola-de-calor-se-espera-primer-peak-de-temperaturas-extremas-de-2025\/\">Ola de calor: Se espera primer peak de temperaturas extremas de 2025. Se refiere Patricio Gonz\u00e1lez Colville, agroclimat\u00f3logo y acad\u00e9mico del Centro de Investigaci\u00f3n y Transferencia en Riego y Agroclimatolog\u00eda (CITRA).\u00a0<\/a><\/div><div>\u00a0<\/div><div><b>RADIO BIOB\u00cdO<\/b>\u00a0<br \/><a href=\"https:\/\/www.litoralpress.cl\/sitio\/RadioTV_Detalles.cshtml?LPKey=FFHQ4LPWB7P7HFDHHTKCEI3EOMOWAFTJ2W4RLSPNTXTNOA5AL3JFOAJ66RQ6NFFTAZFG7MTT45QVI\">Alerta roja por altas temperaturas. Se refiere Patricio Gonz\u00e1lez Colville, agroclimat\u00f3logo y acad\u00e9mico del Centro de Investigaci\u00f3n y Transferencia en Riego y Agroclimatolog\u00eda (CITRA).\u00a0<\/a><\/div><div><b>\u00a0<\/b><\/div><div class=\"x_elementToProof\"><b>DIARIO LA PRENSA <\/b>\u00a0<br \/><a href=\"https:\/\/new.diariolaprensa.cl\/index.php\/2025\/01\/11\/region-del-maule-en-riesgo-extremo-por-eventual-ocurrencia-de-incendios-forestales\/\">Regi\u00f3n del Maule en riesgo extremo por eventual ocurrencia de incendios forestales. Se refiere Patricio Gonz\u00e1lez Colville, agroclimat\u00f3logo y acad\u00e9mico del Centro de Investigaci\u00f3n y Transferencia en Riego y Agroclimatolog\u00eda (CITRA).\u00a0<\/a><\/div><div>\u00a0<\/div><div><b>EL RESUMEN.CL<\/b>\u00a0<br \/><a href=\"https:\/\/www.elresumen.cl\/8852-utalca-ofrece-una-amplia-oferta-de-becas-para-sus-programas-de-postgrado\">UTalca ofrece una amplia oferta de becas para sus programas de postgrado. Se refiere Sergio Wehinger, director de Postgrado.\u00a0<\/a><br \/><br \/><\/div><div><b>G5 NOTICIAS\u00a0<br \/><\/b><a href=\"https:\/\/g5noticias.cl\/2025\/01\/12\/utalca-ofrece-una-amplia-oferta-de-becas-para-sus-programas-de-postgrado\/\">UTalca ofrece una amplia oferta de becas para sus programas de postgrado. Se refiere Sergio Wehinger, director de Postgrado.\u00a0<\/a><b><br \/><\/b><\/div><div><b>PUBLIMICRO<\/b>\u00a0<br \/><a href=\"https:\/\/www.litoralpress.cl\/sitio\/RadioTV_Detalles.cshtml?LPKey=QRKTA4WNOSTSVOTIRTK2Z2EOXHNURXYLZIZ2ZDWKLXPIPBUCCWITLEYBZY5MXFVDYGJ6IIQKK3NES\">Estudio liderado por la Universidad de Talca, permiti\u00f3 mejorar atenci\u00f3n de pacientes con s\u00edntomas de depresi\u00f3n. Se refiere Ver\u00f3nica Vitriol, acad\u00e9mica de la Facultad de Medicina.\u202f \u00a0<\/a><\/div><div class=\"x_elementToProof\"><b>\u00a0<\/b><\/div><div><b>RADIO ADN\u00a0<br \/><\/b><a href=\"https:\/\/www.litoralpress.cl\/sitio\/RadioTV_Detalles.cshtml?LPKey=LPMQOUCJJHGYEOUYCE4GDWXAAWZZSARM62LWYXRTR5ZKQS2NKIPKT65PJODXLVDYFLASWA4HQZE3I\">An\u00e1lisis de declaraciones del expresidente Eduardo Frei Ruiz-Tagle sobre las proyecciones de crecimiento econ\u00f3mico del pa\u00eds. Se refiere Mario Herrera Mu\u00f1oz, acad\u00e9mico del Centro de An\u00e1lisis Pol\u00edtico (CAP)<\/a><b>.\u00a0<\/b><\/div><div>\u00a0<\/div><div><b>RADIO UNIVERSIDAD DE CHILE<\/b>\u00a0<br \/><a href=\"https:\/\/www.litoralpress.cl\/sitio\/RadioTV_Detalles.cshtml?LPKey=QRKTA4WNOSTSVOTIRTK2Z2EOXHNURXYLZIZ2ZDWKLXPIPBUCCWITLEYBZY5MXFVDYGJ6IIQKK3NES\">Participaci\u00f3n de Mario Herrera, acad\u00e9mico del Centro de An\u00e1lisis Pol\u00edtico (CAP).\u00a0<\/a><\/div><div><b><br \/>RADIO\u00a0GUAYAC\u00c1N<\/b><\/div><div><a href=\"https:\/\/www.litoralpress.cl\/sitio\/RadioTV_Detalles.cshtml?LPKey=6HBUEQ7VZ7RBV3SRPNKVAEI5IHPYG47IMTNF6QAMH62DMG5IS4PI3FDDE3IBM2WKMMWPWOGNA27XA\">Crisis pol\u00edtica en Venezuela. Entrevista a Alejandra M\u00e1rquez, acad\u00e9mica de la Facultad de Ciencias Jur\u00eddicas y Sociales.\u00a0<\/a><\/div><div>\u00a0<\/div><div><b>AD PRENSA\u00a0<br \/><\/b><a href=\"https:\/\/www.adprensa.cl\/cronica\/utalca-presenta-nuevas-exposiciones-para-visitar-durante-el-verano\/\">UTalca presenta nuevas exposiciones para visitar durante el verano. Se menciona la Universidad de Talca.\u00a0<\/a><\/div><div>\u00a0<\/div><div><b>PUBLIMICRO<\/b>\u00a0<br \/><a href=\"https:\/\/publimicro.cl\/universidad-de-talca-presenta-nuevas-exposiciones-para-visitar-durante-este-verano-en-sus-tres-sedes-del-maule-y-santiago\/\">Universidad de Talca presenta nuevas exposiciones para visitar durante este verano, en sus tres sedes del Maule y Santiago. Se refiere Marcela Albornoz, directora de Extensi\u00f3n Cultural-Art\u00edstica.\u00a0<\/a><br \/><br \/><\/div><div><b>MEDIABANCO<\/b>\u00a0<br \/><a href=\"https:\/\/www.mediabanco.com\/utalca-presenta-nuevas-exposiciones-para-visitar-durante-el-verano\/\">UTalca presenta nuevas exposiciones para visitar durante el verano. Se refiere Marcela Albornoz, directora de Extensi\u00f3n Cultural-Art\u00edstica. \u00a0<\/a><br \/><br \/><\/div><div><b>CHILL\u00c1N ONLINE<\/b>\u00a0<br \/><a href=\"https:\/\/www.chillanonline.cl\/V7\/2025\/01\/11\/utalca-presenta-nuevas-exposiciones-para-visitar-durante-el-verano\/\">UTalca presenta nuevas exposiciones para visitar durante el verano. Se refiere Marcela Albornoz, directora de Extensi\u00f3n Cultural-Art\u00edstica. \u00a0<\/a><\/div><div>\u00a0<\/div><div><b>LA PRENSA DE CURIC\u00d3<\/b>\u00a0<br \/><a href=\"https:\/\/www.litoralpress.cl\/paginaconsultas\/Servicios_NClipSitio\/Get_Imagen_Nota.aspx?LPKey=T2CLPXYNZBBWRBCCK6VF3USB446VCQ2YJ7ICXNGNNFBV2O4FHPSSPSXFRA77RFRWHPOLXDYUL6W7W\">Panoramas. Se menciona la Universidad de Talca.\u00a0<\/a><\/div><div class=\"x_elementToProof\"><b>\u00a0<\/b><\/div><div><b>CONSORCIOS DE UNIVERSIDADES DEL ESTADO DE CHILE<\/b>\u00a0<br \/><a href=\"https:\/\/noticias.uestatales.cl\/concurso-fondecyt-postdoctorado-2025-uestatales-se-adjudican-88-fondos\">Concurso Fondecyt Postdoctorado 2025: #Uestatales se adjudican 88 fondos. Se menciona la Universidad de Talca.\u00a0<\/a><br \/><br \/><\/div><div><b>CIPER CHILE<\/b>\u00a0<br \/><a href=\"https:\/\/www.ciperchile.cl\/2025\/01\/10\/nueva-politica-del-minsal-pretende-normar-al-menos-25-terapias-complementarias-reconocidas-por-ese-ministerio-que-no-estan-reguladas\/\">Nueva pol\u00edtica del Minsal pretende normar al menos 25 terapias complementarias reconocidas por ese ministerio que no est\u00e1n reguladas. Se menciona la Universidad de Talca.\u00a0<\/a><br \/><br \/><\/div><div><b>EL LONGUINO<\/b>\u00a0<br \/><a href=\"https:\/\/www.litoralpress.cl\/paginaconsultas\/Servicios_NClipSitio\/Get_Imagen_Nota.aspx?LPKey=W4JFEYSM3C6TQLQZHX7LYNHAET2WPKNMSEWGW5EJE2MRHTFFEB6XEXUDNMUQXE4EDO7CAA2YCNSO4\">Reconocen trayectoria y los buenos resultados de los estudiantes de la regi\u00f3n. Se menciona la Universidad de Talca.\u00a0<\/a><br \/><br \/><\/div><div><b>EL LONGINO<\/b>\u00a0<br \/><a href=\"https:\/\/diariolongino.cl\/reconocen-trayectoria-y-los-buenos-resultados-de-los-estudiantes-de-la-region\/\">Reconocen trayectoria y los buenos resultados de los estudiantes de la regi\u00f3n. Se menciona la Universidad de Talca.\u00a0<\/a><br \/><br \/><\/div><div><b>RADIO CAMILA TV<\/b>\u00a0<br \/><a href=\"https:\/\/www.radiocamilatv.cl\/portal\/views\/noticia.php?codNoticia=MTY2NDI=\">Ley Karin: Casi 10 mil denuncias en sus primeros 150 d\u00edas. Se menciona la Universidad de Talca.\u00a0<\/a><\/div><div class=\"x_elementToProof\">\u00a0<\/div><div><b>RADIO POLAR<\/b>\u00a0<br \/><a href=\"https:\/\/www.radiopolar.com\/ley-karin-mil-denuncias\">Ley Karin: Casi 10 mil denuncias en sus primeros 150 d\u00edas. Se menciona la Universidad de Talca.\u00a0<\/a><br \/><br \/><\/div><div><b>LA MEGA<\/b>\u00a0<br \/><a href=\"https:\/\/www.lamega.cl\/ley-karin-casi-10-mil-denuncias-en-sus-primeros-150-dias\/\">Ley Karin: Casi 10 mil denuncias en sus primeros 150 d\u00edas. Se menciona la Universidad de Talca.\u00a0<\/a><br \/><br \/><\/div><div><b>RADIO COOPERATIVA<\/b>\u00a0<br \/><a href=\"https:\/\/www.cooperativa.cl\/noticias\/pais\/trabajo\/denuncias\/ley-karin-casi-10-mil-denuncias-en-sus-primeros-150-dias\/2025-01-10\/145903.html\">Ley Karin: Casi 10 mil denuncias en sus primeros 150 d\u00edas. Se menciona la Universidad de Talca.\u00a0<\/a><\/div><div class=\"x_elementToProof\">\u00a0<\/div><div class=\"x_elementToProof\">\u00a0<\/div>\t\t\t\t\t\t<\/div>\n\t\t\t\t<\/div>\n\t\t\t\t\t<\/div>\n\t\t<\/div>\n\t\t\t\t\t\t\t<\/div>\n\t\t<\/section>\n\t\t\t\t\t\t<\/div>\n\t\t\t\t\t<\/div>\n\t\t","protected":false},"excerpt":{"rendered":"<p>CANAL CNN\u00a0CHILELa importancia de la detecci\u00f3n temprana de la disfagia. Entrevista a Orietta San Mart\u00edn Rubilar, acad\u00e9mica de la Escuela de Fonoaudiolog\u00eda.\u202fEL MOSTRADOREstudio permiti\u00f3 mejorar atenci\u00f3n de pacientes con s\u00edntomas de depresi\u00f3n. Se refiere Ver\u00f3nica Vitriol, acad\u00e9mica de la Facultad de Medicina.\u00a0COOPERATIVA CIENCIA\u00a0Docentes y universitarios chilenos desarrollan videojuego para aprender matem\u00e1ticas. Se refiere C\u00e9sar Retamal, &hellip;<\/p>\n<p class=\"read-more\"> <a class=\"\" href=\"https:\/\/www.reportedeprensa.utalca.cl\/?p=11318\"> <span class=\"screen-reader-text\">13 de enero 2025<\/span> Read More &raquo;<\/a><\/p>\n","protected":false},"author":1,"featured_media":0,"comment_status":"closed","ping_status":"open","sticky":false,"template":"","format":"standard","meta":{"_monsterinsights_skip_tracking":false,"_monsterinsights_sitenote_active":false,"_monsterinsights_sitenote_note":"","_monsterinsights_sitenote_category":0},"categories":[56],"tags":[],"_links":{"self":[{"href":"https:\/\/www.reportedeprensa.utalca.cl\/index.php?rest_route=\/wp\/v2\/posts\/11318"}],"collection":[{"href":"https:\/\/www.reportedeprensa.utalca.cl\/index.php?rest_route=\/wp\/v2\/posts"}],"about":[{"href":"https:\/\/www.reportedeprensa.utalca.cl\/index.php?rest_route=\/wp\/v2\/types\/post"}],"author":[{"embeddable":true,"href":"https:\/\/www.reportedeprensa.utalca.cl\/index.php?rest_route=\/wp\/v2\/users\/1"}],"replies":[{"embeddable":true,"href":"https:\/\/www.reportedeprensa.utalca.cl\/index.php?rest_route=%2Fwp%2Fv2%2Fcomments&post=11318"}],"version-history":[{"count":4,"href":"https:\/\/www.reportedeprensa.utalca.cl\/index.php?rest_route=\/wp\/v2\/posts\/11318\/revisions"}],"predecessor-version":[{"id":11323,"href":"https:\/\/www.reportedeprensa.utalca.cl\/index.php?rest_route=\/wp\/v2\/posts\/11318\/revisions\/11323"}],"wp:attachment":[{"href":"https:\/\/www.reportedeprensa.utalca.cl\/index.php?rest_route=%2Fwp%2Fv2%2Fmedia&parent=11318"}],"wp:term":[{"taxonomy":"category","embeddable":true,"href":"https:\/\/www.reportedeprensa.utalca.cl\/index.php?rest_route=%2Fwp%2Fv2%2Fcategories&post=11318"},{"taxonomy":"post_tag","embeddable":true,"href":"https:\/\/www.reportedeprensa.utalca.cl\/index.php?rest_route=%2Fwp%2Fv2%2Ftags&post=11318"}],"curies":[{"name":"wp","href":"https:\/\/api.w.org\/{rel}","templated":true}]}}