{"id":11341,"date":"2025-01-15T10:22:49","date_gmt":"2025-01-15T13:22:49","guid":{"rendered":"https:\/\/www.reportedeprensa.utalca.cl\/?p=11341"},"modified":"2025-01-15T13:09:56","modified_gmt":"2025-01-15T16:09:56","slug":"15-de-enero-2025","status":"publish","type":"post","link":"https:\/\/www.reportedeprensa.utalca.cl\/?p=11341","title":{"rendered":"15 de enero 2025"},"content":{"rendered":"\t\t<div data-elementor-type=\"wp-post\" data-elementor-id=\"11341\" class=\"elementor elementor-11341\" data-elementor-settings=\"[]\">\n\t\t\t\t\t\t\t<div class=\"elementor-section-wrap\">\n\t\t\t\t\t\t\t<section class=\"elementor-section elementor-top-section elementor-element elementor-element-bcea1a8 elementor-section-boxed elementor-section-height-default elementor-section-height-default\" data-id=\"bcea1a8\" data-element_type=\"section\">\n\t\t\t\t\t\t<div class=\"elementor-container elementor-column-gap-default\">\n\t\t\t\t\t<div class=\"elementor-column elementor-col-100 elementor-top-column elementor-element elementor-element-e7183bf\" data-id=\"e7183bf\" data-element_type=\"column\">\n\t\t\t<div class=\"elementor-widget-wrap elementor-element-populated\">\n\t\t\t\t\t\t\t\t<div class=\"elementor-element elementor-element-0a64d3b elementor-widget elementor-widget-text-editor\" data-id=\"0a64d3b\" data-element_type=\"widget\" data-widget_type=\"text-editor.default\">\n\t\t\t\t<div class=\"elementor-widget-container\">\n\t\t\t\t\t\t\t\t<div><b data-olk-copy-source=\"MessageBody\">LA TERCERA ONLINE\u00a0<\/b><\/div><div><a href=\"https:\/\/www.latercera.com\/que-pasa\/noticia\/el-impacto-del-sol-en-el-estado-de-animo-es-real-el-efecto-verano\/X3MHCD6N6JDURGJGH5BGOVLGOU\/\">El impacto del sol en el estado de \u00e1nimo: \u00bfes real el \u201cefecto verano\u201d? Se refiere Carla Mendoza N\u00fa\u00f1ez, coordinadora de la Unidad Cl\u00ednica del Centro de Psicolog\u00eda Aplicada (CEPA).\u00a0<\/a><b><br \/><\/b><\/div><div>\u00a0<\/div><div><b>INOTICIAS.CL<\/b>\u00a0<br \/><a href=\"https:\/\/www.inoticias.cl\/index.php\/el-impacto-del-sol-en-el-estado-de-animo--es-real-\">El impacto del sol en el estado de \u00e1nimo: \u00bfes real el \u201cefecto verano\u201d? Se refiere Carla Mendoza N\u00fa\u00f1ez, coordinadora de la Unidad Cl\u00ednica del Centro de Psicolog\u00eda Aplicada (CEPA).\u00a0<\/a><\/div><div>\u00a0<\/div><div><b>EL MERCURIO\u00a0<br \/><\/b><a href=\"https:\/\/www.litoralpress.cl\/paginaconsultas\/Servicios_NClipSitio\/Get_Imagen_Nota.aspx?LPKey=I5JTTWNPYECRA2SLXHNLC4VEEXBJ6EGOQGHPP4GHTKV7NVTQ4CSQLEHB25FJK2LVXBVGVDTVNDNVK\">Los videojuegos entretienen, pero tambi\u00e9n ense\u00f1an habilidades clave a escolares. Se refiere C\u00e9sar Retamal, jefe de la Unidad de Divulgaci\u00f3n de la Direcci\u00f3n General de Vinculaci\u00f3n con el Medio. \u00a0<\/a><\/div><div><b>\u00a0<\/b><\/div><div><b>CANAL CNN CHILE\u00a0<br \/><\/b><a href=\"https:\/\/www.litoralpress.cl\/sitio\/RadioTV_Detalles.cshtml?LPKey=AGF7HQAMAH7HJQNNTAZGBFIKED7VCODWDTSQZMNDBFA67XTUF2CAAAXM33VGIMTSRS57CBKU25Y4U\">An\u00e1lisis de la disfagia. Entrevista a Orietta San Mart\u00edn Rubilar , acad\u00e9mica de la Escuela de Fonoaudiolog\u00eda.\u00a0<\/a><\/div><div><b>\u00a0<\/b><\/div><div><b>RADIO PAUTA\u00a0<br \/><\/b><a href=\"https:\/\/www.litoralpress.cl\/sitio\/RadioTV_Detalles.cshtml?LPKey=EHOWDKQPYCGPPJDYPMSBANUSDDBR6YIF3IFC22IC6U3F2WY77XPSHFM5G2EE5VIOJRWXTGMQN6O44\">Graves incendios forestales en California. Se menciona Patricio Gonz\u00e1lez Colville, agroclimat\u00f3logo y acad\u00e9mico del Centro de Investigaci\u00f3n y Transferencia en Riego y Agroclimatolog\u00eda (CITRA).\u00a0<\/a><b><br \/><\/b><\/div><div><b>\u00a0<\/b><\/div><div><b>EL MOSTRADOR\u00a0<br \/><\/b><a href=\"https:\/\/www.elmostrador.cl\/noticias\/opinion\/columnas\/2025\/01\/14\/cuantas-veces-puede-entrar-o-salir-un-imputado-de-prision-preventiva\/\">\u00bfCu\u00e1ntas veces puede entrar o salir un imputado de prisi\u00f3n preventiva? Se refiere Diego Palomo V\u00e9lez, acad\u00e9mico de la Facultad de Ciencias Jur\u00eddicas y sociales.\u00a0<\/a><b><br \/><\/b><b><u><a id=\"OWA368990b2-c07a-c992-86a9-e838ffcf6b89\" class=\"x_x_Hyperlink x_x_SCXW49385431 x_x_BCX0 x_x_OWAAutoLink\" title=\"https:\/\/www.elmostrador.cl\/noticias\/opinion\/columnas\/2025\/01\/14\/cuantas-veces-puede-entrar-o-salir-un-imputado-de-prision-preventiva\/\" href=\"https:\/\/www.elmostrador.cl\/noticias\/opinion\/columnas\/2025\/01\/14\/cuantas-veces-puede-entrar-o-salir-un-imputado-de-prision-preventiva\/\" target=\"_blank\" rel=\"noopener noreferrer\" data-auth=\"NotApplicable\" data-linkindex=\"5\"><\/a><\/u><\/b><b><\/b><\/div><div>\u00a0<\/div><div><b>G5 NOTICIA\u00a0<br \/><\/b><a href=\"https:\/\/g5noticias.cl\/2025\/01\/14\/inauguran-equipamiento-para-fortalecer-tratamientos-de-salud-mental-en-el-hospital-de-curico\/\">Inauguran equipamiento para fortalecer tratamientos de salud mental en el Hospital de Curic\u00f3. Se refiere Carlos Torres Fuchslocher, rector y Ernesto Sol\u00eds, director de la Escuela de Medicina.\u00a0<\/a><b><br \/><\/b><\/div><div>\u00a0<\/div><div><b>MEDIABANCO<\/b>\u00a0<br \/><a href=\"https:\/\/www.mediabanco.com\/inauguran-equipamiento-para-fortalecer-tratamientos-de-salud-mental-en-el-hospital-de-curico\/\">Inauguran equipamiento para fortalecer tratamientos de salud mental en el Hospital de Curic\u00f3. Se refiere Carlos Torres Fuchslocher, rector y Ernesto Sol\u00eds, director de la Escuela de Medicina.\u00a0<\/a><\/div><div><b>\u00a0<\/b><\/div><div><b>PUBLIMICRO<\/b>\u00a0<br \/><a href=\"https:\/\/publimicro.cl\/profesores-de-ciencias-adquieren-herramientas-para-aplicar-ingles-en-el-aula-iniciativa-internacional-en-la-que-colabora-la-universidad-de-talca\/\">Profesores de ciencias adquieren herramientas para aplicar ingl\u00e9s en el aula, iniciativa internacional en la que colabora la Universidad de Talca. Se refiere Mauricio V\u00e9liz, decano de la Facultad de Ciencias de la Educaci\u00f3n y Carla Bustos, secretaria acad\u00e9mica de la mencionada facultad.\u202f\u00a0<\/a><br \/><br \/><\/div><div><b>PORTAL EDUCA\u00a0<br \/><\/b><a href=\"https:\/\/portaleduca.cl\/profesores-de-ciencias-adquieren-herramientas-para-aplicar-ingles-en-el-aula\/\">Profesores de ciencias adquieren herramientas para aplicar ingl\u00e9s en el aula. Se refiere Mauricio V\u00e9liz, decano de la Facultad de Ciencias de la Educaci\u00f3n y Carla Bustos, secretaria acad\u00e9mica de la mencionada facultad.\u202f\u00a0<\/a><b><br \/><\/b><\/div><div>\u00a0<\/div><div><b>EL LECTOR<\/b>\u00a0<br \/><a href=\"https:\/\/www.litoralpress.cl\/paginaconsultas\/Servicios_NClipSitio\/Get_Imagen_Nota.aspx?LPKey=6GWX3UTA7EMQKM3VHCCL5DUTJDC6XMP2USSUPAVNWSGMYRASEMMNNO3S46KDTP7IFURAKER233HNY\">Profesores de ciencias adquieren herramientas para aplicar ingl\u00e9s en el aula. Se refiere Mauricio V\u00e9liz, decano de la Facultad de Ciencias de la Educaci\u00f3n y Carla Bustos, secretaria acad\u00e9mica de la mencionada facultad.\u202f\u00a0<\/a><br \/><br \/><\/div><div><b>RADIO ALLEN<\/b>\u00a0<br \/><a href=\"https:\/\/radioallen.cl\/perfeccionamiento-profesores-de-ciencias-adquieren-herramientas-para-aplicar-ingles-en-el-aula\/\">Perfeccionamiento: Profesores de ciencias adquieren herramientas para aplicar ingl\u00e9s en el aula. Se refiere Mauricio V\u00e9liz, decano de la Facultad de Ciencias de la Educaci\u00f3n y Carla Bustos, secretaria acad\u00e9mica de la mencionada facultad.\u202f\u00a0<\/a><\/div><div><b>\u00a0<\/b><\/div><div><b>PORTAL EDUCA\u00a0<br \/><\/b><a href=\"https:\/\/portaleduca.cl\/analizan-situacion-financiera-de-las-universidades-chilenas\/\">Analizan situaci\u00f3n financiera de las universidades chilenas. Se refiere Carlos Torres Fuchslocher, rector.\u00a0<\/a><\/div><div>\u00a0<\/div><div><b>DIARIO EL CENTRO\u00a0<br \/><\/b><a href=\"https:\/\/www.diarioelcentro.cl\/2025\/01\/13\/arte-para-todos-utalca-presento-su-variada-agenda-de-exposiciones-de-verano\/\">Arte para todos: UTalca present\u00f3 su variada agenda de exposiciones de verano. Se menciona la Universidad de Talca. Se refiere Marcela Albornoz Dachelet, directora de Extensi\u00f3n Cultural-Art\u00edstica.\u00a0<\/a><\/div><div>\u00a0<\/div><div><b>TIERRA AMARILLANO<\/b>\u00a0<br \/><a href=\"https:\/\/tierramarillano.cl\/2025\/01\/13\/utalca-presenta-nuevas-exposiciones-para-visitar-durante-el-verano\/\">UTalca presenta nuevas exposiciones para visitar durante el verano. Se refiere Marcela Albornoz Dachelet, directora de Extensi\u00f3n Cultural-Art\u00edstica \u00a0<\/a><br \/><br \/><\/div><div><b>RADIO LAUTARO<\/b>\u00a0<br \/><a href=\"https:\/\/radiolautarotalca.cl\/diversas-exposiciones-efectua-utalca-durante-vacaciones\/\">Diversas exposiciones efect\u00faa UTalca durante vacaciones. Se refiere Marcela Albornoz Dachelet, directora de Extensi\u00f3n Cultural-Art\u00edstica.\u00a0<\/a><br \/>\u00a0<br \/><b>PUNTO LONTU\u00c9<\/b>\u00a0<br \/><a href=\"https:\/\/puntolontue.cl\/?p=15987\">UTalca presenta nuevas exposiciones para visitar durante el verano. Se refiere Marcela Albornoz Dachelet, directora de Extensi\u00f3n Cultural-Art\u00edstica.\u00a0<\/a><br \/><br \/><\/div><div><b>AD PRENSA<\/b>\u00a0<br \/><a href=\"https:\/\/www.adprensa.cl\/uncategorized\/utalca-ofrece-una-amplia-oferta-de-becas-para-sus-programas-de-postgrado\/\">UTalca ofrece una amplia oferta de becas para sus programas de postgrado. Se refiere Sergio Wehinger, director de Postgrado.\u00a0<\/a><br \/><br \/><\/div><div><b>RADIO LAUTARO<\/b>\u00a0<br \/><a href=\"https:\/\/radiolautarotalca.cl\/como-prevenir-enfermedades-relacionadas-con-las-piscinas\/\">\u00bfC\u00f3mo prevenir enfermedades relacionadas con las piscinas? Se refiere Claudia Zenteno C\u00e1ceres, directora del Departamento de Ciencias del Cuidado.\u00a0<\/a><\/div><div><b>\u00a0<\/b><\/div><div><b>DIARIO TALCA\u00a0<br \/><\/b><a href=\"https:\/\/www.litoralpress.cl\/paginaconsultas\/Servicios_NClipSitio\/Get_Imagen_Nota.aspx?LPKey=Q4DR4PTEPLWGI4QHL3GIM45FFN4ORU3BK5D3UTNLYBMQQ57BGTOGN6MZSL7NCCUN2PWPMUFUNO2LE\">C\u00f3mo &#8220;veranear&#8221; en Talca y no morir en el intento. Se refiere Jos\u00e9 Ignacio Marchant, acad\u00e9mico de la Escuela de Terapia Ocupacional.\u00a0<\/a><\/div><div><b>\u00a0<\/b><\/div><div><b>CONSORCIO DE UNIVERSIDADES DEL ESTADO DE CHILE<\/b>\u00a0<br \/><a href=\"https:\/\/noticias.uestatales.cl\/estudiantes-de-diplomado-en-vinculacion-con-el-medio-valoran-aprendizajes-logrados\">Estudiantes de Diplomado en Vinculaci\u00f3n con el Medio valoran aprendizajes logrados. Se refiere Daniella Bass, jefa del Departamento de Aseguramiento de Vinculaci\u00f3n con el Medio.<\/a><\/div><div><b>\u00a0<\/b><\/div><div><b>RADIO INFINITA<\/b>\u00a0<br \/><a href=\"https:\/\/www.litoralpress.cl\/sitio\/RadioTV_Detalles.cshtml?LPKey=XPYLMZQB3CLAMQU4TEOKMLFOQU46JZ6OWJN5Y3ECZ3JWK6ZRYQOMWY6R2IWNYFYGE3U2JO4GGVGKU\">Comentario de pol\u00edtica de Mauricio Morales Quiroga, director del Centro de An\u00e1lisis Pol\u00edtico (CAP-UTalca).\u00a0<\/a><br \/><br \/><\/div><div><b>DIARIO FRUT\u00cdCOLA<\/b>\u00a0<br \/><a href=\"https:\/\/www.diariofruticola.cl\/noticia\/noticias-fruticolas\/2025\/01\/chile-mejoras-geneticas-en-portainjertos-de-manzanos-muestran-buenos-resultados\">Chile: Mejoras gen\u00e9ticas en portainjertos de manzanos muestran buenos resultados. Se refiere Alvaro Sep\u00falveda, investigador del Centro de Pom\u00e1ceas.\u00a0<\/a><\/div><div>\u00a0<\/div><div><b>DIARIO TALCA<\/b>\u00a0<br \/><a href=\"https:\/\/www.litoralpress.cl\/paginaconsultas\/Servicios_NClipSitio\/Get_Imagen_Nota.aspx?LPKey=MWTM46QJX6OJPBPY4O5IXGLODOZ4RYX2AMZWOVF4MKVEM62BP7BXXN6AL33NBCALIXFBBT5SV6W7S\">Jos\u00e9 Agust\u00edn Araya: alma fuerte y destacado pintor del realismo nacional. Se menciona la Universidad de Talca.\u00a0<\/a><br \/><br \/><\/div><div><b>DIARIO TALCA<\/b>\u00a0<br \/><a href=\"https:\/\/www.litoralpress.cl\/paginaconsultas\/Servicios_NClipSitio\/Get_Imagen_Nota.aspx?LPKey=362LIYTLNRJZM65IYDLEJBL3AYJWSNAXLQZYOYRSZGYYHYINCH2L2X4WSASAE2WZFGTQNJO76MRCA\">J\u00f3venes maulinos destacaron en trayectoria y puntajes en la PAES 2024. Se menciona la Universidad de Talca.\u00a0<\/a><br \/><br \/><\/div><div><b>EL LECTOR <\/b>\u00a0<br \/><a href=\"https:\/\/www.litoralpress.cl\/paginaconsultas\/Servicios_NClipSitio\/Get_Imagen_Nota.aspx?LPKey=GPLZBJZRLDV2VWFRV6G4AG64U2U4M5MKEAXRF3GPVVWERKKDMN24KDZ5GMSXYI54KIDUMG5LZIDZK\">Sesiona mesa multisectorial de migraci\u00f3n y extranjer\u00eda. Se menciona la Universidad de Talca.\u00a0<\/a><br \/><br \/><\/div><div><b>LA PRENSA DE CURIC\u00d3<\/b>\u00a0<br \/><a href=\"https:\/\/www.litoralpress.cl\/paginaconsultas\/Servicios_NClipSitio\/Get_Imagen_Nota.aspx?LPKey=RGNMBHEI7P7GLMJCQAPBUTV5HDUSJSC5ZODD3MP772QYMOCKUYQKEVQ6BZ5SALJM6KFS7V65DYJEK\">Sucede. Se menciona la Universidad de Talca.\u00a0<\/a><br \/><br \/><\/div><div><b>DIARIO LA MA\u00d1ANA<\/b>\u00a0<br \/><a href=\"https:\/\/diariolama\u00f1ana.cl\/2025\/01\/14\/sesiona-mesa-multisectorial-de-migracion-y-extranjeria\/\">Sesiona mesa multisectorial de migraci\u00f3n y extranjer\u00eda. Se menciona la Universidad de Talca.\u00a0<\/a><br \/><br \/><\/div><div><b>AM NOTICIAS<\/b>\u00a0<br \/><a href=\"https:\/\/amnoticias.cl\/sesiona-mesa-multisectorial-de-migracion-y-extranjeria\/\">Sesiona mesa multisectorial de migraci\u00f3n y extranjer\u00eda. Se menciona la Universidad de Talca.\u00a0<\/a><br \/><u><a id=\"OWAce199860-90d9-819c-cca5-e9064f712d79\" class=\"x_x_Hyperlink x_x_SCXW49385431 x_x_BCX0 x_x_OWAAutoLink\" title=\"https:\/\/amnoticias.cl\/sesiona-mesa-multisectorial-de-migracion-y-extranjeria\/\" href=\"https:\/\/amnoticias.cl\/sesiona-mesa-multisectorial-de-migracion-y-extranjeria\/\" target=\"_blank\" rel=\"noopener noreferrer\" data-auth=\"NotApplicable\" data-linkindex=\"28\"><\/a><\/u><b><\/b><\/div><div>\u00a0<\/div><div><b>EL MAULE INFORMA<\/b>\u00a0<br \/><a href=\"https:\/\/elmauleinforma.cl\/sesiono-mesa-multisectorial-de-migracion-y-extranjeria\/\">Sesion\u00f3 mesa multisectorial de migraci\u00f3n y extranjer\u00eda. Se menciona la Universidad de Talca.\u00a0<\/a><br \/><br \/><\/div><div><b>RADIO LAUTARO<\/b>\u00a0<br \/><a href=\"https:\/\/radiolautarotalca.cl\/sesiono-mesa-multisectorial-de-migracion-en-el-maule\/\">Sesion\u00f3 mesa multisectorial de migraci\u00f3n en el Maule. Se menciona la Universidad de Talca<\/a><\/div>\t\t\t\t\t\t<\/div>\n\t\t\t\t<\/div>\n\t\t\t\t\t<\/div>\n\t\t<\/div>\n\t\t\t\t\t\t\t<\/div>\n\t\t<\/section>\n\t\t\t\t\t\t<\/div>\n\t\t\t\t\t<\/div>\n\t\t","protected":false},"excerpt":{"rendered":"<p>LA TERCERA ONLINE\u00a0El impacto del sol en el estado de \u00e1nimo: \u00bfes real el \u201cefecto verano\u201d? Se refiere Carla Mendoza N\u00fa\u00f1ez, coordinadora de la Unidad Cl\u00ednica del Centro de Psicolog\u00eda Aplicada (CEPA).\u00a0\u00a0INOTICIAS.CL\u00a0El impacto del sol en el estado de \u00e1nimo: \u00bfes real el \u201cefecto verano\u201d? Se refiere Carla Mendoza N\u00fa\u00f1ez, coordinadora de la Unidad Cl\u00ednica &hellip;<\/p>\n<p class=\"read-more\"> <a class=\"\" href=\"https:\/\/www.reportedeprensa.utalca.cl\/?p=11341\"> <span class=\"screen-reader-text\">15 de enero 2025<\/span> Read More &raquo;<\/a><\/p>\n","protected":false},"author":1,"featured_media":0,"comment_status":"closed","ping_status":"open","sticky":false,"template":"","format":"standard","meta":{"_monsterinsights_skip_tracking":false,"_monsterinsights_sitenote_active":false,"_monsterinsights_sitenote_note":"","_monsterinsights_sitenote_category":0},"categories":[56],"tags":[],"_links":{"self":[{"href":"https:\/\/www.reportedeprensa.utalca.cl\/index.php?rest_route=\/wp\/v2\/posts\/11341"}],"collection":[{"href":"https:\/\/www.reportedeprensa.utalca.cl\/index.php?rest_route=\/wp\/v2\/posts"}],"about":[{"href":"https:\/\/www.reportedeprensa.utalca.cl\/index.php?rest_route=\/wp\/v2\/types\/post"}],"author":[{"embeddable":true,"href":"https:\/\/www.reportedeprensa.utalca.cl\/index.php?rest_route=\/wp\/v2\/users\/1"}],"replies":[{"embeddable":true,"href":"https:\/\/www.reportedeprensa.utalca.cl\/index.php?rest_route=%2Fwp%2Fv2%2Fcomments&post=11341"}],"version-history":[{"count":4,"href":"https:\/\/www.reportedeprensa.utalca.cl\/index.php?rest_route=\/wp\/v2\/posts\/11341\/revisions"}],"predecessor-version":[{"id":11348,"href":"https:\/\/www.reportedeprensa.utalca.cl\/index.php?rest_route=\/wp\/v2\/posts\/11341\/revisions\/11348"}],"wp:attachment":[{"href":"https:\/\/www.reportedeprensa.utalca.cl\/index.php?rest_route=%2Fwp%2Fv2%2Fmedia&parent=11341"}],"wp:term":[{"taxonomy":"category","embeddable":true,"href":"https:\/\/www.reportedeprensa.utalca.cl\/index.php?rest_route=%2Fwp%2Fv2%2Fcategories&post=11341"},{"taxonomy":"post_tag","embeddable":true,"href":"https:\/\/www.reportedeprensa.utalca.cl\/index.php?rest_route=%2Fwp%2Fv2%2Ftags&post=11341"}],"curies":[{"name":"wp","href":"https:\/\/api.w.org\/{rel}","templated":true}]}}