{"id":11349,"date":"2025-01-17T08:44:34","date_gmt":"2025-01-17T11:44:34","guid":{"rendered":"https:\/\/www.reportedeprensa.utalca.cl\/?p=11349"},"modified":"2025-01-17T08:46:45","modified_gmt":"2025-01-17T11:46:45","slug":"16-de-enero-2025","status":"publish","type":"post","link":"https:\/\/www.reportedeprensa.utalca.cl\/?p=11349","title":{"rendered":"16 de enero 2025"},"content":{"rendered":"\t\t<div data-elementor-type=\"wp-post\" data-elementor-id=\"11349\" class=\"elementor elementor-11349\" data-elementor-settings=\"[]\">\n\t\t\t\t\t\t\t<div class=\"elementor-section-wrap\">\n\t\t\t\t\t\t\t<section class=\"elementor-section elementor-top-section elementor-element elementor-element-bcea1a8 elementor-section-boxed elementor-section-height-default elementor-section-height-default\" data-id=\"bcea1a8\" data-element_type=\"section\">\n\t\t\t\t\t\t<div class=\"elementor-container elementor-column-gap-default\">\n\t\t\t\t\t<div class=\"elementor-column elementor-col-100 elementor-top-column elementor-element elementor-element-e7183bf\" data-id=\"e7183bf\" data-element_type=\"column\">\n\t\t\t<div class=\"elementor-widget-wrap elementor-element-populated\">\n\t\t\t\t\t\t\t\t<div class=\"elementor-element elementor-element-0a64d3b elementor-widget elementor-widget-text-editor\" data-id=\"0a64d3b\" data-element_type=\"widget\" data-widget_type=\"text-editor.default\">\n\t\t\t\t<div class=\"elementor-widget-container\">\n\t\t\t\t\t\t\t\t<div><b data-olk-copy-source=\"MessageBody\">CNN CHILE<\/b>\u00a0<br \/><a href=\"https:\/\/www.cnnchile.com\/lodijeronencnn\/problemas-tragar-fonoaudiologa-explica-que-consiste-disfagia-como-detectarla_20250115\/\">\u00bfProblemas para tragar? Fonoaudi\u00f3loga explica en qu\u00e9 consiste la disfagia y c\u00f3mo detectarla. Se refiere Orietta San Mart\u00edn Rubilar, acad\u00e9mica de la Escuela de Fonoaudiolog\u00eda.\u202f\u00a0<\/a><br \/><br \/><\/div><div><b>EL LECTOR<\/b>\u00a0<br \/><a href=\"https:\/\/www.litoralpress.cl\/sitio\/Prensa_Detalles.cshtml?LPKey=FL6VMRR5ELEGFFBYBT5ORBUTVURHDM3TN2KC24BPD5HH2OO4L2NQ\">Inauguran equipamiento para fortalecer tratamientos de salud mental en el Hospital de Curic\u00f3. Se refiere Carlos Torres Fuchslocher, rector. \u00a0<\/a><br \/><br \/><\/div><div><b>RADIO ALLEN<\/b>\u00a0<br \/><a href=\"https:\/\/radioallen.cl\/maule-inauguran-equipamiento-para-fortalecer-tratamientos-de-salud-mental-en-el-hospital-de-curico\/\">Maule: Inauguran equipamiento para fortalecer tratamientos de salud mental en el Hospital de Curic\u00f3. Se refiere Carlos Torres Fuchslocher, rector y Ernesto Sol\u00eds, director de la Escuela de Medicina. \u00a0<\/a><br \/><br \/><\/div><div><b>RADIO LAUTARO<\/b>\u00a0<br \/><a href=\"https:\/\/radiolautarotalca.cl\/hospital-de-curico-cuenta-con-nuevo-equipamiento-para-la-salud-mental\/\">Hospital de Curic\u00f3 cuenta con nuevo equipamiento para la salud mental. Se refiere Carlos Torres Fuchslocher, rector y Ernesto Sol\u00eds, director de la Escuela de Medicina.\u00a0<\/a><br \/><br \/><\/div><div><b>CANAL 2 LINARES<\/b>\u00a0<br \/><a href=\"https:\/\/www.canal2linares.cl\/2025\/01\/inauguran-equipamiento-para-fortalecer.html\">Inauguran equipamiento para fortalecer tratamientos de salud mental en el Hospital de Curic\u00f3. Se refiere Carlos Torres Fuchslocher, rector y Ernesto Sol\u00eds, director de la Escuela de Medicina.\u00a0<\/a><br \/><br \/><\/div><div><b>PORTAL PRENSA SALUD<\/b>\u00a0<br \/><a href=\"https:\/\/portalprensasalud.cl\/2025\/01\/15\/inauguran-equipamiento-para-fortalecer-tratamientos-de-salud-mental-en-el-hospital-de-curico\/\">Inauguran equipamiento para fortalecer tratamientos de salud mental en el Hospital de Curic\u00f3. Se refiere Carlos Torres Fuchslocher, rector y Ernesto Sol\u00eds, director de la Escuela de Medicina.\u00a0<\/a><br \/><br \/><\/div><div><b>EL TIP\u00d3GRAFO<\/b>\u00a0<br \/><a href=\"https:\/\/eltipografo.cl\/2025\/01\/preocupacion-por-alta-prevalencia-de-depresion-en-chile\">Preocupa alta prevalencia de depresi\u00f3n en Chile. Se refiere Gustavo Dom\u00ednguez Araya, acad\u00e9mico de la Escuela de Enfermer\u00eda.\u00a0<\/a><br \/><br \/><\/div><div><b>S\u00c9PTIMA REGI\u00d3N NOTICIAS<\/b>\u00a0<br \/><a href=\"https:\/\/www.septimapaginanoticias.cl\/preocupa-alta-prevalencia-de-depresion-en-chile\">Preocupa alta prevalencia de depresi\u00f3n en Chile. Se refiere Gustavo Dom\u00ednguez Araya, acad\u00e9mico de la Escuela de Enfermer\u00eda.\u00a0<\/a><br \/><br \/><\/div><div><b>RADIO MAGALLANES<\/b>\u00a0<br \/><a href=\"https:\/\/radiomagallanes.cl\/noticia.php?id_not=113237\">Preocupa alta prevalencia de depresi\u00f3n en Chile. Se refiere Gustavo Dom\u00ednguez Araya, acad\u00e9mico de la Escuela de Enfermer\u00eda.\u00a0<\/a><br \/><br \/><\/div><div><b>MEDIABANCO<\/b>\u00a0<br \/><a href=\"https:\/\/www.mediabanco.com\/preocupa-alta-prevalencia-de-depresion-en-chile\/\">Preocupa alta prevalencia de depresi\u00f3n en Chile. Se refiere Gustavo Dom\u00ednguez Araya, acad\u00e9mico de la Escuela de Enfermer\u00eda.\u00a0<\/a><br \/><br \/><\/div><div><b>EL MAULE INFORMA<\/b>\u00a0<br \/><a href=\"https:\/\/elmauleinforma.cl\/preocupa-alta-prevalencia-de-depresion-en-chile\/\">Preocupa alta prevalencia de depresi\u00f3n en Chile. Se refiere Gustavo Dom\u00ednguez Araya, acad\u00e9mico de la Escuela de Enfermer\u00eda.\u00a0<\/a><br \/><br \/><\/div><div><b>DIARIO EL HERALDO<\/b>\u00a0<br \/><a href=\"https:\/\/www.diarioelheraldo.cl\/noticia\/preocupa-alta-prevalencia-de-depresion-en-chile\">Preocupa alta prevalencia de depresi\u00f3n en Chile. Se refiere Gustavo Dom\u00ednguez Araya, acad\u00e9mico de la Escuela de Enfermer\u00eda.\u00a0<\/a><br \/><br \/><\/div><div><b>RADIO INFINITA<\/b>\u00a0<br \/><a href=\"https:\/\/www.litoralpress.cl\/sitio\/RadioTV_Detalles.cshtml?LPKey=ZMGY4R47VQGGW6ZHDALQ57K32MFY6FYPO6GSQY5EDMGB7EZ54IPMZIEBVY4YDTAFAL7J7GGKH45TO\">Comentario de pol\u00edtica de Mauricio Morales Quiroga, director del Centro de An\u00e1lisis Pol\u00edtico (CAP-UTalca).\u00a0<\/a><br \/><br \/><\/div><div><b>RADIO LAUTARO<\/b>\u00a0<br \/><a href=\"https:\/\/radiolautarotalca.cl\/sindrome-del-tunel-carpiano-se-ha-visto-incrementado-por-el-constante-uso-del-computador-o-telefono-celular\/\">S\u00edndrome del T\u00fanel Carpiano: se ha visto incrementado por el constante uso del computador o tel\u00e9fono celular. Se refiere Sibila Floriano Landim, acad\u00e9mica de la Escuela de Terapia Ocupacional.\u00a0<\/a><br \/>\u00a0<\/div><div><b>PORTAL DE CAMPO<\/b>\u00a0<br \/><a href=\"https:\/\/portaldelcampo.cl\/Noticias\/97482_Mejoras-gen%C3%A9ticas-en-portainjertos-de-manzanos-muestran-buenos-resultados-en-campos-chilenos.html\">Mejoras gen\u00e9ticas en portainjertos de manzanos muestran buenos resultados en campos chilenos. Se refiere \u00c1lvaro Sep\u00falveda, investigador del Centro de Pom\u00e1ceas.<\/a> \u00a0<\/div><div><b>LA PRENSA DE CURIC\u00d3<\/b>\u00a0<br \/><a href=\"https:\/\/www.litoralpress.cl\/paginaconsultas\/Servicios_NClipSitio\/Get_Imagen_Nota.aspx?LPKey=UU3LJLJC72XERXRTEXTBEFGDHW6AO2WMTJUCEQXBYYL2GNWMTQIN5VEPVNPUUDYJLMW3Z4Y3OMCRW\">Sucede. Se menciona la Universidad de Talca.\u00a0<\/a><br \/><br \/><\/div><div><b>RADIO AMIGA<\/b>\u00a0<br \/><a href=\"https:\/\/www.litoralpress.cl\/sitio\/RadioTV_Detalles.cshtml?LPKey=3JBKGXAXDNXAZKDSR736ZZKNIHAUIDZQ4I7GYB3HXLXSBYEYMWKLXXP2FC2SCODKUJNOXJVU4HQSI\">Mesa Multisectorial de Migraci\u00f3n y Extranjer\u00eda Sesion\u00f3 en el Maule. Se menciona la Universidad de Talca.\u00a0<\/a><\/div><div>\u00a0<\/div><div><b>CANAL CONTIVISI\u00d3N<\/b>\u00a0<br \/><a href=\"https:\/\/www.litoralpress.cl\/sitio\/RadioTV_Detalles.cshtml?LPKey=YM3NYJSN7SGDVJFJPBSWM2ZSIYME4DBW7ICMP3WSJVAQROIRL6R7XVIT37B6X5QAPQ5QOY55EU2YA\">Roberto Celed\u00f3n jura como diputado en reemplazo de su esposa Mercedes Fulnes, fallecida por c\u00e1ncer. Se menciona la Universidad de Talca.\u00a0<\/a><br \/><br \/><\/div><div><b>CANAL TVN RED MAULE<\/b>\u00a0<br \/><a href=\"https:\/\/www.litoralpress.cl\/sitio\/RadioTV_Detalles.cshtml?LPKey=TNDYR2VRVNCW2MW6XDHFSNV3V3S2DI7UJMRVGAXWABJKFBNCLVFXCBANCWKUXYXJOBEKPKFDYFVWW\">Se retoma el servicio de buses entre San Rafael, Malarg\u00fce y Talca tras casi cinco a\u00f1os de suspensi\u00f3n. Se menciona la Universidad de Talca.\u00a0<\/a><br \/><br \/><\/div><div><b>ELQUI GLOBAL<\/b>\u00a0<br \/><a href=\"https:\/\/www.elquiglobal.cl\/destacado-violinista-dorian-lamotte-se-presentara-junto-al-cuarteto-boros-en-biblioteca-regional-gabriela-mistral\/\">Destacado violinista Dorian Lamotte se presentar\u00e1 junto al Cuarteto Boros en Biblioteca Regional Gabriela Mistral. Se menciona la Universidad de Talca.\u00a0<\/a><br \/><br \/><\/div><div><b>EL MAULE INFORMA<\/b>\u00a0<br \/><a href=\"https:\/\/elmauleinforma.cl\/seremi-de-educacion-lanza-programa-de-hermoseamiento-de-los-establecimientos-educacionales-de-la-region-del-maule\/\">Seremi de Educaci\u00f3n lanza programa de hermoseamiento de los establecimientos educacionales de la Regi\u00f3n del Maule. Se menciona la Universidad de Talca.\u00a0<\/a><br \/><br \/><\/div>\t\t\t\t\t\t<\/div>\n\t\t\t\t<\/div>\n\t\t\t\t\t<\/div>\n\t\t<\/div>\n\t\t\t\t\t\t\t<\/div>\n\t\t<\/section>\n\t\t\t\t\t\t<\/div>\n\t\t\t\t\t<\/div>\n\t\t","protected":false},"excerpt":{"rendered":"<p>CNN CHILE\u00a0\u00bfProblemas para tragar? Fonoaudi\u00f3loga explica en qu\u00e9 consiste la disfagia y c\u00f3mo detectarla. Se refiere Orietta San Mart\u00edn Rubilar, acad\u00e9mica de la Escuela de Fonoaudiolog\u00eda.\u202f\u00a0 EL LECTOR\u00a0Inauguran equipamiento para fortalecer tratamientos de salud mental en el Hospital de Curic\u00f3. Se refiere Carlos Torres Fuchslocher, rector. \u00a0 RADIO ALLEN\u00a0Maule: Inauguran equipamiento para fortalecer tratamientos de &hellip;<\/p>\n<p class=\"read-more\"> <a class=\"\" href=\"https:\/\/www.reportedeprensa.utalca.cl\/?p=11349\"> <span class=\"screen-reader-text\">16 de enero 2025<\/span> Read More &raquo;<\/a><\/p>\n","protected":false},"author":1,"featured_media":0,"comment_status":"closed","ping_status":"open","sticky":false,"template":"","format":"standard","meta":{"_monsterinsights_skip_tracking":false,"_monsterinsights_sitenote_active":false,"_monsterinsights_sitenote_note":"","_monsterinsights_sitenote_category":0},"categories":[56],"tags":[],"_links":{"self":[{"href":"https:\/\/www.reportedeprensa.utalca.cl\/index.php?rest_route=\/wp\/v2\/posts\/11349"}],"collection":[{"href":"https:\/\/www.reportedeprensa.utalca.cl\/index.php?rest_route=\/wp\/v2\/posts"}],"about":[{"href":"https:\/\/www.reportedeprensa.utalca.cl\/index.php?rest_route=\/wp\/v2\/types\/post"}],"author":[{"embeddable":true,"href":"https:\/\/www.reportedeprensa.utalca.cl\/index.php?rest_route=\/wp\/v2\/users\/1"}],"replies":[{"embeddable":true,"href":"https:\/\/www.reportedeprensa.utalca.cl\/index.php?rest_route=%2Fwp%2Fv2%2Fcomments&post=11349"}],"version-history":[{"count":4,"href":"https:\/\/www.reportedeprensa.utalca.cl\/index.php?rest_route=\/wp\/v2\/posts\/11349\/revisions"}],"predecessor-version":[{"id":11353,"href":"https:\/\/www.reportedeprensa.utalca.cl\/index.php?rest_route=\/wp\/v2\/posts\/11349\/revisions\/11353"}],"wp:attachment":[{"href":"https:\/\/www.reportedeprensa.utalca.cl\/index.php?rest_route=%2Fwp%2Fv2%2Fmedia&parent=11349"}],"wp:term":[{"taxonomy":"category","embeddable":true,"href":"https:\/\/www.reportedeprensa.utalca.cl\/index.php?rest_route=%2Fwp%2Fv2%2Fcategories&post=11349"},{"taxonomy":"post_tag","embeddable":true,"href":"https:\/\/www.reportedeprensa.utalca.cl\/index.php?rest_route=%2Fwp%2Fv2%2Ftags&post=11349"}],"curies":[{"name":"wp","href":"https:\/\/api.w.org\/{rel}","templated":true}]}}