{"id":1135,"date":"2021-06-04T09:46:18","date_gmt":"2021-06-04T12:46:18","guid":{"rendered":"https:\/\/www.reportedeprensa.utalca.cl\/?p=1135"},"modified":"2021-06-04T10:16:25","modified_gmt":"2021-06-04T13:16:25","slug":"04-de-junio-de-2021","status":"publish","type":"post","link":"https:\/\/www.reportedeprensa.utalca.cl\/?p=1135","title":{"rendered":"04 de junio de 2021"},"content":{"rendered":"\t\t<div data-elementor-type=\"wp-post\" data-elementor-id=\"1135\" class=\"elementor elementor-1135\" data-elementor-settings=\"[]\">\n\t\t\t\t\t\t\t<div class=\"elementor-section-wrap\">\n\t\t\t\t\t\t\t<section class=\"elementor-section elementor-top-section elementor-element elementor-element-a06ca45 elementor-section-boxed elementor-section-height-default elementor-section-height-default\" data-id=\"a06ca45\" data-element_type=\"section\">\n\t\t\t\t\t\t<div class=\"elementor-container elementor-column-gap-default\">\n\t\t\t\t\t<div class=\"elementor-column elementor-col-100 elementor-top-column elementor-element elementor-element-1486c35\" data-id=\"1486c35\" data-element_type=\"column\">\n\t\t\t<div class=\"elementor-widget-wrap elementor-element-populated\">\n\t\t\t\t\t\t\t\t<div class=\"elementor-element elementor-element-42b145e elementor-widget elementor-widget-text-editor\" data-id=\"42b145e\" data-element_type=\"widget\" data-widget_type=\"text-editor.default\">\n\t\t\t\t<div class=\"elementor-widget-container\">\n\t\t\t\t\t\t\t\t<p><b>ADPRENSA.CL<\/b><\/p><p><a style=\"font-style: inherit; font-weight: inherit; background-color: #ffffff; font-family: -apple-system, BlinkMacSystemFont,;\" href=\"https:\/\/www.adprensa.cl\/cronica\/con-innovadores-pilotos-mtt-y-movistar-anuncian-convenio-para-el-desarrollo-de-5g-en-10-universidades-de-cuatro-regiones-del-pais\/\" target=\"_blank\" rel=\"noopener\">Con innovadores pilotos, MTT y Movistar anuncian convenio para el desarrollo de 5G en 10 universidades de cuatro regiones del pa\u00eds. Se menciona que UTalca participa en dicha iniciativa.<\/a><\/p><p>\u00a0<\/p><p><b>DIARIOTALCA.CL<\/b><\/p><p><a style=\"font-style: inherit; font-weight: inherit; background-color: #ffffff; font-family: -apple-system, BlinkMacSystemFont,;\" href=\"https:\/\/www.diariotalca.cl\/utalca-tendra-un-espacio-de-investigacion-con-tecnologia-5g\/\" target=\"_blank\" rel=\"noopener\">UTalca tendr\u00e1 un espacio de investigaci\u00f3n con tecnolog\u00eda 5G.<\/a><\/p><p>\u00a0<\/p><p><b>MINCIENCIA.GOB.CL<\/b><\/p><p><a style=\"font-style: inherit; font-weight: inherit; background-color: #ffffff; font-family: -apple-system, BlinkMacSystemFont,;\" href=\"https:\/\/minciencia.gob.cl\/noticias\/anuncian-convenio-para-el-desarrollo-de-soluciones-tecnologicas-5g-en-instituciones-academicas-regionales\/\" target=\"_blank\" rel=\"noopener\">Anuncian convenio para el desarrollo de soluciones tecnol\u00f3gicas 5G en instituciones acad\u00e9micas regionales. Se menciona que UTalca participa en dicha iniciativa.<\/a><\/p><p>\u00a0<\/p><p><b>FAYERWAYER.COM<\/b><\/p><p><a style=\"font-style: inherit; font-weight: inherit; background-color: #ffffff; font-family: -apple-system, BlinkMacSystemFont,;\" href=\"https:\/\/www.fayerwayer.com\/2021\/06\/experiencia-5g-movistar-mtt-laboratorios\/\/\" target=\"_blank\" rel=\"noopener\">Movistar lanza convenio con el MTT para desarrollo de 5G en Chile. Se menciona que UTalca participa en dicha iniciativa.<\/a><\/p><p>\u00a0<\/p><p><b>G5NOTICIAS.CL<\/b><\/p><p><a style=\"font-style: inherit; font-weight: inherit; background-color: #ffffff; font-family: -apple-system, BlinkMacSystemFont,;\" href=\"https:\/\/g5noticias.cl\/2021\/06\/03\/con-innovadores-pilotos-mtt-y-movistar-anuncian-convenio-para-el-desarrollo-de-5g-en-10-universidades-de-cuatro-regiones-del-pais\/\" target=\"_blank\" rel=\"noopener\">Con innovadores pilotos, MTT y Movistar anuncian convenio para el desarrollo de 5G en 10 universidades de cuatro regiones del pa\u00eds. Se refiere \u00c1lvaro Rojas, rector de la UTalca, y Pablo Villalobos, vicerrector de Innovaci\u00f3n.<\/a><\/p><p>\u00a0<\/p><p><b>LAQUINTAEMPRENDE.CL<\/b><\/p><p><a style=\"font-style: inherit; font-weight: inherit; background-color: #ffffff; font-family: -apple-system, BlinkMacSystemFont,;\" href=\"https:\/\/laquintaemprende.cl\/2021\/06\/anuncian-convenio-para-el-desarrollo-de-soluciones-tecnologicas-5g-en-la-region\/\" target=\"_blank\" rel=\"noopener\">Anuncian convenio para el desarrollo de soluciones tecnol\u00f3gicas 5G. Se menciona que UTalca participa en dicha iniciativa.<\/a><\/p><p>\u00a0<\/p><p><b>TRANSMEDIA.CL<\/b><\/p><p><a style=\"font-style: inherit; font-weight: inherit; background-color: #ffffff; font-family: -apple-system, BlinkMacSystemFont,;\" href=\"https:\/\/www.transmedia.cl\/blog\/2021\/06\/03\/mtt-y-movistar-con-tecnologia-ericsson-huawei-y-nokia-desarrollaran-5g-en-diez-universidades-del-pais\/\" target=\"_blank\" rel=\"noopener\">MTT y Movistar con tecnolog\u00eda Ericsson, Huawei y Nokia desarrollar\u00e1n 5G en diez universidades del pa\u00eds. Se menciona que UTalca participa en dicha iniciativa.<\/a><\/p><p>\u00a0<\/p><p><b>PISAPAPELES.NET<\/b><\/p><p><a style=\"font-style: inherit; font-weight: inherit; background-color: #ffffff; font-family: -apple-system, BlinkMacSystemFont,;\" href=\"https:\/\/pisapapeles.net\/movistar-y-empresas-proveedoras-anuncian-nuevos-campus-5g-en-cuatro-regiones\/\" target=\"_blank\" rel=\"noopener\">Movistar y empresas proveedoras anuncian nuevos Campus 5G en cuatro regiones. Se menciona que UTalca participa en dicha iniciativa.<\/a><\/p><p>\u00a0<\/p><p><b>MEGANOTICIAS.CL<\/b><\/p><p><a style=\"font-style: inherit; font-weight: inherit; background-color: #ffffff; font-family: -apple-system, BlinkMacSystemFont,;\" href=\"https:\/\/www.meganoticias.cl\/dato-util\/338994-universidad-cruch-admision-especial-carreras-universitarias-uc-udp-uch-03-06-2021.html\" target=\"_blank\" rel=\"noopener\">Admisi\u00f3n especial: Revisa las universidades que ofrecen este beneficio. Se menciona a la UTalca.<\/a><\/p><p>\u00a0<\/p><p><b>CANAL 13<\/b><\/p><p><a style=\"font-style: inherit; font-weight: inherit; background-color: #ffffff; font-family: -apple-system, BlinkMacSystemFont,;\" href=\"https:\/\/www.litoralpress.cl\/Archivos\/5ME2MGZKHIAN6UEY3NJD2NMOIY.mp4\" target=\"_blank\" rel=\"noopener\">Las consecuencias positivas de tener la L\u00ednea 4 del Metro. Se menciona estudio presentado en la UTalca.<\/a><\/p><p>\u00a0<\/p><p><b>CANAL TVN RED MAULE<\/b><\/p><p><a style=\"font-style: inherit; font-weight: inherit; background-color: #ffffff; font-family: -apple-system, BlinkMacSystemFont,;\" href=\"https:\/\/www.litoralpress.cl\/Archivos\/O5KCD6R4GAAZP4K7M2Y77BSSOA.mp4\" target=\"_blank\" rel=\"noopener\">Encuesta muestra una baja en el \u00edndice de victimizaci\u00f3n en el Maule, pero un aumento de la violencia. Se refiere Emilio Moyano, acad\u00e9mico de la Facultad de Psicolog\u00eda de la UTalca.<\/a><\/p><p>\u00a0<\/p><p><b>ADPRENSA.CL<\/b><\/p><p><a style=\"font-style: inherit; font-weight: inherit; background-color: #ffffff; font-family: -apple-system, BlinkMacSystemFont,;\" href=\"https:\/\/www.adprensa.cl\/cronica\/analizan-estrategias-para-disminuir-brechas-de-genero-en-el-quehacer-cientifico-universitario\/\" target=\"_blank\" rel=\"noopener\">Analizan estrategias para disminuir brechas de g\u00e9nero en el quehacer cient\u00edfico universitario. Se refiere Pablo Villalobos, vicerrector de Innovaci\u00f3n, Desarrollo y Transferencia Tecnol\u00f3gica y Lorena Castro, directora de G\u00e9nero de la Universidad de Talca.<\/a><\/p><p>\u00a0<\/p><p><b>G5NOTICIAS.CL<\/b><\/p><p><a style=\"font-style: inherit; font-weight: inherit; background-color: #ffffff; font-family: -apple-system, BlinkMacSystemFont,;\" href=\"https:\/\/g5noticias.cl\/2021\/06\/04\/analizan-estrategias-para-disminuir-brechas-de-genero-en-el-quehacer-cientifico-universitario\/\" target=\"_blank\" rel=\"noopener\">Analizan estrategias para disminuir brechas de g\u00e9nero en el quehacer cient\u00edfico universitario. Se refiere Pablo Villalobos, vicerrector de Innovaci\u00f3n, Desarrollo y Transferencia Tecnol\u00f3gica y Lorena Castro, directora de G\u00e9nero de la Universidad de Talca.<\/a><\/p><p>\u00a0<\/p><p><b>EL HERALDO<\/b><\/p><p><a style=\"font-style: inherit; font-weight: inherit; background-color: #ffffff; font-family: -apple-system, BlinkMacSystemFont,;\" href=\"https:\/\/www.litoralpress.cl\/paginaconsultas\/Servicios_NClip\/Get_Imagen_Nota.aspx?LPKey=6B4NPHKCNPHIKQKVYSIBVAERRMRMIKCX4SGVYSBA3QZX7XT5VCOO3C3DBMMEM5U7WU3HQT6APLVZO\" target=\"_blank\" rel=\"noopener\">Portada: Acad\u00e9mico UTalca: microempresas deben perder el miedo a lo digital para sobrevivir en el mercado.<\/a><\/p><p>\u00a0<\/p><p><b>EL HERALDO<\/b><\/p><p><a style=\"font-style: inherit; font-weight: inherit; background-color: #ffffff; font-family: -apple-system, BlinkMacSystemFont,;\" href=\"https:\/\/www.litoralpress.cl\/paginaconsultas\/Servicios_NClip\/Get_Imagen_Nota.aspx?LPKey=MCMXWQSK25TZX244TM33OTDD7HRLM7ONWG5NXHJRV4OTPOMTGJS6Q33XJLQHGM6N6YC2LZHRJQ246\" target=\"_blank\" rel=\"noopener\">Acad\u00e9mico UTalca: microempresas deben perder el miedo a lo digital para sobrevivir en el mercado.<\/a><\/p><p>\u00a0<\/p><p><b>DIARIOELHERALDO.CL<\/b><\/p><p><a style=\"font-style: inherit; font-weight: inherit; background-color: #ffffff; font-family: -apple-system, BlinkMacSystemFont,;\" href=\"http:\/\/www.diarioelheraldo.cl\/noticia\/academico-utalca-microempresas-deben-perder-el-miedo-a-lo-digital-para-sobrevivir-en-el-mercado\" target=\"_blank\" rel=\"noopener\">Acad\u00e9mico UTalca: microempresas deben perder el miedo a lo digital para sobrevivir en el mercado.<\/a><\/p><p>\u00a0<\/p><p><b>G5NOTICIAS.CL<\/b><\/p><p><a style=\"font-style: inherit; font-weight: inherit; background-color: #ffffff; font-family: -apple-system, BlinkMacSystemFont,;\" href=\"https:\/\/g5noticias.cl\/2021\/06\/03\/academico-utalca-microempresas-deben-perder-el-miedo-a-lo-digital-para-sobrevivir-en-el-mercado\/\" target=\"_blank\" rel=\"noopener\">Acad\u00e9mico UTalca: microempresas deben perder el miedo a lo digital para sobrevivir en el mercado.<\/a><\/p><p>\u00a0<\/p><p><b>LINARESENLINEA.CL<\/b><\/p><p><a style=\"font-style: inherit; font-weight: inherit; background-color: #ffffff; font-family: -apple-system, BlinkMacSystemFont,;\" href=\"https:\/\/www.linaresenlinea.cl\/2021\/06\/03\/academico-utalca-microempresas-deben-perder-el-miedo-a-lo-digital-para-sobrevivir-en-el-mercado\/\" target=\"_blank\" rel=\"noopener\">Acad\u00e9mico UTalca: microempresas deben perder el miedo a lo digital para sobrevivir en el mercado.<\/a><\/p><p>\u00a0<\/p><p><b>NORTEVISION.CL<\/b><\/p><p><a style=\"font-style: inherit; font-weight: inherit; background-color: #ffffff; font-family: -apple-system, BlinkMacSystemFont,;\" href=\"http:\/\/nortevision.cl\/2021\/06\/03\/microempresas-deben-perder-el-miedo-a-lo-digital-para-sobrevivir-en-el-mercado\/\" target=\"_blank\" rel=\"noopener\">Microempresas deben perder el miedo a lo digital para sobrevivir en el mercado. Se refiere Yerko Cort\u00e9s, acad\u00e9mico de la Facultad de Econom\u00eda y Negocios (FEN) de la UTalca.<\/a><\/p><p>\u00a0<\/p><p><b>MAULEHOY.CL<\/b><\/p><p><a style=\"font-style: inherit; font-weight: inherit; background-color: #ffffff; font-family: -apple-system, BlinkMacSystemFont,;\" href=\"https:\/\/maulehoy.cl\/2021\/06\/03\/se-realizo-emotiva-ceremonia-de-primera-piedra-en-nuevo-edificio-institucional-del-cft-estatal-del-maule\/\" target=\"_blank\" rel=\"noopener\">Se realiz\u00f3 emotiva ceremonia de \u201cPrimera Piedra\u201d en nuevo edificio institucional del CFT Estatal del Maule. Se refiere Marco Molina, vicerrector acad\u00e9mico de la UTalca.<\/a><\/p><p>\u00a0<\/p><p><b>ENESTRADO.COM<\/b><\/p><p><a style=\"font-style: inherit; font-weight: inherit; background-color: #ffffff; font-family: -apple-system, BlinkMacSystemFont,;\" href=\"https:\/\/enestrado.com\/la-reforma-del-codigo-civil-espanol-en-materia-de-capacidad-ciertas-luces-de-una-legislacion-equilibrada-por-daniela-jarufe\/\" target=\"_blank\" rel=\"noopener\">La reforma del C\u00f3digo Civil espa\u00f1ol en materia de capacidad. Ciertas luces de una legislaci\u00f3n equilibrada. Columna de opini\u00f3n de Daniela Jarufe, acad\u00e9mica de la Facultad de Ciencias Jur\u00eddicas y Sociales de la UTalca.<\/a><\/p><p>\u00a0<\/p><p><b>EMOL.COM<\/b><\/p><p><a style=\"font-style: inherit; font-weight: inherit; background-color: #ffffff; font-family: -apple-system, BlinkMacSystemFont,;\" href=\"https:\/\/www.emol.com\/noticias\/Nacional\/2021\/06\/04\/1022844\/orrego-oliva-estrategia-analisis.html\" target=\"_blank\" rel=\"noopener\">Orrego y Oliva en la recta final: An\u00e1lisis a la estrategia y discurso de los aspirantes a la gobernaci\u00f3n metropolitana. Se refiere Mauricio Morales, director del Centro de An\u00e1lisis Pol\u00edtico (CAP) de la UTalca.<\/a><\/p><p>\u00a0<\/p><p><b>DIARIOTALCA.CL<\/b><\/p><p><a style=\"font-style: inherit; font-weight: inherit; background-color: #ffffff; font-family: -apple-system, BlinkMacSystemFont,;\" href=\"https:\/\/www.diariotalca.cl\/mario-herrera-los-anuncios-de-la-cuenta-publica-no-son-precisamente-de-derecha\/\" target=\"_blank\" rel=\"noopener\">Mario Herrera: \u201cLos anuncios de la cuenta p\u00fablica no son precisamente de derecha\u201d.<\/a><\/p><p>\u00a0<\/p><p><b>CANAL MEGA<\/b><\/p><p><a style=\"font-style: inherit; font-weight: inherit; background-color: #ffffff; font-family: -apple-system, BlinkMacSystemFont,;\" href=\"https:\/\/www.litoralpress.cl\/Archivos\/UFL5NNCBQ4F6BAXKGOT5UDZMAU.mp4\" target=\"_blank\" rel=\"noopener\">Rev\u00e9s para el alcalde Aguilera en San Ram\u00f3n tras determinaci\u00f3n del Tricel. Se refiere Mauricio Morales, director del Centro de An\u00e1lisis Pol\u00edtico (CAP) de la UTalca.<\/a><\/p><p>\u00a0<\/p><p><b>RVL.UV.CL<\/b><\/p><p><a style=\"font-style: inherit; font-weight: inherit; background-color: #ffffff; font-family: -apple-system, BlinkMacSystemFont,;\" href=\"https:\/\/rvl.uv.cl\/noticias\/4871-en-libro-colectivo-daniela-marzi-abogada-uv-y-doctora-en-derecho-laboral-analiza-feminismo-y-trabajo\" target=\"_blank\" rel=\"noopener\">En libro colectivo, Daniela Marzi, abogada UV y doctora en derecho laboral, analiza feminismo y trabajo. Se menciona a Irene Rojas, acad\u00e9mica de la Facultad de Ciencias Jur\u00eddicas y Sociales de la UTalca.<\/a><\/p>\t\t\t\t\t\t<\/div>\n\t\t\t\t<\/div>\n\t\t\t\t\t<\/div>\n\t\t<\/div>\n\t\t\t\t\t\t\t<\/div>\n\t\t<\/section>\n\t\t\t\t\t\t<\/div>\n\t\t\t\t\t<\/div>\n\t\t","protected":false},"excerpt":{"rendered":"<p>ADPRENSA.CL Con innovadores pilotos, MTT y Movistar anuncian convenio para el desarrollo de 5G en 10 universidades de cuatro regiones del pa\u00eds. Se menciona que UTalca participa en dicha iniciativa. \u00a0 DIARIOTALCA.CL UTalca tendr\u00e1 un espacio de investigaci\u00f3n con tecnolog\u00eda 5G. \u00a0 MINCIENCIA.GOB.CL Anuncian convenio para el desarrollo de soluciones tecnol\u00f3gicas 5G en instituciones acad\u00e9micas &hellip;<\/p>\n<p class=\"read-more\"> <a class=\"\" href=\"https:\/\/www.reportedeprensa.utalca.cl\/?p=1135\"> <span class=\"screen-reader-text\">04 de junio de 2021<\/span> Read More &raquo;<\/a><\/p>\n","protected":false},"author":1,"featured_media":0,"comment_status":"closed","ping_status":"open","sticky":false,"template":"elementor_theme","format":"standard","meta":{"_monsterinsights_skip_tracking":false,"_monsterinsights_sitenote_active":false,"_monsterinsights_sitenote_note":"","_monsterinsights_sitenote_category":0},"categories":[9],"tags":[],"_links":{"self":[{"href":"https:\/\/www.reportedeprensa.utalca.cl\/index.php?rest_route=\/wp\/v2\/posts\/1135"}],"collection":[{"href":"https:\/\/www.reportedeprensa.utalca.cl\/index.php?rest_route=\/wp\/v2\/posts"}],"about":[{"href":"https:\/\/www.reportedeprensa.utalca.cl\/index.php?rest_route=\/wp\/v2\/types\/post"}],"author":[{"embeddable":true,"href":"https:\/\/www.reportedeprensa.utalca.cl\/index.php?rest_route=\/wp\/v2\/users\/1"}],"replies":[{"embeddable":true,"href":"https:\/\/www.reportedeprensa.utalca.cl\/index.php?rest_route=%2Fwp%2Fv2%2Fcomments&post=1135"}],"version-history":[{"count":4,"href":"https:\/\/www.reportedeprensa.utalca.cl\/index.php?rest_route=\/wp\/v2\/posts\/1135\/revisions"}],"predecessor-version":[{"id":1139,"href":"https:\/\/www.reportedeprensa.utalca.cl\/index.php?rest_route=\/wp\/v2\/posts\/1135\/revisions\/1139"}],"wp:attachment":[{"href":"https:\/\/www.reportedeprensa.utalca.cl\/index.php?rest_route=%2Fwp%2Fv2%2Fmedia&parent=1135"}],"wp:term":[{"taxonomy":"category","embeddable":true,"href":"https:\/\/www.reportedeprensa.utalca.cl\/index.php?rest_route=%2Fwp%2Fv2%2Fcategories&post=1135"},{"taxonomy":"post_tag","embeddable":true,"href":"https:\/\/www.reportedeprensa.utalca.cl\/index.php?rest_route=%2Fwp%2Fv2%2Ftags&post=1135"}],"curies":[{"name":"wp","href":"https:\/\/api.w.org\/{rel}","templated":true}]}}