{"id":11364,"date":"2025-01-17T12:59:30","date_gmt":"2025-01-17T15:59:30","guid":{"rendered":"https:\/\/www.reportedeprensa.utalca.cl\/?p=11364"},"modified":"2025-01-17T12:59:57","modified_gmt":"2025-01-17T15:59:57","slug":"17-de-enero-2025","status":"publish","type":"post","link":"https:\/\/www.reportedeprensa.utalca.cl\/?p=11364","title":{"rendered":"17 de enero 2025"},"content":{"rendered":"\t\t<div data-elementor-type=\"wp-post\" data-elementor-id=\"11364\" class=\"elementor elementor-11364\" data-elementor-settings=\"[]\">\n\t\t\t\t\t\t\t<div class=\"elementor-section-wrap\">\n\t\t\t\t\t\t\t<section class=\"elementor-section elementor-top-section elementor-element elementor-element-bcea1a8 elementor-section-boxed elementor-section-height-default elementor-section-height-default\" data-id=\"bcea1a8\" data-element_type=\"section\">\n\t\t\t\t\t\t<div class=\"elementor-container elementor-column-gap-default\">\n\t\t\t\t\t<div class=\"elementor-column elementor-col-100 elementor-top-column elementor-element elementor-element-e7183bf\" data-id=\"e7183bf\" data-element_type=\"column\">\n\t\t\t<div class=\"elementor-widget-wrap elementor-element-populated\">\n\t\t\t\t\t\t\t\t<div class=\"elementor-element elementor-element-3087f05 elementor-widget elementor-widget-text-editor\" data-id=\"3087f05\" data-element_type=\"widget\" data-widget_type=\"text-editor.default\">\n\t\t\t\t<div class=\"elementor-widget-container\">\n\t\t\t\t\t\t\t\t<div><b data-olk-copy-source=\"MessageBody\">EL MERCURIO\u00a0<br \/><\/b><a href=\"https:\/\/www.litoralpress.cl\/paginaconsultas\/Servicios_NClipSitio\/Get_Imagen_Nota.aspx?LPKey=5EGQEKPZMF4OZW3DDO3P3YAXGJIQ6XOE66D3RIGCDBP7RMMFMWEAYNQLPEZFM43TP6ER35IE3HJA6\">Productos digitales flexibles y de f\u00e1cil acceso democratizan el ahorro. Se refiere Yerko Cort\u00e9s, acad\u00e9mico de la Facultad de Econom\u00eda y Negocios.\u00a0<\/a><\/div><div><b>\u00a0<\/b><\/div><div><b>CNN CHILE ONLINE<\/b><\/div><div><a href=\"https:\/\/www.cnnchile.com\/lodijeronencnn\/problemas-tragar-fonoaudiologa-explica-que-consiste-disfagia-como-detectarla_20250115\/\">\u00bfProblemas para tragar? Fonoaudi\u00f3loga explica en qu\u00e9 consiste la disfagia y c\u00f3mo detectarla. Se refiere Orietta San Mart\u00edn, acad\u00e9mica de la Escuela de Fonoaudiolog\u00eda.<\/a><\/div><div><b><br \/>RADIO PAUTA<\/b><\/div><div><a href=\"https:\/\/www.litoralpress.cl\/sitio\/RadioTV_Detalles.cshtml?LPKey=EHOWDKQPYCGPPJDYPMSBANUSDDBR6YIF3IFC22IC6U3F2WY77XPSHFM5G2EE5VIOJRWXTGMQN6O44\">Graves incendios forestales en California. Se refiere Patricio Gonz\u00e1lez Colville, acad\u00e9mico del Centro de Investigaci\u00f3n y Transferencia en Riego y Agroclimatolog\u00eda (CITRA).<\/a><\/div><div>\u00a0<\/div><div><b>PORTAL DE CAMPO\u00a0<br \/><\/b><a href=\"https:\/\/portaldelcampo.cl\/Noticias\/97482_Mejoras-gen%C3%A9ticas-en-portainjertos-de-manzanos-muestran-buenos-resultados-en-campos-chilenos.html\">Mejoras gen\u00e9ticas en portainjertos de manzanos muestran buenos resultados en campos chilenos. Se refiere \u00c1lvaro Sep\u00falveda, investigador del Centro de Pom\u00e1ceas. \u00a0<\/a><\/div><div>\u00a0<\/div><div><b>LAS \u00daLTIMAS NOTICIAS\u00a0<br \/><\/b><a href=\"https:\/\/www.litoralpress.cl\/paginaconsultas\/Servicios_NClipSitio\/Get_Imagen_Nota.aspx?LPKey=IR2BIF7EZ2FMF6BIYLDEGODJZBQIPP2VJHGEQ54B5HXXUATQDW5DHVB6ELCJQDJH5YIPHBPNVCI6O\">D\u00f3nde y qu\u00e9 estudian los egresados de 4\u00b0 medio de cada comuna. Se menciona la Universidad de Talca.\u00a0<\/a><\/div><div>\u00a0<\/div><div><b>AD PRENSA\u00a0<br \/><\/b><a href=\"https:\/\/www.adprensa.cl\/cronica\/preocupa-alta-prevalencia-de-depresion-en-chile-2\/\">Preocupa alta prevalencia de depresi\u00f3n en Chile. Se refiere Gustavo Dom\u00ednguez, acad\u00e9mico de la Escuela de Enfermer\u00eda.\u00a0<\/a><b><br \/><\/b><b><u><a id=\"OWAa286c5b0-e72c-adb2-3675-6ae6caaee5c8\" class=\"x_x_Hyperlink x_x_SCXW153494065 x_x_BCX0 x_x_OWAAutoLink\" title=\"https:\/\/www.adprensa.cl\/cronica\/preocupa-alta-prevalencia-de-depresion-en-chile-2\/\" href=\"https:\/\/www.adprensa.cl\/cronica\/preocupa-alta-prevalencia-de-depresion-en-chile-2\/\" target=\"_blank\" rel=\"noopener noreferrer\" data-auth=\"NotApplicable\" data-linkindex=\"5\"><\/a><\/u><\/b><\/div><div>\u00a0<\/div><div><b>PUBLIMICRO<\/b>\u00a0<br \/><a href=\"https:\/\/publimicro.cl\/especialista-de-la-universidad-de-talca-admite-que-existe-preocupacion-por-la-alta-prevalencia-de-la-depresion-en-chile\/\">Especialista de la Universidad de Talca, admite que existe preocupaci\u00f3n por la alta prevalencia de la depresi\u00f3n en Chile. Se refiere Gustavo Dom\u00ednguez, acad\u00e9mico de la Escuela de Enfermer\u00eda.\u00a0<\/a><br \/><br \/><\/div><div><b>EL HERALDO<\/b>\u00a0<br \/><a href=\"https:\/\/www.litoralpress.cl\/paginaconsultas\/Servicios_NClipSitio\/Get_Imagen_Nota.aspx?LPKey=MVL4ZKO6H4L3IJU4HSPU6X6ZDDMQATK757T5V6427ZEMJPDEUP2B346WD3QX5VS2YHRLNJN6MHPM4\">Preocupa alta prevalencia de depresi\u00f3n en Chile. Se refiere Gustavo Dom\u00ednguez, acad\u00e9mico de la Escuela de Enfermer\u00eda.\u00a0<\/a><br \/><br \/><\/div><div><b>EL LECTOR<\/b>\u00a0<br \/><a href=\"https:\/\/www.litoralpress.cl\/paginaconsultas\/Servicios_NClipSitio\/Get_Imagen_Nota.aspx?LPKey=GNFX4Z4PR37UKOI7JCNF5AY72OAMECMASWJWSOKQZKJDX7GKUAYO62NBENWYXS7LK7LXH6DTYNUKQ\">Preocupa alta prevalencia de depresi\u00f3n en Chile. Se refiere Gustavo Dom\u00ednguez, acad\u00e9mico de la Escuela de Enfermer\u00eda.\u00a0<\/a><\/div><div><b>\u00a0<\/b><\/div><div><b>TV5<\/b>\u00a0<br \/><a href=\"https:\/\/www.tv5.cl\/categoria\/local\/alarmante-prevalencia-depresion-chile\">Alarmante prevalencia de depresi\u00f3n en Chile. Se refiere Gustavo Dom\u00ednguez, acad\u00e9mico de la Escuela de Enfermer\u00eda.\u00a0<\/a><br \/><br \/><\/div><div><b>RADIO ANCOA<\/b>\u00a0<br \/><a href=\"https:\/\/www.radioancoa.cl\/categoria\/regional\/alarmante-prevalencia-depresion-chile\">Alarmante prevalencia de depresi\u00f3n en Chile. Se refiere Gustavo Dom\u00ednguez, acad\u00e9mico de la Escuela de Enfermer\u00eda.\u00a0<\/a><br \/><br \/><\/div><div><b>CANAL 2 LINARES<\/b>\u00a0<br \/><a href=\"https:\/\/www.canal2linares.cl\/2025\/01\/preocupa-alta-prevalencia-de-depresion.html\">Preocupa alta prevalencia de depresi\u00f3n en Chile. Se refiere Gustavo Dom\u00ednguez, acad\u00e9mico de la Escuela de Enfermer\u00eda.\u00a0<\/a><\/div><div><b>\u00a0<\/b><\/div><div><b>PORTAL PRENSA SALUD\u00a0<br \/><\/b><a href=\"https:\/\/portalprensasalud.cl\/2025\/01\/15\/inauguran-equipamiento-para-fortalecer-tratamientos-de-salud-mental-en-el-hospital-de-curico\/\">Inauguran equipamiento para fortalecer tratamientos de salud mental en el Hospital de Curic\u00f3. Se refiere Carlos Torres Fuchslocher, rector y Ernesto Sol\u00eds, director de la Escuela de Medicina.\u00a0<\/a><b><br \/><\/b><b><u><a id=\"OWA48b43760-6435-6f05-e72f-5289570f7bbf\" class=\"x_x_Hyperlink x_x_SCXW180249567 x_x_BCX0 x_x_OWAAutoLink\" title=\"https:\/\/portalprensasalud.cl\/2025\/01\/15\/inauguran-equipamiento-para-fortalecer-tratamientos-de-salud-mental-en-el-hospital-de-curico\/\" href=\"https:\/\/portalprensasalud.cl\/2025\/01\/15\/inauguran-equipamiento-para-fortalecer-tratamientos-de-salud-mental-en-el-hospital-de-curico\/\" target=\"_blank\" rel=\"noreferrer noopener\" data-linkindex=\"12\" data-auth=\"NotApplicable\"><\/a><\/u><\/b><\/div><div>\u00a0<\/div><div><b>EL LECTOR<\/b>\u00a0<br \/><a href=\"https:\/\/www.litoralpress.cl\/paginaconsultas\/Servicios_NClipSitio\/Get_Imagen_Nota.aspx?LPKey=3PU4K6YNA5UZKFKR6XIRSXH55BDGC2G76DXXHWPJ2EAEBP4M7ZE4JOQDIZSRZAWFWIIFERFDP7XSY\">Nuevos talentos pedag\u00f3gicos sellaron su ingreso a la universidad. Se refiere Mauricio V\u00e9liz, decano de la Facultad de Ciencias de la Educaci\u00f3n y Carolina Bravo, coordinadora de Atracci\u00f3n, Acceso y Permanencia de la citada Facultad.<\/a> \u00a0<br \/><br \/><\/div><div><b>MEDIABANCO\u00a0<br \/><\/b><a href=\"https:\/\/www.mediabanco.com\/nuevos-talentos-pedagogicos-sellaron-su-ingreso-a-la-universidad\/\">Nuevos talentos pedag\u00f3gicos sellaron su ingreso a la universidad. Se refiere Mauricio V\u00e9liz, decano de la Facultad de Ciencias de la Educaci\u00f3n y Carolina Bravo, coordinadora de Atracci\u00f3n, Acceso y Permanencia de la citada Facultad. \u00a0<\/a><\/div><div><b>\u00a0<\/b><\/div><div><b>CANAL TVN RED MAULE\u00a0<br \/><\/b><a href=\"https:\/\/www.litoralpress.cl\/sitio\/RadioTV_Detalles.cshtml?LPKey=RBB7XHBX36SGTTKY3OIVNQOJ4GZ6ESJRNGL7FFQTOM5PGEUYRGZVHGG4W2LRMLVLZZEOLLUI4LSYG\">Plaga del chinche de Arce afecta a Talca: vecinos exigen intervenci\u00f3n municipal\u00a0<\/a><br \/><a href=\"https:\/\/www.litoralpress.cl\/sitio\/RadioTV_Detalles.cshtml?LPKey=RBB7XHBX36SGTTKY3OIVNQOJ4GZ6ESJRNGL7FFQTOM5PGEUYRGZVHGG4W2LRMLVLZZEOLLUI4LSYG\">Se refiere Eduardo Fuentes, acad\u00e9mico de la Facultad de Ciencias Agrarias.\u202f<\/a><b><br \/><\/b><\/div><div><b>\u00a0<\/b><\/div><div><b>MAULE NEWS<\/b>\u00a0<br \/><a href=\"https:\/\/www.maulenews.com\/2025\/01\/inauguran-equipamiento-para-fortalecer.html\">Inauguran equipamiento para fortalecer tratamientos de salud mental en el Hospital de Curic\u00f3. Se refiere Carlos Torres Fuchslocher, rector y Ernesto Sol\u00eds, director de la Escuela de Medicina.\u00a0<\/a><\/div><div><b>\u00a0<\/b><\/div><div><b>ANALIZA MAULE\u00a0<\/b><br \/><a href=\"https:\/\/analizamaule.cl\/la-tecnologia-como-aliada-de-la-educacion-la-medicina-y-la-eficiencia-energetica\/\">la tecnolog\u00eda como aliada de la educaci\u00f3n, la medicina y la eficiencia energ\u00e9tica. Se refiere Claire Mercier, acad\u00e9mica del Instituto de Estudios Human\u00edsticos.\u00a0\u00a0\u00a0 \u00a0<\/a><\/div><div aria-hidden=\"true\">\u00a0<\/div><div><b>EL LECTOR<\/b>\u00a0<br \/><a href=\"https:\/\/www.litoralpress.cl\/paginaconsultas\/Servicios_NClipSitio\/Get_Imagen_Nota.aspx?LPKey=JSPOZW3L64W236DAD2PCMTPVKRGAHKDAHCUGAEG4VDN7YC4FEDWMVPTOAJ4PZY34MRMXBSLI7TTFA\">Seremi de educaci\u00f3n lanza programa de hermoseamiento de los establecimientos educacionales de la regi\u00f3n del Maule. Se menciona la Universidad de Talca.\u00a0<\/a><\/div><div><b>\u00a0<\/b><\/div><div><b>DIARIOS EN RED\u00a0<br \/><\/b><a href=\"https:\/\/diariosenred.com\/regional\/centro-civico-sera-realidad-confirman-que-durante-2025-se-declarara\">Centro<\/a><a href=\"https:\/\/diariosenred.com\/regional\/centro-civico-sera-realidad-confirman-que-durante-2025-se-declarara\"> c\u00edvico ser\u00e1 realidad: Confirman que durante 2025 se declarar\u00e1 prescindencia del terreno de la actual c\u00e1rcel de Talca. Se menciona la Universidad de Talca.\u00a0<\/a><b><br \/><\/b><\/div><div><b>RED MAULE<\/b>\u00a0<br \/><a href=\"https:\/\/redmaule.com\/regional\/centro-civico-sera-realidad-confirman-que-durante-2025-se-declarara\">Centro c\u00edvico ser\u00e1 realidad: Confirman que durante 2025 se declarar\u00e1 prescindencia del terreno de la actual c\u00e1rcel de Talca. Se menciona la Universidad de Talca.\u00a0<\/a><br \/><br \/><\/div><div><b>RED \u00c1RICA <\/b>\u00a0<br \/><a href=\"https:\/\/redarica.com\/regional\/centro-civico-sera-realidad-confirman-que-durante-2025-se-declarara\">Centro c\u00edvico ser\u00e1 realidad: Confirman que durante 2025 se declarar\u00e1 prescindencia del terreno de la actual c\u00e1rcel de Talca. Se menciona la Universidad de Talca.\u00a0<\/a><br \/><br \/><\/div><div><b>RED \u00d1UBLE<\/b>\u00a0<br \/><a href=\"https:\/\/rednuble.com\/regional\/centro-civico-sera-realidad-confirman-que-durante-2025-se-declarara\">Centro c\u00edvico ser\u00e1 realidad: Confirman que durante 2025 se declarar\u00e1 prescindencia del terreno de la actual c\u00e1rcel de Talca. Se menciona la Universidad de Talca.\u00a0<\/a><br \/><br \/><\/div><div><b>RED O\u00b4HIGGINS<\/b>\u00a0<br \/><a href=\"https:\/\/redohiggins.com\/regional\/centro-civico-sera-realidad-confirman-que-durante-2025-se-declarara\">Centro c\u00edvico ser\u00e1 realidad: Confirman que durante 2025 se declarar\u00e1 prescindencia del terreno de la actual c\u00e1rcel de Talca. Se menciona la Universidad de Talca.\u00a0<\/a><br \/><br \/><\/div><div><b>CAUQUENES.NET<\/b>\u00a0<br \/><a href=\"https:\/\/cauquenesnet.cl\/2025\/01\/16\/seremi-de-educacion-lanza-programa-de-hermoseamiento-de-los-establecimientos-educacionales-de-la-region-del-maule\/\">SEREMI de Educaci\u00f3n lanza programa de hermoseamiento de los establecimientos educacionales de la Regi\u00f3n del Maule. Se menciona la Universidad de Talca.\u00a0<\/a><br \/><u><a id=\"OWA5aa7290e-b0ab-0e22-9ce7-2423b8b0cf93\" class=\"x_x_Hyperlink x_x_SCXW153494065 x_x_BCX0 x_x_OWAAutoLink\" title=\"https:\/\/cauquenesnet.cl\/2025\/01\/16\/seremi-de-educacion-lanza-programa-de-hermoseamiento-de-los-establecimientos-educacionales-de-la-region-del-maule\/\" href=\"https:\/\/cauquenesnet.cl\/2025\/01\/16\/seremi-de-educacion-lanza-programa-de-hermoseamiento-de-los-establecimientos-educacionales-de-la-region-del-maule\/\" target=\"_blank\" rel=\"noopener noreferrer\" data-auth=\"NotApplicable\" data-linkindex=\"25\"><\/a><\/u>\u00a0<\/div><div><b>S\u00c9PTIMA REGI\u00d3N NOTICIAS<\/b>\u00a0<br \/><a href=\"https:\/\/www.septimapaginanoticias.cl\/centro-civico-sera-realidad-confirman-que-durante-2025-se-declarara-prescindencia-del-terreno-de-la-actual-carcel-de-talca\">Centro c\u00edvico ser\u00e1 realidad: Confirman que durante 2025 se declarar\u00e1 prescindencia del terreno de la actual c\u00e1rcel de Talca. Se menciona la Universidad de Talca.<\/a>\u00a0<br \/>\u00a0<\/div><div><b>ATENTOS<\/b>\u00a0<br \/><a href=\"https:\/\/www.atentos.cl\/centro-civico-sera-realidad-confirman-que-durante-2025-se-declarara-prescindencia-del-terreno-de-la-actual-carcel-de-talca\/\">Centro c\u00edvico ser\u00e1 realidad: Confirman que durante 2025 se declarar\u00e1 prescindencia del terreno de la actual c\u00e1rcel de Talca. Se menciona la Universidad de Talca.\u00a0<\/a><br \/><br \/><\/div><div><b>EL MAULE INFORMA<\/b>\u00a0<br \/><a href=\"https:\/\/elmauleinforma.cl\/centro-civico-sera-realidad-confirman-que-durante-2025-se-declarara-prescindencia-del-terreno-de-la-actual-carcel-de-talca\/\">Centro c\u00edvico ser\u00e1 realidad: Confirman que durante 2025 se declarar\u00e1 prescindencia del terreno de la actual c\u00e1rcel de Talca. Se menciona la Universidad de Talca.\u00a0<\/a><br \/><u><a id=\"OWA7ac72818-5c61-8cb8-16c6-85425a673880\" class=\"x_x_Hyperlink x_x_SCXW153494065 x_x_BCX0 x_x_OWAAutoLink\" title=\"https:\/\/elmauleinforma.cl\/centro-civico-sera-realidad-confirman-que-durante-2025-se-declarara-prescindencia-del-terreno-de-la-actual-carcel-de-talca\/\" href=\"https:\/\/elmauleinforma.cl\/centro-civico-sera-realidad-confirman-que-durante-2025-se-declarara-prescindencia-del-terreno-de-la-actual-carcel-de-talca\/\" target=\"_blank\" rel=\"noopener noreferrer\" data-auth=\"NotApplicable\" data-linkindex=\"28\"><\/a><\/u>\u00a0<\/div><div class=\"x_elementToProof\">\u00a0<\/div>\t\t\t\t\t\t<\/div>\n\t\t\t\t<\/div>\n\t\t\t\t\t<\/div>\n\t\t<\/div>\n\t\t\t\t\t\t\t<\/div>\n\t\t<\/section>\n\t\t\t\t\t\t<\/div>\n\t\t\t\t\t<\/div>\n\t\t","protected":false},"excerpt":{"rendered":"<p>EL MERCURIO\u00a0Productos digitales flexibles y de f\u00e1cil acceso democratizan el ahorro. Se refiere Yerko Cort\u00e9s, acad\u00e9mico de la Facultad de Econom\u00eda y Negocios.\u00a0\u00a0CNN CHILE ONLINE\u00bfProblemas para tragar? Fonoaudi\u00f3loga explica en qu\u00e9 consiste la disfagia y c\u00f3mo detectarla. Se refiere Orietta San Mart\u00edn, acad\u00e9mica de la Escuela de Fonoaudiolog\u00eda.RADIO PAUTAGraves incendios forestales en California. Se refiere &hellip;<\/p>\n<p class=\"read-more\"> <a class=\"\" href=\"https:\/\/www.reportedeprensa.utalca.cl\/?p=11364\"> <span class=\"screen-reader-text\">17 de enero 2025<\/span> Read More &raquo;<\/a><\/p>\n","protected":false},"author":1,"featured_media":0,"comment_status":"closed","ping_status":"open","sticky":false,"template":"","format":"standard","meta":{"_monsterinsights_skip_tracking":false,"_monsterinsights_sitenote_active":false,"_monsterinsights_sitenote_note":"","_monsterinsights_sitenote_category":0},"categories":[56],"tags":[],"_links":{"self":[{"href":"https:\/\/www.reportedeprensa.utalca.cl\/index.php?rest_route=\/wp\/v2\/posts\/11364"}],"collection":[{"href":"https:\/\/www.reportedeprensa.utalca.cl\/index.php?rest_route=\/wp\/v2\/posts"}],"about":[{"href":"https:\/\/www.reportedeprensa.utalca.cl\/index.php?rest_route=\/wp\/v2\/types\/post"}],"author":[{"embeddable":true,"href":"https:\/\/www.reportedeprensa.utalca.cl\/index.php?rest_route=\/wp\/v2\/users\/1"}],"replies":[{"embeddable":true,"href":"https:\/\/www.reportedeprensa.utalca.cl\/index.php?rest_route=%2Fwp%2Fv2%2Fcomments&post=11364"}],"version-history":[{"count":4,"href":"https:\/\/www.reportedeprensa.utalca.cl\/index.php?rest_route=\/wp\/v2\/posts\/11364\/revisions"}],"predecessor-version":[{"id":11368,"href":"https:\/\/www.reportedeprensa.utalca.cl\/index.php?rest_route=\/wp\/v2\/posts\/11364\/revisions\/11368"}],"wp:attachment":[{"href":"https:\/\/www.reportedeprensa.utalca.cl\/index.php?rest_route=%2Fwp%2Fv2%2Fmedia&parent=11364"}],"wp:term":[{"taxonomy":"category","embeddable":true,"href":"https:\/\/www.reportedeprensa.utalca.cl\/index.php?rest_route=%2Fwp%2Fv2%2Fcategories&post=11364"},{"taxonomy":"post_tag","embeddable":true,"href":"https:\/\/www.reportedeprensa.utalca.cl\/index.php?rest_route=%2Fwp%2Fv2%2Ftags&post=11364"}],"curies":[{"name":"wp","href":"https:\/\/api.w.org\/{rel}","templated":true}]}}